{"id":10016,"date":"2023-12-03T13:29:00","date_gmt":"2023-12-03T16:29:00","guid":{"rendered":"https:\/\/noticiasribeiraopreto.com.br\/index.php\/2023\/12\/03\/veja-as-vagas-do-concurso-publico-nacional-unificado-ribeirao-vai-receber-provas\/"},"modified":"2023-12-03T13:29:00","modified_gmt":"2023-12-03T16:29:00","slug":"veja-as-vagas-do-concurso-publico-nacional-unificado-ribeirao-vai-receber-provas","status":"publish","type":"post","link":"https:\/\/noticiasribeiraopreto.com.br\/index.php\/2023\/12\/03\/veja-as-vagas-do-concurso-publico-nacional-unificado-ribeirao-vai-receber-provas\/","title":{"rendered":"Veja as vagas do Concurso P\u00fablico Nacional Unificado; Ribeir\u00e3o vai receber provas"},"content":{"rendered":"<div class='code-block code-block-1' style='margin: 8px 0 8px auto; text-align: right; display: block; clear: both;'>\n<p><a href=\"https:\/\/wa.link\/vpicfd\"><img data-recalc-dims=\"1\" class=\"wp-image-4922\" style=\"aspect-ratio: 2.0253164556962027; width: 561px; height: auto;\" src=\"https:\/\/i0.wp.com\/ismaelcolosi.com.br\/wp-content\/uploads\/2023\/11\/grupo-de-empregos-whatsapp-e-facebook-ismael-colosi-vagas.jpg?ssl=1\" alt=\"\" \/><\/a><\/p>\n<!-- \/wp:image -->\n<\/div>\n<p> <br \/>\n<\/p>\n<div>\n<p><strong>Est\u00e1 previsto para mar\u00e7o de 2024 a realiza\u00e7\u00e3o do <a href=\"https:\/\/www.gov.br\/gestao\/pt-br\/concursonacional\/\" target=\"_blank\" rel=\"noreferrer noopener nofollow\">Concurso P\u00fablico Nacional Unificado<\/a>, com 6.640 vagas espalhadas em 21 \u00f3rg\u00e3os da Administra\u00e7\u00e3o P\u00fablica Federal. As provas ser\u00e3o realizadas em 180 cidades em todo o Brasil, incluindo Ribeir\u00e3o Preto.<\/strong><\/p>\n<p>O concurso p\u00fablico ser\u00e1 organizado pela <strong><a href=\"https:\/\/www.cesgranrio.org.br\/\" target=\"_blank\" rel=\"noreferrer noopener nofollow\">Funda\u00e7\u00e3o Cesgranrio<\/a><\/strong>, que ainda dever\u00e1 divulgar o edital para o in\u00edcio das inscri\u00e7\u00f5es no \u201cEnem dos concursos\u201d. Contudo, as vagas j\u00e1 foram autorizadas pelo <strong><a href=\"https:\/\/www.gov.br\/pt-br\" target=\"_blank\" rel=\"noreferrer noopener nofollow\">Governo Federal<\/a><\/strong> \u2013 confira abaixo.<\/p>\n<h4 class=\"wp-block-heading\"><strong>Veja as vagas dispon\u00edveis<\/strong><\/h4>\n<p><strong>Minist\u00e9rio da Gest\u00e3o e da Inova\u00e7\u00e3o em Servi\u00e7os P\u00fablicos<\/strong><\/p>\n<ul>\n<li>Especialistas em Pol\u00edticas P\u00fablicas e Gest\u00e3o Governamental \u2013 150 vagas<\/li>\n<\/ul>\n<ul>\n<li>Analista de Infraestrutura (AIE) \u2013 300 vagas<\/li>\n<\/ul>\n<ul>\n<li>Analista T\u00e9cnico de Pol\u00edticas Sociais \u2013 ATPS \u2013 360 vagas<\/li>\n<\/ul>\n<ul>\n<li>Analista em Tecnologia da Informa\u00e7\u00e3o (ATI) \u2013 300 vagas<\/li>\n<\/ul>\n<ul>\n<li>Analista T\u00e9cnico-Administrativo \u2013 190 vagas<\/li>\n<\/ul>\n<ul>\n<li>Estat\u00edstico \u2013 12 vagas<\/li>\n<\/ul>\n<ul>\n<li>T\u00e9cnico em Comunica\u00e7\u00e3o Social \u2013 10 vagas<\/li>\n<\/ul>\n<ul>\n<li>T\u00e9cnico em Assuntos Educacionais \u2013 2 vagas<\/li>\n<\/ul>\n<ul>\n<li>Bibliotec\u00e1rio \u2013 4 vagas<\/li>\n<\/ul>\n<p><strong>Minist\u00e9rio do Desenvolvimento, Ind\u00fastria, Com\u00e9rcio e Servi\u00e7os<\/strong><\/p>\n<ul>\n<li>Analista de Com\u00e9rcio Exterior (ACE) \u2013 50 vagas<\/li>\n<\/ul>\n<ul>\n<li>Analista T\u00e9cnico-Administrativo \u2013 50 vagas<\/li>\n<\/ul>\n<p><strong>Ag\u00eancia Nacional de Transportes Aquavi\u00e1rio<\/strong><\/p>\n<ul>\n<li>Especialista em Regula\u00e7\u00e3o de Servi\u00e7os de Transportes Aquavi\u00e1rios \u2013 30 vagas<\/li>\n<\/ul>\n<p><strong>Ag\u00eancia Nacional de Energia El\u00e9trica \u2013 ANEEL<\/strong><\/p>\n<ul>\n<li>Especialista em Regula\u00e7\u00e3o de Servi\u00e7os P\u00fablicos de Energia 40 \u2013 vagas<\/li>\n<\/ul>\n<p><strong>Minist\u00e9rio da Agricultura e Pecu\u00e1ria \u2013 MAPA &amp; Instituto Nacional de Meteorologia \u2013 INMET<\/strong><\/p>\n<ul>\n<li>Auditor-fiscal federal agropecu\u00e1rio \u2013 200 vagas<\/li>\n<\/ul>\n<ul>\n<li>Analista em Ci\u00eancia e Tecnologia \u2013 40 vagas<\/li>\n<\/ul>\n<ul>\n<li>Tecnologista \u2013 40 vagas<\/li>\n<\/ul>\n<ul>\n<li>Agente de atividades agropecu\u00e1rias \u2013 100 vagas<\/li>\n<\/ul>\n<ul>\n<li>Agente de inspe\u00e7\u00e3o sanit\u00e1ria e industrial de produtos de origem animal \u2013 100 vagas<\/li>\n<\/ul>\n<ul>\n<li>T\u00e9cnico de laborat\u00f3rio \u2013 40 vagas<\/li>\n<\/ul>\n<p><strong>Instituto Nacional de Coloniza\u00e7\u00e3o e Reforma Agr\u00e1ria \u2013 INCRA<\/strong><\/p>\n<ul>\n<li>Analista Administrativo \u2013 137 vagas<\/li>\n<\/ul>\n<ul>\n<li>Analista em Reforma e Desenvolvimento Agr\u00e1rio \u2013 446 vagas<\/li>\n<\/ul>\n<ul>\n<li>Engenheiro Agr\u00f4nomo \u2013 159 vagas<\/li>\n<\/ul>\n<p><strong>Minist\u00e9rio da Ci\u00eancia, Tecnologia e Inova\u00e7\u00e3o \u2013 MCTI<\/strong><\/p>\n<ul>\n<li>Analista em Ci\u00eancia e Tecnologia \u2013 296 vagas<\/li>\n<\/ul>\n<p><strong>Minist\u00e9rio dos Direitos Humanos \u2013 MDH<\/strong><\/p>\n<ul>\n<li>Analista T\u00e9cnico de Pol\u00edticas Sociais \u2013 ATPS \u2013 40 vagas<\/li>\n<\/ul>\n<p><strong>Minist\u00e9rio da Educa\u00e7\u00e3o \u2013 MEC<\/strong><\/p>\n<ul>\n<li>Analista T\u00e9cnico de Pol\u00edticas Sociais \u2013 ATPS \u2013 70 vagas<\/li>\n<\/ul>\n<p><strong>Funda\u00e7\u00e3o Nacional dos Povos Ind\u00edgenas \u2013 FUNAI<\/strong><\/p>\n<ul>\n<li>Indigenista Especializado \u2013 152 vagas<\/li>\n<\/ul>\n<ul>\n<li>Administrador \u2013 26 vagas<\/li>\n<\/ul>\n<ul>\n<li>Antrop\u00f3logo \u2013 19 vagas<\/li>\n<\/ul>\n<ul>\n<li>Assistente Social \u2013 21 vagas<\/li>\n<\/ul>\n<ul>\n<li>Bibliotec\u00e1rio \u2013 6 vagas<\/li>\n<\/ul>\n<ul>\n<li>Engenheiro Agr\u00f4nomo \u2013 31 vagas<\/li>\n<\/ul>\n<ul>\n<li>Engenheiro Florestal \u2013 2 vagas<\/li>\n<\/ul>\n<ul>\n<li>T\u00e9cnico em Assuntos Educacionais \u2013 2 vagas<\/li>\n<\/ul>\n<ul>\n<li>Agente em Indigenismo \u2013 152 vagas<\/li>\n<\/ul>\n<ul>\n<li>T\u00e9cnico em Comunica\u00e7\u00e3o Social \u2013 10 vagas<\/li>\n<\/ul>\n<p><strong>Minist\u00e9rio da Sa\u00fade \u2013 MS<\/strong><\/p>\n<ul>\n<li>Tecnologista \u2013 220 vagas<\/li>\n<\/ul>\n<p><strong>Minist\u00e9rio da Justi\u00e7a e Seguran\u00e7a P\u00fablica \u2013 MJSP<\/strong><\/p>\n<ul>\n<li>Analista T\u00e9cnico Administrativo \u2013 100 vagas<\/li>\n<\/ul>\n<ul>\n<li>Analista T\u00e9cnico de Pol\u00edticas Sociais \u2013 ATPS \u2013 30 vagas<\/li>\n<\/ul>\n<p><strong>Minist\u00e9rio do Trabalho e Emprego \u2013 MTE<\/strong><\/p>\n<ul>\n<li>Auditor-Fiscal do Trabalho (AFT) \u2013 900 vagas<\/li>\n<\/ul>\n<p><strong>Superintend\u00eancia Nacional de Previd\u00eancia Complementar \u2013 PREVIC<\/strong><\/p>\n<ul>\n<li>Analista Administrativo \u2013 15 vagas<\/li>\n<\/ul>\n<ul>\n<li>Especialista em Previd\u00eancia Complementar \u2013 25 vagas<\/li>\n<\/ul>\n<p><strong>Ag\u00eancia Nacional de Sa\u00fade Suplementar \u2013 ANS<\/strong><\/p>\n<ul>\n<li>Especialista em Regula\u00e7\u00e3o de Sa\u00fade Suplementar \u2013 35 vagas<\/li>\n<\/ul>\n<p><strong>Instituto Brasileiro de Geografia e Estat\u00edstica \u2013 IBGE<\/strong><\/p>\n<ul>\n<li>Analista de Planejamento, Gest\u00e3o e Infraestrutura em Informa\u00e7\u00f5es Geogr\u00e1ficas e Estat\u00edsticas \u2013 275 vagas<\/li>\n<\/ul>\n<ul>\n<li>Tecnologista em Informa\u00e7\u00f5es Geogr\u00e1ficas e Estat\u00edsticas \u2013 312 vagas<\/li>\n<\/ul>\n<ul>\n<li>Pesquisador em Informa\u00e7\u00f5es Geogr\u00e1ficas e Estat\u00edsticas \u2013 8 vagas<\/li>\n<\/ul>\n<ul>\n<li>T\u00e9cnico em Informa\u00e7\u00f5es Geogr\u00e1ficas e Estat\u00edsticas \u2013 300 vagas<\/li>\n<\/ul>\n<p><strong>Advocacia Geral da Uni\u00e3o \u2013 AGU<\/strong><\/p>\n<ul>\n<li>Administrador \u2013 154 vagas<\/li>\n<\/ul>\n<ul>\n<li>Analista T\u00e9cnico-Administrativo \u2013 90 vagas<\/li>\n<\/ul>\n<ul>\n<li>T\u00e9cnico em Assuntos Educacionais \u2013 20 vagas<\/li>\n<\/ul>\n<ul>\n<li>T\u00e9cnico em Comunica\u00e7\u00e3o Social \u2013 9 vagas<\/li>\n<\/ul>\n<p><strong>Minist\u00e9rio dos Povos Ind\u00edgenas \u2013 MPI<\/strong><\/p>\n<ul>\n<li>Analista T\u00e9cnico-Administrativo \u2013 30 vagas<\/li>\n<\/ul>\n<p><strong>Minist\u00e9rio do Planejamento e Or\u00e7amento \u2013 MPO<\/strong><\/p>\n<ul>\n<li>Analista T\u00e9cnico-Administrativo \u2013 45 vagas<\/li>\n<\/ul>\n<p><strong>Minist\u00e9rio da Cultura \u2013 MinC<\/strong><\/p>\n<ul>\n<li>Analista T\u00e9cnico-Administrativo \u2013 50 vagas<\/li>\n<\/ul>\n<p><strong>Instituto Nacional de Estudos e Pesquisas Educacionais An\u00edsio Teixeira \u2013 INEP<\/strong><\/p>\n<ul>\n<li>Pesquisador-Tecnologista em Informa\u00e7\u00f5es e Avalia\u00e7\u00f5es Educacionais \u2013 50 vagas<\/li>\n<\/ul>\n<p>VEJA TAMB\u00c9M<br \/>Proposta quer deixar parte do or\u00e7amento de Ribeir\u00e3o na m\u00e3o dos vereadores<\/p>\n<h4 class=\"wp-block-heading\"><strong>FIQUE ON<\/strong><\/h4>\n<p>Fique ligado em tudo que acontece em Ribeir\u00e3o Preto e regi\u00e3o. Siga os perfis do<strong> acidade on<\/strong> no <a href=\"https:\/\/www.instagram.com\/acidadeonribeirao\" target=\"_blank\" rel=\"noreferrer noopener nofollow\">Instagram <\/a>e no <a href=\"https:\/\/www.facebook.com\/acidadeonribeirao\" target=\"_blank\" rel=\"noreferrer noopener nofollow\">Facebook.<\/a><\/p>\n<p>Receba not\u00edcias do <strong>acidade on<\/strong> no WhatsApp. <a href=\"https:\/\/chat.whatsapp.com\/Bnv2w66ZT4VDyZW3oiZ69n\" target=\"_blank\" rel=\"noreferrer noopener nofollow\">Para entrar no grupo, basta clicar aqui.<\/a><\/p>\n<p>Fa\u00e7a uma den\u00fancia ou sugira uma reportagem sobre a Ribeir\u00e3o Preto e regi\u00e3o pelo WhatsApp: (16) 99117 7802.<\/p>\n<p>LEIA MAIS<br \/><a href=\"https:\/\/www.tudoep.com\/tudo-valor\/NOT,0,0,1868374,decimo-terceiro-saiba-o-que-fazer-se-voce-nao-recebeu-a-primeira-parcela.aspx\" target=\"_blank\" rel=\"noreferrer noopener nofollow\">D\u00e9cimo terceiro: saiba o que fazer se voc\u00ea n\u00e3o recebeu a primeira parcela<\/a><\/p>\n<p><!-- AI CONTENT END 1 -->\n<\/div>\n<p><script async src=\"\/\/www.instagram.com\/embed.js\"><\/script><br \/>\n<br \/><br \/>\n<br \/><a href=\"https:\/\/www.acidadeon.com\/ribeiraopreto\/economia\/veja-as-vagas-do-concurso-publico-nacional-unificado-ribeirao-vai-receber-provas\/\">Source link <\/a><\/p>\n<!-- CONTENT END 1 -->\n","protected":false},"excerpt":{"rendered":"<p>Est\u00e1 previsto para mar\u00e7o de 2024 a realiza\u00e7\u00e3o do Concurso P\u00fablico Nacional Unificado, com 6.640 vagas espalhadas em 21 \u00f3rg\u00e3os da Administra\u00e7\u00e3o P\u00fablica Federal. As&#8230;<\/p>\n","protected":false},"author":1,"featured_media":10017,"comment_status":"open","ping_status":"open","sticky":false,"template":"","format":"standard","meta":{"advanced_seo_description":"","jetpack_seo_html_title":"","jetpack_seo_noindex":false,"jetpack_post_was_ever_published":false,"_jetpack_newsletter_access":"","_jetpack_dont_email_post_to_subs":false,"_jetpack_newsletter_tier_id":0,"_jetpack_memberships_contains_paywalled_content":false,"_jetpack_memberships_contains_paid_content":false,"footnotes":"","jetpack_publicize_message":"","jetpack_publicize_feature_enabled":true,"jetpack_social_post_already_shared":true,"jetpack_social_options":{"image_generator_settings":{"template":"highway","default_image_id":0,"font":"","enabled":false},"version":2}},"categories":[11],"tags":[567,721,1360,282,1359,26,1358,143,529,48],"class_list":["post-10016","post","type-post","status-publish","format-standard","has-post-thumbnail","hentry","category-noticias-de-ribeirao-preto-sp-e-regiao-ismael-colosi","tag-concurso","tag-nacional","tag-provas","tag-publico","tag-receber","tag-ribeirao","tag-unificado","tag-vagas","tag-vai","tag-veja"],"jetpack_publicize_connections":[],"jetpack_featured_media_url":"https:\/\/i0.wp.com\/noticiasribeiraopreto.com.br\/wp-content\/uploads\/2023\/12\/concurso-publico-9.jpg?fit=1500%2C1000&ssl=1","jetpack-related-posts":[{"id":26816,"url":"https:\/\/noticiasribeiraopreto.com.br\/index.php\/2024\/01\/10\/veja-o-edital-do-concurso-publico-nacional-unificado-sao-66-mil-vagas\/","url_meta":{"origin":10016,"position":0},"title":"Veja o edital do Concurso P\u00fablico Nacional Unificado; S\u00e3o 6,6 mil vagas","author":"noticiasribeiraopreto.com.br","date":"10 de January de 2024","format":false,"excerpt":"O Governo Federal divulgou nesta quarta-feira (10) o edital do Concurso P\u00fablico Nacional Unificado, o Enem dos Concursos \u2013 Veja aqui. As provas ser\u00e3o realizadas no dia 5 de maio em 217 cidades brasileiras, incluindo Ribeir\u00e3o Preto \u2013 veja todas cidades aqui. As inscri\u00e7\u00f5es v\u00e3o come\u00e7ar dia 19 de janeiro\u2026","rel":"","context":"In &quot;Not\u00edcias de Ribeir\u00e3o Preto-SP e Regi\u00e3o&quot;","block_context":{"text":"Not\u00edcias de Ribeir\u00e3o Preto-SP e Regi\u00e3o","link":"https:\/\/noticiasribeiraopreto.com.br\/index.php\/category\/noticias-de-ribeirao-preto-sp-e-regiao-ismael-colosi\/"},"img":{"alt_text":"","src":"https:\/\/i0.wp.com\/noticiasribeiraopreto.com.br\/wp-content\/uploads\/2024\/01\/concurso-publico-nacional-unificado-cesgranrio.jpg?fit=1200%2C798&ssl=1&resize=350%2C200","width":350,"height":200,"srcset":"https:\/\/i0.wp.com\/noticiasribeiraopreto.com.br\/wp-content\/uploads\/2024\/01\/concurso-publico-nacional-unificado-cesgranrio.jpg?fit=1200%2C798&ssl=1&resize=350%2C200 1x, https:\/\/i0.wp.com\/noticiasribeiraopreto.com.br\/wp-content\/uploads\/2024\/01\/concurso-publico-nacional-unificado-cesgranrio.jpg?fit=1200%2C798&ssl=1&resize=525%2C300 1.5x, https:\/\/i0.wp.com\/noticiasribeiraopreto.com.br\/wp-content\/uploads\/2024\/01\/concurso-publico-nacional-unificado-cesgranrio.jpg?fit=1200%2C798&ssl=1&resize=700%2C400 2x, https:\/\/i0.wp.com\/noticiasribeiraopreto.com.br\/wp-content\/uploads\/2024\/01\/concurso-publico-nacional-unificado-cesgranrio.jpg?fit=1200%2C798&ssl=1&resize=1050%2C600 3x"},"classes":[]},{"id":71306,"url":"https:\/\/noticiasribeiraopreto.com.br\/index.php\/2025\/06\/04\/veja-as-vagas-disponiveis-na-2a-edicao-do-concurso-publico-nacional-unificado\/","url_meta":{"origin":10016,"position":1},"title":"Veja as vagas dispon\u00edveis na 2\u00aa edi\u00e7\u00e3o do Concurso P\u00fablico Nacional Unificado","author":"noticiasribeiraopreto.com.br","date":"4 de June de 2025","format":false,"excerpt":"O Governo Federal autorizou 2.021 vagas para a segunda edi\u00e7\u00e3o do Concurso P\u00fablico Nacional Unificado. O certame prev\u00ea 3.652 vagas distribu\u00eddas entre 36 \u00f3rg\u00e3os da administra\u00e7\u00e3o p\u00fablica. Ao todo, foram autorizadas pelo governo 300 vagas para o cargo de Analista do Seguro Social no INSS (Instituto Nacional do Seguro Social),\u2026","rel":"","context":"In &quot;Not\u00edcias de Ribeir\u00e3o Preto-SP e Regi\u00e3o&quot;","block_context":{"text":"Not\u00edcias de Ribeir\u00e3o Preto-SP e Regi\u00e3o","link":"https:\/\/noticiasribeiraopreto.com.br\/index.php\/category\/noticias-de-ribeirao-preto-sp-e-regiao-ismael-colosi\/"},"img":{"alt_text":"","src":"https:\/\/i0.wp.com\/noticiasribeiraopreto.com.br\/wp-content\/uploads\/2025\/01\/concurso_2025-01-07_18-14-44_jpg_2025-01-07_18-14-45.webp.webp?fit=1200%2C800&ssl=1&resize=350%2C200","width":350,"height":200,"srcset":"https:\/\/i0.wp.com\/noticiasribeiraopreto.com.br\/wp-content\/uploads\/2025\/01\/concurso_2025-01-07_18-14-44_jpg_2025-01-07_18-14-45.webp.webp?fit=1200%2C800&ssl=1&resize=350%2C200 1x, https:\/\/i0.wp.com\/noticiasribeiraopreto.com.br\/wp-content\/uploads\/2025\/01\/concurso_2025-01-07_18-14-44_jpg_2025-01-07_18-14-45.webp.webp?fit=1200%2C800&ssl=1&resize=525%2C300 1.5x, https:\/\/i0.wp.com\/noticiasribeiraopreto.com.br\/wp-content\/uploads\/2025\/01\/concurso_2025-01-07_18-14-44_jpg_2025-01-07_18-14-45.webp.webp?fit=1200%2C800&ssl=1&resize=700%2C400 2x, https:\/\/i0.wp.com\/noticiasribeiraopreto.com.br\/wp-content\/uploads\/2025\/01\/concurso_2025-01-07_18-14-44_jpg_2025-01-07_18-14-45.webp.webp?fit=1200%2C800&ssl=1&resize=1050%2C600 3x"},"classes":[]},{"id":9204,"url":"https:\/\/noticiasribeiraopreto.com.br\/index.php\/2023\/12\/01\/ribeirao-preto-vai-ser-uma-das-sedes-do-enem-dos-concursos-publicos-veja-a-lista\/","url_meta":{"origin":10016,"position":2},"title":"Ribeir\u00e3o Preto vai ser uma das sedes do Enem dos concursos p\u00fablicos; Veja a lista","author":"noticiasribeiraopreto.com.br","date":"1 de December de 2023","format":false,"excerpt":"Ribeir\u00e3o Preto est\u00e1 entre os 180 munic\u00edpios brasileiros que v\u00e3o receber as provas do Concurso P\u00fablico Nacional Unificado, o \u201cEnem dos concursos\u201d. Segundo o Governo Federal, o concurso p\u00fablico contar\u00e1 com 6.640 vagas em 21 \u00f3rg\u00e3os federais. A lista completa de cidades que v\u00e3o sediar o Concurso P\u00fablico Nacional Unificado\u2026","rel":"","context":"In &quot;Not\u00edcias de Ribeir\u00e3o Preto-SP e Regi\u00e3o&quot;","block_context":{"text":"Not\u00edcias de Ribeir\u00e3o Preto-SP e Regi\u00e3o","link":"https:\/\/noticiasribeiraopreto.com.br\/index.php\/category\/noticias-de-ribeirao-preto-sp-e-regiao-ismael-colosi\/"},"img":{"alt_text":"","src":"https:\/\/i0.wp.com\/noticiasribeiraopreto.com.br\/wp-content\/uploads\/2023\/12\/eu-amo-ribeirao-preto.jpeg?fit=1200%2C800&ssl=1&resize=350%2C200","width":350,"height":200,"srcset":"https:\/\/i0.wp.com\/noticiasribeiraopreto.com.br\/wp-content\/uploads\/2023\/12\/eu-amo-ribeirao-preto.jpeg?fit=1200%2C800&ssl=1&resize=350%2C200 1x, https:\/\/i0.wp.com\/noticiasribeiraopreto.com.br\/wp-content\/uploads\/2023\/12\/eu-amo-ribeirao-preto.jpeg?fit=1200%2C800&ssl=1&resize=525%2C300 1.5x, https:\/\/i0.wp.com\/noticiasribeiraopreto.com.br\/wp-content\/uploads\/2023\/12\/eu-amo-ribeirao-preto.jpeg?fit=1200%2C800&ssl=1&resize=700%2C400 2x, https:\/\/i0.wp.com\/noticiasribeiraopreto.com.br\/wp-content\/uploads\/2023\/12\/eu-amo-ribeirao-preto.jpeg?fit=1200%2C800&ssl=1&resize=1050%2C600 3x"},"classes":[]},{"id":26537,"url":"https:\/\/noticiasribeiraopreto.com.br\/index.php\/2024\/01\/10\/edital-do-enem-dos-concursos-publicos-sera-divulgado-nesta-quarta-ribeirao-recebe-provas\/","url_meta":{"origin":10016,"position":3},"title":"Edital do \u2018Enem dos concursos p\u00fablicos\u2019 ser\u00e1 divulgado nesta quarta; Ribeir\u00e3o recebe provas","author":"noticiasribeiraopreto.com.br","date":"10 de January de 2024","format":false,"excerpt":"O edital do Concurso P\u00fablico Nacional Unificado, o \u201cEnem dos Concursos P\u00fablicos\u201d, ser\u00e1 publicado nesta quarta-feira (10) pelo Governo Federal. A prova ser\u00e1 aplicada em 217 cidades de todo o Brasil, incluindo Ribeir\u00e3o Preto. As inscri\u00e7\u00f5es v\u00e3o come\u00e7ar dia 19 de janeiro e seguem at\u00e9 9 de fevereiro no site\u2026","rel":"","context":"In &quot;Not\u00edcias de Ribeir\u00e3o Preto-SP e Regi\u00e3o&quot;","block_context":{"text":"Not\u00edcias de Ribeir\u00e3o Preto-SP e Regi\u00e3o","link":"https:\/\/noticiasribeiraopreto.com.br\/index.php\/category\/noticias-de-ribeirao-preto-sp-e-regiao-ismael-colosi\/"},"img":{"alt_text":"","src":"https:\/\/i0.wp.com\/noticiasribeiraopreto.com.br\/wp-content\/uploads\/2024\/01\/1704886578_concurso-publico.jpg?fit=1200%2C800&ssl=1&resize=350%2C200","width":350,"height":200,"srcset":"https:\/\/i0.wp.com\/noticiasribeiraopreto.com.br\/wp-content\/uploads\/2024\/01\/1704886578_concurso-publico.jpg?fit=1200%2C800&ssl=1&resize=350%2C200 1x, https:\/\/i0.wp.com\/noticiasribeiraopreto.com.br\/wp-content\/uploads\/2024\/01\/1704886578_concurso-publico.jpg?fit=1200%2C800&ssl=1&resize=525%2C300 1.5x, https:\/\/i0.wp.com\/noticiasribeiraopreto.com.br\/wp-content\/uploads\/2024\/01\/1704886578_concurso-publico.jpg?fit=1200%2C800&ssl=1&resize=700%2C400 2x, https:\/\/i0.wp.com\/noticiasribeiraopreto.com.br\/wp-content\/uploads\/2024\/01\/1704886578_concurso-publico.jpg?fit=1200%2C800&ssl=1&resize=1050%2C600 3x"},"classes":[]},{"id":26766,"url":"https:\/\/noticiasribeiraopreto.com.br\/index.php\/2024\/01\/10\/enem-dos-concursos-o-que-voce-precisa-saber-sobre-o-concurso-publico-nacional-unificado\/","url_meta":{"origin":10016,"position":4},"title":"\u2018Enem dos concursos\u2019: o que voc\u00ea precisa saber sobre o Concurso P\u00fablico Nacional Unificado","author":"noticiasribeiraopreto.com.br","date":"10 de January de 2024","format":false,"excerpt":"O governo detalhou nesta quarta-feira, 10, as regras do Concurso P\u00fablico Nacional Unificado, o chamado \u2018Enem dos concursos\u2019. O edital ser\u00e1 publicado em edi\u00e7\u00e3o extra do Di\u00e1rio Oficial da Uni\u00e3o (DOU). A ministra da Gest\u00e3o e Inova\u00e7\u00e3o em Servi\u00e7os P\u00fablicos, Esther Dweck, realizou uma coletiva para esclarecer alguns pontos.O Concurso\u2026","rel":"","context":"In &quot;Vagas de Emprego em Ribeir\u00e3o Preto-SP&quot;","block_context":{"text":"Vagas de Emprego em Ribeir\u00e3o Preto-SP","link":"https:\/\/noticiasribeiraopreto.com.br\/index.php\/category\/empregos-classificados-vagas-trabalho\/vagas-de-empregos-em-ribeirao-preto-regiao-brasil\/"},"img":{"alt_text":"","src":"https:\/\/i0.wp.com\/noticiasribeiraopreto.com.br\/wp-content\/uploads\/2024\/01\/1704922892_concurso-publico.jpg?fit=883%2C510&ssl=1&resize=350%2C200","width":350,"height":200,"srcset":"https:\/\/i0.wp.com\/noticiasribeiraopreto.com.br\/wp-content\/uploads\/2024\/01\/1704922892_concurso-publico.jpg?fit=883%2C510&ssl=1&resize=350%2C200 1x, https:\/\/i0.wp.com\/noticiasribeiraopreto.com.br\/wp-content\/uploads\/2024\/01\/1704922892_concurso-publico.jpg?fit=883%2C510&ssl=1&resize=525%2C300 1.5x, https:\/\/i0.wp.com\/noticiasribeiraopreto.com.br\/wp-content\/uploads\/2024\/01\/1704922892_concurso-publico.jpg?fit=883%2C510&ssl=1&resize=700%2C400 2x"},"classes":[]},{"id":29088,"url":"https:\/\/noticiasribeiraopreto.com.br\/index.php\/2024\/01\/17\/ibge-oferece-895-vagas-no-concurso-publico-nacional-unificado\/","url_meta":{"origin":10016,"position":5},"title":"IBGE oferece 895 vagas no Concurso P\u00fablico Nacional Unificado \u2013 Folha de Ribeir\u00e3o","author":"noticiasribeiraopreto.com.br","date":"17 de January de 2024","format":false,"excerpt":"O Instituto Brasileiro de Geografia e Estat\u00edstica (IBGE) participa do Concurso P\u00fablico Nacional Unificado com 895 vagas destinadas a variados perfis de profissionais. Trata-se do maior concurso j\u00e1 realizado na hist\u00f3ria do instituto. O Minist\u00e9rio da Gest\u00e3o e da Inova\u00e7\u00e3o em Servi\u00e7os P\u00fablicos divulgou na \u00faltima quarta-feira (10) em Bras\u00edlia,\u2026","rel":"","context":"In &quot;Not\u00edcias de Ribeir\u00e3o Preto-SP e Regi\u00e3o&quot;","block_context":{"text":"Not\u00edcias de Ribeir\u00e3o Preto-SP e Regi\u00e3o","link":"https:\/\/noticiasribeiraopreto.com.br\/index.php\/category\/noticias-de-ribeirao-preto-sp-e-regiao-ismael-colosi\/"},"img":{"alt_text":"","src":"","width":0,"height":0},"classes":[]}],"jetpack_sharing_enabled":true,"jetpack_shortlink":"https:\/\/wp.me\/peQAOb-2By","_links":{"self":[{"href":"https:\/\/noticiasribeiraopreto.com.br\/index.php\/wp-json\/wp\/v2\/posts\/10016","targetHints":{"allow":["GET"]}}],"collection":[{"href":"https:\/\/noticiasribeiraopreto.com.br\/index.php\/wp-json\/wp\/v2\/posts"}],"about":[{"href":"https:\/\/noticiasribeiraopreto.com.br\/index.php\/wp-json\/wp\/v2\/types\/post"}],"author":[{"embeddable":true,"href":"https:\/\/noticiasribeiraopreto.com.br\/index.php\/wp-json\/wp\/v2\/users\/1"}],"replies":[{"embeddable":true,"href":"https:\/\/noticiasribeiraopreto.com.br\/index.php\/wp-json\/wp\/v2\/comments?post=10016"}],"version-history":[{"count":0,"href":"https:\/\/noticiasribeiraopreto.com.br\/index.php\/wp-json\/wp\/v2\/posts\/10016\/revisions"}],"wp:featuredmedia":[{"embeddable":true,"href":"https:\/\/noticiasribeiraopreto.com.br\/index.php\/wp-json\/wp\/v2\/media\/10017"}],"wp:attachment":[{"href":"https:\/\/noticiasribeiraopreto.com.br\/index.php\/wp-json\/wp\/v2\/media?parent=10016"}],"wp:term":[{"taxonomy":"category","embeddable":true,"href":"https:\/\/noticiasribeiraopreto.com.br\/index.php\/wp-json\/wp\/v2\/categories?post=10016"},{"taxonomy":"post_tag","embeddable":true,"href":"https:\/\/noticiasribeiraopreto.com.br\/index.php\/wp-json\/wp\/v2\/tags?post=10016"}],"curies":[{"name":"wp","href":"https:\/\/api.w.org\/{rel}","templated":true}]}}