{"id":10018,"date":"2023-12-03T13:36:25","date_gmt":"2023-12-03T16:36:25","guid":{"rendered":"https:\/\/noticiasribeiraopreto.com.br\/index.php\/2023\/12\/03\/confira-a-antecipacao-do-bolsa-familia-e-auxilio-gas-de-dezembro\/"},"modified":"2023-12-03T13:36:25","modified_gmt":"2023-12-03T16:36:25","slug":"confira-a-antecipacao-do-bolsa-familia-e-auxilio-gas-de-dezembro","status":"publish","type":"post","link":"https:\/\/noticiasribeiraopreto.com.br\/index.php\/2023\/12\/03\/confira-a-antecipacao-do-bolsa-familia-e-auxilio-gas-de-dezembro\/","title":{"rendered":"Confira a antecipa\u00e7\u00e3o do Bolsa Fam\u00edlia e Aux\u00edlio G\u00e1s de dezembro"},"content":{"rendered":"<div class='code-block code-block-1' style='margin: 8px 0 8px auto; text-align: right; display: block; clear: both;'>\n<p><a href=\"https:\/\/wa.link\/vpicfd\"><img data-recalc-dims=\"1\" class=\"wp-image-4922\" style=\"aspect-ratio: 2.0253164556962027; width: 561px; height: auto;\" src=\"https:\/\/i0.wp.com\/ismaelcolosi.com.br\/wp-content\/uploads\/2023\/11\/grupo-de-empregos-whatsapp-e-facebook-ismael-colosi-vagas.jpg?ssl=1\" alt=\"\" \/><\/a><\/p>\n<!-- \/wp:image -->\n<\/div>\n<p> <br \/>\n<\/p>\n<p>Os <a href=\"https:\/\/catracalivre.com.br\/cidadania\/bolsa-familia-2024-inscricoes-abertas-para-novos-beneficiarios\/\" target=\"_blank\" rel=\"noopener\">benefici\u00e1rios<\/a> do Bolsa Fam\u00edlia e do Aux\u00edlio G\u00e1s v\u00e3o receber os benef\u00edcios antecipadamente, a partir do dia 11 de dezembro. O pagamento, que geralmente \u00e9 feito nos \u00faltimos dez dias \u00fateis de cada m\u00eas, foi antecipado em uma semana.<\/p>\n<div id=\"attachment_2292055\">\n<div class=\"d-flex justify-content-center\" data-attachment-id=\"2292055\">\n<div class=\"position-relative d-inline-block\"><img data-recalc-dims=\"1\" data-portal-copyright=\"MDAS\/Divulga\u00e7\u00e3o\" fetchpriority=\"high\" decoding=\"async\" class=\"size-full wp-image-2292055\" src=\"https:\/\/i0.wp.com\/catracalivre.com.br\/wp-content\/uploads\/2023\/08\/bolsa-familia-na-conta-saiba-se-voce-vai-receber-hoje.jpg?resize=1170%2C700&#038;ssl=1\" alt=\"Bolsa Fam\u00edlia surpreende benefici\u00e1rios em dezembro\" width=\"1170\" height=\"700\" srcset=\"https:\/\/catracalivre.com.br\/wp-content\/uploads\/2023\/08\/bolsa-familia-na-conta-saiba-se-voce-vai-receber-hoje.jpg 1170w, https:\/\/catracalivre.com.br\/wp-content\/uploads\/2023\/08\/bolsa-familia-na-conta-saiba-se-voce-vai-receber-hoje-450x269.jpg 450w, https:\/\/catracalivre.com.br\/wp-content\/uploads\/2023\/08\/bolsa-familia-na-conta-saiba-se-voce-vai-receber-hoje-768x459.jpg 768w\" sizes=\"(max-width: 1170px) 100vw, 1170px\"\/><\/p>\n<p>Cr\u00e9ditos: MDAS\/Divulga\u00e7\u00e3o<\/p>\n<\/div>\n<\/div>\n<p><span class=\"post-imagem__legenda\">Bolsa Fam\u00edlia surpreende benefici\u00e1rios em dezembro<\/span><\/p>\n<\/div>\n<p>Os pagamentos ser\u00e3o feitos de acordo com o d\u00edgito final do N\u00famero de Identifica\u00e7\u00e3o Social (NIS). Os benefici\u00e1rios com NIS final 1 receber\u00e3o o dinheiro no dia 11, os benefici\u00e1rios com NIS final 2 receber\u00e3o no dia 12, e assim por diante. A conclus\u00e3o dos dep\u00f3sitos acontecer\u00e1 at\u00e9 o dia 22 de dezembro.<\/p>\n<p>A antecipa\u00e7\u00e3o do pagamento j\u00e1 estava prevista no calend\u00e1rio do Banco, divulgado no in\u00edcio de 2023. A medida foi tomada para atender \u00e0s demandas dos benefici\u00e1rios e facilitar o acesso ao dinheiro.<\/p>\n<p>Veja o calend\u00e1rio antecipado do Bolsa Fam\u00edlia, segundo divulgado pela <a href=\"https:\/\/agenciagov.ebc.com.br\/noticias\/\" target=\"_blank\" rel=\"noopener\">Ag\u00eancia Gov<\/a>:<\/p>\n<p>1 \u2013 11\/12<br \/>2 \u2013 12\/12<br \/>3 \u2013 13\/12<br \/>4 \u2013 14\/12<br \/>5 \u2013 15\/12<br \/>6 \u2013 18\/12<br \/>7 \u2013 19\/12<br \/>8 \u2013 20\/12<br \/>9 \u2013 21\/12<br \/>0 \u2013 22\/12<\/p>\n<div id=\"attachment_2281807\">\n<div class=\"d-flex justify-content-center\" data-attachment-id=\"2281807\">\n<div class=\"position-relative d-inline-block\"><img data-recalc-dims=\"1\" loading=\"lazy\" data-portal-copyright=\"Divulga\u00e7\u00e3o\/MDS\" decoding=\"async\" class=\"size-full wp-image-2281807\" src=\"https:\/\/i0.wp.com\/catracalivre.com.br\/wp-content\/uploads\/2023\/07\/bolsa-familia-governo-finalmente-libera-novo-calendario-de-julho.png?resize=800%2C536&#038;ssl=1\" alt=\"Bolsa Fam\u00edlia antecipa pagamento\" width=\"800\" height=\"536\" srcset=\"https:\/\/catracalivre.com.br\/wp-content\/uploads\/2023\/07\/bolsa-familia-governo-finalmente-libera-novo-calendario-de-julho.png 800w, https:\/\/catracalivre.com.br\/wp-content\/uploads\/2023\/07\/bolsa-familia-governo-finalmente-libera-novo-calendario-de-julho-450x302.png 450w, https:\/\/catracalivre.com.br\/wp-content\/uploads\/2023\/07\/bolsa-familia-governo-finalmente-libera-novo-calendario-de-julho-768x515.png 768w\" sizes=\"auto, (max-width: 800px) 100vw, 800px\"\/><\/p>\n<p>Cr\u00e9ditos: Divulga\u00e7\u00e3o\/MDS<\/p>\n<\/div>\n<\/div>\n<p><span class=\"post-imagem__legenda\">Bolsa Fam\u00edlia antecipa pagamento<\/span><\/p>\n<\/div>\n<p><script>\n\t\t! function(f, b, e, v, n, t, s) {\n\t\t\tif (f.fbq) return;\n\t\t\tn = f.fbq = function() {\n\t\t\t\tn.callMethod ?\n\t\t\t\t\tn.callMethod.apply(n, arguments) : n.queue.push(arguments)\n\t\t\t};\n\t\t\tif (!f._fbq) f._fbq = n;\n\t\t\tn.push = n;\n\t\t\tn.loaded = !0;\n\t\t\tn.version = '2.0';\n\t\t\tn.queue = [];\n\t\t\tt = b.createElement(e);\n\t\t\tt.async = !0;\n\t\t\tt.src = v;\n\t\t\ts = b.getElementsByTagName(e)[0];\n\t\t\ts.parentNode.insertBefore(t, s)\n\t\t}(window, document, 'script',\n\t\t\t'https:\/\/connect.facebook.net\/en_US\/fbevents.js');\n\t\tfbq('init', '338315473262380');\n\t\tfbq('track', 'PageView');\n\t<\/script><br \/>\n<br \/><br \/>\n<br \/><a href=\"https:\/\/catracalivre.com.br\/cidadania\/bolsa-familia-auxilio-gas-dezembro\/\">Source link <\/a><\/p>\n<!-- CONTENT END 1 -->\n","protected":false},"excerpt":{"rendered":"<p>Os benefici\u00e1rios do Bolsa Fam\u00edlia e do Aux\u00edlio G\u00e1s v\u00e3o receber os benef\u00edcios antecipadamente, a partir do dia 11 de dezembro. O pagamento, que geralmente&#8230;<\/p>\n","protected":false},"author":1,"featured_media":10019,"comment_status":"open","ping_status":"open","sticky":false,"template":"","format":"standard","meta":{"advanced_seo_description":"","jetpack_seo_html_title":"","jetpack_seo_noindex":false,"jetpack_post_was_ever_published":false,"_jetpack_newsletter_access":"","_jetpack_dont_email_post_to_subs":false,"_jetpack_newsletter_tier_id":0,"_jetpack_memberships_contains_paywalled_content":false,"_jetpack_memberships_contains_paid_content":false,"footnotes":"","jetpack_publicize_message":"","jetpack_publicize_feature_enabled":true,"jetpack_social_post_already_shared":true,"jetpack_social_options":{"image_generator_settings":{"template":"highway","default_image_id":0,"font":"","enabled":false},"version":2}},"categories":[19],"tags":[],"class_list":["post-10018","post","type-post","status-publish","format-standard","has-post-thumbnail","hentry","category-variedades"],"jetpack_publicize_connections":[],"jetpack_featured_media_url":"https:\/\/i0.wp.com\/noticiasribeiraopreto.com.br\/wp-content\/uploads\/2023\/12\/bolsa-familia-governo-finalmente-libera-novo-calendario-de-julho.png?fit=1200%2C638&ssl=1","jetpack-related-posts":[{"id":13595,"url":"https:\/\/noticiasribeiraopreto.com.br\/index.php\/2023\/12\/10\/bolsa-familia-e-auxilio-gas-comecam-a-ser-pagos-nesta-segunda-bolsa-familia\/","url_meta":{"origin":10018,"position":0},"title":"Bolsa Fam\u00edlia e Aux\u00edlio G\u00e1s come\u00e7am a ser pagos nesta segunda Bolsa Fam\u00edlia","author":"noticiasribeiraopreto.com.br","date":"10 de December de 2023","format":false,"excerpt":"Os benefici\u00e1rios do Bolsa Fam\u00edlia e do Aux\u00edlio G\u00e1s v\u00e3o receber os benef\u00edcios a partir da pr\u00f3xima segunda-feira, dia 11 de dezembro. O pagamento, que geralmente \u00e9 feito nos \u00faltimos dez dias \u00fateis de cada m\u00eas, foi antecipado em uma semana.Os pagamentos ser\u00e3o feitos de acordo com o d\u00edgito final\u2026","rel":"","context":"In &quot;Variedades&quot;","block_context":{"text":"Variedades","link":"https:\/\/noticiasribeiraopreto.com.br\/index.php\/category\/variedades\/"},"img":{"alt_text":"","src":"https:\/\/i0.wp.com\/noticiasribeiraopreto.com.br\/wp-content\/uploads\/2023\/12\/finalmente-a-resposta-tao-esperada-sobre-o-13o-do-bolsa-familia-1.jpg?fit=1200%2C638&ssl=1&resize=350%2C200","width":350,"height":200,"srcset":"https:\/\/i0.wp.com\/noticiasribeiraopreto.com.br\/wp-content\/uploads\/2023\/12\/finalmente-a-resposta-tao-esperada-sobre-o-13o-do-bolsa-familia-1.jpg?fit=1200%2C638&ssl=1&resize=350%2C200 1x, https:\/\/i0.wp.com\/noticiasribeiraopreto.com.br\/wp-content\/uploads\/2023\/12\/finalmente-a-resposta-tao-esperada-sobre-o-13o-do-bolsa-familia-1.jpg?fit=1200%2C638&ssl=1&resize=525%2C300 1.5x, https:\/\/i0.wp.com\/noticiasribeiraopreto.com.br\/wp-content\/uploads\/2023\/12\/finalmente-a-resposta-tao-esperada-sobre-o-13o-do-bolsa-familia-1.jpg?fit=1200%2C638&ssl=1&resize=700%2C400 2x, https:\/\/i0.wp.com\/noticiasribeiraopreto.com.br\/wp-content\/uploads\/2023\/12\/finalmente-a-resposta-tao-esperada-sobre-o-13o-do-bolsa-familia-1.jpg?fit=1200%2C638&ssl=1&resize=1050%2C600 3x"},"classes":[]},{"id":13859,"url":"https:\/\/noticiasribeiraopreto.com.br\/index.php\/2023\/12\/11\/pagamentos-do-bolsa-familia-e-auxilio-gas-antecipados-saiba-quanto-ira-receber-hoje-2\/","url_meta":{"origin":10018,"position":1},"title":"Pagamentos do Bolsa Fam\u00edlia e Aux\u00edlio G\u00e1s antecipados; Saiba quanto ir\u00e1 receber hoje","author":"noticiasribeiraopreto.com.br","date":"11 de December de 2023","format":false,"excerpt":"Os pagamentos do Bolsa Fam\u00edlia e Aux\u00edlio G\u00e1s iniciam nesta segunda-feira (11) para milh\u00f5es de brasileiros. Os valores do calend\u00e1rio de dezembro foram antecipados por conta das festas de fim de ano.\u00a0 Hoje recebem os benefici\u00e1rios com N\u00famero de Inscri\u00e7\u00e3o Social (NIS) de final 1. Os dep\u00f3sitos seguem at\u00e9 o\u2026","rel":"","context":"In &quot;Vagas de Emprego em Ribeir\u00e3o Preto-SP&quot;","block_context":{"text":"Vagas de Emprego em Ribeir\u00e3o Preto-SP","link":"https:\/\/noticiasribeiraopreto.com.br\/index.php\/category\/empregos-classificados-vagas-trabalho\/vagas-de-empregos-em-ribeirao-preto-regiao-brasil\/"},"img":{"alt_text":"","src":"https:\/\/i0.wp.com\/noticiasribeiraopreto.com.br\/wp-content\/uploads\/2023\/12\/1702305778_novo-bolsa-familia-pagamento.png?fit=1200%2C675&ssl=1&resize=350%2C200","width":350,"height":200,"srcset":"https:\/\/i0.wp.com\/noticiasribeiraopreto.com.br\/wp-content\/uploads\/2023\/12\/1702305778_novo-bolsa-familia-pagamento.png?fit=1200%2C675&ssl=1&resize=350%2C200 1x, https:\/\/i0.wp.com\/noticiasribeiraopreto.com.br\/wp-content\/uploads\/2023\/12\/1702305778_novo-bolsa-familia-pagamento.png?fit=1200%2C675&ssl=1&resize=525%2C300 1.5x, https:\/\/i0.wp.com\/noticiasribeiraopreto.com.br\/wp-content\/uploads\/2023\/12\/1702305778_novo-bolsa-familia-pagamento.png?fit=1200%2C675&ssl=1&resize=700%2C400 2x, https:\/\/i0.wp.com\/noticiasribeiraopreto.com.br\/wp-content\/uploads\/2023\/12\/1702305778_novo-bolsa-familia-pagamento.png?fit=1200%2C675&ssl=1&resize=1050%2C600 3x"},"classes":[]},{"id":9819,"url":"https:\/\/noticiasribeiraopreto.com.br\/index.php\/2023\/12\/02\/lula-anuncia-bonus-para-bolsa-familia-para-dezembro\/","url_meta":{"origin":10018,"position":2},"title":"Lula anuncia b\u00f4nus para Bolsa Fam\u00edlia para dezembro","author":"noticiasribeiraopreto.com.br","date":"2 de December de 2023","format":false,"excerpt":"Cr\u00e9ditos: ASCOM\/CGUA melhor not\u00edcia para quem recebe Bolsa Fam\u00edlia acaba de chegarO presidente Lula trouxe uma not\u00edcia animadora para os benefici\u00e1rios do Bolsa Fam\u00edlia ao confirmar o pagamento de um b\u00f4nus salarial no valor de R$ 110,00 previsto para dezembro deste ano. Esta bonifica\u00e7\u00e3o est\u00e1 atrelada ao retorno do Aux\u00edlio\u2026","rel":"","context":"In &quot;Variedades&quot;","block_context":{"text":"Variedades","link":"https:\/\/noticiasribeiraopreto.com.br\/index.php\/category\/variedades\/"},"img":{"alt_text":"","src":"https:\/\/i0.wp.com\/noticiasribeiraopreto.com.br\/wp-content\/uploads\/2023\/12\/lula-da-excelente-noticia-para-quem-tem-divida-com-lojas-do-varejo.jpg?fit=1200%2C638&ssl=1&resize=350%2C200","width":350,"height":200,"srcset":"https:\/\/i0.wp.com\/noticiasribeiraopreto.com.br\/wp-content\/uploads\/2023\/12\/lula-da-excelente-noticia-para-quem-tem-divida-com-lojas-do-varejo.jpg?fit=1200%2C638&ssl=1&resize=350%2C200 1x, https:\/\/i0.wp.com\/noticiasribeiraopreto.com.br\/wp-content\/uploads\/2023\/12\/lula-da-excelente-noticia-para-quem-tem-divida-com-lojas-do-varejo.jpg?fit=1200%2C638&ssl=1&resize=525%2C300 1.5x, https:\/\/i0.wp.com\/noticiasribeiraopreto.com.br\/wp-content\/uploads\/2023\/12\/lula-da-excelente-noticia-para-quem-tem-divida-com-lojas-do-varejo.jpg?fit=1200%2C638&ssl=1&resize=700%2C400 2x, https:\/\/i0.wp.com\/noticiasribeiraopreto.com.br\/wp-content\/uploads\/2023\/12\/lula-da-excelente-noticia-para-quem-tem-divida-com-lojas-do-varejo.jpg?fit=1200%2C638&ssl=1&resize=1050%2C600 3x"},"classes":[]},{"id":13703,"url":"https:\/\/noticiasribeiraopreto.com.br\/index.php\/2023\/12\/11\/pagamentos-do-bolsa-familia-e-do-auxilio-gas-comecam-hoje-11\/","url_meta":{"origin":10018,"position":3},"title":"Pagamentos do Bolsa Fam\u00edlia e do Aux\u00edlio G\u00e1s come\u00e7am hoje (11)","author":"noticiasribeiraopreto.com.br","date":"11 de December de 2023","format":false,"excerpt":"Chegou o grande dia. A partir de hoje, dia 11 de dezembro, milh\u00f5es de pessoas v\u00e3o receber a nova parcela do Bolsa Fam\u00edlia no pa\u00eds. Os pagamentos seguir\u00e3o at\u00e9 o dia 22, contemplando todos os segurados do maior programa de transfer\u00eancia de renda do Brasil. Neste m\u00eas, os benefici\u00e1rios tamb\u00e9m\u2026","rel":"","context":"In &quot;Vagas de Emprego em Ribeir\u00e3o Preto-SP&quot;","block_context":{"text":"Vagas de Emprego em Ribeir\u00e3o Preto-SP","link":"https:\/\/noticiasribeiraopreto.com.br\/index.php\/category\/empregos-classificados-vagas-trabalho\/vagas-de-empregos-em-ribeirao-preto-regiao-brasil\/"},"img":{"alt_text":"","src":"https:\/\/i0.wp.com\/noticiasribeiraopreto.com.br\/wp-content\/uploads\/2023\/12\/noticiasconcursos.com_.br-bolsa-familia-pagamentos-comecam-em-1-semana-veja-calendario-de-outubro-bolsa-familia-agencia-brasil-750x430.jpg?fit=750%2C430&ssl=1&resize=350%2C200","width":350,"height":200,"srcset":"https:\/\/i0.wp.com\/noticiasribeiraopreto.com.br\/wp-content\/uploads\/2023\/12\/noticiasconcursos.com_.br-bolsa-familia-pagamentos-comecam-em-1-semana-veja-calendario-de-outubro-bolsa-familia-agencia-brasil-750x430.jpg?fit=750%2C430&ssl=1&resize=350%2C200 1x, https:\/\/i0.wp.com\/noticiasribeiraopreto.com.br\/wp-content\/uploads\/2023\/12\/noticiasconcursos.com_.br-bolsa-familia-pagamentos-comecam-em-1-semana-veja-calendario-de-outubro-bolsa-familia-agencia-brasil-750x430.jpg?fit=750%2C430&ssl=1&resize=525%2C300 1.5x, https:\/\/i0.wp.com\/noticiasribeiraopreto.com.br\/wp-content\/uploads\/2023\/12\/noticiasconcursos.com_.br-bolsa-familia-pagamentos-comecam-em-1-semana-veja-calendario-de-outubro-bolsa-familia-agencia-brasil-750x430.jpg?fit=750%2C430&ssl=1&resize=700%2C400 2x"},"classes":[]},{"id":12924,"url":"https:\/\/noticiasribeiraopreto.com.br\/index.php\/2023\/12\/08\/governo-antecipa-pagamento-do-auxilio-gas-em-dezembro-meu-valor-digital\/","url_meta":{"origin":10018,"position":4},"title":"Governo antecipa pagamento do Aux\u00edlio-G\u00e1s em Dezembro &#8211; Meu Valor Digital","author":"noticiasribeiraopreto.com.br","date":"8 de December de 2023","format":false,"excerpt":"No m\u00eas de dezembro, devido \u00e0s festas de fim do ano, o governo federal decidiu antecipar o pagamento do Aux\u00edlio-G\u00e1s, conhecido tamb\u00e9m como Vale G\u00e1s.\u00a0 Neste m\u00eas, o Vale G\u00e1s poder\u00e1 vir com um valor menor. Isso porque houve uma queda no pre\u00e7o do g\u00e1s de cozinha. Em dezembro o\u2026","rel":"","context":"In &quot;Vagas de Emprego em Ribeir\u00e3o Preto-SP&quot;","block_context":{"text":"Vagas de Emprego em Ribeir\u00e3o Preto-SP","link":"https:\/\/noticiasribeiraopreto.com.br\/index.php\/category\/empregos-classificados-vagas-trabalho\/vagas-de-empregos-em-ribeirao-preto-regiao-brasil\/"},"img":{"alt_text":"","src":"https:\/\/i0.wp.com\/noticiasribeiraopreto.com.br\/wp-content\/uploads\/2023\/12\/Auxilio-Gas-1.jpg?fit=1200%2C773&ssl=1&resize=350%2C200","width":350,"height":200,"srcset":"https:\/\/i0.wp.com\/noticiasribeiraopreto.com.br\/wp-content\/uploads\/2023\/12\/Auxilio-Gas-1.jpg?fit=1200%2C773&ssl=1&resize=350%2C200 1x, https:\/\/i0.wp.com\/noticiasribeiraopreto.com.br\/wp-content\/uploads\/2023\/12\/Auxilio-Gas-1.jpg?fit=1200%2C773&ssl=1&resize=525%2C300 1.5x, https:\/\/i0.wp.com\/noticiasribeiraopreto.com.br\/wp-content\/uploads\/2023\/12\/Auxilio-Gas-1.jpg?fit=1200%2C773&ssl=1&resize=700%2C400 2x, https:\/\/i0.wp.com\/noticiasribeiraopreto.com.br\/wp-content\/uploads\/2023\/12\/Auxilio-Gas-1.jpg?fit=1200%2C773&ssl=1&resize=1050%2C600 3x"},"classes":[]},{"id":11756,"url":"https:\/\/noticiasribeiraopreto.com.br\/index.php\/2023\/12\/06\/bolsa-familia-paga-valor-extra-em-dezembro-veja-se-voce-vai-receber\/","url_meta":{"origin":10018,"position":5},"title":"Bolsa Fam\u00edlia paga valor extra em dezembro; veja se voc\u00ea vai receber","author":"noticiasribeiraopreto.com.br","date":"6 de December de 2023","format":false,"excerpt":"Cr\u00e9ditos: ASCOM\/CGUNovidades do Bolsa Fam\u00edlia em dezembro Boas novas chegam aos ouvidos dos benefici\u00e1rios do Bolsa Fam\u00edlia. O an\u00fancio animador foi feito pelo presidente Lula, que confirmou um b\u00f4nus salarial de R$110,00 neste m\u00eas. O valor est\u00e1 atrelado ao retorno do Aux\u00edlio G\u00e1s, que\u00a0n\u00e3o aconteceu em novembro, levando muitos benefici\u00e1rios\u2026","rel":"","context":"In &quot;Variedades&quot;","block_context":{"text":"Variedades","link":"https:\/\/noticiasribeiraopreto.com.br\/index.php\/category\/variedades\/"},"img":{"alt_text":"","src":"https:\/\/i0.wp.com\/noticiasribeiraopreto.com.br\/wp-content\/uploads\/2023\/12\/governo-toma-medida-drastica-para-garantir-transparencia-no-bolsa-familia.png?fit=1200%2C638&ssl=1&resize=350%2C200","width":350,"height":200,"srcset":"https:\/\/i0.wp.com\/noticiasribeiraopreto.com.br\/wp-content\/uploads\/2023\/12\/governo-toma-medida-drastica-para-garantir-transparencia-no-bolsa-familia.png?fit=1200%2C638&ssl=1&resize=350%2C200 1x, https:\/\/i0.wp.com\/noticiasribeiraopreto.com.br\/wp-content\/uploads\/2023\/12\/governo-toma-medida-drastica-para-garantir-transparencia-no-bolsa-familia.png?fit=1200%2C638&ssl=1&resize=525%2C300 1.5x, https:\/\/i0.wp.com\/noticiasribeiraopreto.com.br\/wp-content\/uploads\/2023\/12\/governo-toma-medida-drastica-para-garantir-transparencia-no-bolsa-familia.png?fit=1200%2C638&ssl=1&resize=700%2C400 2x, https:\/\/i0.wp.com\/noticiasribeiraopreto.com.br\/wp-content\/uploads\/2023\/12\/governo-toma-medida-drastica-para-garantir-transparencia-no-bolsa-familia.png?fit=1200%2C638&ssl=1&resize=1050%2C600 3x"},"classes":[]}],"jetpack_sharing_enabled":true,"jetpack_shortlink":"https:\/\/wp.me\/peQAOb-2BA","_links":{"self":[{"href":"https:\/\/noticiasribeiraopreto.com.br\/index.php\/wp-json\/wp\/v2\/posts\/10018","targetHints":{"allow":["GET"]}}],"collection":[{"href":"https:\/\/noticiasribeiraopreto.com.br\/index.php\/wp-json\/wp\/v2\/posts"}],"about":[{"href":"https:\/\/noticiasribeiraopreto.com.br\/index.php\/wp-json\/wp\/v2\/types\/post"}],"author":[{"embeddable":true,"href":"https:\/\/noticiasribeiraopreto.com.br\/index.php\/wp-json\/wp\/v2\/users\/1"}],"replies":[{"embeddable":true,"href":"https:\/\/noticiasribeiraopreto.com.br\/index.php\/wp-json\/wp\/v2\/comments?post=10018"}],"version-history":[{"count":0,"href":"https:\/\/noticiasribeiraopreto.com.br\/index.php\/wp-json\/wp\/v2\/posts\/10018\/revisions"}],"wp:featuredmedia":[{"embeddable":true,"href":"https:\/\/noticiasribeiraopreto.com.br\/index.php\/wp-json\/wp\/v2\/media\/10019"}],"wp:attachment":[{"href":"https:\/\/noticiasribeiraopreto.com.br\/index.php\/wp-json\/wp\/v2\/media?parent=10018"}],"wp:term":[{"taxonomy":"category","embeddable":true,"href":"https:\/\/noticiasribeiraopreto.com.br\/index.php\/wp-json\/wp\/v2\/categories?post=10018"},{"taxonomy":"post_tag","embeddable":true,"href":"https:\/\/noticiasribeiraopreto.com.br\/index.php\/wp-json\/wp\/v2\/tags?post=10018"}],"curies":[{"name":"wp","href":"https:\/\/api.w.org\/{rel}","templated":true}]}}