{"id":10178,"date":"2023-12-03T23:03:56","date_gmt":"2023-12-04T02:03:56","guid":{"rendered":"https:\/\/noticiasribeiraopreto.com.br\/index.php\/2023\/12\/03\/uniao-europeia-tem-programa-de-bolsas-para-brasileiros\/"},"modified":"2023-12-03T23:03:56","modified_gmt":"2023-12-04T02:03:56","slug":"uniao-europeia-tem-programa-de-bolsas-para-brasileiros","status":"publish","type":"post","link":"https:\/\/noticiasribeiraopreto.com.br\/index.php\/2023\/12\/03\/uniao-europeia-tem-programa-de-bolsas-para-brasileiros\/","title":{"rendered":"Uni\u00e3o Europeia tem programa de bolsas para brasileiros"},"content":{"rendered":"<div class='code-block code-block-1' style='margin: 8px 0 8px auto; text-align: right; display: block; clear: both;'>\n<p><a href=\"https:\/\/wa.link\/vpicfd\"><img data-recalc-dims=\"1\" class=\"wp-image-4922\" style=\"aspect-ratio: 2.0253164556962027; width: 561px; height: auto;\" src=\"https:\/\/i0.wp.com\/ismaelcolosi.com.br\/wp-content\/uploads\/2023\/11\/grupo-de-empregos-whatsapp-e-facebook-ismael-colosi-vagas.jpg?ssl=1\" alt=\"\" \/><\/a><\/p>\n<!-- \/wp:image -->\n<\/div>\n<p> <br \/>\n<\/p>\n<div>\n<p>O programa Erasmus, promovido pela Uni\u00e3o Europeia para fomento a educa\u00e7\u00e3o, forma\u00e7\u00e3o, apoio a juventude e esportes, est\u00e1 com inscri\u00e7\u00f5es abertas para a edi\u00e7\u00e3o 2024\/25 do <a href=\"https:\/\/www.eacea.ec.europa.eu\/scholarships\/emjmd-catalogue_en\" target=\"_blank\" rel=\"noopener\">Erasmus Mundus Joint Master Degree<\/a> (EMJMD).<\/p>\n<p>Estudantes que desejam fazer um mestrado internacional, incluindo brasileiros, podem concorrer a bolsas de estudo integrais em diversas universidades europeias.<\/p>\n<div id=\"attachment_2315975\" class=\"wp-caption aligncenter\">\n<div class=\"d-flex justify-content-center\" data-attachment-id=\"2315975\">\n<div class=\"position-relative d-inline-block\"><img data-recalc-dims=\"1\" data-portal-copyright=\"Jorisvo\/iStock\" fetchpriority=\"high\" decoding=\"async\" class=\"wp-image-2315975 size-large\" src=\"https:\/\/i0.wp.com\/catracalivre.com.br\/wp-content\/uploads\/2023\/12\/bolsas-de-estudo-uniao-europeia-910x499.jpg?resize=910%2C499&#038;ssl=1\" alt=\"Uni\u00e3o Europeia tem programa de bolsas para brasileiros\" width=\"910\" height=\"499\" srcset=\"https:\/\/catracalivre.com.br\/wp-content\/uploads\/2023\/12\/bolsas-de-estudo-uniao-europeia-910x499.jpg 910w, https:\/\/catracalivre.com.br\/wp-content\/uploads\/2023\/12\/bolsas-de-estudo-uniao-europeia-450x247.jpg 450w, https:\/\/catracalivre.com.br\/wp-content\/uploads\/2023\/12\/bolsas-de-estudo-uniao-europeia-768x421.jpg 768w\" sizes=\"(max-width: 910px) 100vw, 910px\"\/><\/p>\n<p>Cr\u00e9ditos: Jorisvo\/iStock<\/p>\n<\/div>\n<\/div>\n<p><span class=\"post-imagem__legenda\">Uni\u00e3o Europeia tem programa de bolsas para brasileiros<\/span><\/p>\n<\/div>\n<p>O programa fornece bolsas de estudo para cursos de mestrado e doutorado com dura\u00e7\u00e3o de 12 ou 24 meses. Ap\u00f3s selecionados, os bolsistas realizam as aulas do curso em dois pa\u00edses diferentes do pa\u00eds de origem.<\/p>\n<h2>O que as bolsas Erasmus incluem?<\/h2>\n<p>Os estudantes selecionados pela\u00a0Erasmus Mundus Joint Master Degree\u00a0receber\u00e3o:<\/p>\n<ul>\n<li>Um aux\u00edlio financeiro mensal de \u20ac 1.100 ou \u20ac 1.200 mensais;<\/li>\n<li>Pagamento das taxas das universidades que receber\u00e3o o estudante;<\/li>\n<li>Subs\u00eddio para viagens, incluindo as de ida e volta;<\/li>\n<li>Caso o aluno deseje, pode solicitar visto de trabalho ap\u00f3s a conclus\u00e3o de um mestrado ou doutorado.<\/li>\n<\/ul>\n<h3>Como se inscrever<\/h3>\n<p>Cada programa de mestrado possui requisitos pr\u00f3prios para entrada. A data limite de inscri\u00e7\u00e3o para o programa de p\u00f3s-gradua\u00e7\u00e3o desejado varia entre o <a href=\"https:\/\/ec.europa.eu\/programmes\/erasmus-plus\/opportunities\/how-to-apply_en\" target=\"_blank\" rel=\"noopener\">fim de 2023 e in\u00edcio de 2024<\/a>.<\/p>\n<p>O site de cada programa oferece todas as informa\u00e7\u00f5es necess\u00e1rias e um guia para a inscri\u00e7\u00e3o (clique <a href=\"https:\/\/ec.europa.eu\/programmes\/erasmus-plus\/resources\/documents\/applicants_en\" target=\"_blank\" rel=\"noopener\">aqui<\/a>).\u00a0Confira <a href=\"https:\/\/www.eacea.ec.europa.eu\/scholarships\/emjmd-catalogue_en\" target=\"_blank\" rel=\"noopener\">aqui<\/a> o cat\u00e1logo com todas as universidades participantes.<\/p>\n<p>Os candidatos devem apresentar comprovante de profici\u00eancia em ingl\u00eas emitido pelo IELTS (pontua\u00e7\u00e3o m\u00ednima de 6,5) ou\u00a0TOEFL.<\/p>\n<p>H\u00e1 alguns programas que tamb\u00e9m aceitam o\u00a0<a href=\"https:\/\/catracalivre.com.br\/educacao\/capes-passa-a-aceitar-teste-de-ingles-do-duolingo\/\">Duolingo English Test Proficiency<\/a>, como uma alternativa que permite realizar o teste em casa. Entretanto, \u00e9 necess\u00e1rio confirmar previamente se sua universidade aceita este exame.<\/p>\n<\/div>\n<p><script>\n\t\t! function(f, b, e, v, n, t, s) {\n\t\t\tif (f.fbq) return;\n\t\t\tn = f.fbq = function() {\n\t\t\t\tn.callMethod ?\n\t\t\t\t\tn.callMethod.apply(n, arguments) : n.queue.push(arguments)\n\t\t\t};\n\t\t\tif (!f._fbq) f._fbq = n;\n\t\t\tn.push = n;\n\t\t\tn.loaded = !0;\n\t\t\tn.version = '2.0';\n\t\t\tn.queue = [];\n\t\t\tt = b.createElement(e);\n\t\t\tt.async = !0;\n\t\t\tt.src = v;\n\t\t\ts = b.getElementsByTagName(e)[0];\n\t\t\ts.parentNode.insertBefore(t, s)\n\t\t}(window, document, 'script',\n\t\t\t'https:\/\/connect.facebook.net\/en_US\/fbevents.js');\n\t\tfbq('init', '338315473262380');\n\t\tfbq('track', 'PageView');\n\t<\/script><br \/>\n<br \/><br \/>\n<br \/><a href=\"https:\/\/catracalivre.com.br\/educacao\/uniao-europeia-tem-programa-de-bolsas-para-brasileiros\/\">Source link <\/a><\/p>\n<!-- CONTENT END 1 -->\n","protected":false},"excerpt":{"rendered":"<p>O programa Erasmus, promovido pela Uni\u00e3o Europeia para fomento a educa\u00e7\u00e3o, forma\u00e7\u00e3o, apoio a juventude e esportes, est\u00e1 com inscri\u00e7\u00f5es abertas para a edi\u00e7\u00e3o 2024\/25&#8230;<\/p>\n","protected":false},"author":1,"featured_media":10179,"comment_status":"open","ping_status":"open","sticky":false,"template":"","format":"standard","meta":{"advanced_seo_description":"","jetpack_seo_html_title":"","jetpack_seo_noindex":false,"jetpack_post_was_ever_published":false,"_jetpack_newsletter_access":"","_jetpack_dont_email_post_to_subs":false,"_jetpack_newsletter_tier_id":0,"_jetpack_memberships_contains_paywalled_content":false,"_jetpack_memberships_contains_paid_content":false,"footnotes":"","jetpack_publicize_message":"","jetpack_publicize_feature_enabled":true,"jetpack_social_post_already_shared":true,"jetpack_social_options":{"image_generator_settings":{"template":"highway","default_image_id":0,"font":"","enabled":false},"version":2}},"categories":[19],"tags":[],"class_list":["post-10178","post","type-post","status-publish","format-standard","has-post-thumbnail","hentry","category-variedades"],"jetpack_publicize_connections":[],"jetpack_featured_media_url":"https:\/\/i0.wp.com\/noticiasribeiraopreto.com.br\/wp-content\/uploads\/2023\/12\/bolsas-de-estudo-uniao-europeia.jpg?fit=1200%2C638&ssl=1","jetpack-related-posts":[{"id":5662,"url":"https:\/\/noticiasribeiraopreto.com.br\/index.php\/2023\/11\/24\/10-programas-que-oferecem-bolsas-de-estudos-a-brasileiros\/","url_meta":{"origin":10178,"position":0},"title":"10 programas que oferecem bolsas de estudos a brasileiros","author":"noticiasribeiraopreto.com.br","date":"24 de November de 2023","format":false,"excerpt":"O\u00a0Erasmus Mundus \u00e9 um programa de coopera\u00e7\u00e3o internacional estudantil. Criada em 2004 e financiado pela Comiss\u00e3o Europeia, a iniciativa permite a mobilidade de alunos do ensino superior de v\u00e1rias partes do mundo com bolsas de estudos. Os\u00a0aux\u00edlios financeiros\u00a0podem ser concedidos para gradua\u00e7\u00e3o sandu\u00edche, p\u00f3s-gradua\u00e7\u00e3o (mestrado completo, mestrado sandu\u00edche, doutorado completo,\u2026","rel":"","context":"In &quot;Variedades&quot;","block_context":{"text":"Variedades","link":"https:\/\/noticiasribeiraopreto.com.br\/index.php\/category\/variedades\/"},"img":{"alt_text":"","src":"https:\/\/i0.wp.com\/noticiasribeiraopreto.com.br\/wp-content\/uploads\/2023\/11\/bolsas-de-estudos-brasileiros.jpg?fit=1200%2C638&ssl=1&resize=350%2C200","width":350,"height":200,"srcset":"https:\/\/i0.wp.com\/noticiasribeiraopreto.com.br\/wp-content\/uploads\/2023\/11\/bolsas-de-estudos-brasileiros.jpg?fit=1200%2C638&ssl=1&resize=350%2C200 1x, https:\/\/i0.wp.com\/noticiasribeiraopreto.com.br\/wp-content\/uploads\/2023\/11\/bolsas-de-estudos-brasileiros.jpg?fit=1200%2C638&ssl=1&resize=525%2C300 1.5x, https:\/\/i0.wp.com\/noticiasribeiraopreto.com.br\/wp-content\/uploads\/2023\/11\/bolsas-de-estudos-brasileiros.jpg?fit=1200%2C638&ssl=1&resize=700%2C400 2x, https:\/\/i0.wp.com\/noticiasribeiraopreto.com.br\/wp-content\/uploads\/2023\/11\/bolsas-de-estudos-brasileiros.jpg?fit=1200%2C638&ssl=1&resize=1050%2C600 3x"},"classes":[]},{"id":44029,"url":"https:\/\/noticiasribeiraopreto.com.br\/index.php\/2024\/03\/25\/programa-erasmus-mundus-oferece-bolsas-integrais-para-brasileiros-estudarem-na-europa\/","url_meta":{"origin":10178,"position":1},"title":"Programa Erasmus Mundus oferece bolsas integrais para brasileiros estudarem na Europa","author":"noticiasribeiraopreto.com.br","date":"25 de March de 2024","format":false,"excerpt":"Se o seu sonho \u00e9 estudar fora do Brasil, essa pode ser a oportunidade de ouro que voc\u00ea estava esperando! O programa Erasmus, uma iniciativa de fomento \u00e0 educa\u00e7\u00e3o pela Uni\u00e3o Europeia, est\u00e1 com inscri\u00e7\u00f5es abertas para a edi\u00e7\u00e3o 2024\/25 do Erasmus Mundus Joint Master Degree (EMJMD), oferecendo bolsas de\u2026","rel":"","context":"In &quot;Blog&quot;","block_context":{"text":"Blog","link":"https:\/\/noticiasribeiraopreto.com.br\/index.php\/category\/blog\/"},"img":{"alt_text":"","src":"https:\/\/i0.wp.com\/noticiasribeiraopreto.com.br\/wp-content\/uploads\/2024\/03\/Programa-Erasmus-Mundus-oferece-bolsas-integrais-para-brasileiros-estudarem-na-Europa.png?fit=1200%2C630&ssl=1&resize=350%2C200","width":350,"height":200,"srcset":"https:\/\/i0.wp.com\/noticiasribeiraopreto.com.br\/wp-content\/uploads\/2024\/03\/Programa-Erasmus-Mundus-oferece-bolsas-integrais-para-brasileiros-estudarem-na-Europa.png?fit=1200%2C630&ssl=1&resize=350%2C200 1x, https:\/\/i0.wp.com\/noticiasribeiraopreto.com.br\/wp-content\/uploads\/2024\/03\/Programa-Erasmus-Mundus-oferece-bolsas-integrais-para-brasileiros-estudarem-na-Europa.png?fit=1200%2C630&ssl=1&resize=525%2C300 1.5x, https:\/\/i0.wp.com\/noticiasribeiraopreto.com.br\/wp-content\/uploads\/2024\/03\/Programa-Erasmus-Mundus-oferece-bolsas-integrais-para-brasileiros-estudarem-na-Europa.png?fit=1200%2C630&ssl=1&resize=700%2C400 2x, https:\/\/i0.wp.com\/noticiasribeiraopreto.com.br\/wp-content\/uploads\/2024\/03\/Programa-Erasmus-Mundus-oferece-bolsas-integrais-para-brasileiros-estudarem-na-Europa.png?fit=1200%2C630&ssl=1&resize=1050%2C600 3x"},"classes":[]},{"id":81587,"url":"https:\/\/noticiasribeiraopreto.com.br\/index.php\/2026\/01\/10\/uniao-europeia-aprova-acordo-com-mercosul\/","url_meta":{"origin":10178,"position":2},"title":"Uni\u00e3o Europeia aprova acordo com Mercosul","author":"noticiasribeiraopreto.com.br","date":"10 de January de 2026","format":false,"excerpt":"A Uni\u00e3o Europeia aprovou nesta sexta-feira (9), por ampla maioria de seus pa\u00edses-membros, a assinatura do acordo de livre com\u00e9rcio com o Mercosul \u2014 formado por Brasil, Argentina, Paraguai e Uruguai \u2014 encerrando um processo de negocia\u00e7\u00e3o que se arrastava h\u00e1 mais de 25 anos. A confirma\u00e7\u00e3o foi feita pela\u2026","rel":"","context":"In &quot;Not\u00edcias de Ribeir\u00e3o Preto-SP e Regi\u00e3o&quot;","block_context":{"text":"Not\u00edcias de Ribeir\u00e3o Preto-SP e Regi\u00e3o","link":"https:\/\/noticiasribeiraopreto.com.br\/index.php\/category\/noticias-de-ribeirao-preto-sp-e-regiao-ismael-colosi\/"},"img":{"alt_text":"","src":"https:\/\/i0.wp.com\/noticiasribeiraopreto.com.br\/wp-content\/uploads\/2026\/01\/1-mercosul.jpg?fit=1170%2C700&ssl=1&resize=350%2C200","width":350,"height":200,"srcset":"https:\/\/i0.wp.com\/noticiasribeiraopreto.com.br\/wp-content\/uploads\/2026\/01\/1-mercosul.jpg?fit=1170%2C700&ssl=1&resize=350%2C200 1x, https:\/\/i0.wp.com\/noticiasribeiraopreto.com.br\/wp-content\/uploads\/2026\/01\/1-mercosul.jpg?fit=1170%2C700&ssl=1&resize=525%2C300 1.5x, https:\/\/i0.wp.com\/noticiasribeiraopreto.com.br\/wp-content\/uploads\/2026\/01\/1-mercosul.jpg?fit=1170%2C700&ssl=1&resize=700%2C400 2x, https:\/\/i0.wp.com\/noticiasribeiraopreto.com.br\/wp-content\/uploads\/2026\/01\/1-mercosul.jpg?fit=1170%2C700&ssl=1&resize=1050%2C600 3x"},"classes":[]},{"id":6465,"url":"https:\/\/noticiasribeiraopreto.com.br\/index.php\/2023\/11\/25\/universidade-de-utrecht-tem-bolsas-de-100-para-brasileiros\/","url_meta":{"origin":10178,"position":3},"title":"Universidade de Utrecht tem bolsas de 100% para brasileiros","author":"noticiasribeiraopreto.com.br","date":"25 de November de 2023","format":false,"excerpt":"A Universidade Utrecht, na Holanda, faz parte do seleto grupo de universidades centen\u00e1rias, sendo fundada em 1636. A institui\u00e7\u00e3o est\u00e1 com inscri\u00e7\u00f5es abertas para bolsas de estudo de 100% para brasileiros em programas de mestrado. Interessados devem se inscrever at\u00e9 o dia 1\u00ba de fevereiro. Com foco na internacionaliza\u00e7\u00e3o do\u2026","rel":"","context":"In &quot;Variedades&quot;","block_context":{"text":"Variedades","link":"https:\/\/noticiasribeiraopreto.com.br\/index.php\/category\/variedades\/"},"img":{"alt_text":"","src":"https:\/\/i0.wp.com\/noticiasribeiraopreto.com.br\/wp-content\/uploads\/2023\/11\/universidade-utrecht.jpg?fit=1200%2C638&ssl=1&resize=350%2C200","width":350,"height":200,"srcset":"https:\/\/i0.wp.com\/noticiasribeiraopreto.com.br\/wp-content\/uploads\/2023\/11\/universidade-utrecht.jpg?fit=1200%2C638&ssl=1&resize=350%2C200 1x, https:\/\/i0.wp.com\/noticiasribeiraopreto.com.br\/wp-content\/uploads\/2023\/11\/universidade-utrecht.jpg?fit=1200%2C638&ssl=1&resize=525%2C300 1.5x, https:\/\/i0.wp.com\/noticiasribeiraopreto.com.br\/wp-content\/uploads\/2023\/11\/universidade-utrecht.jpg?fit=1200%2C638&ssl=1&resize=700%2C400 2x, https:\/\/i0.wp.com\/noticiasribeiraopreto.com.br\/wp-content\/uploads\/2023\/11\/universidade-utrecht.jpg?fit=1200%2C638&ssl=1&resize=1050%2C600 3x"},"classes":[]},{"id":9701,"url":"https:\/\/noticiasribeiraopreto.com.br\/index.php\/2023\/12\/02\/macron-critica-possivel-acordo-entre-mercosul-e-uniao-europeia-apos-reuniao-com-lula-mas-diz-que-vira-ao-brasil-em-2024\/","url_meta":{"origin":10178,"position":4},"title":"Macron critica poss\u00edvel acordo entre Mercosul e Uni\u00e3o Europeia ap\u00f3s reuni\u00e3o com Lula, mas diz que vir\u00e1 ao Brasil em 2024","author":"noticiasribeiraopreto.com.br","date":"2 de December de 2023","format":false,"excerpt":"Atualmente em Dubai para a Confer\u00eancia das Na\u00e7\u00f5es Unidas sobre Mudan\u00e7as Clim\u00e1ticas de 2023 (COP28), o Luiz In\u00e1cio Lula da Silva (PT), deve deixar a cidade ainda neste s\u00e1bado (2) e voar para Europa para discutir um poss\u00edvel acordo entre o Mercosul e a Uni\u00e3o Europeia. Por\u00e9m, o presidente brasileiro\u2026","rel":"","context":"In &quot;Dinheiro e Investimento&quot;","block_context":{"text":"Dinheiro e Investimento","link":"https:\/\/noticiasribeiraopreto.com.br\/index.php\/category\/dinheiro-e-investimento-como-fazer-como-ganhar\/"},"img":{"alt_text":"","src":"https:\/\/i0.wp.com\/noticiasribeiraopreto.com.br\/wp-content\/uploads\/2023\/12\/shutterstock_618031208-628x353.jpg?fit=628%2C353&ssl=1&resize=350%2C200","width":350,"height":200,"srcset":"https:\/\/i0.wp.com\/noticiasribeiraopreto.com.br\/wp-content\/uploads\/2023\/12\/shutterstock_618031208-628x353.jpg?fit=628%2C353&ssl=1&resize=350%2C200 1x, https:\/\/i0.wp.com\/noticiasribeiraopreto.com.br\/wp-content\/uploads\/2023\/12\/shutterstock_618031208-628x353.jpg?fit=628%2C353&ssl=1&resize=525%2C300 1.5x"},"classes":[]},{"id":20739,"url":"https:\/\/noticiasribeiraopreto.com.br\/index.php\/2023\/12\/26\/hungria-oferece-bolsas-de-estudos-para-alunos-brasileiros\/","url_meta":{"origin":10178,"position":5},"title":"Hungria oferece bolsas de estudos para alunos brasileiros","author":"noticiasribeiraopreto.com.br","date":"26 de December de 2023","format":false,"excerpt":"O governo da Hungria, por meio da Universidade de P\u00e9cs (UP), a mais antiga e tradicional do pa\u00eds, oferece programa de bolsas de estudo para alunos estrangeiros, inclu\u00edndo brasileiros. Uma vantagem para intercambistas \u00e9 que a Universidade de P\u00e9cs tem um foco tradicional na internacionaliza\u00e7\u00e3o do conhecimento superior. H\u00e1 mais\u2026","rel":"","context":"In &quot;Variedades&quot;","block_context":{"text":"Variedades","link":"https:\/\/noticiasribeiraopreto.com.br\/index.php\/category\/variedades\/"},"img":{"alt_text":"","src":"https:\/\/i0.wp.com\/noticiasribeiraopreto.com.br\/wp-content\/uploads\/2023\/12\/pecsjpg.jpg?fit=1200%2C638&ssl=1&resize=350%2C200","width":350,"height":200,"srcset":"https:\/\/i0.wp.com\/noticiasribeiraopreto.com.br\/wp-content\/uploads\/2023\/12\/pecsjpg.jpg?fit=1200%2C638&ssl=1&resize=350%2C200 1x, https:\/\/i0.wp.com\/noticiasribeiraopreto.com.br\/wp-content\/uploads\/2023\/12\/pecsjpg.jpg?fit=1200%2C638&ssl=1&resize=525%2C300 1.5x, https:\/\/i0.wp.com\/noticiasribeiraopreto.com.br\/wp-content\/uploads\/2023\/12\/pecsjpg.jpg?fit=1200%2C638&ssl=1&resize=700%2C400 2x, https:\/\/i0.wp.com\/noticiasribeiraopreto.com.br\/wp-content\/uploads\/2023\/12\/pecsjpg.jpg?fit=1200%2C638&ssl=1&resize=1050%2C600 3x"},"classes":[]}],"jetpack_sharing_enabled":true,"jetpack_shortlink":"https:\/\/wp.me\/peQAOb-2Ea","_links":{"self":[{"href":"https:\/\/noticiasribeiraopreto.com.br\/index.php\/wp-json\/wp\/v2\/posts\/10178","targetHints":{"allow":["GET"]}}],"collection":[{"href":"https:\/\/noticiasribeiraopreto.com.br\/index.php\/wp-json\/wp\/v2\/posts"}],"about":[{"href":"https:\/\/noticiasribeiraopreto.com.br\/index.php\/wp-json\/wp\/v2\/types\/post"}],"author":[{"embeddable":true,"href":"https:\/\/noticiasribeiraopreto.com.br\/index.php\/wp-json\/wp\/v2\/users\/1"}],"replies":[{"embeddable":true,"href":"https:\/\/noticiasribeiraopreto.com.br\/index.php\/wp-json\/wp\/v2\/comments?post=10178"}],"version-history":[{"count":0,"href":"https:\/\/noticiasribeiraopreto.com.br\/index.php\/wp-json\/wp\/v2\/posts\/10178\/revisions"}],"wp:featuredmedia":[{"embeddable":true,"href":"https:\/\/noticiasribeiraopreto.com.br\/index.php\/wp-json\/wp\/v2\/media\/10179"}],"wp:attachment":[{"href":"https:\/\/noticiasribeiraopreto.com.br\/index.php\/wp-json\/wp\/v2\/media?parent=10178"}],"wp:term":[{"taxonomy":"category","embeddable":true,"href":"https:\/\/noticiasribeiraopreto.com.br\/index.php\/wp-json\/wp\/v2\/categories?post=10178"},{"taxonomy":"post_tag","embeddable":true,"href":"https:\/\/noticiasribeiraopreto.com.br\/index.php\/wp-json\/wp\/v2\/tags?post=10178"}],"curies":[{"name":"wp","href":"https:\/\/api.w.org\/{rel}","templated":true}]}}