{"id":10186,"date":"2023-12-03T23:32:37","date_gmt":"2023-12-04T02:32:37","guid":{"rendered":"https:\/\/noticiasribeiraopreto.com.br\/index.php\/2023\/12\/03\/utm_sourcerssutm_mediumrssutm_campaigndois-homens-sao-presos-apos-tentarem-matar-duas-garotas-de-programa-em-bordel-na-r-duque-de-caxias-em-rp\/"},"modified":"2023-12-03T23:32:37","modified_gmt":"2023-12-04T02:32:37","slug":"utm_sourcerssutm_mediumrssutm_campaigndois-homens-sao-presos-apos-tentarem-matar-duas-garotas-de-programa-em-bordel-na-r-duque-de-caxias-em-rp","status":"publish","type":"post","link":"https:\/\/noticiasribeiraopreto.com.br\/index.php\/2023\/12\/03\/utm_sourcerssutm_mediumrssutm_campaigndois-homens-sao-presos-apos-tentarem-matar-duas-garotas-de-programa-em-bordel-na-r-duque-de-caxias-em-rp\/","title":{"rendered":"Duque de Caxias, em RP \u2013 X Tudo Ribeir\u00e3o"},"content":{"rendered":"<div class='code-block code-block-1' style='margin: 8px 0 8px auto; text-align: right; display: block; clear: both;'>\n<p><a href=\"https:\/\/wa.link\/vpicfd\"><img data-recalc-dims=\"1\" class=\"wp-image-4922\" style=\"aspect-ratio: 2.0253164556962027; width: 561px; height: auto;\" src=\"https:\/\/i0.wp.com\/ismaelcolosi.com.br\/wp-content\/uploads\/2023\/11\/grupo-de-empregos-whatsapp-e-facebook-ismael-colosi-vagas.jpg?ssl=1\" alt=\"\" \/><\/a><\/p>\n<!-- \/wp:image -->\n<\/div>\n<p> <br \/>\n<\/p>\n<div>\n<p>Dois homens foram presos pela Guarda Civil Metropolitana (GCM) ap\u00f3s tentarem matar duas garotas de programa em um bordel situado na rua Duque de Caxias, na regi\u00e3o baixada, em Ribeir\u00e3o Preto.\u00a0<\/p>\n<p>Segundo informa\u00e7\u00f5es da GCM, durante o patrulhamento pela regi\u00e3o Central, os agentes foram acionados por testemunhas que versaram sobre uma briga que estaria ocorrendo em um bordel na Duque de Caxias, pr\u00f3ximo da Av. Jer\u00f4nimo Gon\u00e7alves. Rapidamente os agentes foram at\u00e9 o local e constataram o fato e depararam com as v\u00edtimas feridas e os autores ainda no bordel.\u00a0<\/p>\n<p>O socorro foi acionado, e as v\u00edtimas socorridas at\u00e9 \u00e0 Unidade de Pronto Atendimento (UPA) da avenida Treze de maio.\u00a0<\/p>\n<p>Em depoimento, as v\u00edtimas contaram, que os dois chegaram no local, e ap\u00f3s muita bebedeira, come\u00e7aram a dar trabalho. Foi solicitado que os dois fossem embora, momento que come\u00e7aram a confus\u00e3o. Durante a briga, os dois pegaram uma garrafa de vidro, e quebraram nas v\u00edtimas, causando ferimentos nas v\u00edtimas.\u00a0<\/p>\n<p><strong>QUERO O DINHEIRO DE VOLTA<\/strong><\/p>\n<p>Aos agentes da GCM, os dois falaram que antes de irem embora, apenas solicitaram a devolu\u00e7\u00e3o do dinheiro do programa que n\u00e3o foi realizado.\u00a0<\/p>\n<p>Os dois foram conduzidos para Central de Pol\u00edcia Judici\u00e1ria (CPJ), onde foram presos em flagrante pelo crime de tentativa de homic\u00eddio.\u00a0<\/p>\n<\/p><\/div>\n<p><br \/>\n<br \/><a href=\"https:\/\/xtudoribeirao.com.br\/2023\/12\/03\/dois-homens-sao-presos-apos-tentarem-matar-duas-garotas-de-programa-em-bordel-na-r-duque-de-caxias-em-rp\/?utm_source=rss&#038;utm_medium=rss&#038;utm_campaign=dois-homens-sao-presos-apos-tentarem-matar-duas-garotas-de-programa-em-bordel-na-r-duque-de-caxias-em-rp\">Source link <\/a><\/p>\n<!-- CONTENT END 1 -->\n","protected":false},"excerpt":{"rendered":"<p>Dois homens foram presos pela Guarda Civil Metropolitana (GCM) ap\u00f3s tentarem matar duas garotas de programa em um bordel situado na rua Duque de Caxias,&#8230;<\/p>\n","protected":false},"author":1,"featured_media":10187,"comment_status":"open","ping_status":"open","sticky":false,"template":"","format":"standard","meta":{"advanced_seo_description":"","jetpack_seo_html_title":"","jetpack_seo_noindex":false,"jetpack_post_was_ever_published":false,"_jetpack_newsletter_access":"","_jetpack_dont_email_post_to_subs":false,"_jetpack_newsletter_tier_id":0,"_jetpack_memberships_contains_paywalled_content":false,"_jetpack_memberships_contains_paid_content":false,"footnotes":"","jetpack_publicize_message":"","jetpack_publicize_feature_enabled":true,"jetpack_social_post_already_shared":true,"jetpack_social_options":{"image_generator_settings":{"template":"highway","default_image_id":0,"font":"","enabled":false},"version":2}},"categories":[11],"tags":[1386,1385,26,43],"class_list":["post-10186","post","type-post","status-publish","format-standard","has-post-thumbnail","hentry","category-noticias-de-ribeirao-preto-sp-e-regiao-ismael-colosi","tag-caxias","tag-duque","tag-ribeirao","tag-tudo"],"jetpack_publicize_connections":[],"jetpack_featured_media_url":"https:\/\/i0.wp.com\/noticiasribeiraopreto.com.br\/wp-content\/uploads\/2023\/12\/Garrafa-.jpg?fit=915%2C686&ssl=1","jetpack-related-posts":[{"id":4136,"url":"https:\/\/noticiasribeiraopreto.com.br\/index.php\/2023\/11\/20\/utm_sourcerssutm_mediumrssutm_campaignhomem-morre-apos-cair-das-escadarias-do-parque-roberto-genaro-em-ribeirao-preto-a-vitima-estaria-na-companhia-de-um-amigo\/","url_meta":{"origin":10186,"position":0},"title":"Homem morre ap\u00f3s cair das escadarias do Parque Roberto Genaro em Ribeir\u00e3o Preto; a v\u00edtima estaria na companhia de um amigo \u2013 X Tudo Ribeir\u00e3o","author":"noticiasribeiraopreto.com.br","date":"20 de November de 2023","format":false,"excerpt":"Um homem de 43 anos, morreu na madrugada desta segunda-feira (20\/11), ap\u00f3s cair da escadaria do Parque Roberto Genaro, na avenida Santa Luzia, no Jardim Sumar\u00e9, na zona Sul de Ribeir\u00e3o Preto.\u00a0 Segundo informa\u00e7\u00f5es da Pol\u00edcia Militar, testemunhas acionaram os Policiais versando que teriam escutado um forte estrondo vindo do\u2026","rel":"","context":"In &quot;Not\u00edcias de Ribeir\u00e3o Preto-SP e Regi\u00e3o&quot;","block_context":{"text":"Not\u00edcias de Ribeir\u00e3o Preto-SP e Regi\u00e3o","link":"https:\/\/noticiasribeiraopreto.com.br\/index.php\/category\/noticias-de-ribeirao-preto-sp-e-regiao-ismael-colosi\/"},"img":{"alt_text":"","src":"https:\/\/i0.wp.com\/noticiasribeiraopreto.com.br\/wp-content\/uploads\/2023\/11\/WhatsApp-Image-2023-11-20-at-21.33.41.jpeg?fit=739%2C734&ssl=1&resize=350%2C200","width":350,"height":200,"srcset":"https:\/\/i0.wp.com\/noticiasribeiraopreto.com.br\/wp-content\/uploads\/2023\/11\/WhatsApp-Image-2023-11-20-at-21.33.41.jpeg?fit=739%2C734&ssl=1&resize=350%2C200 1x, https:\/\/i0.wp.com\/noticiasribeiraopreto.com.br\/wp-content\/uploads\/2023\/11\/WhatsApp-Image-2023-11-20-at-21.33.41.jpeg?fit=739%2C734&ssl=1&resize=525%2C300 1.5x, https:\/\/i0.wp.com\/noticiasribeiraopreto.com.br\/wp-content\/uploads\/2023\/11\/WhatsApp-Image-2023-11-20-at-21.33.41.jpeg?fit=739%2C734&ssl=1&resize=700%2C400 2x"},"classes":[]},{"id":831,"url":"https:\/\/noticiasribeiraopreto.com.br\/index.php\/2023\/11\/09\/funcionarios-da-fundacao-casa-sao-agredidos-em-ribeirao-preto-x-tudo-ribeirao\/","url_meta":{"origin":10186,"position":1},"title":"Funcion\u00e1rios da Funda\u00e7\u00e3o Casa s\u00e3o agredidos em Ribeir\u00e3o Preto \u2013 X Tudo Ribeir\u00e3o","author":"noticiasribeiraopreto.com.br","date":"9 de November de 2023","format":false,"excerpt":"Tr\u00eas funcion\u00e1rios da Funda\u00e7\u00e3o Casa ficaram feridos ap\u00f3s serem agredidos por quatro menores que est\u00e3o detidos na unidade denominada do Rio Pardo, no come\u00e7o da tarde desta sexta-feira (3\/11), em Ribeir\u00e3o Preto.\u00a0 Segundo informa\u00e7\u00f5es da Pol\u00edcia, por volta das 12h30 logo ap\u00f3s o almo\u00e7o, os internos os detentos estavam assistindo\u2026","rel":"","context":"In &quot;Not\u00edcias de Ribeir\u00e3o Preto-SP e Regi\u00e3o&quot;","block_context":{"text":"Not\u00edcias de Ribeir\u00e3o Preto-SP e Regi\u00e3o","link":"https:\/\/noticiasribeiraopreto.com.br\/index.php\/category\/noticias-de-ribeirao-preto-sp-e-regiao-ismael-colosi\/"},"img":{"alt_text":"","src":"https:\/\/i0.wp.com\/noticiasribeiraopreto.com.br\/wp-content\/uploads\/2023\/11\/fundacao-casa-rib-preto.jpeg?fit=880%2C550&ssl=1&resize=350%2C200","width":350,"height":200,"srcset":"https:\/\/i0.wp.com\/noticiasribeiraopreto.com.br\/wp-content\/uploads\/2023\/11\/fundacao-casa-rib-preto.jpeg?fit=880%2C550&ssl=1&resize=350%2C200 1x, https:\/\/i0.wp.com\/noticiasribeiraopreto.com.br\/wp-content\/uploads\/2023\/11\/fundacao-casa-rib-preto.jpeg?fit=880%2C550&ssl=1&resize=525%2C300 1.5x, https:\/\/i0.wp.com\/noticiasribeiraopreto.com.br\/wp-content\/uploads\/2023\/11\/fundacao-casa-rib-preto.jpeg?fit=880%2C550&ssl=1&resize=700%2C400 2x"},"classes":[]},{"id":2841,"url":"https:\/\/noticiasribeiraopreto.com.br\/index.php\/2023\/11\/16\/utm_sourcerssutm_mediumrssutm_campaignmotoqueiro-e-preso-apos-furtar-radar-da-rp-mobi-na-costa-e-silva\/","url_meta":{"origin":10186,"position":2},"title":"Motoqueiro \u00e9 preso ap\u00f3s furtar RADAR da RP MOBI na Costa e Silva \u2013 X Tudo Ribeir\u00e3o","author":"noticiasribeiraopreto.com.br","date":"16 de November de 2023","format":false,"excerpt":"Um homem foi preso pela GCM (Guarda Civil Metropolitana) ap\u00f3s furtar um radar da RP MOBI (extinta Transerp) na tarde desta quinta-feira (16\/11), na avenida Marechal Costa e Silva, na zona Norte de Ribeir\u00e3o Preto.\u00a0 Segundo informa\u00e7\u00f5es da GCM, os agentes da RP MOBI acionaram \u00e0 GCM, com a informa\u00e7\u00e3o\u2026","rel":"","context":"In &quot;Not\u00edcias de Ribeir\u00e3o Preto-SP e Regi\u00e3o&quot;","block_context":{"text":"Not\u00edcias de Ribeir\u00e3o Preto-SP e Regi\u00e3o","link":"https:\/\/noticiasribeiraopreto.com.br\/index.php\/category\/noticias-de-ribeirao-preto-sp-e-regiao-ismael-colosi\/"},"img":{"alt_text":"","src":"https:\/\/i0.wp.com\/noticiasribeiraopreto.com.br\/wp-content\/uploads\/2023\/11\/IMG_1174.jpeg?fit=660%2C381&ssl=1&resize=350%2C200","width":350,"height":200,"srcset":"https:\/\/i0.wp.com\/noticiasribeiraopreto.com.br\/wp-content\/uploads\/2023\/11\/IMG_1174.jpeg?fit=660%2C381&ssl=1&resize=350%2C200 1x, https:\/\/i0.wp.com\/noticiasribeiraopreto.com.br\/wp-content\/uploads\/2023\/11\/IMG_1174.jpeg?fit=660%2C381&ssl=1&resize=525%2C300 1.5x"},"classes":[]},{"id":53529,"url":"https:\/\/noticiasribeiraopreto.com.br\/index.php\/2024\/06\/20\/homem-acusado-de-abuso-sexual-e-preso-na-praca-xv-de-novembro-em-ribeirao-preto\/","url_meta":{"origin":10186,"position":3},"title":"Homem acusado de abuso sexual \u00e9 preso na Pra\u00e7a XV de Novembro em Ribeir\u00e3o Preto","author":"noticiasribeiraopreto.com.br","date":"20 de June de 2024","format":false,"excerpt":"Um homem foi preso nesta quinta-feira (20), acusado de abusar sexualmente de uma mulher na pra\u00e7a XV de Novembro, no Centro de Ribeir\u00e3o Preto. De acordo com a Guarda Civil Metropolitana (GCM), populares ouviram gritos de socorro pela pra\u00e7a e solicitaram o apoio da equipe que trabalha na base m\u00f3vel\u2026","rel":"","context":"In &quot;Not\u00edcias de Ribeir\u00e3o Preto-SP e Regi\u00e3o&quot;","block_context":{"text":"Not\u00edcias de Ribeir\u00e3o Preto-SP e Regi\u00e3o","link":"https:\/\/noticiasribeiraopreto.com.br\/index.php\/category\/noticias-de-ribeirao-preto-sp-e-regiao-ismael-colosi\/"},"img":{"alt_text":"","src":"https:\/\/i0.wp.com\/noticiasribeiraopreto.com.br\/wp-content\/uploads\/2024\/06\/praca_xv_1200x675_15062022115458.jpg?fit=1200%2C675&ssl=1&resize=350%2C200","width":350,"height":200,"srcset":"https:\/\/i0.wp.com\/noticiasribeiraopreto.com.br\/wp-content\/uploads\/2024\/06\/praca_xv_1200x675_15062022115458.jpg?fit=1200%2C675&ssl=1&resize=350%2C200 1x, https:\/\/i0.wp.com\/noticiasribeiraopreto.com.br\/wp-content\/uploads\/2024\/06\/praca_xv_1200x675_15062022115458.jpg?fit=1200%2C675&ssl=1&resize=525%2C300 1.5x, https:\/\/i0.wp.com\/noticiasribeiraopreto.com.br\/wp-content\/uploads\/2024\/06\/praca_xv_1200x675_15062022115458.jpg?fit=1200%2C675&ssl=1&resize=700%2C400 2x, https:\/\/i0.wp.com\/noticiasribeiraopreto.com.br\/wp-content\/uploads\/2024\/06\/praca_xv_1200x675_15062022115458.jpg?fit=1200%2C675&ssl=1&resize=1050%2C600 3x"},"classes":[]},{"id":59464,"url":"https:\/\/noticiasribeiraopreto.com.br\/index.php\/2024\/10\/24\/ruas-do-centro-serao-interditadas-no-2o-turno-em-ribeirao-veja-trechos\/","url_meta":{"origin":10186,"position":4},"title":"Ruas do Centro ser\u00e3o interditadas no 2\u00ba turno em Ribeir\u00e3o; Veja trechos","author":"noticiasribeiraopreto.com.br","date":"24 de October de 2024","format":false,"excerpt":"As ruas Duque de Caxias e Cerqueira C\u00e9sar, no Centro de Ribeir\u00e3o Preto, ser\u00e3o parcialmente interditadas a partir do pr\u00f3ximo s\u00e1bado (26) para o 2\u00ba turno da elei\u00e7\u00f5es. Veja onde ser\u00e3o os bloqueios: Rua Duque de Caxias \u2013 da rua Garibaldi at\u00e9 a rua Cerqueira C\u00e9sar Rua\u00a0Cerqueira C\u00e9sar \u2013 da\u2026","rel":"","context":"In &quot;Not\u00edcias de Ribeir\u00e3o Preto-SP e Regi\u00e3o&quot;","block_context":{"text":"Not\u00edcias de Ribeir\u00e3o Preto-SP e Regi\u00e3o","link":"https:\/\/noticiasribeiraopreto.com.br\/index.php\/category\/noticias-de-ribeirao-preto-sp-e-regiao-ismael-colosi\/"},"img":{"alt_text":"","src":"https:\/\/i0.wp.com\/noticiasribeiraopreto.com.br\/wp-content\/uploads\/2024\/10\/whatsapp_image_2022-10-01_at_12_01_11_2024-10-01_20-45-54_jpe_2024-10-01_20-45-54.webp.webp?fit=1200%2C675&ssl=1&resize=350%2C200","width":350,"height":200,"srcset":"https:\/\/i0.wp.com\/noticiasribeiraopreto.com.br\/wp-content\/uploads\/2024\/10\/whatsapp_image_2022-10-01_at_12_01_11_2024-10-01_20-45-54_jpe_2024-10-01_20-45-54.webp.webp?fit=1200%2C675&ssl=1&resize=350%2C200 1x, https:\/\/i0.wp.com\/noticiasribeiraopreto.com.br\/wp-content\/uploads\/2024\/10\/whatsapp_image_2022-10-01_at_12_01_11_2024-10-01_20-45-54_jpe_2024-10-01_20-45-54.webp.webp?fit=1200%2C675&ssl=1&resize=525%2C300 1.5x, https:\/\/i0.wp.com\/noticiasribeiraopreto.com.br\/wp-content\/uploads\/2024\/10\/whatsapp_image_2022-10-01_at_12_01_11_2024-10-01_20-45-54_jpe_2024-10-01_20-45-54.webp.webp?fit=1200%2C675&ssl=1&resize=700%2C400 2x, https:\/\/i0.wp.com\/noticiasribeiraopreto.com.br\/wp-content\/uploads\/2024\/10\/whatsapp_image_2022-10-01_at_12_01_11_2024-10-01_20-45-54_jpe_2024-10-01_20-45-54.webp.webp?fit=1200%2C675&ssl=1&resize=1050%2C600 3x"},"classes":[]},{"id":1782,"url":"https:\/\/noticiasribeiraopreto.com.br\/index.php\/2023\/11\/13\/transexual-procura-a-policia-apos-celular-ser-furtado-em-casa-da-luz-vermelha-bordel-no-centro-de-rp-x-tudo-ribeirao\/","url_meta":{"origin":10186,"position":5},"title":"Transexual procura a Pol\u00edcia ap\u00f3s celular ser furtado em casa da luz vermelha (BORDEL) no Centro de RP \u2013 X Tudo Ribeir\u00e3o","author":"noticiasribeiraopreto.com.br","date":"13 de November de 2023","format":false,"excerpt":"Uma transexual procurou a Pol\u00edcia Civil ap\u00f3s ter seu celular furtado em um prost\u00edbulo onde estaria fazendo programa na \u00e1rea Central de Ribeir\u00e3o Preto.\u00a0 Segundo informa\u00e7\u00f5es do B.O (boletim de ocorr\u00eancia), a v\u00edtima contou que estava residindo no prost\u00edbulo local onde estava fazendo programas sexuais, quando seu celular sumiu.\u00a0 Narra\u2026","rel":"","context":"In &quot;Not\u00edcias de Ribeir\u00e3o Preto-SP e Regi\u00e3o&quot;","block_context":{"text":"Not\u00edcias de Ribeir\u00e3o Preto-SP e Regi\u00e3o","link":"https:\/\/noticiasribeiraopreto.com.br\/index.php\/category\/noticias-de-ribeirao-preto-sp-e-regiao-ismael-colosi\/"},"img":{"alt_text":"","src":"","width":0,"height":0},"classes":[]}],"jetpack_sharing_enabled":true,"jetpack_shortlink":"https:\/\/wp.me\/peQAOb-2Ei","_links":{"self":[{"href":"https:\/\/noticiasribeiraopreto.com.br\/index.php\/wp-json\/wp\/v2\/posts\/10186","targetHints":{"allow":["GET"]}}],"collection":[{"href":"https:\/\/noticiasribeiraopreto.com.br\/index.php\/wp-json\/wp\/v2\/posts"}],"about":[{"href":"https:\/\/noticiasribeiraopreto.com.br\/index.php\/wp-json\/wp\/v2\/types\/post"}],"author":[{"embeddable":true,"href":"https:\/\/noticiasribeiraopreto.com.br\/index.php\/wp-json\/wp\/v2\/users\/1"}],"replies":[{"embeddable":true,"href":"https:\/\/noticiasribeiraopreto.com.br\/index.php\/wp-json\/wp\/v2\/comments?post=10186"}],"version-history":[{"count":0,"href":"https:\/\/noticiasribeiraopreto.com.br\/index.php\/wp-json\/wp\/v2\/posts\/10186\/revisions"}],"wp:featuredmedia":[{"embeddable":true,"href":"https:\/\/noticiasribeiraopreto.com.br\/index.php\/wp-json\/wp\/v2\/media\/10187"}],"wp:attachment":[{"href":"https:\/\/noticiasribeiraopreto.com.br\/index.php\/wp-json\/wp\/v2\/media?parent=10186"}],"wp:term":[{"taxonomy":"category","embeddable":true,"href":"https:\/\/noticiasribeiraopreto.com.br\/index.php\/wp-json\/wp\/v2\/categories?post=10186"},{"taxonomy":"post_tag","embeddable":true,"href":"https:\/\/noticiasribeiraopreto.com.br\/index.php\/wp-json\/wp\/v2\/tags?post=10186"}],"curies":[{"name":"wp","href":"https:\/\/api.w.org\/{rel}","templated":true}]}}