{"id":10206,"date":"2023-12-04T01:20:35","date_gmt":"2023-12-04T04:20:35","guid":{"rendered":"https:\/\/noticiasribeiraopreto.com.br\/index.php\/2023\/12\/04\/saiba-somo-consultar-a-data-de-liberacao\/"},"modified":"2023-12-04T01:20:35","modified_gmt":"2023-12-04T04:20:35","slug":"saiba-somo-consultar-a-data-de-liberacao","status":"publish","type":"post","link":"https:\/\/noticiasribeiraopreto.com.br\/index.php\/2023\/12\/04\/saiba-somo-consultar-a-data-de-liberacao\/","title":{"rendered":"saiba somo consultar a data de libera\u00e7\u00e3o"},"content":{"rendered":"<div class='code-block code-block-1' style='margin: 8px 0 8px auto; text-align: right; display: block; clear: both;'>\n<p><a href=\"https:\/\/wa.link\/vpicfd\"><img data-recalc-dims=\"1\" class=\"wp-image-4922\" style=\"aspect-ratio: 2.0253164556962027; width: 561px; height: auto;\" src=\"https:\/\/i0.wp.com\/ismaelcolosi.com.br\/wp-content\/uploads\/2023\/11\/grupo-de-empregos-whatsapp-e-facebook-ismael-colosi-vagas.jpg?ssl=1\" alt=\"\" \/><\/a><\/p>\n<!-- \/wp:image -->\n<\/div>\n<p> <br \/>\n<\/p>\n<div>\n<div id=\"attachment_2286104\" class=\"wp-caption alignnone\">\n<div class=\"d-flex justify-content-center\" data-attachment-id=\"2286104\">\n<div class=\"position-relative d-inline-block\"><img data-recalc-dims=\"1\" data-portal-copyright=\"Ag\u00eancia Brasil\/Marcello Casal Jr\" fetchpriority=\"high\" decoding=\"async\" class=\"size-full wp-image-2286104\" src=\"https:\/\/i0.wp.com\/catracalivre.com.br\/wp-content\/uploads\/2023\/07\/bolsa-familia-paga-novo-grupo-com-valores-extras-em-julho.jpg?resize=1170%2C700&#038;ssl=1\" alt=\"O governo federal inicia calend\u00e1rio de pagamento do programa Bolsa Fam\u00edlia para o m\u00eas\" width=\"1170\" height=\"700\" srcset=\"https:\/\/catracalivre.com.br\/wp-content\/uploads\/2023\/07\/bolsa-familia-paga-novo-grupo-com-valores-extras-em-julho.jpg 1170w, https:\/\/catracalivre.com.br\/wp-content\/uploads\/2023\/07\/bolsa-familia-paga-novo-grupo-com-valores-extras-em-julho-450x269.jpg 450w, https:\/\/catracalivre.com.br\/wp-content\/uploads\/2023\/07\/bolsa-familia-paga-novo-grupo-com-valores-extras-em-julho-768x459.jpg 768w\" sizes=\"(max-width: 1170px) 100vw, 1170px\"\/><\/p>\n<p>Cr\u00e9ditos: Ag\u00eancia Brasil\/Marcello Casal Jr<\/p>\n<\/div>\n<\/div>\n<p><span class=\"post-imagem__legenda\">O governo federal inicia calend\u00e1rio de pagamento do programa Bolsa Fam\u00edlia para o m\u00eas<\/span><\/p>\n<\/div>\n<p>Com a chegada do m\u00eas de dezembro, os benefici\u00e1rios do <a href=\"https:\/\/catracalivre.com.br\/cidadania\/espera-por-abono-de-natal-no-bolsa-familia-acabou-veja-decisao-do-governo\/\">Bolsa Fam\u00edlia<\/a> podem se preparar para receber o \u00faltimo cr\u00e9dito do ano, aquecendo as comemora\u00e7\u00f5es de Natal. Neste ano, uma novidade animadora: os pagamentos ser\u00e3o antecipados, come\u00e7ando antes mesmo da segunda quinzena, uma estrat\u00e9gia para garantir que as fam\u00edlias tenham acesso aos recursos antes das festividades.<\/p>\n<h2>Sobre o Bolsa Fam\u00edlia<\/h2>\n<p>O <a href=\"https:\/\/catracalivre.com.br\/cidadania\/bolsa-familia-com-valor-extra-no-natal-surpreende-veja-quem-recebe\/\">Bolsa Fam\u00edlia<\/a> \u00e9 conhecido por realizar seus pagamentos nas \u00faltimas semanas de cada m\u00eas, geralmente a partir do dia 17 ou 18. Entretanto, a antecipa\u00e7\u00e3o em dezembro visa proporcionar um al\u00edvio financeiro adicional durante as celebra\u00e7\u00f5es de final de ano. Essa medida, al\u00e9m de beneficiar diretamente os contemplados, tamb\u00e9m contribui para movimentar a economia em um per\u00edodo tradicionalmente marcado por aumento de despesas.<\/p>\n<p>A antecipa\u00e7\u00e3o do Bolsa Fam\u00edlia em dezembro \u00e9 uma pr\u00e1tica que j\u00e1 ocorre h\u00e1 alguns anos, considerando a peculiaridade do per\u00edodo festivo e o funcionamento diferenciado dos bancos durante feriados. O adiantamento dos pagamentos n\u00e3o \u00e9 uma surpresa para quem acompanha o calend\u00e1rio do programa, disponibilizado desde o in\u00edcio do ano.<\/p>\n<p>Uma observa\u00e7\u00e3o relevante \u00e9 que o calend\u00e1rio do Bolsa Fam\u00edlia de dezembro apresenta datas de transfer\u00eancias distintas, algo que se repetir\u00e1 nos pagamentos do pr\u00f3ximo ano. O Minist\u00e9rio do Desenvolvimento Social (MDS) planeja divulgar o calend\u00e1rio para 2024 no in\u00edcio de janeiro, levando em considera\u00e7\u00e3o feriados e finais de semana.<\/p>\n<h2>Valor e outros detalhes<\/h2>\n<p>O valor do Bolsa Fam\u00edlia de dezembro \u00e9 composto por diferentes benef\u00edcios, considerando as modifica\u00e7\u00f5es ao longo do ano. Em janeiro, sob a gest\u00e3o de Luiz In\u00e1cio Lula da Silva (PT), foi estabelecido o pagamento m\u00ednimo de R$ 600 para cada fam\u00edlia beneficiada.<\/p>\n<p>Ao longo dos meses, novos abonos foram inclu\u00eddos, como o Benef\u00edcio da Primeira Inf\u00e2ncia em mar\u00e7o, seguido por outros complementos at\u00e9 outubro, quando foi liberado o \u00faltimo b\u00f4nus do ano.<\/p>\n<p>Dessa forma, para calcular o valor do Bolsa Fam\u00edlia de dezembro, \u00e9 necess\u00e1rio considerar:<\/p>\n<ul>\n<li>Pagamento m\u00ednimo de R$ 600 por fam\u00edlia;<\/li>\n<li>Benef\u00edcio da Primeira Inf\u00e2ncia de R$ 150 por crian\u00e7a de 0 a 6 anos;<\/li>\n<li>Benef\u00edcio Vari\u00e1vel Familiar de R$ 50 para gestantes e crian\u00e7as e adolescentes com idade entre 7 e 18 anos incompletos;<\/li>\n<li>Benef\u00edcio Vari\u00e1vel Familiar Nutriz de R$ 50 para cada membro da fam\u00edlia com at\u00e9 sete meses incompletos (nutriz).<\/li>\n<\/ul>\n<\/div>\n<p><script>\n\t\t! function(f, b, e, v, n, t, s) {\n\t\t\tif (f.fbq) return;\n\t\t\tn = f.fbq = function() {\n\t\t\t\tn.callMethod ?\n\t\t\t\t\tn.callMethod.apply(n, arguments) : n.queue.push(arguments)\n\t\t\t};\n\t\t\tif (!f._fbq) f._fbq = n;\n\t\t\tn.push = n;\n\t\t\tn.loaded = !0;\n\t\t\tn.version = '2.0';\n\t\t\tn.queue = [];\n\t\t\tt = b.createElement(e);\n\t\t\tt.async = !0;\n\t\t\tt.src = v;\n\t\t\ts = b.getElementsByTagName(e)[0];\n\t\t\ts.parentNode.insertBefore(t, s)\n\t\t}(window, document, 'script',\n\t\t\t'https:\/\/connect.facebook.net\/en_US\/fbevents.js');\n\t\tfbq('init', '338315473262380');\n\t\tfbq('track', 'PageView');\n\t<\/script><br \/>\n<br \/><br \/>\n<br \/><a href=\"https:\/\/catracalivre.com.br\/cidadania\/bolsa-familia-de-dezembro-saiba-somo-consultar-a-data-de-liberacao\/\">Source link <\/a><\/p>\n<!-- CONTENT END 1 -->\n","protected":false},"excerpt":{"rendered":"<p>Cr\u00e9ditos: Ag\u00eancia Brasil\/Marcello Casal Jr O governo federal inicia calend\u00e1rio de pagamento do programa Bolsa Fam\u00edlia para o m\u00eas Com a chegada do m\u00eas de&#8230;<\/p>\n","protected":false},"author":1,"featured_media":10207,"comment_status":"open","ping_status":"open","sticky":false,"template":"","format":"standard","meta":{"advanced_seo_description":"","jetpack_seo_html_title":"","jetpack_seo_noindex":false,"jetpack_post_was_ever_published":false,"_jetpack_newsletter_access":"","_jetpack_dont_email_post_to_subs":false,"_jetpack_newsletter_tier_id":0,"_jetpack_memberships_contains_paywalled_content":false,"_jetpack_memberships_contains_paid_content":false,"footnotes":"","jetpack_publicize_message":"","jetpack_publicize_feature_enabled":true,"jetpack_social_post_already_shared":true,"jetpack_social_options":{"image_generator_settings":{"template":"highway","default_image_id":0,"font":"","enabled":false},"version":2}},"categories":[19],"tags":[],"class_list":["post-10206","post","type-post","status-publish","format-standard","has-post-thumbnail","hentry","category-variedades"],"jetpack_publicize_connections":[],"jetpack_featured_media_url":"https:\/\/i0.wp.com\/noticiasribeiraopreto.com.br\/wp-content\/uploads\/2023\/12\/1701663638_bolsa-familia-a-noticia-mais-esperada-de-setembro-acaba-de-chegar.jpg?fit=1200%2C638&ssl=1","jetpack-related-posts":[{"id":13637,"url":"https:\/\/noticiasribeiraopreto.com.br\/index.php\/2023\/12\/10\/pix-automatico-facilita-pagamentos-recorrentes-e-ate-mesadas\/","url_meta":{"origin":10206,"position":0},"title":"Pix autom\u00e1tico facilita pagamentos recorrentes e at\u00e9 mesadas","author":"noticiasribeiraopreto.com.br","date":"10 de December de 2023","format":false,"excerpt":"O Pix autom\u00e1tico, que permite pagamentos recorrentes e at\u00e9 mesmo mesadas, entrar\u00e1 em vigor em 28 de outubro de 2024, segundo informou o Banco Central (BC). A novidade vai facilitar a vida de quem paga contas de servi\u00e7os p\u00fablicos, assinaturas, mensalidades e at\u00e9 mesmo presta servi\u00e7os recorrentes a outras pessoas.Cr\u00e9ditos:\u2026","rel":"","context":"In &quot;Variedades&quot;","block_context":{"text":"Variedades","link":"https:\/\/noticiasribeiraopreto.com.br\/index.php\/category\/variedades\/"},"img":{"alt_text":"","src":"https:\/\/i0.wp.com\/noticiasribeiraopreto.com.br\/wp-content\/uploads\/2023\/12\/1702247134_atencao-banco-central-comunica-vazamento-de-dados-de-chaves-pix.jpg?fit=1200%2C638&ssl=1&resize=350%2C200","width":350,"height":200,"srcset":"https:\/\/i0.wp.com\/noticiasribeiraopreto.com.br\/wp-content\/uploads\/2023\/12\/1702247134_atencao-banco-central-comunica-vazamento-de-dados-de-chaves-pix.jpg?fit=1200%2C638&ssl=1&resize=350%2C200 1x, https:\/\/i0.wp.com\/noticiasribeiraopreto.com.br\/wp-content\/uploads\/2023\/12\/1702247134_atencao-banco-central-comunica-vazamento-de-dados-de-chaves-pix.jpg?fit=1200%2C638&ssl=1&resize=525%2C300 1.5x, https:\/\/i0.wp.com\/noticiasribeiraopreto.com.br\/wp-content\/uploads\/2023\/12\/1702247134_atencao-banco-central-comunica-vazamento-de-dados-de-chaves-pix.jpg?fit=1200%2C638&ssl=1&resize=700%2C400 2x, https:\/\/i0.wp.com\/noticiasribeiraopreto.com.br\/wp-content\/uploads\/2023\/12\/1702247134_atencao-banco-central-comunica-vazamento-de-dados-de-chaves-pix.jpg?fit=1200%2C638&ssl=1&resize=1050%2C600 3x"},"classes":[]},{"id":8456,"url":"https:\/\/noticiasribeiraopreto.com.br\/index.php\/2023\/11\/30\/saiba-quando-lote-extra-de-restituicao-do-ir-2023-sera-pago\/","url_meta":{"origin":10206,"position":1},"title":"Saiba quando lote EXTRA de restitui\u00e7\u00e3o do IR 2023 ser\u00e1 pago","author":"noticiasribeiraopreto.com.br","date":"30 de November de 2023","format":false,"excerpt":"A consulta ao lote residual de restitui\u00e7\u00e3o do Imposto de Renda da Pessoa F\u00edsica (IRPF) do m\u00eas de novembro de 2023 pode ser feita desde quinta-feira, 23. Aqui voc\u00ea vai descobrir quando o lote extra ser\u00e1 pago. Cr\u00e9ditos: Ag\u00eancia Brasil\/Marcello Casal JrSaiba quando lote EXTRA de restitui\u00e7\u00e3o do IR 2023\u2026","rel":"","context":"In &quot;Variedades&quot;","block_context":{"text":"Variedades","link":"https:\/\/noticiasribeiraopreto.com.br\/index.php\/category\/variedades\/"},"img":{"alt_text":"","src":"https:\/\/i0.wp.com\/noticiasribeiraopreto.com.br\/wp-content\/uploads\/2023\/11\/imposto-de-renda-voce-tem-uma-semana-para-tentar-entrar-no-1o-lote-de-restituicao-veja-como.jpg?fit=1200%2C638&ssl=1&resize=350%2C200","width":350,"height":200,"srcset":"https:\/\/i0.wp.com\/noticiasribeiraopreto.com.br\/wp-content\/uploads\/2023\/11\/imposto-de-renda-voce-tem-uma-semana-para-tentar-entrar-no-1o-lote-de-restituicao-veja-como.jpg?fit=1200%2C638&ssl=1&resize=350%2C200 1x, https:\/\/i0.wp.com\/noticiasribeiraopreto.com.br\/wp-content\/uploads\/2023\/11\/imposto-de-renda-voce-tem-uma-semana-para-tentar-entrar-no-1o-lote-de-restituicao-veja-como.jpg?fit=1200%2C638&ssl=1&resize=525%2C300 1.5x, https:\/\/i0.wp.com\/noticiasribeiraopreto.com.br\/wp-content\/uploads\/2023\/11\/imposto-de-renda-voce-tem-uma-semana-para-tentar-entrar-no-1o-lote-de-restituicao-veja-como.jpg?fit=1200%2C638&ssl=1&resize=700%2C400 2x, https:\/\/i0.wp.com\/noticiasribeiraopreto.com.br\/wp-content\/uploads\/2023\/11\/imposto-de-renda-voce-tem-uma-semana-para-tentar-entrar-no-1o-lote-de-restituicao-veja-como.jpg?fit=1200%2C638&ssl=1&resize=1050%2C600 3x"},"classes":[]},{"id":7952,"url":"https:\/\/noticiasribeiraopreto.com.br\/index.php\/2023\/11\/29\/receita-abre-consulta-e-divulga-data-de-pagamento-do-lote-extra-de-restituicao\/","url_meta":{"origin":10206,"position":2},"title":"Receita abre consulta e divulga data de pagamento do lote extra de restitui\u00e7\u00e3o","author":"noticiasribeiraopreto.com.br","date":"29 de November de 2023","format":false,"excerpt":"A consulta ao lote residual de restitui\u00e7\u00e3o do Imposto de Renda da Pessoa F\u00edsica (IRPF) do m\u00eas de novembro de 2023 poder\u00e1 ser feita, a partir das 10h desta quinta-feira, 23. Cr\u00e9ditos: Ag\u00eancia Brasil\/Marcello Casal JrReceita abre consulta e divulga data de pagamento do lote extra de restitui\u00e7\u00e3o De acordo\u2026","rel":"","context":"In &quot;Variedades&quot;","block_context":{"text":"Variedades","link":"https:\/\/noticiasribeiraopreto.com.br\/index.php\/category\/variedades\/"},"img":{"alt_text":"","src":"https:\/\/i0.wp.com\/noticiasribeiraopreto.com.br\/wp-content\/uploads\/2023\/11\/1701252602_como-saber-se-vou-receber-a-restituicao-do-ir-2023-no-3o-lote-veja-aqui.jpg?fit=1200%2C638&ssl=1&resize=350%2C200","width":350,"height":200,"srcset":"https:\/\/i0.wp.com\/noticiasribeiraopreto.com.br\/wp-content\/uploads\/2023\/11\/1701252602_como-saber-se-vou-receber-a-restituicao-do-ir-2023-no-3o-lote-veja-aqui.jpg?fit=1200%2C638&ssl=1&resize=350%2C200 1x, https:\/\/i0.wp.com\/noticiasribeiraopreto.com.br\/wp-content\/uploads\/2023\/11\/1701252602_como-saber-se-vou-receber-a-restituicao-do-ir-2023-no-3o-lote-veja-aqui.jpg?fit=1200%2C638&ssl=1&resize=525%2C300 1.5x, https:\/\/i0.wp.com\/noticiasribeiraopreto.com.br\/wp-content\/uploads\/2023\/11\/1701252602_como-saber-se-vou-receber-a-restituicao-do-ir-2023-no-3o-lote-veja-aqui.jpg?fit=1200%2C638&ssl=1&resize=700%2C400 2x, https:\/\/i0.wp.com\/noticiasribeiraopreto.com.br\/wp-content\/uploads\/2023\/11\/1701252602_como-saber-se-vou-receber-a-restituicao-do-ir-2023-no-3o-lote-veja-aqui.jpg?fit=1200%2C638&ssl=1&resize=1050%2C600 3x"},"classes":[]},{"id":82920,"url":"https:\/\/noticiasribeiraopreto.com.br\/index.php\/2026\/03\/03\/procurando-emprego-ribeirao-preto-realiza-mutirao-com-mais-de-2-mil-vagas\/","url_meta":{"origin":10206,"position":3},"title":"Procurando emprego? Ribeir\u00e3o Preto realiza mutir\u00e3o com mais de 2 mil vagas","author":"noticiasribeiraopreto.com.br","date":"3 de March de 2026","format":false,"excerpt":"Ribeir\u00e3o Preto realiza neste s\u00e1bado (7) a primeira edi\u00e7\u00e3o de 2026 do Mutir\u00e3o Emprega Ribeir\u00e3o. O evento acontece das 9h \u00e0s 14h, no Sesc Ribeir\u00e3o, localizado na rua Tibiri\u00e7\u00e1, 50, no Centro da cidade. Cerca de 25 empresas parceiras participar\u00e3o da a\u00e7\u00e3o, ofertando mais de 2.300 vagas de emprego para\u2026","rel":"","context":"In &quot;Not\u00edcias de Ribeir\u00e3o Preto-SP e Regi\u00e3o&quot;","block_context":{"text":"Not\u00edcias de Ribeir\u00e3o Preto-SP e Regi\u00e3o","link":"https:\/\/noticiasribeiraopreto.com.br\/index.php\/category\/noticias-de-ribeirao-preto-sp-e-regiao-ismael-colosi\/"},"img":{"alt_text":"","src":"https:\/\/i0.wp.com\/noticiasribeiraopreto.com.br\/wp-content\/uploads\/2026\/03\/RibeiroPretoterfeirocommaisde800vagasdeempregonestaquinta_Tamanho_2_image_2026-02-09_15-24-19.webp.webp?fit=1200%2C900&ssl=1&resize=350%2C200","width":350,"height":200,"srcset":"https:\/\/i0.wp.com\/noticiasribeiraopreto.com.br\/wp-content\/uploads\/2026\/03\/RibeiroPretoterfeirocommaisde800vagasdeempregonestaquinta_Tamanho_2_image_2026-02-09_15-24-19.webp.webp?fit=1200%2C900&ssl=1&resize=350%2C200 1x, https:\/\/i0.wp.com\/noticiasribeiraopreto.com.br\/wp-content\/uploads\/2026\/03\/RibeiroPretoterfeirocommaisde800vagasdeempregonestaquinta_Tamanho_2_image_2026-02-09_15-24-19.webp.webp?fit=1200%2C900&ssl=1&resize=525%2C300 1.5x, https:\/\/i0.wp.com\/noticiasribeiraopreto.com.br\/wp-content\/uploads\/2026\/03\/RibeiroPretoterfeirocommaisde800vagasdeempregonestaquinta_Tamanho_2_image_2026-02-09_15-24-19.webp.webp?fit=1200%2C900&ssl=1&resize=700%2C400 2x, https:\/\/i0.wp.com\/noticiasribeiraopreto.com.br\/wp-content\/uploads\/2026\/03\/RibeiroPretoterfeirocommaisde800vagasdeempregonestaquinta_Tamanho_2_image_2026-02-09_15-24-19.webp.webp?fit=1200%2C900&ssl=1&resize=1050%2C600 3x"},"classes":[]},{"id":5656,"url":"https:\/\/noticiasribeiraopreto.com.br\/index.php\/2023\/11\/24\/lote-extra-de-restituicao-do-ir-2023-e-liberado-para-consulta-hoje\/","url_meta":{"origin":10206,"position":4},"title":"Lote extra de restitui\u00e7\u00e3o do IR 2023 \u00e9 liberado para consulta HOJE","author":"noticiasribeiraopreto.com.br","date":"24 de November de 2023","format":false,"excerpt":"A consulta ao lote residual de restitui\u00e7\u00e3o do Imposto de Renda da Pessoa F\u00edsica (IRPF) do m\u00eas de novembro de 2023 poder\u00e1 ser feita, a partir das 10h desta quinta-feira, 23. Cr\u00e9ditos: Ag\u00eancia Brasil\/Marcello Casal JrLote extra de restitui\u00e7\u00e3o do IR 2023 \u00e9 liberado para consulta HOJE De acordo com\u2026","rel":"","context":"In &quot;Variedades&quot;","block_context":{"text":"Variedades","link":"https:\/\/noticiasribeiraopreto.com.br\/index.php\/category\/variedades\/"},"img":{"alt_text":"","src":"https:\/\/i0.wp.com\/noticiasribeiraopreto.com.br\/wp-content\/uploads\/2023\/11\/como-saber-se-vou-receber-a-restituicao-do-ir-2023-no-3o-lote-veja-aqui.jpg?fit=1200%2C638&ssl=1&resize=350%2C200","width":350,"height":200,"srcset":"https:\/\/i0.wp.com\/noticiasribeiraopreto.com.br\/wp-content\/uploads\/2023\/11\/como-saber-se-vou-receber-a-restituicao-do-ir-2023-no-3o-lote-veja-aqui.jpg?fit=1200%2C638&ssl=1&resize=350%2C200 1x, https:\/\/i0.wp.com\/noticiasribeiraopreto.com.br\/wp-content\/uploads\/2023\/11\/como-saber-se-vou-receber-a-restituicao-do-ir-2023-no-3o-lote-veja-aqui.jpg?fit=1200%2C638&ssl=1&resize=525%2C300 1.5x, https:\/\/i0.wp.com\/noticiasribeiraopreto.com.br\/wp-content\/uploads\/2023\/11\/como-saber-se-vou-receber-a-restituicao-do-ir-2023-no-3o-lote-veja-aqui.jpg?fit=1200%2C638&ssl=1&resize=700%2C400 2x, https:\/\/i0.wp.com\/noticiasribeiraopreto.com.br\/wp-content\/uploads\/2023\/11\/como-saber-se-vou-receber-a-restituicao-do-ir-2023-no-3o-lote-veja-aqui.jpg?fit=1200%2C638&ssl=1&resize=1050%2C600 3x"},"classes":[]},{"id":14324,"url":"https:\/\/noticiasribeiraopreto.com.br\/index.php\/2023\/12\/11\/caixa-inicia-pagamento-de-dezembro-para-este-grupo\/","url_meta":{"origin":10206,"position":5},"title":"Caixa inicia pagamento de dezembro para este grupo","author":"noticiasribeiraopreto.com.br","date":"11 de December de 2023","format":false,"excerpt":"O governo federal inicia calend\u00e1rio de pagamento do programa Bolsa Fam\u00edlia para o m\u00eas de dezembro. De acordo com o planejamento do Governo Federal, os pagamentos ter\u00e3o in\u00edcio, hoje, 11 de dezembro e se estender\u00e3o at\u00e9 o dia 22, seguindo uma ordem baseada no \u00faltimo d\u00edgito do N\u00famero de Identifica\u00e7\u00e3o\u2026","rel":"","context":"In &quot;Variedades&quot;","block_context":{"text":"Variedades","link":"https:\/\/noticiasribeiraopreto.com.br\/index.php\/category\/variedades\/"},"img":{"alt_text":"","src":"https:\/\/i0.wp.com\/noticiasribeiraopreto.com.br\/wp-content\/uploads\/2023\/12\/1702346811_bolsa-familia-paga-novo-grupo-com-valores-extras-em-julho.jpg?fit=1200%2C638&ssl=1&resize=350%2C200","width":350,"height":200,"srcset":"https:\/\/i0.wp.com\/noticiasribeiraopreto.com.br\/wp-content\/uploads\/2023\/12\/1702346811_bolsa-familia-paga-novo-grupo-com-valores-extras-em-julho.jpg?fit=1200%2C638&ssl=1&resize=350%2C200 1x, https:\/\/i0.wp.com\/noticiasribeiraopreto.com.br\/wp-content\/uploads\/2023\/12\/1702346811_bolsa-familia-paga-novo-grupo-com-valores-extras-em-julho.jpg?fit=1200%2C638&ssl=1&resize=525%2C300 1.5x, https:\/\/i0.wp.com\/noticiasribeiraopreto.com.br\/wp-content\/uploads\/2023\/12\/1702346811_bolsa-familia-paga-novo-grupo-com-valores-extras-em-julho.jpg?fit=1200%2C638&ssl=1&resize=700%2C400 2x, https:\/\/i0.wp.com\/noticiasribeiraopreto.com.br\/wp-content\/uploads\/2023\/12\/1702346811_bolsa-familia-paga-novo-grupo-com-valores-extras-em-julho.jpg?fit=1200%2C638&ssl=1&resize=1050%2C600 3x"},"classes":[]}],"jetpack_sharing_enabled":true,"jetpack_shortlink":"https:\/\/wp.me\/peQAOb-2EC","_links":{"self":[{"href":"https:\/\/noticiasribeiraopreto.com.br\/index.php\/wp-json\/wp\/v2\/posts\/10206","targetHints":{"allow":["GET"]}}],"collection":[{"href":"https:\/\/noticiasribeiraopreto.com.br\/index.php\/wp-json\/wp\/v2\/posts"}],"about":[{"href":"https:\/\/noticiasribeiraopreto.com.br\/index.php\/wp-json\/wp\/v2\/types\/post"}],"author":[{"embeddable":true,"href":"https:\/\/noticiasribeiraopreto.com.br\/index.php\/wp-json\/wp\/v2\/users\/1"}],"replies":[{"embeddable":true,"href":"https:\/\/noticiasribeiraopreto.com.br\/index.php\/wp-json\/wp\/v2\/comments?post=10206"}],"version-history":[{"count":0,"href":"https:\/\/noticiasribeiraopreto.com.br\/index.php\/wp-json\/wp\/v2\/posts\/10206\/revisions"}],"wp:featuredmedia":[{"embeddable":true,"href":"https:\/\/noticiasribeiraopreto.com.br\/index.php\/wp-json\/wp\/v2\/media\/10207"}],"wp:attachment":[{"href":"https:\/\/noticiasribeiraopreto.com.br\/index.php\/wp-json\/wp\/v2\/media?parent=10206"}],"wp:term":[{"taxonomy":"category","embeddable":true,"href":"https:\/\/noticiasribeiraopreto.com.br\/index.php\/wp-json\/wp\/v2\/categories?post=10206"},{"taxonomy":"post_tag","embeddable":true,"href":"https:\/\/noticiasribeiraopreto.com.br\/index.php\/wp-json\/wp\/v2\/tags?post=10206"}],"curies":[{"name":"wp","href":"https:\/\/api.w.org\/{rel}","templated":true}]}}