{"id":10222,"date":"2023-12-04T03:08:27","date_gmt":"2023-12-04T06:08:27","guid":{"rendered":"https:\/\/noticiasribeiraopreto.com.br\/index.php\/2023\/12\/04\/couve-flor-ajuda-a-inibir-o-desenvolvimento-de-celulas-cancerigenas\/"},"modified":"2023-12-04T03:08:27","modified_gmt":"2023-12-04T06:08:27","slug":"couve-flor-ajuda-a-inibir-o-desenvolvimento-de-celulas-cancerigenas","status":"publish","type":"post","link":"https:\/\/noticiasribeiraopreto.com.br\/index.php\/2023\/12\/04\/couve-flor-ajuda-a-inibir-o-desenvolvimento-de-celulas-cancerigenas\/","title":{"rendered":"Couve-flor ajuda a inibir o desenvolvimento de c\u00e9lulas cancer\u00edgenas"},"content":{"rendered":"<div class='code-block code-block-1' style='margin: 8px 0 8px auto; text-align: right; display: block; clear: both;'>\n<p><a href=\"https:\/\/wa.link\/vpicfd\"><img data-recalc-dims=\"1\" class=\"wp-image-4922\" style=\"aspect-ratio: 2.0253164556962027; width: 561px; height: auto;\" src=\"https:\/\/i0.wp.com\/ismaelcolosi.com.br\/wp-content\/uploads\/2023\/11\/grupo-de-empregos-whatsapp-e-facebook-ismael-colosi-vagas.jpg?ssl=1\" alt=\"\" \/><\/a><\/p>\n<!-- \/wp:image -->\n<\/div>\n<p> <br \/>\n<\/p>\n<div>\n<div id=\"attachment_1986376\" class=\"wp-caption alignnone\">\n<div class=\"d-flex justify-content-center\" data-attachment-id=\"1986376\">\n<div class=\"position-relative d-inline-block\"><img data-recalc-dims=\"1\" data-portal-copyright=\"Daniel Cancini \" fetchpriority=\"high\" decoding=\"async\" class=\"wp-image-1986376 size-full\" src=\"https:\/\/i0.wp.com\/catracalivre.com.br\/wp-content\/uploads\/2019\/11\/dhc-2074-a.jpg?resize=1400%2C930&#038;ssl=1\" alt=\"Couve-flor em prato vegano do Carrito Organic \u2013 iStock\/Getty Images\" width=\"1400\" height=\"930\" srcset=\"https:\/\/catracalivre.com.br\/wp-content\/uploads\/2019\/11\/dhc-2074-a.jpg 1400w, https:\/\/catracalivre.com.br\/wp-content\/uploads\/2019\/11\/dhc-2074-a-450x299.jpg 450w, https:\/\/catracalivre.com.br\/wp-content\/uploads\/2019\/11\/dhc-2074-a-768x510.jpg 768w\" sizes=\"(max-width: 1400px) 100vw, 1400px\"\/><\/p>\n<p>Cr\u00e9ditos: Daniel Cancini <\/p>\n<\/div>\n<\/div>\n<p><span class=\"post-imagem__legenda\">Couve-flor em prato vegano do Carrito Organic \u2013 iStock\/Getty Images<\/span><\/p>\n<\/div>\n<p>Respons\u00e1vel por refor\u00e7ar o sistema imunol\u00f3gico e contribuir para uma <strong><a href=\"https:\/\/catracalivre.com.br\/saude-bem-estar\/estudo-aponta-estes-7-vegetais-como-os-mais-saudaveis-qual-voce-mais-come\/\" target=\"_blank\" rel=\"noopener\">vida mais saud\u00e1vel<\/a><\/strong>, a couve-flor \u00e9 composta por nutrientes como c\u00e1lcio, pot\u00e1ssio, s\u00f3dio, vitaminas e fibras. Al\u00e9m disso, a hortali\u00e7a possui sulforafanos, que cont\u00eam enxofre e inibe o crescimento das c\u00e9lulas cancer\u00edgenas de pulm\u00e3o, mama e o <strong><a href=\"https:\/\/www.gov.br\/inca\/pt-br\/assuntos\/cancer\/tipos\/bexiga#:~:text=O%20c%C3%A2ncer%20de%20bexiga%20atinge,tecido%20mais%20interno%20da%20bexiga.\" target=\"_blank\" rel=\"noopener\">c\u00e2ncer de bexiga<\/a><\/strong>.<\/p>\n<p>Al\u00e9m disso, a a\u00e7\u00e3o anti-inflamat\u00f3ria da couve-flor contribui para a manuten\u00e7\u00e3o do vaso sangu\u00edneo flex\u00edvel e eficiente. Enquanto a alicina, tamb\u00e9m presente na hortali\u00e7a, reduz as chances de ataques card\u00edacos e derrames, enquanto o pot\u00e1ssio auxilia na regular da press\u00e3o arterial.<\/p>\n<p>Devido ao alto teor de fibras a couve-flor melhora a microbiota intestinal. Com a microbiota mais saud\u00e1vel o tr\u00e2nsito intestinal fica mais eficiente e at\u00e9 mesmo o sistema imunol\u00f3gico fica mais forte. Estas fibras tamb\u00e9m far\u00e3o com que a pessoa sinta mais saciedade e ent\u00e3o pode contribuir para a perda de peso.<\/p>\n<h2>Outros benef\u00edcios<\/h2>\n<p>Outro benef\u00edcio do consumo do alimento \u00e9 a presen\u00e7a de antioxidantes, sendo eficaz no combate aos radicais livres. Com isso, ele ajuda a prevenir c\u00e2nceres, diminuir os riscos de doen\u00e7as cerebrais degenerativas e tamb\u00e9m do envelhecimento celular.<\/p>\n<h2>Como fazer a couve-flor?<\/h2>\n<p>A couve-flor pode ser consumida refogada, cozida, gratinada ou em forma de salada. Voc\u00ea tamb\u00e9m pode cozinha-la ao vapor, preservando nutrientes. O recomend\u00e1vel para se obter os benef\u00edcios nutritivos da couve-flor \u00e9 consumir de um a dois buqu\u00eas por dia. Evite combin\u00e1-la com alimentos mais cal\u00f3ricos, como um molho branco com creme de leite.<\/p>\n<\/div>\n<p><script>\n\t\t! function(f, b, e, v, n, t, s) {\n\t\t\tif (f.fbq) return;\n\t\t\tn = f.fbq = function() {\n\t\t\t\tn.callMethod ?\n\t\t\t\t\tn.callMethod.apply(n, arguments) : n.queue.push(arguments)\n\t\t\t};\n\t\t\tif (!f._fbq) f._fbq = n;\n\t\t\tn.push = n;\n\t\t\tn.loaded = !0;\n\t\t\tn.version = '2.0';\n\t\t\tn.queue = [];\n\t\t\tt = b.createElement(e);\n\t\t\tt.async = !0;\n\t\t\tt.src = v;\n\t\t\ts = b.getElementsByTagName(e)[0];\n\t\t\ts.parentNode.insertBefore(t, s)\n\t\t}(window, document, 'script',\n\t\t\t'https:\/\/connect.facebook.net\/en_US\/fbevents.js');\n\t\tfbq('init', '338315473262380');\n\t\tfbq('track', 'PageView');\n\t<\/script><br \/>\n<br \/><br \/>\n<br \/><a href=\"https:\/\/catracalivre.com.br\/saude-bem-estar\/couve-flor-ajuda-a-inibir-o-desenvolvimento-de-celulas-cancerigenas\/\">Source link <\/a><\/p>\n<!-- CONTENT END 1 -->\n","protected":false},"excerpt":{"rendered":"<p>Cr\u00e9ditos: Daniel Cancini Couve-flor em prato vegano do Carrito Organic \u2013 iStock\/Getty Images Respons\u00e1vel por refor\u00e7ar o sistema imunol\u00f3gico e contribuir para uma vida mais&#8230;<\/p>\n","protected":false},"author":1,"featured_media":10223,"comment_status":"open","ping_status":"open","sticky":false,"template":"","format":"standard","meta":{"advanced_seo_description":"","jetpack_seo_html_title":"","jetpack_seo_noindex":false,"jetpack_post_was_ever_published":false,"_jetpack_newsletter_access":"","_jetpack_dont_email_post_to_subs":false,"_jetpack_newsletter_tier_id":0,"_jetpack_memberships_contains_paywalled_content":false,"_jetpack_memberships_contains_paid_content":false,"footnotes":"","jetpack_publicize_message":"","jetpack_publicize_feature_enabled":true,"jetpack_social_post_already_shared":true,"jetpack_social_options":{"image_generator_settings":{"template":"highway","default_image_id":0,"font":"","enabled":false},"version":2}},"categories":[19],"tags":[],"class_list":["post-10222","post","type-post","status-publish","format-standard","has-post-thumbnail","hentry","category-variedades"],"jetpack_publicize_connections":[],"jetpack_featured_media_url":"https:\/\/i0.wp.com\/noticiasribeiraopreto.com.br\/wp-content\/uploads\/2023\/12\/couve-flor-frigieira.jpg?fit=1200%2C638&ssl=1","jetpack-related-posts":[{"id":16649,"url":"https:\/\/noticiasribeiraopreto.com.br\/index.php\/2023\/12\/16\/conheca-os-8-beneficios-da-couve-flor-meu-valor-digital\/","url_meta":{"origin":10222,"position":0},"title":"Conhe\u00e7a os 8 benef\u00edcios da couve-flor &#8211; Meu Valor Digital","author":"noticiasribeiraopreto.com.br","date":"16 de December de 2023","format":false,"excerpt":"A couve-flor \u00e9 uma hortali\u00e7a do tipo infloresc\u00eancia (conjunto de flores) que pertence \u00e0 esp\u00e9cie Brassica oleracea (couves), assim como o repolho, os br\u00f3colos, o romanesco, etc., cuja textura delicada e tenra exige cuidado e aten\u00e7\u00e3o na sua prepara\u00e7\u00e3o. Pertence ao grupo Botrytis. Pode ser consumida crua, cozida (recomenda-se a\u2026","rel":"","context":"In &quot;Vagas de Emprego em Ribeir\u00e3o Preto-SP&quot;","block_context":{"text":"Vagas de Emprego em Ribeir\u00e3o Preto-SP","link":"https:\/\/noticiasribeiraopreto.com.br\/index.php\/category\/empregos-classificados-vagas-trabalho\/vagas-de-empregos-em-ribeirao-preto-regiao-brasil\/"},"img":{"alt_text":"","src":"https:\/\/i0.wp.com\/noticiasribeiraopreto.com.br\/wp-content\/uploads\/2023\/12\/Couve-flor-1.jpg?fit=1200%2C773&ssl=1&resize=350%2C200","width":350,"height":200,"srcset":"https:\/\/i0.wp.com\/noticiasribeiraopreto.com.br\/wp-content\/uploads\/2023\/12\/Couve-flor-1.jpg?fit=1200%2C773&ssl=1&resize=350%2C200 1x, https:\/\/i0.wp.com\/noticiasribeiraopreto.com.br\/wp-content\/uploads\/2023\/12\/Couve-flor-1.jpg?fit=1200%2C773&ssl=1&resize=525%2C300 1.5x, https:\/\/i0.wp.com\/noticiasribeiraopreto.com.br\/wp-content\/uploads\/2023\/12\/Couve-flor-1.jpg?fit=1200%2C773&ssl=1&resize=700%2C400 2x, https:\/\/i0.wp.com\/noticiasribeiraopreto.com.br\/wp-content\/uploads\/2023\/12\/Couve-flor-1.jpg?fit=1200%2C773&ssl=1&resize=1050%2C600 3x"},"classes":[]},{"id":15608,"url":"https:\/\/noticiasribeiraopreto.com.br\/index.php\/2023\/12\/13\/o-vegetal-que-pode-prevenir-tumores-e-proteger-o-coracao\/","url_meta":{"origin":10222,"position":1},"title":"O vegetal que pode prevenir tumores e proteger o cora\u00e7\u00e3o","author":"noticiasribeiraopreto.com.br","date":"13 de December de 2023","format":false,"excerpt":"Entre os vegetais que est\u00e3o abundantemente dispon\u00edveis nas feiras e mercados est\u00e1 a couve-flor. Ela pertence \u00e0 fam\u00edlia dos cruc\u00edferos, que inclui tamb\u00e9m outros vegetais, como br\u00f3colis,\u00a0 couve-de-bruxelas, mostarda e rabanete. O vegetal \u00e9 famoso por ser rico em nutrientes, e v\u00e1rios estudos j\u00e1 demonstraram que seu consumo ajudaria a\u2026","rel":"","context":"In &quot;Variedades&quot;","block_context":{"text":"Variedades","link":"https:\/\/noticiasribeiraopreto.com.br\/index.php\/category\/variedades\/"},"img":{"alt_text":"","src":"https:\/\/i0.wp.com\/noticiasribeiraopreto.com.br\/wp-content\/uploads\/2023\/12\/istock-1647976306.jpg?fit=1200%2C638&ssl=1&resize=350%2C200","width":350,"height":200,"srcset":"https:\/\/i0.wp.com\/noticiasribeiraopreto.com.br\/wp-content\/uploads\/2023\/12\/istock-1647976306.jpg?fit=1200%2C638&ssl=1&resize=350%2C200 1x, https:\/\/i0.wp.com\/noticiasribeiraopreto.com.br\/wp-content\/uploads\/2023\/12\/istock-1647976306.jpg?fit=1200%2C638&ssl=1&resize=525%2C300 1.5x, https:\/\/i0.wp.com\/noticiasribeiraopreto.com.br\/wp-content\/uploads\/2023\/12\/istock-1647976306.jpg?fit=1200%2C638&ssl=1&resize=700%2C400 2x, https:\/\/i0.wp.com\/noticiasribeiraopreto.com.br\/wp-content\/uploads\/2023\/12\/istock-1647976306.jpg?fit=1200%2C638&ssl=1&resize=1050%2C600 3x"},"classes":[]},{"id":23023,"url":"https:\/\/noticiasribeiraopreto.com.br\/index.php\/2023\/12\/31\/o-vegetal-que-protege-os-rins-previne-o-cancer-e-e-ideal-para-diabetes\/","url_meta":{"origin":10222,"position":2},"title":"O vegetal que protege os rins, previne o c\u00e2ncer e \u00e9 ideal para diabetes","author":"noticiasribeiraopreto.com.br","date":"31 de December de 2023","format":false,"excerpt":"Existe um vegetal que est\u00e1 sempre presente no mercado e na feira e que ainda assim pode passar despercebido nas suas compras. Trata-se de um superalimento essencial para a sa\u00fade dos rins. Mais que isso: ele n\u00e3o s\u00f3 ajuda a regular a fun\u00e7\u00e3o renal, como tamb\u00e9m \u00e9 perfeito para diabetes\u2026","rel":"","context":"In &quot;Variedades&quot;","block_context":{"text":"Variedades","link":"https:\/\/noticiasribeiraopreto.com.br\/index.php\/category\/variedades\/"},"img":{"alt_text":"","src":"https:\/\/i0.wp.com\/noticiasribeiraopreto.com.br\/wp-content\/uploads\/2023\/12\/depositphotos-4628805-l-1.jpg?fit=1200%2C638&ssl=1&resize=350%2C200","width":350,"height":200,"srcset":"https:\/\/i0.wp.com\/noticiasribeiraopreto.com.br\/wp-content\/uploads\/2023\/12\/depositphotos-4628805-l-1.jpg?fit=1200%2C638&ssl=1&resize=350%2C200 1x, https:\/\/i0.wp.com\/noticiasribeiraopreto.com.br\/wp-content\/uploads\/2023\/12\/depositphotos-4628805-l-1.jpg?fit=1200%2C638&ssl=1&resize=525%2C300 1.5x, https:\/\/i0.wp.com\/noticiasribeiraopreto.com.br\/wp-content\/uploads\/2023\/12\/depositphotos-4628805-l-1.jpg?fit=1200%2C638&ssl=1&resize=700%2C400 2x, https:\/\/i0.wp.com\/noticiasribeiraopreto.com.br\/wp-content\/uploads\/2023\/12\/depositphotos-4628805-l-1.jpg?fit=1200%2C638&ssl=1&resize=1050%2C600 3x"},"classes":[]},{"id":68779,"url":"https:\/\/noticiasribeiraopreto.com.br\/index.php\/2025\/04\/29\/jornal-da-franca-conheca-alguns-vegetais-que-ajudam-a-reduzir-a-pressao-alta-de-forma-natural\/","url_meta":{"origin":10222,"position":3},"title":"Jornal da Franca &#8211; Conhe\u00e7a alguns vegetais que ajudam a reduzir a press\u00e3o alta de forma natural","author":"noticiasribeiraopreto.com.br","date":"29 de April de 2025","format":false,"excerpt":"compartilhar no whatsapp compartilhar no telegram compartilhar no facebook compartilhar no linkedin Br\u00f3colis, couve, repolho e couve-flor podem ajudar no controle da press\u00e3o alta. Veja o que diz a pesquisa publicada na BMC Medicine Um estudo da Universidade Edith Cowan, na Austr\u00e1lia, trouxe novas evid\u00eancias sobre os benef\u00edcios dos vegetais\u2026","rel":"","context":"In &quot;Not\u00edcias de Franca-SP&quot;","block_context":{"text":"Not\u00edcias de Franca-SP","link":"https:\/\/noticiasribeiraopreto.com.br\/index.php\/category\/noticias-de-ribeirao-preto-sp-e-regiao-ismael-colosi\/noticias-franca-sp\/"},"img":{"alt_text":"","src":"https:\/\/i0.wp.com\/noticiasribeiraopreto.com.br\/wp-content\/uploads\/2025\/04\/2148352049.jpg?fit=1000%2C667&ssl=1&resize=350%2C200","width":350,"height":200,"srcset":"https:\/\/i0.wp.com\/noticiasribeiraopreto.com.br\/wp-content\/uploads\/2025\/04\/2148352049.jpg?fit=1000%2C667&ssl=1&resize=350%2C200 1x, https:\/\/i0.wp.com\/noticiasribeiraopreto.com.br\/wp-content\/uploads\/2025\/04\/2148352049.jpg?fit=1000%2C667&ssl=1&resize=525%2C300 1.5x, https:\/\/i0.wp.com\/noticiasribeiraopreto.com.br\/wp-content\/uploads\/2025\/04\/2148352049.jpg?fit=1000%2C667&ssl=1&resize=700%2C400 2x"},"classes":[]},{"id":18863,"url":"https:\/\/noticiasribeiraopreto.com.br\/index.php\/2023\/12\/21\/descubra-como-preparar-um-suco-de-vegetal-que-previne-diabetes\/","url_meta":{"origin":10222,"position":4},"title":"Descubra como preparar um suco de vegetal que previne diabetes","author":"noticiasribeiraopreto.com.br","date":"21 de December de 2023","format":false,"excerpt":"Cr\u00e9ditos: Depositphotos\/MaridavSuco de vegetal que previne a diabetes Ao contr\u00e1rio do que muitos podem pensar, o suco verde n\u00e3o \u00e9 apenas uma moda passageira no mundo da sa\u00fade e do bem-estar. Em vez disso, seus benef\u00edcios para a sa\u00fade acabam apoiados por uma crescente quantidade de pesquisas, especialmente quando se\u2026","rel":"","context":"In &quot;Variedades&quot;","block_context":{"text":"Variedades","link":"https:\/\/noticiasribeiraopreto.com.br\/index.php\/category\/variedades\/"},"img":{"alt_text":"","src":"https:\/\/i0.wp.com\/noticiasribeiraopreto.com.br\/wp-content\/uploads\/2023\/12\/depositphotos-29024247-xl-scaled-e1703094667783.jpg?fit=1200%2C638&ssl=1&resize=350%2C200","width":350,"height":200,"srcset":"https:\/\/i0.wp.com\/noticiasribeiraopreto.com.br\/wp-content\/uploads\/2023\/12\/depositphotos-29024247-xl-scaled-e1703094667783.jpg?fit=1200%2C638&ssl=1&resize=350%2C200 1x, https:\/\/i0.wp.com\/noticiasribeiraopreto.com.br\/wp-content\/uploads\/2023\/12\/depositphotos-29024247-xl-scaled-e1703094667783.jpg?fit=1200%2C638&ssl=1&resize=525%2C300 1.5x, https:\/\/i0.wp.com\/noticiasribeiraopreto.com.br\/wp-content\/uploads\/2023\/12\/depositphotos-29024247-xl-scaled-e1703094667783.jpg?fit=1200%2C638&ssl=1&resize=700%2C400 2x, https:\/\/i0.wp.com\/noticiasribeiraopreto.com.br\/wp-content\/uploads\/2023\/12\/depositphotos-29024247-xl-scaled-e1703094667783.jpg?fit=1200%2C638&ssl=1&resize=1050%2C600 3x"},"classes":[]},{"id":13403,"url":"https:\/\/noticiasribeiraopreto.com.br\/index.php\/2023\/12\/10\/conheca-a-ilha-das-couves-paraiso-imperdivel-em-ubatuba-neste-verao\/","url_meta":{"origin":10222,"position":5},"title":"Conhe\u00e7a a Ilha das Couves, para\u00edso imperd\u00edvel em Ubatuba neste ver\u00e3o","author":"noticiasribeiraopreto.com.br","date":"10 de December de 2023","format":false,"excerpt":"Com mais de 100 praias, ilhas escondidas e cachoeiras de \u00e1guas cristalinas, a cidade de Ubatuba, no litoral norte paulista, \u00e9 a uma \u00f3tima pedida para quem busca ref\u00fagio em meio \u00e0 natureza. Um desses destinos, sem d\u00favida, \u00e9 Ilha das Couves. A aventura j\u00e1 come\u00e7a no caminho, pois este\u2026","rel":"","context":"In &quot;Variedades&quot;","block_context":{"text":"Variedades","link":"https:\/\/noticiasribeiraopreto.com.br\/index.php\/category\/variedades\/"},"img":{"alt_text":"","src":"https:\/\/i0.wp.com\/noticiasribeiraopreto.com.br\/wp-content\/uploads\/2023\/12\/ilha-das-couves-ubatuba.jpg?fit=1200%2C638&ssl=1&resize=350%2C200","width":350,"height":200,"srcset":"https:\/\/i0.wp.com\/noticiasribeiraopreto.com.br\/wp-content\/uploads\/2023\/12\/ilha-das-couves-ubatuba.jpg?fit=1200%2C638&ssl=1&resize=350%2C200 1x, https:\/\/i0.wp.com\/noticiasribeiraopreto.com.br\/wp-content\/uploads\/2023\/12\/ilha-das-couves-ubatuba.jpg?fit=1200%2C638&ssl=1&resize=525%2C300 1.5x, https:\/\/i0.wp.com\/noticiasribeiraopreto.com.br\/wp-content\/uploads\/2023\/12\/ilha-das-couves-ubatuba.jpg?fit=1200%2C638&ssl=1&resize=700%2C400 2x, https:\/\/i0.wp.com\/noticiasribeiraopreto.com.br\/wp-content\/uploads\/2023\/12\/ilha-das-couves-ubatuba.jpg?fit=1200%2C638&ssl=1&resize=1050%2C600 3x"},"classes":[]}],"jetpack_sharing_enabled":true,"jetpack_shortlink":"https:\/\/wp.me\/peQAOb-2ES","_links":{"self":[{"href":"https:\/\/noticiasribeiraopreto.com.br\/index.php\/wp-json\/wp\/v2\/posts\/10222","targetHints":{"allow":["GET"]}}],"collection":[{"href":"https:\/\/noticiasribeiraopreto.com.br\/index.php\/wp-json\/wp\/v2\/posts"}],"about":[{"href":"https:\/\/noticiasribeiraopreto.com.br\/index.php\/wp-json\/wp\/v2\/types\/post"}],"author":[{"embeddable":true,"href":"https:\/\/noticiasribeiraopreto.com.br\/index.php\/wp-json\/wp\/v2\/users\/1"}],"replies":[{"embeddable":true,"href":"https:\/\/noticiasribeiraopreto.com.br\/index.php\/wp-json\/wp\/v2\/comments?post=10222"}],"version-history":[{"count":0,"href":"https:\/\/noticiasribeiraopreto.com.br\/index.php\/wp-json\/wp\/v2\/posts\/10222\/revisions"}],"wp:featuredmedia":[{"embeddable":true,"href":"https:\/\/noticiasribeiraopreto.com.br\/index.php\/wp-json\/wp\/v2\/media\/10223"}],"wp:attachment":[{"href":"https:\/\/noticiasribeiraopreto.com.br\/index.php\/wp-json\/wp\/v2\/media?parent=10222"}],"wp:term":[{"taxonomy":"category","embeddable":true,"href":"https:\/\/noticiasribeiraopreto.com.br\/index.php\/wp-json\/wp\/v2\/categories?post=10222"},{"taxonomy":"post_tag","embeddable":true,"href":"https:\/\/noticiasribeiraopreto.com.br\/index.php\/wp-json\/wp\/v2\/tags?post=10222"}],"curies":[{"name":"wp","href":"https:\/\/api.w.org\/{rel}","templated":true}]}}