{"id":1023,"date":"2023-11-10T08:21:34","date_gmt":"2023-11-10T11:21:34","guid":{"rendered":"https:\/\/noticiasribeiraopreto.com.br\/index.php\/2023\/11\/10\/o-piso-nacional-do-magisterio-publico\/"},"modified":"2023-11-10T08:21:34","modified_gmt":"2023-11-10T11:21:34","slug":"o-piso-nacional-do-magisterio-publico","status":"publish","type":"post","link":"https:\/\/noticiasribeiraopreto.com.br\/index.php\/2023\/11\/10\/o-piso-nacional-do-magisterio-publico\/","title":{"rendered":"O piso nacional do magist\u00e9rio p\u00fablico \u00a0"},"content":{"rendered":"<div class='code-block code-block-1' style='margin: 8px 0 8px auto; text-align: right; display: block; clear: both;'>\n<p><a href=\"https:\/\/wa.link\/vpicfd\"><img data-recalc-dims=\"1\" class=\"wp-image-4922\" style=\"aspect-ratio: 2.0253164556962027; width: 561px; height: auto;\" src=\"https:\/\/i0.wp.com\/ismaelcolosi.com.br\/wp-content\/uploads\/2023\/11\/grupo-de-empregos-whatsapp-e-facebook-ismael-colosi-vagas.jpg?ssl=1\" alt=\"\" \/><\/a><\/p>\n<!-- \/wp:image -->\n<\/div>\n<p> <br \/>\n<\/p>\n<div id=\"post-363911\">\n<header class=\"entry-header penci-entry-header penci-title-center\">\n<p> <span class=\"entry-meta-item penci-posted-on\"><i class=\"fa fa-clock-o\"\/><time class=\"entry-date published\" datetime=\"2023-11-10T08:20:01-03:00\">10 de novembro de 2023 | 8:20<\/time><time class=\"updated\" datetime=\"2023-11-09T18:27:20-03:00\">9 de novembro de 2023 | 18:27<\/time><\/span><\/p>\n<p> <span class=\"penci-social-buttons penci-social-share-footer\"><a href=\"#\" class=\"penci-post-like penci_post-meta_item  single-like-button penci-social-item like\" data-post_id=\"363911\" title=\"Like\" data-like=\"Like\" data-unlike=\"Unlike\"><i class=\"fa fa-thumbs-o-up\"\/><span class=\"penci-share-number\">0<\/span><\/a><a class=\"penci-social-item facebook\" target=\"_blank\" rel=\"noopener\" title=\"\" href=\"https:\/\/www.facebook.com\/sharer\/sharer.php?u=https%3A%2F%2Fwww.tribunaribeirao.com.br%2Fsite%2Fo-piso-nacional-do-magisterio-publico%2F\"><i class=\"fa fa-facebook\"\/><\/a><a class=\"penci-social-item twitter\" target=\"_blank\" rel=\"noopener\" title=\"\" href=\"https:\/\/twitter.com\/intent\/tweet?text=O%20piso%20nacional%20do%20magist\u00e9rio%20p\u00fablico%20\u00a0%20-%20https:\/\/www.tribunaribeirao.com.br\/site\/o-piso-nacional-do-magisterio-publico\/\"><i class=\"fa fa-twitter\"\/><\/a><a class=\"penci-social-item whatsapp\" rel=\"noopener\" data-text=\"O piso nacional do magist\u00e9rio p\u00fablico \u00a0\" data-link=\"https:\/\/www.tribunaribeirao.com.br\/site\/o-piso-nacional-do-magisterio-publico\/\" href=\"#\"><i class=\"fa fa-whatsapp\"\/><\/a><\/span><\/header>\n<div class=\"penci-entry-content entry-content\">\n<p><span class=\"TextRun SCXW3657021 BCX0\" lang=\"PT-BR\" xml:lang=\"PT-BR\" data-contrast=\"auto\"><span class=\"NormalTextRun SCXW3657021 BCX0\">A nova problem\u00e1tica instaurada sobre o piso nacional do magist\u00e9rio p\u00fablico<\/span><\/span><span class=\"LineBreakBlob BlobObject DragDrop SCXW3657021 BCX0\"><span class=\"SCXW3657021 BCX0\">\u00a0<\/span><br class=\"SCXW3657021 BCX0\"\/><\/span><span class=\"LineBreakBlob BlobObject DragDrop SCXW3657021 BCX0\"><span class=\"SCXW3657021 BCX0\">\u00a0<\/span><br class=\"SCXW3657021 BCX0\"\/><\/span><span class=\"TextRun SCXW3657021 BCX0\" lang=\"PT-BR\" xml:lang=\"PT-BR\" data-contrast=\"auto\"><span class=\"NormalTextRun SCXW3657021 BCX0\">Marcio <\/span><span class=\"NormalTextRun SpellingErrorV2Themed SCXW3657021 BCX0\">Antonio<\/span> <span class=\"NormalTextRun SpellingErrorV2Themed SCXW3657021 BCX0\">Vernaschi<\/span><span class=\"NormalTextRun SCXW3657021 BCX0\"> Junior<\/span><span class=\"NormalTextRun SCXW3657021 BCX0\"> *<\/span><\/span><span class=\"LineBreakBlob BlobObject DragDrop SCXW3657021 BCX0\"><span class=\"SCXW3657021 BCX0\">\u00a0<\/span><br class=\"SCXW3657021 BCX0\"\/><\/span><a class=\"Hyperlink SCXW3657021 BCX0\" href=\"http:\/\/www.tribunaribeirao.com.br\/cdn-cgi\/l\/email-protection#4825293a2b2127663e2d3a26293b2b202166223a083c2d3a3a29662b2725662a3a\" target=\"_blank\" rel=\"noopener\"><span class=\"TextRun Underlined SCXW3657021 BCX0\" lang=\"PT-BR\" xml:lang=\"PT-BR\" data-contrast=\"none\"><span class=\"NormalTextRun SCXW3657021 BCX0\" data-ccp-charstyle=\"Hyperlink\"><span class=\"__cf_email__\" data-cfemail=\"75181407161c1a5b0310071b1406161d1c5b1f073501100707145b161a185b1707\">[email\u00a0protected]<\/span><\/span><\/span><\/a><span class=\"LineBreakBlob BlobObject DragDrop SCXW3657021 BCX0\"><span class=\"SCXW3657021 BCX0\">\u00a0<\/span><br class=\"SCXW3657021 BCX0\"\/><\/span><span class=\"LineBreakBlob BlobObject DragDrop SCXW3657021 BCX0\"><span class=\"SCXW3657021 BCX0\">\u00a0<\/span><br class=\"SCXW3657021 BCX0\"\/><\/span><span class=\"TextRun SCXW3657021 BCX0\" lang=\"PT-BR\" xml:lang=\"PT-BR\" data-contrast=\"auto\"><span class=\"NormalTextRun SCXW3657021 BCX0\">A Lei Federal 11.738\/2008 passou a fixar o piso nacional do magist\u00e9rio p\u00fablico e a forma de divis\u00e3o da jornada de trabalho em todo o territ\u00f3rio nacional, reajustado anualmente pelos \u00edndices divulgados pelo Minist\u00e9rio da Educa\u00e7\u00e3o. Foi uma importante evolu\u00e7\u00e3o legislativa que assegurou a valoriza\u00e7\u00e3o<\/span> <span class=\"NormalTextRun SCXW3657021 BCX0\">dos profissionais da educa\u00e7\u00e3o conforme previs\u00e3o constitucional.<\/span><\/span><span class=\"LineBreakBlob BlobObject DragDrop SCXW3657021 BCX0\"><span class=\"SCXW3657021 BCX0\">\u00a0<\/span><br class=\"SCXW3657021 BCX0\"\/><\/span><span class=\"LineBreakBlob BlobObject DragDrop SCXW3657021 BCX0\"><span class=\"SCXW3657021 BCX0\">\u00a0<\/span><br class=\"SCXW3657021 BCX0\"\/><\/span><span class=\"TextRun SCXW3657021 BCX0\" lang=\"PT-BR\" xml:lang=\"PT-BR\" data-contrast=\"auto\"><span class=\"NormalTextRun SCXW3657021 BCX0\">Mesmo com a edi\u00e7\u00e3o de lei federal assegurando expressamente valor m\u00ednimo a <\/span><span class=\"NormalTextRun SCXW3657021 BCX0\">ser<\/span><span class=\"NormalTextRun SCXW3657021 BCX0\"> recebido a <\/span><span class=\"NormalTextRun ContextualSpellingAndGrammarErrorV2Themed SCXW3657021 BCX0\">titulo<\/span><span class=\"NormalTextRun SCXW3657021 BCX0\"> de vencimento b\u00e1sico inicial da carreira, os profissionais do magist\u00e9rio sempre encontraram barreiras em sua aplica\u00e7\u00e3o plena, com embates principais sobre quais profissionais o piso abrange, desrespeito \u00e0 forma de divis\u00e3o da jornada e o conceito do termo piso inicial da carreira.<\/span><\/span><span class=\"LineBreakBlob BlobObject DragDrop SCXW3657021 BCX0\"><span class=\"SCXW3657021 BCX0\">\u00a0<\/span><br class=\"SCXW3657021 BCX0\"\/><\/span><span class=\"LineBreakBlob BlobObject DragDrop SCXW3657021 BCX0\"><span class=\"SCXW3657021 BCX0\">\u00a0<\/span><br class=\"SCXW3657021 BCX0\"\/><\/span><span class=\"TextRun SCXW3657021 BCX0\" lang=\"PT-BR\" xml:lang=\"PT-BR\" data-contrast=\"auto\"><span class=\"NormalTextRun SCXW3657021 BCX0\">Recentemente foi instaurada nova problem\u00e1tica, na qual v\u00e1rios munic\u00edpios est\u00e3o deixando de repassar o piso do magist\u00e9rio p\u00fablico dos anos de 2022 e posteriores, sob a justificativa de que a antiga lei do <\/span><span class=\"NormalTextRun SCXW3657021 BCX0\">Fundeb<\/span><span class=\"NormalTextRun SCXW3657021 BCX0\"> foi revogada, e com ela <\/span><span class=\"NormalTextRun ContextualSpellingAndGrammarErrorV2Themed SCXW3657021 BCX0\">os par\u00e2metro<\/span><span class=\"NormalTextRun SCXW3657021 BCX0\"> que eram utilizados para c\u00e1lculo do reajuste devido a uma interpreta\u00e7\u00e3o equivocada.<\/span><\/span><span class=\"LineBreakBlob BlobObject DragDrop SCXW3657021 BCX0\"><span class=\"SCXW3657021 BCX0\">\u00a0<\/span><br class=\"SCXW3657021 BCX0\"\/><\/span><span class=\"LineBreakBlob BlobObject DragDrop SCXW3657021 BCX0\"><span class=\"SCXW3657021 BCX0\">\u00a0<\/span><br class=\"SCXW3657021 BCX0\"\/><\/span><span class=\"TextRun SCXW3657021 BCX0\" lang=\"PT-BR\" xml:lang=\"PT-BR\" data-contrast=\"auto\"><span class=\"NormalTextRun SCXW3657021 BCX0\">Nesse sentido, embora revogada a Lei do Antigo <\/span><span class=\"NormalTextRun SCXW3657021 BCX0\">Fundeb<\/span><span class=\"NormalTextRun SCXW3657021 BCX0\">, em interpreta\u00e7\u00e3o sistem\u00e1tica, nos mostra claro que, na verdade, a nova legisla\u00e7\u00e3o trouxe a convers\u00e3o do FUNDEB, que antes era provis\u00f3rio, passando a se tornar permanente com a nova regulamenta\u00e7\u00e3o, deixando intacta a Lei 11.738\/08, que assegura o direito dos profissionais do magist\u00e9rio ao reajuste anual pelos \u00edndices divulgados pelo MEC, possuindo, portanto, efic\u00e1cia plena, com observ\u00e2ncia obrigat\u00f3ria para todos os Entes P\u00fablicos.<\/span><\/span><span class=\"LineBreakBlob BlobObject DragDrop SCXW3657021 BCX0\"><span class=\"SCXW3657021 BCX0\">\u00a0<\/span><br class=\"SCXW3657021 BCX0\"\/><\/span><span class=\"LineBreakBlob BlobObject DragDrop SCXW3657021 BCX0\"><span class=\"SCXW3657021 BCX0\">\u00a0<\/span><br class=\"SCXW3657021 BCX0\"\/><\/span><span class=\"TextRun SCXW3657021 BCX0\" lang=\"PT-BR\" xml:lang=\"PT-BR\" data-contrast=\"auto\"><span class=\"NormalTextRun SCXW3657021 BCX0\">Ali\u00e1s, seja qual interpreta\u00e7\u00e3o o Munic\u00edpio adote, o repasse dos \u00edndices de reajustes divulgados pelo MEC pode ser facilmente resolvido por edi\u00e7\u00e3o de Leis Municipais nesse sentido, assegurando o direito que nossa Carta Magna visou tutelar, por\u00e9m n\u00e3o \u00e9 o que se observa em diversos Entes P\u00fablicos.<\/span><\/span><span class=\"LineBreakBlob BlobObject DragDrop SCXW3657021 BCX0\"><span class=\"SCXW3657021 BCX0\">\u00a0<\/span><br class=\"SCXW3657021 BCX0\"\/><\/span><span class=\"LineBreakBlob BlobObject DragDrop SCXW3657021 BCX0\"><span class=\"SCXW3657021 BCX0\">\u00a0<\/span><br class=\"SCXW3657021 BCX0\"\/><\/span><span class=\"TextRun SCXW3657021 BCX0\" lang=\"PT-BR\" xml:lang=\"PT-BR\" data-contrast=\"auto\"><span class=\"NormalTextRun SCXW3657021 BCX0\">Essa<\/span> <span class=\"NormalTextRun SCXW3657021 BCX0\">ser\u00e1, portanto,<\/span> <span class=\"NormalTextRun SCXW3657021 BCX0\">mais uma luta que a classe do magist\u00e9rio p\u00fablico municipal vai ter que enfrentar, cabendo aos<\/span> <span class=\"NormalTextRun SCXW3657021 BCX0\">Munic\u00edpios boa vontade e <\/span><span class=\"NormalTextRun SCXW3657021 BCX0\">transpar\u00eancia<\/span> <span class=\"NormalTextRun SCXW3657021 BCX0\">com seus servidores para<\/span> <span class=\"NormalTextRun SCXW3657021 BCX0\">assegurar o repasse integral determinado em lei.<\/span><\/span><span class=\"LineBreakBlob BlobObject DragDrop SCXW3657021 BCX0\"><span class=\"SCXW3657021 BCX0\">\u00a0<\/span><br class=\"SCXW3657021 BCX0\"\/><\/span><span class=\"LineBreakBlob BlobObject DragDrop SCXW3657021 BCX0\"><span class=\"SCXW3657021 BCX0\">\u00a0<\/span><br class=\"SCXW3657021 BCX0\"\/><\/span><span class=\"TextRun SCXW3657021 BCX0\" lang=\"PT-BR\" xml:lang=\"PT-BR\" data-contrast=\"auto\"><span class=\"NormalTextRun SCXW3657021 BCX0\">* <\/span><span class=\"NormalTextRun SCXW3657021 BCX0\">Especialista em direito processual e material do trabalho pela <\/span><span class=\"NormalTextRun SCXW3657021 BCX0\">Unaerp<\/span><span class=\"NormalTextRun SCXW3657021 BCX0\">, <\/span><span class=\"NormalTextRun SCXW3657021 BCX0\">em Direito do Trabalho pelo Instituto Internacional de Ci\u00eancias Sociais<\/span><span class=\"NormalTextRun SCXW3657021 BCX0\"> e s<\/span><span class=\"NormalTextRun SCXW3657021 BCX0\">\u00f3cio do escrit\u00f3rio <\/span><span class=\"NormalTextRun SpellingErrorV2Themed SCXW3657021 BCX0\">Vernaschi<\/span><span class=\"NormalTextRun SCXW3657021 BCX0\"> Sociedade de Advogados<\/span><\/span><span class=\"EOP SCXW3657021 BCX0\" data-ccp-props=\"{&quot;201341983&quot;:0,&quot;335559739&quot;:200,&quot;335559740&quot;:276}\">\u00a0<\/span><\/p>\n<\/div>\n<footer class=\"penci-entry-footer\"\/><\/div>\n<p><script async src=\"\/\/platform.twitter.com\/widgets.js\" charset=\"utf-8\"><\/script><br \/>\n<br \/><br \/>\n<br \/><a href=\"https:\/\/www.tribunaribeirao.com.br\/site\/o-piso-nacional-do-magisterio-publico\/\">Source link <\/a><\/p>\n<!-- CONTENT END 1 -->\n","protected":false},"excerpt":{"rendered":"<p>10 de novembro de 2023 | 8:209 de novembro de 2023 | 18:27 0 A nova problem\u00e1tica instaurada sobre o piso nacional do magist\u00e9rio p\u00fablico\u00a0\u00a0Marcio&#8230;<\/p>\n","protected":false},"author":1,"featured_media":1024,"comment_status":"open","ping_status":"open","sticky":false,"template":"","format":"standard","meta":{"advanced_seo_description":"","jetpack_seo_html_title":"","jetpack_seo_noindex":false,"jetpack_post_was_ever_published":false,"_jetpack_newsletter_access":"","_jetpack_dont_email_post_to_subs":false,"_jetpack_newsletter_tier_id":0,"_jetpack_memberships_contains_paywalled_content":false,"_jetpack_memberships_contains_paid_content":false,"footnotes":"","jetpack_publicize_message":"","jetpack_publicize_feature_enabled":true,"jetpack_social_post_already_shared":false,"jetpack_social_options":{"image_generator_settings":{"template":"highway","default_image_id":0,"font":"","enabled":false},"version":2}},"categories":[11],"tags":[],"class_list":["post-1023","post","type-post","status-publish","format-standard","has-post-thumbnail","hentry","category-noticias-de-ribeirao-preto-sp-e-regiao-ismael-colosi"],"jetpack_publicize_connections":[],"jetpack_featured_media_url":"https:\/\/i0.wp.com\/noticiasribeiraopreto.com.br\/wp-content\/uploads\/2023\/11\/Marco-Antonio-Vernaschi-Junior-scaled.jpg?fit=262%2C645&ssl=1","jetpack-related-posts":[{"id":3421,"url":"https:\/\/noticiasribeiraopreto.com.br\/index.php\/2023\/11\/18\/black-friday-veja-as-promocoes-do-shopping-iguatemi-de-ribeirao-preto\/","url_meta":{"origin":1023,"position":0},"title":"Black Friday: Veja as promo\u00e7\u00f5es do Shopping Iguatemi de Ribeir\u00e3o Preto","author":"noticiasribeiraopreto.com.br","date":"18 de November de 2023","format":false,"excerpt":"Falta menos de uma semana para data oficial da Black Friday \u2013 que \u00e9 24 de novembro \u2013 e muitas lojas j\u00e1 iniciaram as promo\u00e7\u00f5es ou j\u00e1 divulgaram a data do in\u00edcio das ofertas. No Shopping Iguatemi, na zona Sul de Ribeir\u00e3o Preto, por exemplo, v\u00e1rias lojas aderiam e divulgaram\u2026","rel":"","context":"In &quot;Not\u00edcias de Ribeir\u00e3o Preto-SP e Regi\u00e3o&quot;","block_context":{"text":"Not\u00edcias de Ribeir\u00e3o Preto-SP e Regi\u00e3o","link":"https:\/\/noticiasribeiraopreto.com.br\/index.php\/category\/noticias-de-ribeirao-preto-sp-e-regiao-ismael-colosi\/"},"img":{"alt_text":"","src":"https:\/\/i0.wp.com\/noticiasribeiraopreto.com.br\/wp-content\/uploads\/2023\/11\/WhatsApp-Image-2023-11-17-at-13.51.16.jpeg?fit=696%2C464&ssl=1&resize=350%2C200","width":350,"height":200,"srcset":"https:\/\/i0.wp.com\/noticiasribeiraopreto.com.br\/wp-content\/uploads\/2023\/11\/WhatsApp-Image-2023-11-17-at-13.51.16.jpeg?fit=696%2C464&ssl=1&resize=350%2C200 1x, https:\/\/i0.wp.com\/noticiasribeiraopreto.com.br\/wp-content\/uploads\/2023\/11\/WhatsApp-Image-2023-11-17-at-13.51.16.jpeg?fit=696%2C464&ssl=1&resize=525%2C300 1.5x"},"classes":[]},{"id":6473,"url":"https:\/\/noticiasribeiraopreto.com.br\/index.php\/2023\/11\/26\/maes-do-bolsa-familia-recebem-bonus-de-r-50-na-parcela-de-novembro\/","url_meta":{"origin":1023,"position":1},"title":"M\u00e3es do Bolsa Fam\u00edlia recebem b\u00f4nus de R$ 50 na parcela de novembro","author":"noticiasribeiraopreto.com.br","date":"26 de November de 2023","format":false,"excerpt":"Cr\u00e9ditos: Ag\u00eancia Brasil\/ArquivoA novidade mais aguardada do Bolsa Fam\u00edlia de novembro acaba de chegar As m\u00e3es que fazem parte do programa Bolsa Fam\u00edlia t\u00eam um motivo a mais para celebrar neste m\u00eas de novembro. Al\u00e9m dos pagamentos regulares que j\u00e1 beneficiam mais de 20 milh\u00f5es de pessoas, um b\u00f4nus de\u2026","rel":"","context":"In &quot;Variedades&quot;","block_context":{"text":"Variedades","link":"https:\/\/noticiasribeiraopreto.com.br\/index.php\/category\/variedades\/"},"img":{"alt_text":"","src":"https:\/\/i0.wp.com\/noticiasribeiraopreto.com.br\/wp-content\/uploads\/2023\/11\/bolsa-familia-na-conta-saiba-se-voce-vai-receber-hoje.jpg?fit=1200%2C638&ssl=1&resize=350%2C200","width":350,"height":200,"srcset":"https:\/\/i0.wp.com\/noticiasribeiraopreto.com.br\/wp-content\/uploads\/2023\/11\/bolsa-familia-na-conta-saiba-se-voce-vai-receber-hoje.jpg?fit=1200%2C638&ssl=1&resize=350%2C200 1x, https:\/\/i0.wp.com\/noticiasribeiraopreto.com.br\/wp-content\/uploads\/2023\/11\/bolsa-familia-na-conta-saiba-se-voce-vai-receber-hoje.jpg?fit=1200%2C638&ssl=1&resize=525%2C300 1.5x, https:\/\/i0.wp.com\/noticiasribeiraopreto.com.br\/wp-content\/uploads\/2023\/11\/bolsa-familia-na-conta-saiba-se-voce-vai-receber-hoje.jpg?fit=1200%2C638&ssl=1&resize=700%2C400 2x, https:\/\/i0.wp.com\/noticiasribeiraopreto.com.br\/wp-content\/uploads\/2023\/11\/bolsa-familia-na-conta-saiba-se-voce-vai-receber-hoje.jpg?fit=1200%2C638&ssl=1&resize=1050%2C600 3x"},"classes":[]},{"id":22944,"url":"https:\/\/noticiasribeiraopreto.com.br\/index.php\/2023\/12\/31\/brasil-bate-recorde-de-consumo-de-energia-eletrica-pelo-segundo-mes-consecutivo-em-novembro\/","url_meta":{"origin":1023,"position":2},"title":"Brasil bate recorde de consumo de energia el\u00e9trica pelo segundo m\u00eas consecutivo em novembro","author":"noticiasribeiraopreto.com.br","date":"31 de December de 2023","format":false,"excerpt":"31 de dezembro de 2023 | 15:0030 de dezembro de 2023 | 17:07 0O Brasil bateu o segundo recorde consecutivo de consumo de energia el\u00e9trica em novembro, atingindo 46.407 gigawatts-hora (GWh), alta de 8,5% em compara\u00e7\u00e3o com novembro de 2022, informou a Empresa de Pesquisa Energ\u00e9tica (EPE). Segundo a autarquia,\u2026","rel":"","context":"In &quot;Not\u00edcias de Ribeir\u00e3o Preto-SP e Regi\u00e3o&quot;","block_context":{"text":"Not\u00edcias de Ribeir\u00e3o Preto-SP e Regi\u00e3o","link":"https:\/\/noticiasribeiraopreto.com.br\/index.php\/category\/noticias-de-ribeirao-preto-sp-e-regiao-ismael-colosi\/"},"img":{"alt_text":"","src":"https:\/\/i0.wp.com\/noticiasribeiraopreto.com.br\/wp-content\/uploads\/2023\/12\/35353960-6181-460a-bf82-25eb45dff665-1.jpg?fit=684%2C460&ssl=1&resize=350%2C200","width":350,"height":200,"srcset":"https:\/\/i0.wp.com\/noticiasribeiraopreto.com.br\/wp-content\/uploads\/2023\/12\/35353960-6181-460a-bf82-25eb45dff665-1.jpg?fit=684%2C460&ssl=1&resize=350%2C200 1x, https:\/\/i0.wp.com\/noticiasribeiraopreto.com.br\/wp-content\/uploads\/2023\/12\/35353960-6181-460a-bf82-25eb45dff665-1.jpg?fit=684%2C460&ssl=1&resize=525%2C300 1.5x"},"classes":[]},{"id":6531,"url":"https:\/\/noticiasribeiraopreto.com.br\/index.php\/2023\/11\/26\/pagamentos-antecipados-do-bolsa-familia-beneficiam-brasileiros\/","url_meta":{"origin":1023,"position":3},"title":"Pagamentos antecipados do Bolsa Fam\u00edlia beneficiam brasileiros","author":"noticiasribeiraopreto.com.br","date":"26 de November de 2023","format":false,"excerpt":"Cr\u00e9ditos: MDAS\/Divulga\u00e7\u00e3oO calend\u00e1rio do Bolsa Fam\u00edlia de novembro est\u00e1 SURPREENDENTE Iniciando uma era de maior agilidade e antecipa\u00e7\u00e3o, o novo calend\u00e1rio do Bolsa Fam\u00edlia, implementado a partir de 17 de novembro, traz mudan\u00e7as significativas que beneficiar\u00e3o mais de 20 milh\u00f5es de fam\u00edlias em todo o Brasil. Neste m\u00eas, os pagamentos\u2026","rel":"","context":"In &quot;Variedades&quot;","block_context":{"text":"Variedades","link":"https:\/\/noticiasribeiraopreto.com.br\/index.php\/category\/variedades\/"},"img":{"alt_text":"","src":"https:\/\/i0.wp.com\/noticiasribeiraopreto.com.br\/wp-content\/uploads\/2023\/11\/bolsa-familia-paga-dinheiro-extra-hoje-saiba-quem-vai-receber.jpg?fit=1200%2C638&ssl=1&resize=350%2C200","width":350,"height":200,"srcset":"https:\/\/i0.wp.com\/noticiasribeiraopreto.com.br\/wp-content\/uploads\/2023\/11\/bolsa-familia-paga-dinheiro-extra-hoje-saiba-quem-vai-receber.jpg?fit=1200%2C638&ssl=1&resize=350%2C200 1x, https:\/\/i0.wp.com\/noticiasribeiraopreto.com.br\/wp-content\/uploads\/2023\/11\/bolsa-familia-paga-dinheiro-extra-hoje-saiba-quem-vai-receber.jpg?fit=1200%2C638&ssl=1&resize=525%2C300 1.5x, https:\/\/i0.wp.com\/noticiasribeiraopreto.com.br\/wp-content\/uploads\/2023\/11\/bolsa-familia-paga-dinheiro-extra-hoje-saiba-quem-vai-receber.jpg?fit=1200%2C638&ssl=1&resize=700%2C400 2x, https:\/\/i0.wp.com\/noticiasribeiraopreto.com.br\/wp-content\/uploads\/2023\/11\/bolsa-familia-paga-dinheiro-extra-hoje-saiba-quem-vai-receber.jpg?fit=1200%2C638&ssl=1&resize=1050%2C600 3x"},"classes":[]},{"id":22399,"url":"https:\/\/noticiasribeiraopreto.com.br\/index.php\/2023\/12\/29\/taxa-de-desocupacao-no-trimestre-ate-novembro-e-a-menor-desde-fevereiro-de-2015\/","url_meta":{"origin":1023,"position":4},"title":"Taxa de desocupa\u00e7\u00e3o no trimestre at\u00e9 novembro \u00e9 a menor desde fevereiro de 2015","author":"noticiasribeiraopreto.com.br","date":"29 de December de 2023","format":false,"excerpt":"29 de dezembro de 2023 | 17:0029 de dezembro de 2023 | 11:41 0A taxa de desocupa\u00e7\u00e3o caiu de 7,8% no trimestre terminado em agosto para 7,5% no trimestre encerrado em novembro, menor resultado desde fevereiro de 2015, quando tamb\u00e9m foi de 7,5%. Os dados s\u00e3o da Pesquisa Nacional por\u2026","rel":"","context":"In &quot;Not\u00edcias de Ribeir\u00e3o Preto-SP e Regi\u00e3o&quot;","block_context":{"text":"Not\u00edcias de Ribeir\u00e3o Preto-SP e Regi\u00e3o","link":"https:\/\/noticiasribeiraopreto.com.br\/index.php\/category\/noticias-de-ribeirao-preto-sp-e-regiao-ismael-colosi\/"},"img":{"alt_text":"","src":"https:\/\/i0.wp.com\/noticiasribeiraopreto.com.br\/wp-content\/uploads\/2023\/12\/CagedRP-Marcelo-Camargo-Ag.Br_-scaled.jpg?fit=1000%2C598&ssl=1&resize=350%2C200","width":350,"height":200,"srcset":"https:\/\/i0.wp.com\/noticiasribeiraopreto.com.br\/wp-content\/uploads\/2023\/12\/CagedRP-Marcelo-Camargo-Ag.Br_-scaled.jpg?fit=1000%2C598&ssl=1&resize=350%2C200 1x, https:\/\/i0.wp.com\/noticiasribeiraopreto.com.br\/wp-content\/uploads\/2023\/12\/CagedRP-Marcelo-Camargo-Ag.Br_-scaled.jpg?fit=1000%2C598&ssl=1&resize=525%2C300 1.5x, https:\/\/i0.wp.com\/noticiasribeiraopreto.com.br\/wp-content\/uploads\/2023\/12\/CagedRP-Marcelo-Camargo-Ag.Br_-scaled.jpg?fit=1000%2C598&ssl=1&resize=700%2C400 2x"},"classes":[]},{"id":18337,"url":"https:\/\/noticiasribeiraopreto.com.br\/index.php\/2023\/12\/20\/inadimplencia-recua-em-novembro-em-rp\/","url_meta":{"origin":1023,"position":5},"title":"Inadimpl\u00eancia recua\u00a0em novembro\u00a0em RP &#8211; Jornal Tribuna Ribeir\u00e3o","author":"noticiasribeiraopreto.com.br","date":"20 de December de 2023","format":false,"excerpt":"Ribeir\u00e3o Preto fechou novembro com 294.749 inadimplentes, com valor total acima de R$ 2 bilh\u00f5es, apesar da queda em rela\u00e7\u00e3o a outubro: d\u00e9cimo terceiro amortizou pend\u00eancias Ribeir\u00e3o Preto fechou o primeiro semestre com 292.110 inadimplentes, em julho a cidade j\u00e1 contava com 293.497 pessoas nesta situa\u00e7\u00e3o, em agosto avan\u00e7ou para\u2026","rel":"","context":"In &quot;Not\u00edcias de Ribeir\u00e3o Preto-SP e Regi\u00e3o&quot;","block_context":{"text":"Not\u00edcias de Ribeir\u00e3o Preto-SP e Regi\u00e3o","link":"https:\/\/noticiasribeiraopreto.com.br\/index.php\/category\/noticias-de-ribeirao-preto-sp-e-regiao-ismael-colosi\/"},"img":{"alt_text":"","src":"https:\/\/i0.wp.com\/noticiasribeiraopreto.com.br\/wp-content\/uploads\/2023\/12\/1-calote-agencia-brasil-scaled.jpg?fit=967%2C645&ssl=1&resize=350%2C200","width":350,"height":200,"srcset":"https:\/\/i0.wp.com\/noticiasribeiraopreto.com.br\/wp-content\/uploads\/2023\/12\/1-calote-agencia-brasil-scaled.jpg?fit=967%2C645&ssl=1&resize=350%2C200 1x, https:\/\/i0.wp.com\/noticiasribeiraopreto.com.br\/wp-content\/uploads\/2023\/12\/1-calote-agencia-brasil-scaled.jpg?fit=967%2C645&ssl=1&resize=525%2C300 1.5x, https:\/\/i0.wp.com\/noticiasribeiraopreto.com.br\/wp-content\/uploads\/2023\/12\/1-calote-agencia-brasil-scaled.jpg?fit=967%2C645&ssl=1&resize=700%2C400 2x"},"classes":[]}],"jetpack_sharing_enabled":true,"jetpack_shortlink":"https:\/\/wp.me\/peQAOb-gv","_links":{"self":[{"href":"https:\/\/noticiasribeiraopreto.com.br\/index.php\/wp-json\/wp\/v2\/posts\/1023","targetHints":{"allow":["GET"]}}],"collection":[{"href":"https:\/\/noticiasribeiraopreto.com.br\/index.php\/wp-json\/wp\/v2\/posts"}],"about":[{"href":"https:\/\/noticiasribeiraopreto.com.br\/index.php\/wp-json\/wp\/v2\/types\/post"}],"author":[{"embeddable":true,"href":"https:\/\/noticiasribeiraopreto.com.br\/index.php\/wp-json\/wp\/v2\/users\/1"}],"replies":[{"embeddable":true,"href":"https:\/\/noticiasribeiraopreto.com.br\/index.php\/wp-json\/wp\/v2\/comments?post=1023"}],"version-history":[{"count":0,"href":"https:\/\/noticiasribeiraopreto.com.br\/index.php\/wp-json\/wp\/v2\/posts\/1023\/revisions"}],"wp:featuredmedia":[{"embeddable":true,"href":"https:\/\/noticiasribeiraopreto.com.br\/index.php\/wp-json\/wp\/v2\/media\/1024"}],"wp:attachment":[{"href":"https:\/\/noticiasribeiraopreto.com.br\/index.php\/wp-json\/wp\/v2\/media?parent=1023"}],"wp:term":[{"taxonomy":"category","embeddable":true,"href":"https:\/\/noticiasribeiraopreto.com.br\/index.php\/wp-json\/wp\/v2\/categories?post=1023"},{"taxonomy":"post_tag","embeddable":true,"href":"https:\/\/noticiasribeiraopreto.com.br\/index.php\/wp-json\/wp\/v2\/tags?post=1023"}],"curies":[{"name":"wp","href":"https:\/\/api.w.org\/{rel}","templated":true}]}}