{"id":10232,"date":"2023-12-04T06:03:04","date_gmt":"2023-12-04T09:03:04","guid":{"rendered":"https:\/\/noticiasribeiraopreto.com.br\/index.php\/2023\/12\/04\/5-reacoes-inesperadas-causadas-pelo-leite\/"},"modified":"2023-12-04T06:03:04","modified_gmt":"2023-12-04T09:03:04","slug":"5-reacoes-inesperadas-causadas-pelo-leite","status":"publish","type":"post","link":"https:\/\/noticiasribeiraopreto.com.br\/index.php\/2023\/12\/04\/5-reacoes-inesperadas-causadas-pelo-leite\/","title":{"rendered":"5 rea\u00e7\u00f5es inesperadas causadas pelo leite"},"content":{"rendered":"<div class='code-block code-block-1' style='margin: 8px 0 8px auto; text-align: right; display: block; clear: both;'>\n<p><a href=\"https:\/\/wa.link\/vpicfd\"><img data-recalc-dims=\"1\" class=\"wp-image-4922\" style=\"aspect-ratio: 2.0253164556962027; width: 561px; height: auto;\" src=\"https:\/\/i0.wp.com\/ismaelcolosi.com.br\/wp-content\/uploads\/2023\/11\/grupo-de-empregos-whatsapp-e-facebook-ismael-colosi-vagas.jpg?ssl=1\" alt=\"\" \/><\/a><\/p>\n<!-- \/wp:image -->\n<\/div>\n<p> <br \/>\n<\/p>\n<div>\n<div id=\"attachment_2315761\" class=\"wp-caption alignnone\">\n<div class=\"d-flex justify-content-center\" data-attachment-id=\"2315761\">\n<div class=\"position-relative d-inline-block\"><img data-recalc-dims=\"1\" data-portal-copyright=\"Getty Images\" fetchpriority=\"high\" decoding=\"async\" class=\"wp-image-2315761 size-full\" src=\"https:\/\/i0.wp.com\/catracalivre.com.br\/wp-content\/uploads\/2023\/11\/istock-1354481568.jpg?resize=1254%2C836&#038;ssl=1\" alt=\"No entanto, \u00e9 importante observar que nem todas as pessoas experimentam essas rea\u00e7\u00f5es ao consumir leite e produtos l\u00e1cteos \u2013 iStock\/Getty Images\" width=\"1254\" height=\"836\" srcset=\"https:\/\/catracalivre.com.br\/wp-content\/uploads\/2023\/11\/istock-1354481568.jpg 1254w, https:\/\/catracalivre.com.br\/wp-content\/uploads\/2023\/11\/istock-1354481568-450x300.jpg 450w, https:\/\/catracalivre.com.br\/wp-content\/uploads\/2023\/11\/istock-1354481568-768x512.jpg 768w\" sizes=\"(max-width: 1254px) 100vw, 1254px\"\/><\/p>\n<p>Cr\u00e9ditos: Getty Images<\/p>\n<\/div>\n<\/div>\n<p><span class=\"post-imagem__legenda\">No entanto, \u00e9 importante observar que nem todas as pessoas experimentam essas rea\u00e7\u00f5es ao consumir leite e produtos l\u00e1cteos \u2013 iStock\/Getty Images<\/span><\/p>\n<\/div>\n<p>Considerado uma excelente<strong><a href=\"https:\/\/catracalivre.com.br\/equilibre-se\/fontes-de-calcio-para-quem-tem-restricao-ao-leite\/#:~:text=Os%20temperos%20verdes%2C%20como%20salsinha,leites%20vegetais%20enriquecidos%20com%20c%C3%A1lcio.\" target=\"_blank\" rel=\"noopener\"> fonte de c\u00e1lcio<\/a><\/strong>, o leite \u00e9 essencial para a <strong><a href=\"https:\/\/bvsms.saude.gov.br\/osteoporose-7\/#:~:text=Algumas%20dicas%20podem%20ajudar%20na,%2C%20como%20iogurtes%20e%20queijos).\" target=\"_blank\" rel=\"noopener\">sa\u00fade dos ossos<\/a><\/strong> e pode fornecer prote\u00ednas de alta qualidade, vitaminas A e D, al\u00e9m de minerais como o f\u00f3sforo e magn\u00e9sio.<\/p>\n<p>O consumo do latic\u00ednio, no entanto, pode eventualmente desencadear outros processos n\u00e3o esperados e desagrad\u00e1veis para o corpo. Confira abaixo alguns desses efeitos:<\/p>\n<p><strong>Pigarro<\/strong><br \/>Em algumas pessoas, o consumo de leite e produtos l\u00e1cteos pode levar \u00e0 produ\u00e7\u00e3o excessiva de muco e, consequentemente, ao reflexo de pigarro. Isso ocorre devido \u00e0 presen\u00e7a de prote\u00ednas e gorduras no leite, que podem estimular a produ\u00e7\u00e3o de muco nas vias respirat\u00f3rias e na garganta.<\/p>\n<p>O muco \u00e9 uma subst\u00e2ncia viscosa secretada pelas membranas mucosas do corpo, incluindo as vias respirat\u00f3rias.<\/p>\n<p><strong>Tosse<\/strong><br \/>Essa produ\u00e7\u00e3o excessiva de pigarro pode acabar irritando a garganta e provocando em algumas pessoas tosse. \u00c9 um jeito natural que o corpo encontra de tentar se livrar do inc\u00f4modo.<\/p>\n<p><strong>Voz anasalada<\/strong><br \/>Tamb\u00e9m por conta do muco, algumas pessoas podem notar uma mudan\u00e7a na qualidade da voz. O excesso dessa subst\u00e2ncia nas vias respirat\u00f3rias pode afetar a resson\u00e2ncia vocal, tornando a voz mais abafada.<\/p>\n<p><b>Intoler\u00e2ncia \u00e0 lactose<\/b><br \/>Algumas pessoas possuem uma diminui\u00e7\u00e3o na produ\u00e7\u00e3o de lactase ap\u00f3s a inf\u00e2ncia, levando \u00e0 intoler\u00e2ncia \u00e0 lactose. Isso ocorre porque a lactose n\u00e3o digerida pode fermentar no intestino grosso, causando desconforto abdominal, incha\u00e7o e diarreia.<\/p>\n<h2>Quando parar?<\/h2>\n<p>No entanto, \u00e9 importante observar que nem todas as pessoas experimentam essa rea\u00e7\u00e3o ao consumir leite e produtos l\u00e1cteos. Algumas pessoas podem ser mais sens\u00edveis a esses est\u00edmulos do que outras.<\/p>\n<p>Se voc\u00ea notar que o consumo de leite est\u00e1 associado ao aumento do pigarro ou desconforto na garganta ou outro sintoma, pode ser \u00fatil considerar a redu\u00e7\u00e3o ou elimina\u00e7\u00e3o tempor\u00e1ria de latic\u00ednios da sua dieta para avaliar se isso tem um impacto positivo.<\/p>\n<\/div>\n<p><script>\n\t\t! function(f, b, e, v, n, t, s) {\n\t\t\tif (f.fbq) return;\n\t\t\tn = f.fbq = function() {\n\t\t\t\tn.callMethod ?\n\t\t\t\t\tn.callMethod.apply(n, arguments) : n.queue.push(arguments)\n\t\t\t};\n\t\t\tif (!f._fbq) f._fbq = n;\n\t\t\tn.push = n;\n\t\t\tn.loaded = !0;\n\t\t\tn.version = '2.0';\n\t\t\tn.queue = [];\n\t\t\tt = b.createElement(e);\n\t\t\tt.async = !0;\n\t\t\tt.src = v;\n\t\t\ts = b.getElementsByTagName(e)[0];\n\t\t\ts.parentNode.insertBefore(t, s)\n\t\t}(window, document, 'script',\n\t\t\t'https:\/\/connect.facebook.net\/en_US\/fbevents.js');\n\t\tfbq('init', '338315473262380');\n\t\tfbq('track', 'PageView');\n\t<\/script><br \/>\n<br \/><br \/>\n<br \/><a href=\"https:\/\/catracalivre.com.br\/saude-bem-estar\/5-reacoes-inesperadas-causadas-pelo-leite\/\">Source link <\/a><\/p>\n<!-- CONTENT END 1 -->\n","protected":false},"excerpt":{"rendered":"<p>Cr\u00e9ditos: Getty Images No entanto, \u00e9 importante observar que nem todas as pessoas experimentam essas rea\u00e7\u00f5es ao consumir leite e produtos l\u00e1cteos \u2013 iStock\/Getty Images&#8230;<\/p>\n","protected":false},"author":1,"featured_media":10233,"comment_status":"open","ping_status":"open","sticky":false,"template":"","format":"standard","meta":{"advanced_seo_description":"","jetpack_seo_html_title":"","jetpack_seo_noindex":false,"jetpack_post_was_ever_published":false,"_jetpack_newsletter_access":"","_jetpack_dont_email_post_to_subs":false,"_jetpack_newsletter_tier_id":0,"_jetpack_memberships_contains_paywalled_content":false,"_jetpack_memberships_contains_paid_content":false,"footnotes":"","jetpack_publicize_message":"","jetpack_publicize_feature_enabled":true,"jetpack_social_post_already_shared":true,"jetpack_social_options":{"image_generator_settings":{"template":"highway","default_image_id":0,"font":"","enabled":false},"version":2}},"categories":[19],"tags":[],"class_list":["post-10232","post","type-post","status-publish","format-standard","has-post-thumbnail","hentry","category-variedades"],"jetpack_publicize_connections":[],"jetpack_featured_media_url":"https:\/\/i0.wp.com\/noticiasribeiraopreto.com.br\/wp-content\/uploads\/2023\/12\/istock-1354481568.jpg?fit=1200%2C638&ssl=1","jetpack-related-posts":[{"id":69035,"url":"https:\/\/noticiasribeiraopreto.com.br\/index.php\/2025\/05\/01\/pasta-dental-da-colgate-e-interditada-novamente\/","url_meta":{"origin":10232,"position":0},"title":"Pasta dental da Colgate \u00e9 interditada novamente","author":"noticiasribeiraopreto.com.br","date":"1 de May de 2025","format":false,"excerpt":"1 de maio de 2025 15:011 de maio de 2025 15:0513 Compartilhar0 A Ag\u00eancia Nacional de Vigil\u00e2ncia Sanit\u00e1ria (Anvisa) voltou a interditar cautelarmente o creme dental Total Clean Mint, da marca Colgate, na quarta-feira, 30 de abril. A medida estava suspensa em raz\u00e3o de um recurso da fabricante solicitando a\u2026","rel":"","context":"In &quot;Not\u00edcias de Ribeir\u00e3o Preto-SP e Regi\u00e3o&quot;","block_context":{"text":"Not\u00edcias de Ribeir\u00e3o Preto-SP e Regi\u00e3o","link":"https:\/\/noticiasribeiraopreto.com.br\/index.php\/category\/noticias-de-ribeirao-preto-sp-e-regiao-ismael-colosi\/"},"img":{"alt_text":"","src":"https:\/\/i0.wp.com\/noticiasribeiraopreto.com.br\/wp-content\/uploads\/2025\/05\/anvisa-scaled-1.jpg?fit=700%2C419&ssl=1&resize=350%2C200","width":350,"height":200,"srcset":"https:\/\/i0.wp.com\/noticiasribeiraopreto.com.br\/wp-content\/uploads\/2025\/05\/anvisa-scaled-1.jpg?fit=700%2C419&ssl=1&resize=350%2C200 1x, https:\/\/i0.wp.com\/noticiasribeiraopreto.com.br\/wp-content\/uploads\/2025\/05\/anvisa-scaled-1.jpg?fit=700%2C419&ssl=1&resize=525%2C300 1.5x, https:\/\/i0.wp.com\/noticiasribeiraopreto.com.br\/wp-content\/uploads\/2025\/05\/anvisa-scaled-1.jpg?fit=700%2C419&ssl=1&resize=700%2C400 2x"},"classes":[]},{"id":64841,"url":"https:\/\/noticiasribeiraopreto.com.br\/index.php\/2025\/03\/13\/jornal-da-franca-o-perigo-dos-medicamentos-vencidos-riscos-para-a-saude-que-nao-devem-ser-ignorados\/","url_meta":{"origin":10232,"position":1},"title":"Jornal da Franca &#8211; O perigo dos medicamentos vencidos: riscos para a sa\u00fade que n\u00e3o devem ser ignorados","author":"noticiasribeiraopreto.com.br","date":"13 de March de 2025","format":false,"excerpt":"compartilhar no whatsapp compartilhar no telegram compartilhar no facebook compartilhar no linkedin \u00c9 preciso ter o h\u00e1bito de olhar constantemente as datas de validade dos produtos A tenta\u00e7\u00e3o de usar medicamentos vencidos \u00e9 comum, especialmente quando se trata de um rem\u00e9dio guardado na gaveta por \u201cfalta de op\u00e7\u00e3o\u201d ou quando\u2026","rel":"","context":"In &quot;Not\u00edcias de Franca-SP&quot;","block_context":{"text":"Not\u00edcias de Franca-SP","link":"https:\/\/noticiasribeiraopreto.com.br\/index.php\/category\/noticias-de-ribeirao-preto-sp-e-regiao-ismael-colosi\/noticias-franca-sp\/"},"img":{"alt_text":"","src":"https:\/\/i0.wp.com\/noticiasribeiraopreto.com.br\/wp-content\/uploads\/2025\/03\/closeup-vista-da-mao-do-farmaceutico-tirando-a-caixa-de-remedios-da-prateleira-da-farmacia.jpg?fit=1000%2C667&ssl=1&resize=350%2C200","width":350,"height":200,"srcset":"https:\/\/i0.wp.com\/noticiasribeiraopreto.com.br\/wp-content\/uploads\/2025\/03\/closeup-vista-da-mao-do-farmaceutico-tirando-a-caixa-de-remedios-da-prateleira-da-farmacia.jpg?fit=1000%2C667&ssl=1&resize=350%2C200 1x, https:\/\/i0.wp.com\/noticiasribeiraopreto.com.br\/wp-content\/uploads\/2025\/03\/closeup-vista-da-mao-do-farmaceutico-tirando-a-caixa-de-remedios-da-prateleira-da-farmacia.jpg?fit=1000%2C667&ssl=1&resize=525%2C300 1.5x, https:\/\/i0.wp.com\/noticiasribeiraopreto.com.br\/wp-content\/uploads\/2025\/03\/closeup-vista-da-mao-do-farmaceutico-tirando-a-caixa-de-remedios-da-prateleira-da-farmacia.jpg?fit=1000%2C667&ssl=1&resize=700%2C400 2x"},"classes":[]},{"id":60031,"url":"https:\/\/noticiasribeiraopreto.com.br\/index.php\/2024\/11\/04\/ribeirao-preto-aprova-campanha-permanente-de-incentivo-a-doacao-de-leite-materno\/","url_meta":{"origin":10232,"position":2},"title":"Ribeir\u00e3o Preto Aprova Campanha Permanente de Incentivo \u00e0 Doa\u00e7\u00e3o de Leite Materno","author":"noticiasribeiraopreto.com.br","date":"4 de November de 2024","format":false,"excerpt":"A C\u00e2mara Municipal de Ribeir\u00e3o Preto aprovou um projeto de lei que institui uma campanha permanente de incentivo \u00e0 doa\u00e7\u00e3o de leite materno na cidade. A medida visa promover a conscientiza\u00e7\u00e3o da popula\u00e7\u00e3o sobre a import\u00e2ncia dessa doa\u00e7\u00e3o, essencial para a sa\u00fade de rec\u00e9m-nascidos prematuros e beb\u00eas internados em unidades\u2026","rel":"","context":"In &quot;Not\u00edcias de Ribeir\u00e3o Preto-SP e Regi\u00e3o&quot;","block_context":{"text":"Not\u00edcias de Ribeir\u00e3o Preto-SP e Regi\u00e3o","link":"https:\/\/noticiasribeiraopreto.com.br\/index.php\/category\/noticias-de-ribeirao-preto-sp-e-regiao-ismael-colosi\/"},"img":{"alt_text":"","src":"https:\/\/i0.wp.com\/noticiasribeiraopreto.com.br\/wp-content\/uploads\/2024\/11\/DSC8272-scaled.jpg?fit=1200%2C800&ssl=1&resize=350%2C200","width":350,"height":200,"srcset":"https:\/\/i0.wp.com\/noticiasribeiraopreto.com.br\/wp-content\/uploads\/2024\/11\/DSC8272-scaled.jpg?fit=1200%2C800&ssl=1&resize=350%2C200 1x, https:\/\/i0.wp.com\/noticiasribeiraopreto.com.br\/wp-content\/uploads\/2024\/11\/DSC8272-scaled.jpg?fit=1200%2C800&ssl=1&resize=525%2C300 1.5x, https:\/\/i0.wp.com\/noticiasribeiraopreto.com.br\/wp-content\/uploads\/2024\/11\/DSC8272-scaled.jpg?fit=1200%2C800&ssl=1&resize=700%2C400 2x, https:\/\/i0.wp.com\/noticiasribeiraopreto.com.br\/wp-content\/uploads\/2024\/11\/DSC8272-scaled.jpg?fit=1200%2C800&ssl=1&resize=1050%2C600 3x"},"classes":[]},{"id":51924,"url":"https:\/\/noticiasribeiraopreto.com.br\/index.php\/2024\/06\/01\/pesquisadores-da-usp-ribeirao-criam-canudo-ecologico-que-identifica-bebida-vencida-entenda\/","url_meta":{"origin":10232,"position":3},"title":"Pesquisadores da USP Ribeir\u00e3o criam canudo ecol\u00f3gico que identifica bebida vencida; Entenda","author":"noticiasribeiraopreto.com.br","date":"1 de June de 2024","format":false,"excerpt":"Pesquisadores da Faculdade de Filosofia, Ci\u00eancias e Letras de Ribeir\u00e3o Preto (FFCLRP) da USP (Universidade de S\u00e3o Paulo) desenvolveram um canudo ecol\u00f3gico de baba\u00e7u, que muda de cor caso a bebida esteja vencida. Em busca de alternativas para reduzir o uso de pl\u00e1sticos sint\u00e9ticos, os pesquisadores desenvolvem solu\u00e7\u00f5es ecol\u00f3gicas biodegrad\u00e1veis\u2026","rel":"","context":"In &quot;Not\u00edcias de Ribeir\u00e3o Preto-SP e Regi\u00e3o&quot;","block_context":{"text":"Not\u00edcias de Ribeir\u00e3o Preto-SP e Regi\u00e3o","link":"https:\/\/noticiasribeiraopreto.com.br\/index.php\/category\/noticias-de-ribeirao-preto-sp-e-regiao-ismael-colosi\/"},"img":{"alt_text":"","src":"https:\/\/i0.wp.com\/noticiasribeiraopreto.com.br\/wp-content\/uploads\/2024\/06\/Copia-de-Copia-de-TAMANHO-EXATO-PARA-FOTOS-NO-SISTEMA-NOVO-61_2024-06-01_14-35-06_png_2024-06-01_14-35-06.webp.webp?fit=1200%2C675&ssl=1&resize=350%2C200","width":350,"height":200,"srcset":"https:\/\/i0.wp.com\/noticiasribeiraopreto.com.br\/wp-content\/uploads\/2024\/06\/Copia-de-Copia-de-TAMANHO-EXATO-PARA-FOTOS-NO-SISTEMA-NOVO-61_2024-06-01_14-35-06_png_2024-06-01_14-35-06.webp.webp?fit=1200%2C675&ssl=1&resize=350%2C200 1x, https:\/\/i0.wp.com\/noticiasribeiraopreto.com.br\/wp-content\/uploads\/2024\/06\/Copia-de-Copia-de-TAMANHO-EXATO-PARA-FOTOS-NO-SISTEMA-NOVO-61_2024-06-01_14-35-06_png_2024-06-01_14-35-06.webp.webp?fit=1200%2C675&ssl=1&resize=525%2C300 1.5x, https:\/\/i0.wp.com\/noticiasribeiraopreto.com.br\/wp-content\/uploads\/2024\/06\/Copia-de-Copia-de-TAMANHO-EXATO-PARA-FOTOS-NO-SISTEMA-NOVO-61_2024-06-01_14-35-06_png_2024-06-01_14-35-06.webp.webp?fit=1200%2C675&ssl=1&resize=700%2C400 2x, https:\/\/i0.wp.com\/noticiasribeiraopreto.com.br\/wp-content\/uploads\/2024\/06\/Copia-de-Copia-de-TAMANHO-EXATO-PARA-FOTOS-NO-SISTEMA-NOVO-61_2024-06-01_14-35-06_png_2024-06-01_14-35-06.webp.webp?fit=1200%2C675&ssl=1&resize=1050%2C600 3x"},"classes":[]},{"id":4166,"url":"https:\/\/noticiasribeiraopreto.com.br\/index.php\/2023\/11\/20\/fas-reagem-a-suposta-reconciliacao-de-sandy-e-lucas-lima\/","url_meta":{"origin":10232,"position":4},"title":"F\u00e3s reagem a suposta reconcilia\u00e7\u00e3o de Sandy e Lucas Lima","author":"noticiasribeiraopreto.com.br","date":"20 de November de 2023","format":false,"excerpt":"O universo das celebridades brasileiras foi recentemente sacudido por not\u00edcias sobre a vida pessoal de Sandy e Lucas Lima. Ap\u00f3s dois meses do an\u00fancio de seu div\u00f3rcio, o casal parece ter reconsiderado a decis\u00e3o, gerando uma onda de rea\u00e7\u00f5es entre os f\u00e3s.Segundo informa\u00e7\u00f5es da Coluna do Sodr\u00e9, do Correio Braziliense,\u2026","rel":"","context":"In &quot;Blog&quot;","block_context":{"text":"Blog","link":"https:\/\/noticiasribeiraopreto.com.br\/index.php\/category\/blog\/"},"img":{"alt_text":"","src":"https:\/\/i0.wp.com\/noticiasribeiraopreto.com.br\/wp-content\/uploads\/2023\/11\/postimg-655bec829f6021080.jpg?fit=1200%2C628&ssl=1&resize=350%2C200","width":350,"height":200,"srcset":"https:\/\/i0.wp.com\/noticiasribeiraopreto.com.br\/wp-content\/uploads\/2023\/11\/postimg-655bec829f6021080.jpg?fit=1200%2C628&ssl=1&resize=350%2C200 1x, https:\/\/i0.wp.com\/noticiasribeiraopreto.com.br\/wp-content\/uploads\/2023\/11\/postimg-655bec829f6021080.jpg?fit=1200%2C628&ssl=1&resize=525%2C300 1.5x, https:\/\/i0.wp.com\/noticiasribeiraopreto.com.br\/wp-content\/uploads\/2023\/11\/postimg-655bec829f6021080.jpg?fit=1200%2C628&ssl=1&resize=700%2C400 2x, https:\/\/i0.wp.com\/noticiasribeiraopreto.com.br\/wp-content\/uploads\/2023\/11\/postimg-655bec829f6021080.jpg?fit=1200%2C628&ssl=1&resize=1050%2C600 3x"},"classes":[]},{"id":4240,"url":"https:\/\/noticiasribeiraopreto.com.br\/index.php\/2023\/11\/21\/leite-vegano-e-nutritivo-igual-o-de-vaca-ciencia-responde\/","url_meta":{"origin":10232,"position":5},"title":"Leite vegano \u00e9 nutritivo igual o de vaca? Ci\u00eancia responde","author":"noticiasribeiraopreto.com.br","date":"21 de November de 2023","format":false,"excerpt":"Cr\u00e9ditos: Getty Images\/iStockphotoPesquisa comparou nutrientes encontrados nos leites vegano e de vaca, chegando \u00e0 surpreendente constata\u00e7\u00e3o \u2013 iStock\/Getty Images Embora a substitui\u00e7\u00e3o do leite de vaca por alternativas vegetais tenha se tornado cada vez mais comum, estudo divulgado pela Sociedade Americana de Nutri\u00e7\u00e3o revela que a maioria dessas alternativas (\u00e0\u2026","rel":"","context":"In &quot;Variedades&quot;","block_context":{"text":"Variedades","link":"https:\/\/noticiasribeiraopreto.com.br\/index.php\/category\/variedades\/"},"img":{"alt_text":"","src":"https:\/\/i0.wp.com\/noticiasribeiraopreto.com.br\/wp-content\/uploads\/2023\/11\/istock-1185504054.jpg?fit=1200%2C638&ssl=1&resize=350%2C200","width":350,"height":200,"srcset":"https:\/\/i0.wp.com\/noticiasribeiraopreto.com.br\/wp-content\/uploads\/2023\/11\/istock-1185504054.jpg?fit=1200%2C638&ssl=1&resize=350%2C200 1x, https:\/\/i0.wp.com\/noticiasribeiraopreto.com.br\/wp-content\/uploads\/2023\/11\/istock-1185504054.jpg?fit=1200%2C638&ssl=1&resize=525%2C300 1.5x, https:\/\/i0.wp.com\/noticiasribeiraopreto.com.br\/wp-content\/uploads\/2023\/11\/istock-1185504054.jpg?fit=1200%2C638&ssl=1&resize=700%2C400 2x, https:\/\/i0.wp.com\/noticiasribeiraopreto.com.br\/wp-content\/uploads\/2023\/11\/istock-1185504054.jpg?fit=1200%2C638&ssl=1&resize=1050%2C600 3x"},"classes":[]}],"jetpack_sharing_enabled":true,"jetpack_shortlink":"https:\/\/wp.me\/peQAOb-2F2","_links":{"self":[{"href":"https:\/\/noticiasribeiraopreto.com.br\/index.php\/wp-json\/wp\/v2\/posts\/10232","targetHints":{"allow":["GET"]}}],"collection":[{"href":"https:\/\/noticiasribeiraopreto.com.br\/index.php\/wp-json\/wp\/v2\/posts"}],"about":[{"href":"https:\/\/noticiasribeiraopreto.com.br\/index.php\/wp-json\/wp\/v2\/types\/post"}],"author":[{"embeddable":true,"href":"https:\/\/noticiasribeiraopreto.com.br\/index.php\/wp-json\/wp\/v2\/users\/1"}],"replies":[{"embeddable":true,"href":"https:\/\/noticiasribeiraopreto.com.br\/index.php\/wp-json\/wp\/v2\/comments?post=10232"}],"version-history":[{"count":0,"href":"https:\/\/noticiasribeiraopreto.com.br\/index.php\/wp-json\/wp\/v2\/posts\/10232\/revisions"}],"wp:featuredmedia":[{"embeddable":true,"href":"https:\/\/noticiasribeiraopreto.com.br\/index.php\/wp-json\/wp\/v2\/media\/10233"}],"wp:attachment":[{"href":"https:\/\/noticiasribeiraopreto.com.br\/index.php\/wp-json\/wp\/v2\/media?parent=10232"}],"wp:term":[{"taxonomy":"category","embeddable":true,"href":"https:\/\/noticiasribeiraopreto.com.br\/index.php\/wp-json\/wp\/v2\/categories?post=10232"},{"taxonomy":"post_tag","embeddable":true,"href":"https:\/\/noticiasribeiraopreto.com.br\/index.php\/wp-json\/wp\/v2\/tags?post=10232"}],"curies":[{"name":"wp","href":"https:\/\/api.w.org\/{rel}","templated":true}]}}