{"id":10238,"date":"2023-12-04T06:30:02","date_gmt":"2023-12-04T09:30:02","guid":{"rendered":"https:\/\/noticiasribeiraopreto.com.br\/index.php\/2023\/12\/04\/descubra-quais-sao-as-atividades-que-te-permitem-atuar-como-mei\/"},"modified":"2023-12-04T06:30:02","modified_gmt":"2023-12-04T09:30:02","slug":"descubra-quais-sao-as-atividades-que-te-permitem-atuar-como-mei","status":"publish","type":"post","link":"https:\/\/noticiasribeiraopreto.com.br\/index.php\/2023\/12\/04\/descubra-quais-sao-as-atividades-que-te-permitem-atuar-como-mei\/","title":{"rendered":"Descubra quais s\u00e3o as atividades que te permitem atuar como MEI"},"content":{"rendered":"<div class='code-block code-block-1' style='margin: 8px 0 8px auto; text-align: right; display: block; clear: both;'>\n<p><a href=\"https:\/\/wa.link\/vpicfd\"><img data-recalc-dims=\"1\" class=\"wp-image-4922\" style=\"aspect-ratio: 2.0253164556962027; width: 561px; height: auto;\" src=\"https:\/\/i0.wp.com\/ismaelcolosi.com.br\/wp-content\/uploads\/2023\/11\/grupo-de-empregos-whatsapp-e-facebook-ismael-colosi-vagas.jpg?ssl=1\" alt=\"\" \/><\/a><\/p>\n<!-- \/wp:image -->\n<\/div>\n<p> <br \/>\n<\/p>\n<div id=\"attachment_2297885\">\n<div class=\"d-flex justify-content-center\" data-attachment-id=\"2297885\">\n<div class=\"position-relative d-inline-block\"><img data-recalc-dims=\"1\" data-portal-copyright=\"Istock\/Weekend Images Inc.\" fetchpriority=\"high\" decoding=\"async\" class=\"size-full wp-image-2297885\" src=\"https:\/\/i0.wp.com\/catracalivre.com.br\/wp-content\/uploads\/2023\/09\/istock-638953230.jpg?resize=1254%2C836&#038;ssl=1\" alt=\"MEI: A melhor not\u00edcia para alavancar seu neg\u00f3cio acaba de chegar\" width=\"1254\" height=\"836\" srcset=\"https:\/\/catracalivre.com.br\/wp-content\/uploads\/2023\/09\/istock-638953230.jpg 1254w, https:\/\/catracalivre.com.br\/wp-content\/uploads\/2023\/09\/istock-638953230-450x300.jpg 450w, https:\/\/catracalivre.com.br\/wp-content\/uploads\/2023\/09\/istock-638953230-768x512.jpg 768w\" sizes=\"(max-width: 1254px) 100vw, 1254px\"\/><\/p>\n<p>Cr\u00e9ditos: Istock\/Weekend Images Inc.<\/p>\n<\/div>\n<\/div>\n<p><span class=\"post-imagem__legenda\">MEI: A melhor not\u00edcia para alavancar seu neg\u00f3cio acaba de chegar<\/span><\/p>\n<\/div>\n<p>O <a href=\"https:\/\/catracalivre.com.br\/cidadania\/mei-pode-ter-ate-30-de-desconto-em-compra-de-carro-confira\/\">MEI<\/a> 2024, regime que tem transformado a realidade de aproximadamente 14 milh\u00f5es de brasileiros, oferece benef\u00edcios significativos, como a facilidade no registro, a redu\u00e7\u00e3o de impostos e outros incentivos. No entanto, \u00e9 crucial entender quais profiss\u00f5es podem se enquadrar nesse regime e quais os requisitos para a regulariza\u00e7\u00e3o.<\/p>\n<p>A categoria de Microempreendedores Individuais no Brasil experimenta um crescimento expressivo, impulsionado pelos atrativos do MEI 2024. Esse grupo, formado por milh\u00f5es de empreendedores, tem encontrado na formaliza\u00e7\u00e3o uma maneira eficaz de empreender, beneficiando-se das pol\u00edticas favor\u00e1veis ao pequeno empres\u00e1rio.<\/p>\n<p>Apesar das vantagens oferecidas pelo MEI, nem todas as profiss\u00f5es podem se enquadrar nesse regime. Existem normas espec\u00edficas que determinam quais atividades s\u00e3o permitidas e quais est\u00e3o exclu\u00eddas. A lista de atividades permitidas pode ser consultada no Portal do Empreendedor, proporcionando clareza aos interessados.<\/p>\n<p>Para tornar-se um <a href=\"https:\/\/catracalivre.com.br\/cidadania\/receita-surpreende-e-simplifica-abertura-de-mei-a-partir-de-hoje\/\">Microempreendedor Individual<\/a> em 2024, \u00e9 essencial atender a alguns requisitos espec\u00edficos. O empreendedor interessado deve:<\/p>\n<p><script>\n\t\t! function(f, b, e, v, n, t, s) {\n\t\t\tif (f.fbq) return;\n\t\t\tn = f.fbq = function() {\n\t\t\t\tn.callMethod ?\n\t\t\t\t\tn.callMethod.apply(n, arguments) : n.queue.push(arguments)\n\t\t\t};\n\t\t\tif (!f._fbq) f._fbq = n;\n\t\t\tn.push = n;\n\t\t\tn.loaded = !0;\n\t\t\tn.version = '2.0';\n\t\t\tn.queue = [];\n\t\t\tt = b.createElement(e);\n\t\t\tt.async = !0;\n\t\t\tt.src = v;\n\t\t\ts = b.getElementsByTagName(e)[0];\n\t\t\ts.parentNode.insertBefore(t, s)\n\t\t}(window, document, 'script',\n\t\t\t'https:\/\/connect.facebook.net\/en_US\/fbevents.js');\n\t\tfbq('init', '338315473262380');\n\t\tfbq('track', 'PageView');\n\t<\/script><br \/>\n<br \/><br \/>\n<br \/><a href=\"https:\/\/catracalivre.com.br\/cidadania\/descubra-quais-sao-as-atividades-que-te-permitem-atuar-como-mei\/\">Source link <\/a><\/p>\n<!-- CONTENT END 1 -->\n","protected":false},"excerpt":{"rendered":"<p>Cr\u00e9ditos: Istock\/Weekend Images Inc. MEI: A melhor not\u00edcia para alavancar seu neg\u00f3cio acaba de chegar O MEI 2024, regime que tem transformado a realidade de&#8230;<\/p>\n","protected":false},"author":1,"featured_media":10239,"comment_status":"open","ping_status":"open","sticky":false,"template":"","format":"standard","meta":{"advanced_seo_description":"","jetpack_seo_html_title":"","jetpack_seo_noindex":false,"jetpack_post_was_ever_published":false,"_jetpack_newsletter_access":"","_jetpack_dont_email_post_to_subs":false,"_jetpack_newsletter_tier_id":0,"_jetpack_memberships_contains_paywalled_content":false,"_jetpack_memberships_contains_paid_content":false,"footnotes":"","jetpack_publicize_message":"","jetpack_publicize_feature_enabled":true,"jetpack_social_post_already_shared":true,"jetpack_social_options":{"image_generator_settings":{"template":"highway","default_image_id":0,"font":"","enabled":false},"version":2}},"categories":[19],"tags":[],"class_list":["post-10238","post","type-post","status-publish","format-standard","has-post-thumbnail","hentry","category-variedades"],"jetpack_publicize_connections":[],"jetpack_featured_media_url":"https:\/\/i0.wp.com\/noticiasribeiraopreto.com.br\/wp-content\/uploads\/2023\/12\/fortalecer-financas.jpg?fit=1200%2C638&ssl=1","jetpack-related-posts":[{"id":23837,"url":"https:\/\/noticiasribeiraopreto.com.br\/index.php\/2024\/01\/03\/contribuicao-do-mei-fica-mais-cara-em-janeiro-de-2024-entenda-os-detalhes\/","url_meta":{"origin":10238,"position":0},"title":"Contribui\u00e7\u00e3o do MEI fica mais cara em janeiro de 2024; entenda os detalhes","author":"noticiasribeiraopreto.com.br","date":"3 de January de 2024","format":false,"excerpt":"Voc\u00ea sabe quanto vai pagar de contribui\u00e7\u00e3o mensal do MEI em 2024?\u00a0Parte da taxa se baseia no valor do sal\u00e1rio m\u00ednimo vigente. Assim, com o aumento do sal\u00e1rio m\u00ednimo, a contribui\u00e7\u00e3o tamb\u00e9m dever\u00e1 aumentar. Isso significa que o MEI ter\u00e1 que desembolsar mais alguns reais por m\u00eas para manter seus\u2026","rel":"","context":"In &quot;Vagas de Emprego em Ribeir\u00e3o Preto-SP&quot;","block_context":{"text":"Vagas de Emprego em Ribeir\u00e3o Preto-SP","link":"https:\/\/noticiasribeiraopreto.com.br\/index.php\/category\/empregos-classificados-vagas-trabalho\/vagas-de-empregos-em-ribeirao-preto-regiao-brasil\/"},"img":{"alt_text":"","src":"https:\/\/i0.wp.com\/noticiasribeiraopreto.com.br\/wp-content\/uploads\/2024\/01\/noticiasconcursos.com_.br-contribuicao-do-mei-fica-mais-cara-em-janeiro-de-2024-entenda-os-detalhes-reproducao-canva-37.jpg?fit=1200%2C800&ssl=1&resize=350%2C200","width":350,"height":200,"srcset":"https:\/\/i0.wp.com\/noticiasribeiraopreto.com.br\/wp-content\/uploads\/2024\/01\/noticiasconcursos.com_.br-contribuicao-do-mei-fica-mais-cara-em-janeiro-de-2024-entenda-os-detalhes-reproducao-canva-37.jpg?fit=1200%2C800&ssl=1&resize=350%2C200 1x, https:\/\/i0.wp.com\/noticiasribeiraopreto.com.br\/wp-content\/uploads\/2024\/01\/noticiasconcursos.com_.br-contribuicao-do-mei-fica-mais-cara-em-janeiro-de-2024-entenda-os-detalhes-reproducao-canva-37.jpg?fit=1200%2C800&ssl=1&resize=525%2C300 1.5x, https:\/\/i0.wp.com\/noticiasribeiraopreto.com.br\/wp-content\/uploads\/2024\/01\/noticiasconcursos.com_.br-contribuicao-do-mei-fica-mais-cara-em-janeiro-de-2024-entenda-os-detalhes-reproducao-canva-37.jpg?fit=1200%2C800&ssl=1&resize=700%2C400 2x, https:\/\/i0.wp.com\/noticiasribeiraopreto.com.br\/wp-content\/uploads\/2024\/01\/noticiasconcursos.com_.br-contribuicao-do-mei-fica-mais-cara-em-janeiro-de-2024-entenda-os-detalhes-reproducao-canva-37.jpg?fit=1200%2C800&ssl=1&resize=1050%2C600 3x"},"classes":[]},{"id":17046,"url":"https:\/\/noticiasribeiraopreto.com.br\/index.php\/2023\/12\/17\/mei-tem-novas-atividades-autorizadas-veja-agora-mesmo\/","url_meta":{"origin":10238,"position":1},"title":"MEI tem novas atividades autorizadas? Veja agora mesmo","author":"noticiasribeiraopreto.com.br","date":"17 de December de 2023","format":false,"excerpt":"Cr\u00e9ditos: Istock\/FG TradeMudan\u00e7as na transi\u00e7\u00e3o de MEI para microempresa chegam em breve Antes de iniciar o processo de formaliza\u00e7\u00e3o como Micro Empreendedor Individual (MEI) em 2024, \u00e9 crucial verificar se sua atividade profissional est\u00e1 na lista de atividades autorizadas. Algumas profiss\u00f5es e servi\u00e7os podem n\u00e3o se enquadrar nas regras, resultando\u2026","rel":"","context":"In &quot;Variedades&quot;","block_context":{"text":"Variedades","link":"https:\/\/noticiasribeiraopreto.com.br\/index.php\/category\/variedades\/"},"img":{"alt_text":"","src":"https:\/\/i0.wp.com\/noticiasribeiraopreto.com.br\/wp-content\/uploads\/2023\/12\/1702824913_istock-1463712307.jpg?fit=1200%2C638&ssl=1&resize=350%2C200","width":350,"height":200,"srcset":"https:\/\/i0.wp.com\/noticiasribeiraopreto.com.br\/wp-content\/uploads\/2023\/12\/1702824913_istock-1463712307.jpg?fit=1200%2C638&ssl=1&resize=350%2C200 1x, https:\/\/i0.wp.com\/noticiasribeiraopreto.com.br\/wp-content\/uploads\/2023\/12\/1702824913_istock-1463712307.jpg?fit=1200%2C638&ssl=1&resize=525%2C300 1.5x, https:\/\/i0.wp.com\/noticiasribeiraopreto.com.br\/wp-content\/uploads\/2023\/12\/1702824913_istock-1463712307.jpg?fit=1200%2C638&ssl=1&resize=700%2C400 2x, https:\/\/i0.wp.com\/noticiasribeiraopreto.com.br\/wp-content\/uploads\/2023\/12\/1702824913_istock-1463712307.jpg?fit=1200%2C638&ssl=1&resize=1050%2C600 3x"},"classes":[]},{"id":6898,"url":"https:\/\/noticiasribeiraopreto.com.br\/index.php\/2023\/11\/27\/mei-tem-oportunidade-de-ampliar-valor-da-aposentadoria-no-inss\/","url_meta":{"origin":10238,"position":2},"title":"MEI tem oportunidade de ampliar valor da aposentadoria no INSS","author":"noticiasribeiraopreto.com.br","date":"27 de November de 2023","format":false,"excerpt":"Cr\u00e9ditos: Istock\/JLco - Julia AmaralCHEGA de dor de cabe\u00e7a! MEI comprova renda f\u00e1cil Cada vez mais, indiv\u00edduos optam por abrir um MEI como uma estrat\u00e9gia para alcan\u00e7ar a sonhada aposentadoria. Seja para empreender, obter uma fonte adicional de renda ou garantir o acesso \u00e0 aposentadoria do INSS, o registro como\u2026","rel":"","context":"In &quot;Variedades&quot;","block_context":{"text":"Variedades","link":"https:\/\/noticiasribeiraopreto.com.br\/index.php\/category\/variedades\/"},"img":{"alt_text":"","src":"https:\/\/i0.wp.com\/noticiasribeiraopreto.com.br\/wp-content\/uploads\/2023\/11\/1701085993_fortalecer-financas.jpg?fit=1200%2C638&ssl=1&resize=350%2C200","width":350,"height":200,"srcset":"https:\/\/i0.wp.com\/noticiasribeiraopreto.com.br\/wp-content\/uploads\/2023\/11\/1701085993_fortalecer-financas.jpg?fit=1200%2C638&ssl=1&resize=350%2C200 1x, https:\/\/i0.wp.com\/noticiasribeiraopreto.com.br\/wp-content\/uploads\/2023\/11\/1701085993_fortalecer-financas.jpg?fit=1200%2C638&ssl=1&resize=525%2C300 1.5x, https:\/\/i0.wp.com\/noticiasribeiraopreto.com.br\/wp-content\/uploads\/2023\/11\/1701085993_fortalecer-financas.jpg?fit=1200%2C638&ssl=1&resize=700%2C400 2x, https:\/\/i0.wp.com\/noticiasribeiraopreto.com.br\/wp-content\/uploads\/2023\/11\/1701085993_fortalecer-financas.jpg?fit=1200%2C638&ssl=1&resize=1050%2C600 3x"},"classes":[]},{"id":6459,"url":"https:\/\/noticiasribeiraopreto.com.br\/index.php\/2023\/11\/25\/receita-federal-simplifica-cadastro-mei-entenda\/","url_meta":{"origin":10238,"position":3},"title":"Receita Federal simplifica cadastro MEI; entenda","author":"noticiasribeiraopreto.com.br","date":"25 de November de 2023","format":false,"excerpt":"Cr\u00e9ditos: Istock\/JLco - Julia AmaralReceita SURPREENDE e simplifica abertura de MEI A Receita Federal anunciou uma importante simplifica\u00e7\u00e3o no processo de cadastro para Microempreendedores Individuais (MEI), visando tornar a experi\u00eancia mais eficiente e descomplicada. A principal mudan\u00e7a consiste na elimina\u00e7\u00e3o do campo referente ao Nome Fantasia, tornando o preenchimento do\u2026","rel":"","context":"In &quot;Variedades&quot;","block_context":{"text":"Variedades","link":"https:\/\/noticiasribeiraopreto.com.br\/index.php\/category\/variedades\/"},"img":{"alt_text":"","src":"https:\/\/i0.wp.com\/noticiasribeiraopreto.com.br\/wp-content\/uploads\/2023\/11\/1700962853_fortalecer-financas.jpg?fit=1200%2C638&ssl=1&resize=350%2C200","width":350,"height":200,"srcset":"https:\/\/i0.wp.com\/noticiasribeiraopreto.com.br\/wp-content\/uploads\/2023\/11\/1700962853_fortalecer-financas.jpg?fit=1200%2C638&ssl=1&resize=350%2C200 1x, https:\/\/i0.wp.com\/noticiasribeiraopreto.com.br\/wp-content\/uploads\/2023\/11\/1700962853_fortalecer-financas.jpg?fit=1200%2C638&ssl=1&resize=525%2C300 1.5x, https:\/\/i0.wp.com\/noticiasribeiraopreto.com.br\/wp-content\/uploads\/2023\/11\/1700962853_fortalecer-financas.jpg?fit=1200%2C638&ssl=1&resize=700%2C400 2x, https:\/\/i0.wp.com\/noticiasribeiraopreto.com.br\/wp-content\/uploads\/2023\/11\/1700962853_fortalecer-financas.jpg?fit=1200%2C638&ssl=1&resize=1050%2C600 3x"},"classes":[]},{"id":10152,"url":"https:\/\/noticiasribeiraopreto.com.br\/index.php\/2023\/12\/03\/mei-pode-ampliar-o-valor-da-aposentadoria-pelo-inss\/","url_meta":{"origin":10238,"position":4},"title":"MEI pode ampliar o valor da aposentadoria pelo INSS","author":"noticiasribeiraopreto.com.br","date":"3 de December de 2023","format":false,"excerpt":"Cr\u00e9ditos: Istock\/JLco - Julia AmaralReceita SURPREENDE e simplifica abertura de MEI O Instituto Nacional do Seguro Social (INSS) tem se tornado uma realidade acess\u00edvel para os Microempreendedores Individuais (MEIs), proporcionando n\u00e3o apenas o acesso \u00e0 aposentadoria, mas tamb\u00e9m a uma s\u00e9rie de benef\u00edcios previdenci\u00e1rios. Cada vez mais MEIs t\u00eam optado\u2026","rel":"","context":"In &quot;Variedades&quot;","block_context":{"text":"Variedades","link":"https:\/\/noticiasribeiraopreto.com.br\/index.php\/category\/variedades\/"},"img":{"alt_text":"","src":"https:\/\/i0.wp.com\/noticiasribeiraopreto.com.br\/wp-content\/uploads\/2023\/12\/istock-1416831637.jpg?fit=1200%2C638&ssl=1&resize=350%2C200","width":350,"height":200,"srcset":"https:\/\/i0.wp.com\/noticiasribeiraopreto.com.br\/wp-content\/uploads\/2023\/12\/istock-1416831637.jpg?fit=1200%2C638&ssl=1&resize=350%2C200 1x, https:\/\/i0.wp.com\/noticiasribeiraopreto.com.br\/wp-content\/uploads\/2023\/12\/istock-1416831637.jpg?fit=1200%2C638&ssl=1&resize=525%2C300 1.5x, https:\/\/i0.wp.com\/noticiasribeiraopreto.com.br\/wp-content\/uploads\/2023\/12\/istock-1416831637.jpg?fit=1200%2C638&ssl=1&resize=700%2C400 2x, https:\/\/i0.wp.com\/noticiasribeiraopreto.com.br\/wp-content\/uploads\/2023\/12\/istock-1416831637.jpg?fit=1200%2C638&ssl=1&resize=1050%2C600 3x"},"classes":[]},{"id":54900,"url":"https:\/\/noticiasribeiraopreto.com.br\/index.php\/2024\/07\/25\/aprovado-hoje25-meis-receberao-auxilio-no-valor-de-r-1-412-por-mes-confira-detalhes\/","url_meta":{"origin":10238,"position":5},"title":"Aprovado Hoje(25)! MEIs Receber\u00e3o Aux\u00edlio No Valor de R$ 1.412 por M\u00eas; Confira detalhes","author":"noticiasribeiraopreto.com.br","date":"25 de July de 2024","format":false,"excerpt":"As Microempreendedoras Individuais (MEIS) no Brasil ganharam uma importante aliada para enfrentar os desafios da maternidade. A partir de agora, as MEIs que doarem regularmente ao INSS poder\u00e3o contar com um aux\u00edlio financeiro de R$ 1.412 por quatro meses ap\u00f3s o nascimento do beb\u00ea. Essa iniciativa representa um grande avan\u00e7o\u2026","rel":"","context":"In &quot;Dinheiro e Investimento&quot;","block_context":{"text":"Dinheiro e Investimento","link":"https:\/\/noticiasribeiraopreto.com.br\/index.php\/category\/dinheiro-e-investimento-como-fazer-como-ganhar\/"},"img":{"alt_text":"","src":"https:\/\/i0.wp.com\/noticiasribeiraopreto.com.br\/wp-content\/uploads\/2024\/07\/Auxilio-de.webp.webp?fit=1200%2C630&ssl=1&resize=350%2C200","width":350,"height":200,"srcset":"https:\/\/i0.wp.com\/noticiasribeiraopreto.com.br\/wp-content\/uploads\/2024\/07\/Auxilio-de.webp.webp?fit=1200%2C630&ssl=1&resize=350%2C200 1x, https:\/\/i0.wp.com\/noticiasribeiraopreto.com.br\/wp-content\/uploads\/2024\/07\/Auxilio-de.webp.webp?fit=1200%2C630&ssl=1&resize=525%2C300 1.5x, https:\/\/i0.wp.com\/noticiasribeiraopreto.com.br\/wp-content\/uploads\/2024\/07\/Auxilio-de.webp.webp?fit=1200%2C630&ssl=1&resize=700%2C400 2x, https:\/\/i0.wp.com\/noticiasribeiraopreto.com.br\/wp-content\/uploads\/2024\/07\/Auxilio-de.webp.webp?fit=1200%2C630&ssl=1&resize=1050%2C600 3x"},"classes":[]}],"jetpack_sharing_enabled":true,"jetpack_shortlink":"https:\/\/wp.me\/peQAOb-2F8","_links":{"self":[{"href":"https:\/\/noticiasribeiraopreto.com.br\/index.php\/wp-json\/wp\/v2\/posts\/10238","targetHints":{"allow":["GET"]}}],"collection":[{"href":"https:\/\/noticiasribeiraopreto.com.br\/index.php\/wp-json\/wp\/v2\/posts"}],"about":[{"href":"https:\/\/noticiasribeiraopreto.com.br\/index.php\/wp-json\/wp\/v2\/types\/post"}],"author":[{"embeddable":true,"href":"https:\/\/noticiasribeiraopreto.com.br\/index.php\/wp-json\/wp\/v2\/users\/1"}],"replies":[{"embeddable":true,"href":"https:\/\/noticiasribeiraopreto.com.br\/index.php\/wp-json\/wp\/v2\/comments?post=10238"}],"version-history":[{"count":0,"href":"https:\/\/noticiasribeiraopreto.com.br\/index.php\/wp-json\/wp\/v2\/posts\/10238\/revisions"}],"wp:featuredmedia":[{"embeddable":true,"href":"https:\/\/noticiasribeiraopreto.com.br\/index.php\/wp-json\/wp\/v2\/media\/10239"}],"wp:attachment":[{"href":"https:\/\/noticiasribeiraopreto.com.br\/index.php\/wp-json\/wp\/v2\/media?parent=10238"}],"wp:term":[{"taxonomy":"category","embeddable":true,"href":"https:\/\/noticiasribeiraopreto.com.br\/index.php\/wp-json\/wp\/v2\/categories?post=10238"},{"taxonomy":"post_tag","embeddable":true,"href":"https:\/\/noticiasribeiraopreto.com.br\/index.php\/wp-json\/wp\/v2\/tags?post=10238"}],"curies":[{"name":"wp","href":"https:\/\/api.w.org\/{rel}","templated":true}]}}