{"id":10242,"date":"2023-12-04T06:43:12","date_gmt":"2023-12-04T09:43:12","guid":{"rendered":"https:\/\/noticiasribeiraopreto.com.br\/index.php\/2023\/12\/04\/sp-oferece-12-mil-vagas-em-cursos-gratuitos-de-qualificacao\/"},"modified":"2023-12-04T06:43:12","modified_gmt":"2023-12-04T09:43:12","slug":"sp-oferece-12-mil-vagas-em-cursos-gratuitos-de-qualificacao","status":"publish","type":"post","link":"https:\/\/noticiasribeiraopreto.com.br\/index.php\/2023\/12\/04\/sp-oferece-12-mil-vagas-em-cursos-gratuitos-de-qualificacao\/","title":{"rendered":"SP oferece 12 mil vagas em cursos gratuitos de qualifica\u00e7\u00e3o"},"content":{"rendered":"<div class='code-block code-block-1' style='margin: 8px 0 8px auto; text-align: right; display: block; clear: both;'>\n<p><a href=\"https:\/\/wa.link\/vpicfd\"><img data-recalc-dims=\"1\" class=\"wp-image-4922\" style=\"aspect-ratio: 2.0253164556962027; width: 561px; height: auto;\" src=\"https:\/\/i0.wp.com\/ismaelcolosi.com.br\/wp-content\/uploads\/2023\/11\/grupo-de-empregos-whatsapp-e-facebook-ismael-colosi-vagas.jpg?ssl=1\" alt=\"\" \/><\/a><\/p>\n<!-- \/wp:image -->\n<\/div>\n<p> <br \/>\n<\/p>\n<div>\n<p>O\u00a0Fussp (<a href=\"https:\/\/www.fundosocial.sp.gov.br\/\" target=\"_blank\" rel=\"noopener\">Fundo Social de S\u00e3o Paulo<\/a>)\u00a0firmou parceria com o Servi\u00e7o Nacional de Aprendizagem Comercial em S\u00e3o Paulo (Senac-SP) e o Sebrae e passa a oferecer 18 novos cursos gratuitos de <a href=\"https:\/\/catracalivre.com.br\/educacao\/ita-tem-vagas-para-cursos-gratuitos-e-ead-na-area-de-tecnologia\/\">curta dura\u00e7\u00e3o<\/a> para pessoas em situa\u00e7\u00e3o de vulnerabilidade social.<\/p>\n<p>As forma\u00e7\u00f5es abrangem diversas \u00e1reas, incluindo beleza, gastronomia, moda, administra\u00e7\u00e3o e tecnologia da informa\u00e7\u00e3o.<\/p>\n<div id=\"attachment_2315810\" class=\"wp-caption aligncenter\">\n<div class=\"d-flex justify-content-center\" data-attachment-id=\"2315810\">\n<div class=\"position-relative d-inline-block\"><img data-recalc-dims=\"1\" data-portal-copyright=\"Divulga\u00e7\u00e3o\" fetchpriority=\"high\" decoding=\"async\" class=\"wp-image-2315810 size-full\" src=\"https:\/\/i0.wp.com\/catracalivre.com.br\/wp-content\/uploads\/2023\/12\/cursos-gratuitos-fundo-social-sp.jpeg?resize=750%2C563&#038;ssl=1\" alt=\"SP oferece 12 mil vagas em cursos gratuitos de qualifica\u00e7\u00e3o\" width=\"750\" height=\"563\" srcset=\"https:\/\/catracalivre.com.br\/wp-content\/uploads\/2023\/12\/cursos-gratuitos-fundo-social-sp.jpeg 750w, https:\/\/catracalivre.com.br\/wp-content\/uploads\/2023\/12\/cursos-gratuitos-fundo-social-sp-450x338.jpeg 450w\" sizes=\"(max-width: 750px) 100vw, 750px\"\/><\/p>\n<p>Cr\u00e9ditos: Divulga\u00e7\u00e3o<\/p>\n<\/div>\n<\/div>\n<p><span class=\"post-imagem__legenda\">SP oferece 12 mil vagas em cursos gratuitos de qualifica\u00e7\u00e3o<\/span><\/p>\n<\/div>\n<p>Entre os novos cursos gratuitos oferecidos pelo Fussp est\u00e3o:<\/p>\n<ul>\n<li>Brigadeiro Gourmet,<\/li>\n<li>Telemarketing,<\/li>\n<li>Gest\u00e3o de Brech\u00f3s,<\/li>\n<li>Administra\u00e7\u00e3o de Buffet Infantil.<\/li>\n<\/ul>\n<p>Uma especializa\u00e7\u00e3o espec\u00edfica sobre empreendedorismo, ministrada pelo Sebrae, tamb\u00e9m est\u00e1 dispon\u00edvel no curr\u00edculo dos cursos.<\/p>\n<h2>Local dos cursos gratuitos<\/h2>\n<p>As aulas est\u00e3o sendo oferecidas em tr\u00eas unidades do Programa Pra\u00e7a da Cidadania, em Parais\u00f3polis, na zona sul da capital, em Guarulhos e Santo Andr\u00e9, na Grande S\u00e3o Paulo, e em 10 unidades dos Centros de Integra\u00e7\u00e3o da Cidadania (CIC\u2019s), da Secretaria de Justi\u00e7a do Governo de SP.<\/p>\n<p>As informa\u00e7\u00f5es completas sobre inscri\u00e7\u00f5es, cursos e locais das aulas podem ser encontradas no\u00a0site do Fussp. Para participar \u00e9 necess\u00e1rio apenas ter mais de 18 anos.<\/p>\n<p>O Fundo Social \u00e9 um \u00f3rg\u00e3o do governo do Estado de S\u00e3o Paulo tem como objetivo instituir programas sociais destinados a atender diretamente pessoas em situa\u00e7\u00e3o de vulnerabilidade social ou atrav\u00e9s do apoio \u00e0s organiza\u00e7\u00f5es sociais e munic\u00edpios, especialmente por meio da oferta de cursos de capacita\u00e7\u00e3o profissional e oferta de ajuda humanit\u00e1ria.<\/p>\n<\/div>\n<p><script>\n\t\t! function(f, b, e, v, n, t, s) {\n\t\t\tif (f.fbq) return;\n\t\t\tn = f.fbq = function() {\n\t\t\t\tn.callMethod ?\n\t\t\t\t\tn.callMethod.apply(n, arguments) : n.queue.push(arguments)\n\t\t\t};\n\t\t\tif (!f._fbq) f._fbq = n;\n\t\t\tn.push = n;\n\t\t\tn.loaded = !0;\n\t\t\tn.version = '2.0';\n\t\t\tn.queue = [];\n\t\t\tt = b.createElement(e);\n\t\t\tt.async = !0;\n\t\t\tt.src = v;\n\t\t\ts = b.getElementsByTagName(e)[0];\n\t\t\ts.parentNode.insertBefore(t, s)\n\t\t}(window, document, 'script',\n\t\t\t'https:\/\/connect.facebook.net\/en_US\/fbevents.js');\n\t\tfbq('init', '338315473262380');\n\t\tfbq('track', 'PageView');\n\t<\/script><br \/>\n<br \/><br \/>\n<br \/><a href=\"https:\/\/catracalivre.com.br\/educacao\/sp-oferece-12-mil-vagas-em-cursos-gratuitos-de-qualificacao\/\">Source link <\/a><\/p>\n<!-- CONTENT END 1 -->\n","protected":false},"excerpt":{"rendered":"<p>O\u00a0Fussp (Fundo Social de S\u00e3o Paulo)\u00a0firmou parceria com o Servi\u00e7o Nacional de Aprendizagem Comercial em S\u00e3o Paulo (Senac-SP) e o Sebrae e passa a oferecer&#8230;<\/p>\n","protected":false},"author":1,"featured_media":10243,"comment_status":"open","ping_status":"open","sticky":false,"template":"","format":"standard","meta":{"advanced_seo_description":"","jetpack_seo_html_title":"","jetpack_seo_noindex":false,"jetpack_post_was_ever_published":false,"_jetpack_newsletter_access":"","_jetpack_dont_email_post_to_subs":false,"_jetpack_newsletter_tier_id":0,"_jetpack_memberships_contains_paywalled_content":false,"_jetpack_memberships_contains_paid_content":false,"footnotes":"","jetpack_publicize_message":"","jetpack_publicize_feature_enabled":true,"jetpack_social_post_already_shared":true,"jetpack_social_options":{"image_generator_settings":{"template":"highway","default_image_id":0,"font":"","enabled":false},"version":2}},"categories":[19],"tags":[],"class_list":["post-10242","post","type-post","status-publish","format-standard","has-post-thumbnail","hentry","category-variedades"],"jetpack_publicize_connections":[],"jetpack_featured_media_url":"https:\/\/i0.wp.com\/noticiasribeiraopreto.com.br\/wp-content\/uploads\/2023\/12\/cursos-gratuitos-senac-sp.png?fit=1200%2C638&ssl=1","jetpack-related-posts":[{"id":11238,"url":"https:\/\/noticiasribeiraopreto.com.br\/index.php\/2023\/12\/05\/fundo-social-de-sp-oferece-18-novos-cursos-gratuitos\/","url_meta":{"origin":10242,"position":0},"title":"Fundo Social de SP oferece 18 novos cursos gratuitos","author":"noticiasribeiraopreto.com.br","date":"5 de December de 2023","format":false,"excerpt":"O\u00a0Fundo Social de S\u00e3o Paulo\u00a0firmou parceria in\u00e9dita com o Servi\u00e7o Nacional de Aprendizagem Comercial (Senac) e o Servi\u00e7o Brasileiro de Apoio \u00e0s Micro e Pequenas Empresas (Sebrae) para oferecer 18 novos cursos gratuitos de curta dura\u00e7\u00e3o. Os cursos gratuitos s\u00e3o voltados a pessoas em situa\u00e7\u00e3o de vulnerabilidade social. Cr\u00e9ditos: iSTockFundo\u2026","rel":"","context":"In &quot;Variedades&quot;","block_context":{"text":"Variedades","link":"https:\/\/noticiasribeiraopreto.com.br\/index.php\/category\/variedades\/"},"img":{"alt_text":"","src":"https:\/\/i0.wp.com\/noticiasribeiraopreto.com.br\/wp-content\/uploads\/2023\/12\/financas.jpg?fit=1200%2C638&ssl=1&resize=350%2C200","width":350,"height":200,"srcset":"https:\/\/i0.wp.com\/noticiasribeiraopreto.com.br\/wp-content\/uploads\/2023\/12\/financas.jpg?fit=1200%2C638&ssl=1&resize=350%2C200 1x, https:\/\/i0.wp.com\/noticiasribeiraopreto.com.br\/wp-content\/uploads\/2023\/12\/financas.jpg?fit=1200%2C638&ssl=1&resize=525%2C300 1.5x, https:\/\/i0.wp.com\/noticiasribeiraopreto.com.br\/wp-content\/uploads\/2023\/12\/financas.jpg?fit=1200%2C638&ssl=1&resize=700%2C400 2x, https:\/\/i0.wp.com\/noticiasribeiraopreto.com.br\/wp-content\/uploads\/2023\/12\/financas.jpg?fit=1200%2C638&ssl=1&resize=1050%2C600 3x"},"classes":[]},{"id":4350,"url":"https:\/\/noticiasribeiraopreto.com.br\/index.php\/2023\/11\/21\/sp-oferece-vagas-em-cursos-gratuitos-so-para-mulheres\/","url_meta":{"origin":10242,"position":1},"title":"SP oferece vagas em cursos gratuitos s\u00f3 para mulheres","author":"noticiasribeiraopreto.com.br","date":"21 de November de 2023","format":false,"excerpt":"O governo de S\u00e3o Paulo, atrav\u00e9s do programa Qualifica SP Empreenda, est\u00e1 com vagas abertas para cursos gratuitos exclusivos para mulheres. S\u00e3o 100 vagas em capacita\u00e7\u00f5es totalmente online.A iniciativa oferece ainda mentoria e acesso \u00e0 linha de microcr\u00e9dito do Banco do Povo.Cr\u00e9ditos: FG Trade\/iStockGoverno de SP oferece vagas em cursos\u2026","rel":"","context":"In &quot;Variedades&quot;","block_context":{"text":"Variedades","link":"https:\/\/noticiasribeiraopreto.com.br\/index.php\/category\/variedades\/"},"img":{"alt_text":"","src":"https:\/\/i0.wp.com\/noticiasribeiraopreto.com.br\/wp-content\/uploads\/2023\/11\/cursos-gratuitos-online.jpg?fit=1200%2C638&ssl=1&resize=350%2C200","width":350,"height":200,"srcset":"https:\/\/i0.wp.com\/noticiasribeiraopreto.com.br\/wp-content\/uploads\/2023\/11\/cursos-gratuitos-online.jpg?fit=1200%2C638&ssl=1&resize=350%2C200 1x, https:\/\/i0.wp.com\/noticiasribeiraopreto.com.br\/wp-content\/uploads\/2023\/11\/cursos-gratuitos-online.jpg?fit=1200%2C638&ssl=1&resize=525%2C300 1.5x, https:\/\/i0.wp.com\/noticiasribeiraopreto.com.br\/wp-content\/uploads\/2023\/11\/cursos-gratuitos-online.jpg?fit=1200%2C638&ssl=1&resize=700%2C400 2x, https:\/\/i0.wp.com\/noticiasribeiraopreto.com.br\/wp-content\/uploads\/2023\/11\/cursos-gratuitos-online.jpg?fit=1200%2C638&ssl=1&resize=1050%2C600 3x"},"classes":[]},{"id":7936,"url":"https:\/\/noticiasribeiraopreto.com.br\/index.php\/2023\/11\/29\/sesi-sp-oferece-cursos-gratuitos-para-jovens-e-adultos\/","url_meta":{"origin":10242,"position":2},"title":"Sesi-SP oferece cursos gratuitos para jovens e adultos","author":"noticiasribeiraopreto.com.br","date":"29 de November de 2023","format":false,"excerpt":"O Servi\u00e7o Social da Ind\u00fastria em S\u00e3o Paulo (Sesi-SP) est\u00e1 com inscri\u00e7\u00f5es abertas para Educa\u00e7\u00e3o de Jovens e Adultos, com a Nova EJA e a EJA Profissionalizante. Os programas s\u00e3o gratuitos e visam proporcionar a conclus\u00e3o da educa\u00e7\u00e3o b\u00e1sica para aqueles que n\u00e3o tiveram a oportunidade de finaliz\u00e1-la. Cr\u00e9ditos: Divulga\u00e7\u00e3oInscri\u00e7\u00f5es\u2026","rel":"","context":"In &quot;Variedades&quot;","block_context":{"text":"Variedades","link":"https:\/\/noticiasribeiraopreto.com.br\/index.php\/category\/variedades\/"},"img":{"alt_text":"","src":"https:\/\/i0.wp.com\/noticiasribeiraopreto.com.br\/wp-content\/uploads\/2023\/11\/escolas-sesi-sp.jpg?fit=1200%2C638&ssl=1&resize=350%2C200","width":350,"height":200,"srcset":"https:\/\/i0.wp.com\/noticiasribeiraopreto.com.br\/wp-content\/uploads\/2023\/11\/escolas-sesi-sp.jpg?fit=1200%2C638&ssl=1&resize=350%2C200 1x, https:\/\/i0.wp.com\/noticiasribeiraopreto.com.br\/wp-content\/uploads\/2023\/11\/escolas-sesi-sp.jpg?fit=1200%2C638&ssl=1&resize=525%2C300 1.5x, https:\/\/i0.wp.com\/noticiasribeiraopreto.com.br\/wp-content\/uploads\/2023\/11\/escolas-sesi-sp.jpg?fit=1200%2C638&ssl=1&resize=700%2C400 2x, https:\/\/i0.wp.com\/noticiasribeiraopreto.com.br\/wp-content\/uploads\/2023\/11\/escolas-sesi-sp.jpg?fit=1200%2C638&ssl=1&resize=1050%2C600 3x"},"classes":[]},{"id":7444,"url":"https:\/\/noticiasribeiraopreto.com.br\/index.php\/2023\/11\/28\/sesc-oferece-cursos-gratuitos-para-publico-lgbtqiap\/","url_meta":{"origin":10242,"position":3},"title":"Sesc oferece cursos gratuitos para p\u00fablico LGBTQIAP+","author":"noticiasribeiraopreto.com.br","date":"28 de November de 2023","format":false,"excerpt":"A unidade do Servi\u00e7o Social do Com\u00e9rcio (Sesc) em Santo Andr\u00e9 , na Grande S\u00e3o Paulo, est\u00e1 com inscri\u00e7\u00f5es abertas em cursos gratuitos de inclus\u00e3o digital voltados ao p\u00fablico LGBTQIAP+. As atividades s\u00e3o gratuitas e acontecem mediante inscri\u00e7\u00f5es pelo Portal Sesc SP. Cr\u00e9ditos: iStockSesc oferece cursos gratuitos para p\u00fablico LGBTQIAP+\u2026","rel":"","context":"In &quot;Variedades&quot;","block_context":{"text":"Variedades","link":"https:\/\/noticiasribeiraopreto.com.br\/index.php\/category\/variedades\/"},"img":{"alt_text":"","src":"https:\/\/i0.wp.com\/noticiasribeiraopreto.com.br\/wp-content\/uploads\/2023\/11\/pexels-luca-sammarco-6155000.jpg?fit=1200%2C638&ssl=1&resize=350%2C200","width":350,"height":200,"srcset":"https:\/\/i0.wp.com\/noticiasribeiraopreto.com.br\/wp-content\/uploads\/2023\/11\/pexels-luca-sammarco-6155000.jpg?fit=1200%2C638&ssl=1&resize=350%2C200 1x, https:\/\/i0.wp.com\/noticiasribeiraopreto.com.br\/wp-content\/uploads\/2023\/11\/pexels-luca-sammarco-6155000.jpg?fit=1200%2C638&ssl=1&resize=525%2C300 1.5x, https:\/\/i0.wp.com\/noticiasribeiraopreto.com.br\/wp-content\/uploads\/2023\/11\/pexels-luca-sammarco-6155000.jpg?fit=1200%2C638&ssl=1&resize=700%2C400 2x, https:\/\/i0.wp.com\/noticiasribeiraopreto.com.br\/wp-content\/uploads\/2023\/11\/pexels-luca-sammarco-6155000.jpg?fit=1200%2C638&ssl=1&resize=1050%2C600 3x"},"classes":[]},{"id":13100,"url":"https:\/\/noticiasribeiraopreto.com.br\/index.php\/2023\/12\/09\/senai-abre-vagas-em-cursos-tecnicos-gratuitos-no-interior-de-sp\/","url_meta":{"origin":10242,"position":4},"title":"Senai abre vagas em cursos t\u00e9cnicos gratuitos no interior de SP","author":"noticiasribeiraopreto.com.br","date":"9 de December de 2023","format":false,"excerpt":"O Servi\u00e7o Nacional de Aprendizagem Industrial em S\u00e3o Paulo (Senai-SP) est\u00e1 com inscri\u00e7\u00f5es abertas para mais de 40 cursos t\u00e9cnicos gratuitos de curta dura\u00e7\u00e3o no interior do estado. As vagas s\u00e3o para cursos presencial e na modalidade de ensino a dist\u00e2ncia (EaD). Cr\u00e9ditos: Divulga\u00e7\u00e3oSenai est\u00e1 com inscri\u00e7\u00f5es abertas para cursos\u2026","rel":"","context":"In &quot;Variedades&quot;","block_context":{"text":"Variedades","link":"https:\/\/noticiasribeiraopreto.com.br\/index.php\/category\/variedades\/"},"img":{"alt_text":"","src":"https:\/\/i0.wp.com\/noticiasribeiraopreto.com.br\/wp-content\/uploads\/2023\/12\/cursos-gratuitos-senai-botucatu.jpg?fit=1200%2C638&ssl=1&resize=350%2C200","width":350,"height":200,"srcset":"https:\/\/i0.wp.com\/noticiasribeiraopreto.com.br\/wp-content\/uploads\/2023\/12\/cursos-gratuitos-senai-botucatu.jpg?fit=1200%2C638&ssl=1&resize=350%2C200 1x, https:\/\/i0.wp.com\/noticiasribeiraopreto.com.br\/wp-content\/uploads\/2023\/12\/cursos-gratuitos-senai-botucatu.jpg?fit=1200%2C638&ssl=1&resize=525%2C300 1.5x, https:\/\/i0.wp.com\/noticiasribeiraopreto.com.br\/wp-content\/uploads\/2023\/12\/cursos-gratuitos-senai-botucatu.jpg?fit=1200%2C638&ssl=1&resize=700%2C400 2x, https:\/\/i0.wp.com\/noticiasribeiraopreto.com.br\/wp-content\/uploads\/2023\/12\/cursos-gratuitos-senai-botucatu.jpg?fit=1200%2C638&ssl=1&resize=1050%2C600 3x"},"classes":[]},{"id":8221,"url":"https:\/\/noticiasribeiraopreto.com.br\/index.php\/2023\/11\/29\/prefeitura-de-sp-oferece-cursos-gratuitos-profissionalizantes\/","url_meta":{"origin":10242,"position":5},"title":"Prefeitura de SP oferece cursos gratuitos profissionalizantes","author":"noticiasribeiraopreto.com.br","date":"29 de November de 2023","format":false,"excerpt":"A Prefeitura de S\u00e3o Paulo est\u00e1 com inscri\u00e7\u00f5es abertas para cursos gratuitos profissionalizantes para jovens e adultos. As capacita\u00e7\u00f5es acontecem no primeiro semestre de 2024. Podem se inscrever alunos da rede p\u00fablica a partir de 14 anos, da Educa\u00e7\u00e3o de Jovens e Adultos (EJA) e da comunidade em geral. Cr\u00e9ditos:\u2026","rel":"","context":"In &quot;Variedades&quot;","block_context":{"text":"Variedades","link":"https:\/\/noticiasribeiraopreto.com.br\/index.php\/category\/variedades\/"},"img":{"alt_text":"","src":"https:\/\/i0.wp.com\/noticiasribeiraopreto.com.br\/wp-content\/uploads\/2023\/11\/1701290409_cursos-gratuitos-pmsp.jpg?fit=1200%2C638&ssl=1&resize=350%2C200","width":350,"height":200,"srcset":"https:\/\/i0.wp.com\/noticiasribeiraopreto.com.br\/wp-content\/uploads\/2023\/11\/1701290409_cursos-gratuitos-pmsp.jpg?fit=1200%2C638&ssl=1&resize=350%2C200 1x, https:\/\/i0.wp.com\/noticiasribeiraopreto.com.br\/wp-content\/uploads\/2023\/11\/1701290409_cursos-gratuitos-pmsp.jpg?fit=1200%2C638&ssl=1&resize=525%2C300 1.5x, https:\/\/i0.wp.com\/noticiasribeiraopreto.com.br\/wp-content\/uploads\/2023\/11\/1701290409_cursos-gratuitos-pmsp.jpg?fit=1200%2C638&ssl=1&resize=700%2C400 2x, https:\/\/i0.wp.com\/noticiasribeiraopreto.com.br\/wp-content\/uploads\/2023\/11\/1701290409_cursos-gratuitos-pmsp.jpg?fit=1200%2C638&ssl=1&resize=1050%2C600 3x"},"classes":[]}],"jetpack_sharing_enabled":true,"jetpack_shortlink":"https:\/\/wp.me\/peQAOb-2Fc","_links":{"self":[{"href":"https:\/\/noticiasribeiraopreto.com.br\/index.php\/wp-json\/wp\/v2\/posts\/10242","targetHints":{"allow":["GET"]}}],"collection":[{"href":"https:\/\/noticiasribeiraopreto.com.br\/index.php\/wp-json\/wp\/v2\/posts"}],"about":[{"href":"https:\/\/noticiasribeiraopreto.com.br\/index.php\/wp-json\/wp\/v2\/types\/post"}],"author":[{"embeddable":true,"href":"https:\/\/noticiasribeiraopreto.com.br\/index.php\/wp-json\/wp\/v2\/users\/1"}],"replies":[{"embeddable":true,"href":"https:\/\/noticiasribeiraopreto.com.br\/index.php\/wp-json\/wp\/v2\/comments?post=10242"}],"version-history":[{"count":0,"href":"https:\/\/noticiasribeiraopreto.com.br\/index.php\/wp-json\/wp\/v2\/posts\/10242\/revisions"}],"wp:featuredmedia":[{"embeddable":true,"href":"https:\/\/noticiasribeiraopreto.com.br\/index.php\/wp-json\/wp\/v2\/media\/10243"}],"wp:attachment":[{"href":"https:\/\/noticiasribeiraopreto.com.br\/index.php\/wp-json\/wp\/v2\/media?parent=10242"}],"wp:term":[{"taxonomy":"category","embeddable":true,"href":"https:\/\/noticiasribeiraopreto.com.br\/index.php\/wp-json\/wp\/v2\/categories?post=10242"},{"taxonomy":"post_tag","embeddable":true,"href":"https:\/\/noticiasribeiraopreto.com.br\/index.php\/wp-json\/wp\/v2\/tags?post=10242"}],"curies":[{"name":"wp","href":"https:\/\/api.w.org\/{rel}","templated":true}]}}