{"id":10244,"date":"2023-12-04T07:07:48","date_gmt":"2023-12-04T10:07:48","guid":{"rendered":"https:\/\/noticiasribeiraopreto.com.br\/index.php\/2023\/12\/04\/por-que-tomar-cafe-pode-reduzir-o-risco-de-cancer\/"},"modified":"2023-12-04T07:07:48","modified_gmt":"2023-12-04T10:07:48","slug":"por-que-tomar-cafe-pode-reduzir-o-risco-de-cancer","status":"publish","type":"post","link":"https:\/\/noticiasribeiraopreto.com.br\/index.php\/2023\/12\/04\/por-que-tomar-cafe-pode-reduzir-o-risco-de-cancer\/","title":{"rendered":"Por que tomar caf\u00e9 pode reduzir o risco de c\u00e2ncer?"},"content":{"rendered":"<div class='code-block code-block-1' style='margin: 8px 0 8px auto; text-align: right; display: block; clear: both;'>\n<p><a href=\"https:\/\/wa.link\/vpicfd\"><img data-recalc-dims=\"1\" class=\"wp-image-4922\" style=\"aspect-ratio: 2.0253164556962027; width: 561px; height: auto;\" src=\"https:\/\/i0.wp.com\/ismaelcolosi.com.br\/wp-content\/uploads\/2023\/11\/grupo-de-empregos-whatsapp-e-facebook-ismael-colosi-vagas.jpg?ssl=1\" alt=\"\" \/><\/a><\/p>\n<!-- \/wp:image -->\n<\/div>\n<p> <br \/>\n<\/p>\n<div>\n<div id=\"attachment_2315784\" class=\"wp-caption alignnone\">\n<div class=\"d-flex justify-content-center\" data-attachment-id=\"2315784\">\n<div class=\"position-relative d-inline-block\"><img data-recalc-dims=\"1\" data-portal-copyright=\"Getty Images\/iStockphoto\" fetchpriority=\"high\" decoding=\"async\" class=\"size-full wp-image-2315784\" src=\"https:\/\/i0.wp.com\/catracalivre.com.br\/wp-content\/uploads\/2023\/11\/istock-1450270481.jpg?resize=1254%2C836&#038;ssl=1\" alt=\"Cientistas da Irlanda do Norte descobriram liga\u00e7\u00e3o entre o consumo do caf\u00e9 e menor risco de desenvolvimento de c\u00e2ncer no f\u00edgado \u2013 iStock\/Getty Images\" width=\"1254\" height=\"836\" srcset=\"https:\/\/catracalivre.com.br\/wp-content\/uploads\/2023\/11\/istock-1450270481.jpg 1254w, https:\/\/catracalivre.com.br\/wp-content\/uploads\/2023\/11\/istock-1450270481-450x300.jpg 450w, https:\/\/catracalivre.com.br\/wp-content\/uploads\/2023\/11\/istock-1450270481-768x512.jpg 768w\" sizes=\"(max-width: 1254px) 100vw, 1254px\"\/><\/p>\n<p>Cr\u00e9ditos: Getty Images\/iStockphoto<\/p>\n<\/div>\n<\/div>\n<p><span class=\"post-imagem__legenda\">Cientistas da Irlanda do Norte descobriram liga\u00e7\u00e3o entre o consumo do caf\u00e9 e menor risco de desenvolvimento de c\u00e2ncer no f\u00edgado \u2013 iStock\/Getty Images<\/span><\/p>\n<\/div>\n<p>Cientistas da Universidade Queen, em Belfast, na Irlanda do Norte, descobriram uma liga\u00e7\u00e3o entre o consumo da bebida a menor risco de desenvolvimento de carcinoma hepatocelular, o tipo mais comum de c\u00e2ncer de f\u00edgado.<\/p>\n<p>Os resultados mostraram que, quem toma caf\u00e9, tem 50% menos chance de ter a doen\u00e7a, quando comparados aqueles que n\u00e3o consomem. Isso porque, de acordo com especialistas, o <strong><a href=\"https:\/\/catracalivre.com.br\/saude-bem-estar\/3-alimentos-aumenta-expectativa-de-vida\/\" target=\"_blank\" rel=\"noopener\">antioxidante<\/a><\/strong> assume fun\u00e7\u00e3o protetora contra o c\u00e2ncer.<\/p>\n<p>Para chegar \u00e0 conclus\u00e3o, o estudo, publicado no<strong><a href=\"https:\/\/www.nature.com\/bjc\/\" target=\"_blank\" rel=\"noopener\"> British Journal of Cancer<\/a><\/strong>, analisou os h\u00e1bitos de consumo de caf\u00e9 de 471.779 participantes no Reino Unido. Al\u00e9m disso, esses volunt\u00e1rios se caracterizaram pelos seguintes fatores: idade mais avan\u00e7ada, do sexo masculino e com maior n\u00edvel de escolaridade, se comparados com os demais.<\/p>\n<h2>Poder do caf\u00e9<\/h2>\n<p>O estudo verificou ainda que, entre os participantes que relataram tomar caf\u00e9, a maioria era adepta do tipo sol\u00favel, considerado o mais comum no Reino Unido. Al\u00e9m disso, eles tamb\u00e9m eram mais propensos a ser fumantes anteriores ou atuais, consumir n\u00edveis mais altos de \u00e1lcool, ter colesterol alto e eram menos propensos a ter condi\u00e7\u00f5es cr\u00f4nicas, como diabetes, cirrose, c\u00e1lculos biliares e \u00falceras, em compara\u00e7\u00e3o com os que n\u00e3o bebiam caf\u00e9.<\/p>\n<h2>Impacto do caf\u00e9 para a preven\u00e7\u00e3o do c\u00e2ncer<\/h2>\n<p>Contudo, o resultado do estudo n\u00e3o \u00e9 exatamente surpreendente, uma vez que pesquisas anteriores j\u00e1 apontavam liga\u00e7\u00e3o entre a bebida e o menor risco da doen\u00e7a. Por isso, acredita-se que o caf\u00e9 seja capaz de aumentar o n\u00famero de enzimas que combatem os radicais livres, respons\u00e1veis por algumas doen\u00e7as, como o c\u00e2ncer, por exemplo.<\/p>\n<p>Apesar disso, n\u00e3o \u00e9 poss\u00edvel garantir que o consumo di\u00e1rio n\u00e3o ir\u00e1 impedir o aparecimento de enfermidades, mas ir\u00e1 aumentar as defesas do corpo.<\/p>\n<\/div>\n<p><script>\n\t\t! function(f, b, e, v, n, t, s) {\n\t\t\tif (f.fbq) return;\n\t\t\tn = f.fbq = function() {\n\t\t\t\tn.callMethod ?\n\t\t\t\t\tn.callMethod.apply(n, arguments) : n.queue.push(arguments)\n\t\t\t};\n\t\t\tif (!f._fbq) f._fbq = n;\n\t\t\tn.push = n;\n\t\t\tn.loaded = !0;\n\t\t\tn.version = '2.0';\n\t\t\tn.queue = [];\n\t\t\tt = b.createElement(e);\n\t\t\tt.async = !0;\n\t\t\tt.src = v;\n\t\t\ts = b.getElementsByTagName(e)[0];\n\t\t\ts.parentNode.insertBefore(t, s)\n\t\t}(window, document, 'script',\n\t\t\t'https:\/\/connect.facebook.net\/en_US\/fbevents.js');\n\t\tfbq('init', '338315473262380');\n\t\tfbq('track', 'PageView');\n\t<\/script><br \/>\n<br \/><br \/>\n<br \/><a href=\"https:\/\/catracalivre.com.br\/saude-bem-estar\/por-que-tomar-cafe-pode-reduzir-o-risco-de-cancer\/\">Source link <\/a><\/p>\n<!-- CONTENT END 1 -->\n","protected":false},"excerpt":{"rendered":"<p>Cr\u00e9ditos: Getty Images\/iStockphoto Cientistas da Irlanda do Norte descobriram liga\u00e7\u00e3o entre o consumo do caf\u00e9 e menor risco de desenvolvimento de c\u00e2ncer no f\u00edgado \u2013&#8230;<\/p>\n","protected":false},"author":1,"featured_media":10245,"comment_status":"open","ping_status":"open","sticky":false,"template":"","format":"standard","meta":{"advanced_seo_description":"","jetpack_seo_html_title":"","jetpack_seo_noindex":false,"jetpack_post_was_ever_published":false,"_jetpack_newsletter_access":"","_jetpack_dont_email_post_to_subs":false,"_jetpack_newsletter_tier_id":0,"_jetpack_memberships_contains_paywalled_content":false,"_jetpack_memberships_contains_paid_content":false,"footnotes":"","jetpack_publicize_message":"","jetpack_publicize_feature_enabled":true,"jetpack_social_post_already_shared":true,"jetpack_social_options":{"image_generator_settings":{"template":"highway","default_image_id":0,"font":"","enabled":false},"version":2}},"categories":[19],"tags":[],"class_list":["post-10244","post","type-post","status-publish","format-standard","has-post-thumbnail","hentry","category-variedades"],"jetpack_publicize_connections":[],"jetpack_featured_media_url":"https:\/\/i0.wp.com\/noticiasribeiraopreto.com.br\/wp-content\/uploads\/2023\/12\/istock-1450270481.jpg?fit=1200%2C638&ssl=1","jetpack-related-posts":[{"id":78905,"url":"https:\/\/noticiasribeiraopreto.com.br\/index.php\/2025\/10\/20\/apaixonado-por-cafe-conheca-o-mapa-do-cafe-roteiro-que-movimenta-cafeterias-em-ribeirao-preto\/","url_meta":{"origin":10244,"position":0},"title":"Apaixonado por caf\u00e9? Conhe\u00e7a o &#8216;Mapa do Caf\u00e9&#8217;, roteiro que movimenta cafeterias em Ribeir\u00e3o Preto","author":"noticiasribeiraopreto.com.br","date":"20 de October de 2025","format":false,"excerpt":"O projeto Mapa do Caf\u00e9 come\u00e7ou em 1\u00ba de outubro e segue at\u00e9 30 de novembro em Ribeir\u00e3o Preto. A iniciativa re\u00fane 18 cafeterias da cidade em um roteiro que incentiva o p\u00fablico a conhecer diferentes estabelecimentos e explorar o universo dos caf\u00e9s especiais. Os organizadores distribu\u00edram um guia impresso,\u2026","rel":"","context":"In &quot;Not\u00edcias de Ribeir\u00e3o Preto-SP e Regi\u00e3o&quot;","block_context":{"text":"Not\u00edcias de Ribeir\u00e3o Preto-SP e Regi\u00e3o","link":"https:\/\/noticiasribeiraopreto.com.br\/index.php\/category\/noticias-de-ribeirao-preto-sp-e-regiao-ismael-colosi\/"},"img":{"alt_text":"","src":"https:\/\/i0.wp.com\/noticiasribeiraopreto.com.br\/wp-content\/uploads\/2025\/10\/Copia-de-Copia-de-Copia-de-TAMANHO-EXATO-PARA-FOTOS-NO-SISTEMA-NOVO-2025-10-20T203313.397_2025-10-20_23-34-45.webp.webp?fit=1200%2C675&ssl=1&resize=350%2C200","width":350,"height":200,"srcset":"https:\/\/i0.wp.com\/noticiasribeiraopreto.com.br\/wp-content\/uploads\/2025\/10\/Copia-de-Copia-de-Copia-de-TAMANHO-EXATO-PARA-FOTOS-NO-SISTEMA-NOVO-2025-10-20T203313.397_2025-10-20_23-34-45.webp.webp?fit=1200%2C675&ssl=1&resize=350%2C200 1x, https:\/\/i0.wp.com\/noticiasribeiraopreto.com.br\/wp-content\/uploads\/2025\/10\/Copia-de-Copia-de-Copia-de-TAMANHO-EXATO-PARA-FOTOS-NO-SISTEMA-NOVO-2025-10-20T203313.397_2025-10-20_23-34-45.webp.webp?fit=1200%2C675&ssl=1&resize=525%2C300 1.5x, https:\/\/i0.wp.com\/noticiasribeiraopreto.com.br\/wp-content\/uploads\/2025\/10\/Copia-de-Copia-de-Copia-de-TAMANHO-EXATO-PARA-FOTOS-NO-SISTEMA-NOVO-2025-10-20T203313.397_2025-10-20_23-34-45.webp.webp?fit=1200%2C675&ssl=1&resize=700%2C400 2x, https:\/\/i0.wp.com\/noticiasribeiraopreto.com.br\/wp-content\/uploads\/2025\/10\/Copia-de-Copia-de-Copia-de-TAMANHO-EXATO-PARA-FOTOS-NO-SISTEMA-NOVO-2025-10-20T203313.397_2025-10-20_23-34-45.webp.webp?fit=1200%2C675&ssl=1&resize=1050%2C600 3x"},"classes":[]},{"id":55548,"url":"https:\/\/noticiasribeiraopreto.com.br\/index.php\/2024\/08\/02\/governo-divulga-lista-com-16-marcas-de-cafe-improprias-para-consumo-veja-quais\/","url_meta":{"origin":10244,"position":1},"title":"Governo divulga lista com 16 marcas de caf\u00e9 impr\u00f3prias para consumo; Veja quais","author":"noticiasribeiraopreto.com.br","date":"2 de August de 2024","format":false,"excerpt":"O Minist\u00e9rio da Agricultura e Pecu\u00e1ria (Mapa) divulgou, nesta sexta-feira (2), uma lista com 16 marcas de caf\u00e9 torrado consideradas impr\u00f3prias para o consumo, ap\u00f3s an\u00e1lises encontrarem mat\u00e9rias estranhas, impurezas ou elementos estranhos acima do limite permitido. Os produtos devem ser recolhidos pelas empresas respons\u00e1veis, como prev\u00ea a legisla\u00e7\u00e3o, em\u2026","rel":"","context":"In &quot;Not\u00edcias de Ribeir\u00e3o Preto-SP e Regi\u00e3o&quot;","block_context":{"text":"Not\u00edcias de Ribeir\u00e3o Preto-SP e Regi\u00e3o","link":"https:\/\/noticiasribeiraopreto.com.br\/index.php\/category\/noticias-de-ribeirao-preto-sp-e-regiao-ismael-colosi\/"},"img":{"alt_text":"","src":"https:\/\/i0.wp.com\/noticiasribeiraopreto.com.br\/wp-content\/uploads\/2024\/08\/mca_abr_17061917215_2024-08-02_22-38-23.webp.webp?fit=1170%2C700&ssl=1&resize=350%2C200","width":350,"height":200,"srcset":"https:\/\/i0.wp.com\/noticiasribeiraopreto.com.br\/wp-content\/uploads\/2024\/08\/mca_abr_17061917215_2024-08-02_22-38-23.webp.webp?fit=1170%2C700&ssl=1&resize=350%2C200 1x, https:\/\/i0.wp.com\/noticiasribeiraopreto.com.br\/wp-content\/uploads\/2024\/08\/mca_abr_17061917215_2024-08-02_22-38-23.webp.webp?fit=1170%2C700&ssl=1&resize=525%2C300 1.5x, https:\/\/i0.wp.com\/noticiasribeiraopreto.com.br\/wp-content\/uploads\/2024\/08\/mca_abr_17061917215_2024-08-02_22-38-23.webp.webp?fit=1170%2C700&ssl=1&resize=700%2C400 2x, https:\/\/i0.wp.com\/noticiasribeiraopreto.com.br\/wp-content\/uploads\/2024\/08\/mca_abr_17061917215_2024-08-02_22-38-23.webp.webp?fit=1170%2C700&ssl=1&resize=1050%2C600 3x"},"classes":[]},{"id":67934,"url":"https:\/\/noticiasribeiraopreto.com.br\/index.php\/2025\/04\/20\/jornal-da-franca-rotas-do-cafe-conheca-as-atracoes-da-rota-mogiana-paulista-que-passa-por-franca\/","url_meta":{"origin":10244,"position":2},"title":"Jornal da Franca &#8211; Rotas do Caf\u00e9: conhe\u00e7a as atra\u00e7\u00f5es da Rota Mogiana Paulista, que passa por Franca","author":"noticiasribeiraopreto.com.br","date":"20 de April de 2025","format":false,"excerpt":"compartilhar no whatsapp compartilhar no telegram compartilhar no facebook compartilhar no linkedin As experi\u00eancias de quem percorre a Rota Mogiana v\u00e3o desde trilhas nos cafezais e cursos de torra at\u00e9 visitas a centros de pesquisa. O Estado de S\u00e3o Paulo produz cerca de 5 milh\u00f5es de sacas de caf\u00e9 por\u2026","rel":"","context":"In &quot;Not\u00edcias de Franca-SP&quot;","block_context":{"text":"Not\u00edcias de Franca-SP","link":"https:\/\/noticiasribeiraopreto.com.br\/index.php\/category\/noticias-de-ribeirao-preto-sp-e-regiao-ismael-colosi\/noticias-franca-sp\/"},"img":{"alt_text":"","src":"https:\/\/i0.wp.com\/noticiasribeiraopreto.com.br\/wp-content\/uploads\/2025\/04\/DJI_0192-1024x682-1.jpg?fit=1024%2C682&ssl=1&resize=350%2C200","width":350,"height":200,"srcset":"https:\/\/i0.wp.com\/noticiasribeiraopreto.com.br\/wp-content\/uploads\/2025\/04\/DJI_0192-1024x682-1.jpg?fit=1024%2C682&ssl=1&resize=350%2C200 1x, https:\/\/i0.wp.com\/noticiasribeiraopreto.com.br\/wp-content\/uploads\/2025\/04\/DJI_0192-1024x682-1.jpg?fit=1024%2C682&ssl=1&resize=525%2C300 1.5x, https:\/\/i0.wp.com\/noticiasribeiraopreto.com.br\/wp-content\/uploads\/2025\/04\/DJI_0192-1024x682-1.jpg?fit=1024%2C682&ssl=1&resize=700%2C400 2x"},"classes":[]},{"id":69767,"url":"https:\/\/noticiasribeiraopreto.com.br\/index.php\/2025\/05\/09\/encontro-em-franca-busca-valorizar-como-o-cafe-pode-movimentar-turismo-sustentavel\/","url_meta":{"origin":10244,"position":3},"title":"Encontro em Franca busca valorizar como o caf\u00e9 pode movimentar turismo sustent\u00e1vel","author":"noticiasribeiraopreto.com.br","date":"9 de May de 2025","format":false,"excerpt":"Nos dias 9 e 10 de maio, Franca ser\u00e1 palco do Lan\u00e7amento das Rotas do Caf\u00e9 de S\u00e3o Paulo, iniciativa que une o setor p\u00fablico e a sociedade civil para valorizar a cultura cafeeira do estado e impulsionar o desenvolvimento regional por meio do turismo sustent\u00e1vel. O evento acontece no\u2026","rel":"","context":"In &quot;Not\u00edcias de Franca-SP&quot;","block_context":{"text":"Not\u00edcias de Franca-SP","link":"https:\/\/noticiasribeiraopreto.com.br\/index.php\/category\/noticias-de-ribeirao-preto-sp-e-regiao-ismael-colosi\/noticias-franca-sp\/"},"img":{"alt_text":"","src":"https:\/\/i0.wp.com\/noticiasribeiraopreto.com.br\/wp-content\/uploads\/2025\/05\/cafe.jpg?fit=800%2C534&ssl=1&resize=350%2C200","width":350,"height":200,"srcset":"https:\/\/i0.wp.com\/noticiasribeiraopreto.com.br\/wp-content\/uploads\/2025\/05\/cafe.jpg?fit=800%2C534&ssl=1&resize=350%2C200 1x, https:\/\/i0.wp.com\/noticiasribeiraopreto.com.br\/wp-content\/uploads\/2025\/05\/cafe.jpg?fit=800%2C534&ssl=1&resize=525%2C300 1.5x, https:\/\/i0.wp.com\/noticiasribeiraopreto.com.br\/wp-content\/uploads\/2025\/05\/cafe.jpg?fit=800%2C534&ssl=1&resize=700%2C400 2x"},"classes":[]},{"id":1045,"url":"https:\/\/noticiasribeiraopreto.com.br\/index.php\/2023\/11\/10\/po-de-cafe-sexteto-lanca-novo-album\/","url_meta":{"origin":10244,"position":4},"title":"P\u00f3 de Caf\u00e9: sexteto lan\u00e7a novo \u00e1lbum\u00a0","author":"noticiasribeiraopreto.com.br","date":"10 de November de 2023","format":false,"excerpt":"10 de novembro de 2023 | 9:039 de novembro de 2023 | 16:10 0O grupo de jazz brasileiro P\u00f3 de Caf\u00e9 lan\u00e7a nesta sexta-feira, 10 de novembro, o quinto \u00e1lbum \u201cSu\u00edte do Caf\u00e9\u201d, gravado juntamente com a orquestra USP Filarm\u00f4nica, de Ribeir\u00e3o Preto. O \u00e1lbum est\u00e1 dispon\u00edvel em todas as\u2026","rel":"","context":"In &quot;Not\u00edcias de Ribeir\u00e3o Preto-SP e Regi\u00e3o&quot;","block_context":{"text":"Not\u00edcias de Ribeir\u00e3o Preto-SP e Regi\u00e3o","link":"https:\/\/noticiasribeiraopreto.com.br\/index.php\/category\/noticias-de-ribeirao-preto-sp-e-regiao-ismael-colosi\/"},"img":{"alt_text":"","src":"https:\/\/i0.wp.com\/noticiasribeiraopreto.com.br\/wp-content\/uploads\/2023\/11\/sexteto-scaled.jpg?fit=1000%2C561&ssl=1&resize=350%2C200","width":350,"height":200,"srcset":"https:\/\/i0.wp.com\/noticiasribeiraopreto.com.br\/wp-content\/uploads\/2023\/11\/sexteto-scaled.jpg?fit=1000%2C561&ssl=1&resize=350%2C200 1x, https:\/\/i0.wp.com\/noticiasribeiraopreto.com.br\/wp-content\/uploads\/2023\/11\/sexteto-scaled.jpg?fit=1000%2C561&ssl=1&resize=525%2C300 1.5x, https:\/\/i0.wp.com\/noticiasribeiraopreto.com.br\/wp-content\/uploads\/2023\/11\/sexteto-scaled.jpg?fit=1000%2C561&ssl=1&resize=700%2C400 2x"},"classes":[]},{"id":51213,"url":"https:\/\/noticiasribeiraopreto.com.br\/index.php\/2024\/05\/24\/como-o-cafe-pode-ser-um-aliado-na-carreira\/","url_meta":{"origin":10244,"position":5},"title":"Como o caf\u00e9 pode ser um aliado na carreira","author":"noticiasribeiraopreto.com.br","date":"24 de May de 2024","format":false,"excerpt":"Getty ImagesMais recentemente, o caf\u00e9 protagonizou uma nova tend\u00eancia corporativa, o \u201ccoffee badging\u201d; entenda Acessibilidade L L A- A+ \u25d0 O Brasil \u00e9 o maior produtor e exportador de caf\u00e9 do mundo, representando mais de 30% da produ\u00e7\u00e3o global. O brasileiro consome, em m\u00e9dia, 1.430 x\u00edcaras de caf\u00e9 por ano,\u2026","rel":"","context":"In &quot;Blog&quot;","block_context":{"text":"Blog","link":"https:\/\/noticiasribeiraopreto.com.br\/index.php\/category\/blog\/"},"img":{"alt_text":"","src":"https:\/\/i0.wp.com\/noticiasribeiraopreto.com.br\/wp-content\/uploads\/2024\/05\/carreira-cafe-trabalho-1024x683.jpg?fit=1024%2C683&ssl=1&resize=350%2C200","width":350,"height":200,"srcset":"https:\/\/i0.wp.com\/noticiasribeiraopreto.com.br\/wp-content\/uploads\/2024\/05\/carreira-cafe-trabalho-1024x683.jpg?fit=1024%2C683&ssl=1&resize=350%2C200 1x, https:\/\/i0.wp.com\/noticiasribeiraopreto.com.br\/wp-content\/uploads\/2024\/05\/carreira-cafe-trabalho-1024x683.jpg?fit=1024%2C683&ssl=1&resize=525%2C300 1.5x, https:\/\/i0.wp.com\/noticiasribeiraopreto.com.br\/wp-content\/uploads\/2024\/05\/carreira-cafe-trabalho-1024x683.jpg?fit=1024%2C683&ssl=1&resize=700%2C400 2x"},"classes":[]}],"jetpack_sharing_enabled":true,"jetpack_shortlink":"https:\/\/wp.me\/peQAOb-2Fe","_links":{"self":[{"href":"https:\/\/noticiasribeiraopreto.com.br\/index.php\/wp-json\/wp\/v2\/posts\/10244","targetHints":{"allow":["GET"]}}],"collection":[{"href":"https:\/\/noticiasribeiraopreto.com.br\/index.php\/wp-json\/wp\/v2\/posts"}],"about":[{"href":"https:\/\/noticiasribeiraopreto.com.br\/index.php\/wp-json\/wp\/v2\/types\/post"}],"author":[{"embeddable":true,"href":"https:\/\/noticiasribeiraopreto.com.br\/index.php\/wp-json\/wp\/v2\/users\/1"}],"replies":[{"embeddable":true,"href":"https:\/\/noticiasribeiraopreto.com.br\/index.php\/wp-json\/wp\/v2\/comments?post=10244"}],"version-history":[{"count":0,"href":"https:\/\/noticiasribeiraopreto.com.br\/index.php\/wp-json\/wp\/v2\/posts\/10244\/revisions"}],"wp:featuredmedia":[{"embeddable":true,"href":"https:\/\/noticiasribeiraopreto.com.br\/index.php\/wp-json\/wp\/v2\/media\/10245"}],"wp:attachment":[{"href":"https:\/\/noticiasribeiraopreto.com.br\/index.php\/wp-json\/wp\/v2\/media?parent=10244"}],"wp:term":[{"taxonomy":"category","embeddable":true,"href":"https:\/\/noticiasribeiraopreto.com.br\/index.php\/wp-json\/wp\/v2\/categories?post=10244"},{"taxonomy":"post_tag","embeddable":true,"href":"https:\/\/noticiasribeiraopreto.com.br\/index.php\/wp-json\/wp\/v2\/tags?post=10244"}],"curies":[{"name":"wp","href":"https:\/\/api.w.org\/{rel}","templated":true}]}}