{"id":1025,"date":"2023-11-10T08:24:02","date_gmt":"2023-11-10T11:24:02","guid":{"rendered":"https:\/\/noticiasribeiraopreto.com.br\/index.php\/2023\/11\/10\/dia-do-juizo-o-lado-cristao\/"},"modified":"2023-11-10T08:24:02","modified_gmt":"2023-11-10T11:24:02","slug":"dia-do-juizo-o-lado-cristao","status":"publish","type":"post","link":"https:\/\/noticiasribeiraopreto.com.br\/index.php\/2023\/11\/10\/dia-do-juizo-o-lado-cristao\/","title":{"rendered":"Dia do Ju\u00edzo &#8211; O lado crist\u00e3o\u00a0"},"content":{"rendered":"<div class='code-block code-block-1' style='margin: 8px 0 8px auto; text-align: right; display: block; clear: both;'>\n<p><a href=\"https:\/\/wa.link\/vpicfd\"><img data-recalc-dims=\"1\" class=\"wp-image-4922\" style=\"aspect-ratio: 2.0253164556962027; width: 561px; height: auto;\" src=\"https:\/\/i0.wp.com\/ismaelcolosi.com.br\/wp-content\/uploads\/2023\/11\/grupo-de-empregos-whatsapp-e-facebook-ismael-colosi-vagas.jpg?ssl=1\" alt=\"\" \/><\/a><\/p>\n<!-- \/wp:image -->\n<\/div>\n<p> <br \/>\n<\/p>\n<div>\n<p><b><i><span data-contrast=\"none\">Luiz Paulo Tupynamb\u00e1 *<\/span><\/i><\/b><span data-ccp-props=\"{&quot;201341983&quot;:0,&quot;335559739&quot;:0,&quot;335559740&quot;:276}\">\u00a0<\/span><\/p>\n<p><b><i><span data-contrast=\"none\"><a href=\"https:\/\/www.tribunaribeirao.com.br\/cdn-cgi\/l\/email-protection\" class=\"__cf_email__\" data-cfemail=\"bacecfcac3cddfd8faddd7dbd3d694d9d5d7\">[email\u00a0protected]<\/a><\/span><\/i><\/b><span data-ccp-props=\"{&quot;201341983&quot;:0,&quot;335559739&quot;:0,&quot;335559740&quot;:276}\">\u00a0<\/span><\/p>\n<p><span data-contrast=\"none\">Nos dois textos anteriores que publiquei nesta coluna, falei um pouco sobre a hist\u00f3ria da Palestina, o primeiro falando sobre o lado judeu (publicado em 20 de outubro deste ano) e segundo, sobre o lado palestino (publicado na sexta seguinte). Sempre envio os textos para o Tribuna um dia antes de serem publicados, mas os feriados deste semestre teimaram em cair justamente nas sextas-feiras, para alegria dos afortunados que puderam desfrut\u00e1-los. Mas vamos nessa.<\/span><\/p>\n<p><span data-contrast=\"none\">O trip\u00e9 formado pelas chamadas Religi\u00f5es Abra\u00e2micas, as religi\u00f5es monote\u00edstas, com origem comum na personagem b\u00edblica Abra\u00e3o. A primeira data do s\u00e9timo s\u00e9culo antes de Cristo. \u00c9 o Juda\u00edsmo, base das outras duas religi\u00f5es. A segunda \u00e9 o Cristianismo, que come\u00e7ou a espalhar-se da regi\u00e3o palestina para o mundo ocidental ainda no Imp\u00e9rio Romano, no primeiro s\u00e9culo de nosso calend\u00e1rio. Quase mil e quatrocentos anos depois do surgimento do Juda\u00edsmo surge, na atual Ar\u00e1bia Saudita, o Islamismo. Tendo como figura central Maom\u00e9 (Muhamad, em \u00e1rabe), considerado como o Profeta de Al\u00e1. Ou seja, aquele que professou e espalhou a nova doutrina religiosa.<\/span><\/p>\n<p><span data-contrast=\"none\">Judeus e Crist\u00e3os compartilham um livro em comum, o primeiro testamento da B\u00edblia, chamado de Tor\u00e1 pelos judeus. Escrito em hebraico e aramaico, o Tor\u00e1 n\u00e3o deve ser traduzido, por risco de perda do sentido real de alguns trechos. Para os crist\u00e3os a B\u00edblia pode ser traduzida (existem mais de quatrocentas tradu\u00e7\u00f5es e adapta\u00e7\u00f5es) para que a Palavra de Cristo atinja maior n\u00famero de pessoas no mundo. O Cor\u00e3o (Al Quran, em \u00e1rabe), o livro sagrado dos mu\u00e7ulmanos, \u00e9 um compilado que cont\u00e9m as palavras recebidas pelo profeta Muhammad diretamente de Deus (Al\u00e1) entre os anos de 610 e 632 da era crist\u00e3. Sua tradu\u00e7\u00e3o \u00e9 permitida, desde que passe pela aprova\u00e7\u00e3o da Liga Mu\u00e7ulmana Mundial, sediada em Medina, cidade da Ar\u00e1bia Saudita, vizinha \u00e0 Meca. A primeira vers\u00e3o em portugu\u00eas aprovada foi lan\u00e7ada em 2004.<\/span><\/p>\n<p><span data-contrast=\"none\">Em comum, as tr\u00eas religi\u00f5es tem a Palestina como uma regi\u00e3o sagrada. Jerusal\u00e9m \u00e9 capital religiosa da Terra Prometida para Israel. Jesus nasceu em Bel\u00e9m (hoje parte da Cisjord\u00e2nia), foi supliciado e enterrado em Jerusal\u00e9m, que, ao lado de Roma, s\u00e3o as duas cidades mais importantes para os Crist\u00e3os. Para os mu\u00e7ulmanos foi o destino de Maom\u00e9 em jornada noturna e de sua ascens\u00e3o aos c\u00e9us levado pelos anjos para receber ensinamentos de Al\u00e1. Aqui fica a Mesquita de Al Aqsa, com seu domo dourado. \u00c9 considerada a terceira cidade mais importante do Islamismo.<\/span><\/p>\n<p><span data-contrast=\"none\">Essa origem comum da religi\u00e3o, longe de fazer os povos convertidos viverem em harmonia, tornou-se motivo de dissen\u00e7\u00e3o, intoler\u00e2ncia e viol\u00eancia. Em toda a sua hist\u00f3ria, por ser uma regi\u00e3o de intenso fluxo de bens comerciais, a Palestina, sempre foi objeto de cobi\u00e7a de reis, imperadores e outros tiranos. E a religi\u00e3o foi a arma utilizada para justificar guerras e revoltas, invas\u00f5es e expuls\u00f5es. Para se fazer a guerra \u00e9 preciso ter armas, dinheiro e combatentes convictos de que sua causa \u00e9 mais justa e digna do que a do inimigo. E a religi\u00e3o sempre foi o melhor propaganda de todas as causas.<\/span><\/p>\n<p><span data-contrast=\"none\">Os crist\u00e3os dominaram essa regi\u00e3o a partir de 324 d.C., quando Constantino, que era crist\u00e3o, reunificou o Imp\u00e9rio Romano e pacificou a \u00e1rea. Durante pouco menos de trezentos anos a Palestina viveu um per\u00edodo de relativa paz. V\u00e1rias das principais igrejas foram constru\u00eddas nessa \u00e9poca, como a Bas\u00edlica do Santo Sepulcro, no G\u00f3lgota, local do supl\u00edcio de Cristo. A Palestina tornou-se um lugar de peregrina\u00e7\u00e3o e muitos habitantes da regi\u00e3o converteram-se ao Cristianismo. Por\u00e9m, depois de uma longa campanha militar, os \u00e1rabes conquistaram a Palestina para o Islamismo ap\u00f3s vencerem a Batalha de Jarmuque, em 636, consolidada com a rendi\u00e7\u00e3o de Ces\u00e1rea e Jerusal\u00e9m em 640.<\/span><\/p>\n<p><span data-contrast=\"none\">Depois disso, a presen\u00e7a crist\u00e3 na Palestina s\u00f3 foi importante durante o per\u00edodo das Cruzadas, com maior ou menor sucesso. Alguns reinos crist\u00e3os chegaram a se estabelecer, por\u00e9m, n\u00e3o duravam muito tempo, sendo confrontado por uma s\u00e9rie de reinos e califados isl\u00e2micos. Foi uma \u00e9poca de muitas guerras e campanhas, que contribu\u00edram para o empobrecimento e sofrimento da popula\u00e7\u00e3o palestina. A conquista da Palestina e do Egito pelo Imp\u00e9rio Otomano, por volta de 1515, aprofundou a pobreza e o decl\u00ednio da Palestina. <\/span><\/p>\n<p><span data-contrast=\"none\">Esse dom\u00ednio s\u00f3 foi abolido em 1918, com a derrota do Imp\u00e9rio Otomano na Primeira Guerra Mundial. A regi\u00e3o foi dividida em dois Protetorados (Mandatos), entre a Fran\u00e7a (norte) e Inglaterra (sul). Os crist\u00e3os estavam de volta, mas o Movimento Sionista j\u00e1 estava presente tamb\u00e9m desde o final do s\u00e9culo XIX, trazendo cada vez mais judeus para habitarem a regi\u00e3o da Terra Prometida. Judeus e palestinos come\u00e7aram a se armar, constituindo pequenos ex\u00e9rcitos em forma de mil\u00edcias. Com a proclama\u00e7\u00e3o do Estado de Israel em 1948, pela Assembleia Geral da ONU, estourou a guerra entre palestinos e judeus. Sim, \u00e9 a mesma que est\u00e1 acontecendo (ou continuando) agora. \u00c9 uma guerra intermitente e ao que parece, s\u00f3 vai ter fim quando s\u00f3 restar um povo. E, pelo jeito que as coisas andam, Jeov\u00e1 cumprir\u00e1 o que prometeu ao seu povo.<\/span><\/p>\n<p><span data-contrast=\"none\">Mas, e os palestinos? Ora essa, quem, de verdade, se importa com os favelados do mundo, como s\u00e3o hoje os palestinos? Falem esses favelados \u00e1rabe, portugu\u00eas, hindu, ingl\u00eas ou qualquer outro idioma? Ningu\u00e9m.<\/span><br \/><span data-ccp-props=\"{&quot;201341983&quot;:0,&quot;335559739&quot;:0,&quot;335559740&quot;:276}\">\u00a0<\/span><\/p>\n<p><b><i><span data-contrast=\"none\">*Jornalista e fot\u00f3grafo de rua<\/span><\/i><\/b><span data-ccp-props=\"{&quot;201341983&quot;:0,&quot;335559739&quot;:0,&quot;335559740&quot;:276}\">\u00a0<\/span><\/p>\n<p><span data-ccp-props=\"{&quot;201341983&quot;:0,&quot;335559739&quot;:200,&quot;335559740&quot;:276}\">\u00a0<\/span><\/p>\n<p><span data-ccp-props=\"{&quot;201341983&quot;:0,&quot;335559739&quot;:200,&quot;335559740&quot;:276}\">\u00a0<\/span><\/p>\n<\/div>\n<p><br \/>\n<br \/><a href=\"https:\/\/www.tribunaribeirao.com.br\/site\/dia-do-juizo-o-lado-cristao\/\">Source link <\/a><\/p>\n<!-- CONTENT END 1 -->\n","protected":false},"excerpt":{"rendered":"<p>Luiz Paulo Tupynamb\u00e1 *\u00a0 [email\u00a0protected]\u00a0 Nos dois textos anteriores que publiquei nesta coluna, falei um pouco sobre a hist\u00f3ria da Palestina, o primeiro falando sobre&#8230;<\/p>\n","protected":false},"author":1,"featured_media":1026,"comment_status":"open","ping_status":"open","sticky":false,"template":"","format":"standard","meta":{"advanced_seo_description":"","jetpack_seo_html_title":"","jetpack_seo_noindex":false,"jetpack_post_was_ever_published":false,"_jetpack_newsletter_access":"","_jetpack_dont_email_post_to_subs":false,"_jetpack_newsletter_tier_id":0,"_jetpack_memberships_contains_paywalled_content":false,"_jetpack_memberships_contains_paid_content":false,"footnotes":"","jetpack_publicize_message":"","jetpack_publicize_feature_enabled":true,"jetpack_social_post_already_shared":false,"jetpack_social_options":{"image_generator_settings":{"template":"highway","default_image_id":0,"font":"","enabled":false},"version":2}},"categories":[11],"tags":[],"class_list":["post-1025","post","type-post","status-publish","format-standard","has-post-thumbnail","hentry","category-noticias-de-ribeirao-preto-sp-e-regiao-ismael-colosi"],"jetpack_publicize_connections":[],"jetpack_featured_media_url":"https:\/\/i0.wp.com\/noticiasribeiraopreto.com.br\/wp-content\/uploads\/2023\/11\/luizpaulotupynamba-1-scaled.jpg?fit=1000%2C625&ssl=1","jetpack-related-posts":[{"id":35954,"url":"https:\/\/noticiasribeiraopreto.com.br\/index.php\/2024\/02\/08\/entenda-como-as-novas-regras-da-reforma-tributaria-vao-afetar-o-seu-dia-a-dia\/","url_meta":{"origin":1025,"position":0},"title":"Entenda como as novas regras da Reforma tribut\u00e1ria v\u00e3o afetar o seu dia a dia","author":"noticiasribeiraopreto.com.br","date":"8 de February de 2024","format":false,"excerpt":"Imagem: Google A reforma tribut\u00e1ria, que terminou sua vota\u00e7\u00e3o na C\u00e2mara dos Deputados na madrugada desta sexta-feira (7), traz diversas mudan\u00e7as nos impostos relacionados ao consumo, inclusive aqueles voltados para cestas b\u00e1sicas e medicamentos, afetando o dia a dia do povo brasileiro. Isso porque essas mudan\u00e7as afetam diretamente o consumidor\u2026","rel":"","context":"In &quot;Dinheiro e Investimento&quot;","block_context":{"text":"Dinheiro e Investimento","link":"https:\/\/noticiasribeiraopreto.com.br\/index.php\/category\/dinheiro-e-investimento-como-fazer-como-ganhar\/"},"img":{"alt_text":"","src":"https:\/\/i0.wp.com\/noticiasribeiraopreto.com.br\/wp-content\/uploads\/2024\/02\/front-view-finance-business-elements-assortment.webp.jpeg?fit=1200%2C675&ssl=1&resize=350%2C200","width":350,"height":200,"srcset":"https:\/\/i0.wp.com\/noticiasribeiraopreto.com.br\/wp-content\/uploads\/2024\/02\/front-view-finance-business-elements-assortment.webp.jpeg?fit=1200%2C675&ssl=1&resize=350%2C200 1x, https:\/\/i0.wp.com\/noticiasribeiraopreto.com.br\/wp-content\/uploads\/2024\/02\/front-view-finance-business-elements-assortment.webp.jpeg?fit=1200%2C675&ssl=1&resize=525%2C300 1.5x, https:\/\/i0.wp.com\/noticiasribeiraopreto.com.br\/wp-content\/uploads\/2024\/02\/front-view-finance-business-elements-assortment.webp.jpeg?fit=1200%2C675&ssl=1&resize=700%2C400 2x, https:\/\/i0.wp.com\/noticiasribeiraopreto.com.br\/wp-content\/uploads\/2024\/02\/front-view-finance-business-elements-assortment.webp.jpeg?fit=1200%2C675&ssl=1&resize=1050%2C600 3x"},"classes":[]},{"id":11575,"url":"https:\/\/noticiasribeiraopreto.com.br\/index.php\/2023\/12\/06\/publicado-concurso-da-semed-de-campo-grande-ms-com-323-vagas-para-docente\/","url_meta":{"origin":1025,"position":1},"title":"Publicado concurso da Semed de Campo Grande MS com 323 vagas para docente","author":"noticiasribeiraopreto.com.br","date":"6 de December de 2023","format":false,"excerpt":"Est\u00e1 publicado o edital do concurso da Semed de Campo Grande (Secretaria Municipal de Educa\u00e7\u00e3o), no estado do Mato Grosso do Sul. O certame visa ao provimento de 323 vagas para cargos efetivos de professor, atrav\u00e9s do regime estatut\u00e1rio. Do total de ofertas, 15 s\u00e3o reservadas a pessoas com defici\u00eancia,\u2026","rel":"","context":"In &quot;Vagas de Emprego em Ribeir\u00e3o Preto-SP&quot;","block_context":{"text":"Vagas de Emprego em Ribeir\u00e3o Preto-SP","link":"https:\/\/noticiasribeiraopreto.com.br\/index.php\/category\/empregos-classificados-vagas-trabalho\/vagas-de-empregos-em-ribeirao-preto-regiao-brasil\/"},"img":{"alt_text":"","src":"https:\/\/i0.wp.com\/noticiasribeiraopreto.com.br\/wp-content\/uploads\/2023\/12\/concurso-semed-campo-grande-ms-maps.jpg?fit=1200%2C675&ssl=1&resize=350%2C200","width":350,"height":200,"srcset":"https:\/\/i0.wp.com\/noticiasribeiraopreto.com.br\/wp-content\/uploads\/2023\/12\/concurso-semed-campo-grande-ms-maps.jpg?fit=1200%2C675&ssl=1&resize=350%2C200 1x, https:\/\/i0.wp.com\/noticiasribeiraopreto.com.br\/wp-content\/uploads\/2023\/12\/concurso-semed-campo-grande-ms-maps.jpg?fit=1200%2C675&ssl=1&resize=525%2C300 1.5x, https:\/\/i0.wp.com\/noticiasribeiraopreto.com.br\/wp-content\/uploads\/2023\/12\/concurso-semed-campo-grande-ms-maps.jpg?fit=1200%2C675&ssl=1&resize=700%2C400 2x, https:\/\/i0.wp.com\/noticiasribeiraopreto.com.br\/wp-content\/uploads\/2023\/12\/concurso-semed-campo-grande-ms-maps.jpg?fit=1200%2C675&ssl=1&resize=1050%2C600 3x"},"classes":[]},{"id":54420,"url":"https:\/\/noticiasribeiraopreto.com.br\/index.php\/2024\/07\/10\/entenda-como-as-novas-regras-da-reforma-tributaria-vao-afetar-o-seu-dia-a-dia-2\/","url_meta":{"origin":1025,"position":2},"title":"Entenda como as novas regras da Reforma tribut\u00e1ria v\u00e3o afetar o seu dia a dia","author":"noticiasribeiraopreto.com.br","date":"10 de July de 2024","format":false,"excerpt":"Imagem: Google A reforma tribut\u00e1ria, que terminou sua vota\u00e7\u00e3o na C\u00e2mara dos Deputados na madrugada desta sexta-feira (7), traz diversas mudan\u00e7as nos impostos relacionados ao consumo, inclusive aqueles voltados para cestas b\u00e1sicas e medicamentos, afetando o dia a dia do povo brasileiro. Isso porque essas mudan\u00e7as afetam diretamente o consumidor\u2026","rel":"","context":"In &quot;Dinheiro e Investimento&quot;","block_context":{"text":"Dinheiro e Investimento","link":"https:\/\/noticiasribeiraopreto.com.br\/index.php\/category\/dinheiro-e-investimento-como-fazer-como-ganhar\/"},"img":{"alt_text":"","src":"https:\/\/i0.wp.com\/noticiasribeiraopreto.com.br\/wp-content\/uploads\/2024\/07\/front-view-finance-business-elements-assortment.webp.webp?fit=1200%2C675&ssl=1&resize=350%2C200","width":350,"height":200,"srcset":"https:\/\/i0.wp.com\/noticiasribeiraopreto.com.br\/wp-content\/uploads\/2024\/07\/front-view-finance-business-elements-assortment.webp.webp?fit=1200%2C675&ssl=1&resize=350%2C200 1x, https:\/\/i0.wp.com\/noticiasribeiraopreto.com.br\/wp-content\/uploads\/2024\/07\/front-view-finance-business-elements-assortment.webp.webp?fit=1200%2C675&ssl=1&resize=525%2C300 1.5x, https:\/\/i0.wp.com\/noticiasribeiraopreto.com.br\/wp-content\/uploads\/2024\/07\/front-view-finance-business-elements-assortment.webp.webp?fit=1200%2C675&ssl=1&resize=700%2C400 2x, https:\/\/i0.wp.com\/noticiasribeiraopreto.com.br\/wp-content\/uploads\/2024\/07\/front-view-finance-business-elements-assortment.webp.webp?fit=1200%2C675&ssl=1&resize=1050%2C600 3x"},"classes":[]},{"id":27484,"url":"https:\/\/noticiasribeiraopreto.com.br\/index.php\/2024\/01\/12\/guerreira-nao-queria-partir-xuxa-se-comoveu\/","url_meta":{"origin":1025,"position":3},"title":"&#8216;Guerreira, n\u00e3o queria partir&#8217;; Xuxa se comoveu","author":"noticiasribeiraopreto.com.br","date":"12 de January de 2024","format":false,"excerpt":"De forma recente, a famosa apresentadora Ang\u00e9lica utilizou de suas redes sociais nesta \u00faltima sexta-feira, dia 12 de janeiro, para lamentar uma dura perda que sofreu em sua fam\u00edlia, destacando que se tratou de um membro que lutou at\u00e9 os seus \u00faltimos dias para n\u00e3o partir.No caso, se tratou de\u2026","rel":"","context":"In &quot;Blog&quot;","block_context":{"text":"Blog","link":"https:\/\/noticiasribeiraopreto.com.br\/index.php\/category\/blog\/"},"img":{"alt_text":"","src":"https:\/\/i0.wp.com\/noticiasribeiraopreto.com.br\/wp-content\/uploads\/2024\/01\/postimg-65a15a12a16094741.jpg?fit=1200%2C628&ssl=1&resize=350%2C200","width":350,"height":200,"srcset":"https:\/\/i0.wp.com\/noticiasribeiraopreto.com.br\/wp-content\/uploads\/2024\/01\/postimg-65a15a12a16094741.jpg?fit=1200%2C628&ssl=1&resize=350%2C200 1x, https:\/\/i0.wp.com\/noticiasribeiraopreto.com.br\/wp-content\/uploads\/2024\/01\/postimg-65a15a12a16094741.jpg?fit=1200%2C628&ssl=1&resize=525%2C300 1.5x, https:\/\/i0.wp.com\/noticiasribeiraopreto.com.br\/wp-content\/uploads\/2024\/01\/postimg-65a15a12a16094741.jpg?fit=1200%2C628&ssl=1&resize=700%2C400 2x, https:\/\/i0.wp.com\/noticiasribeiraopreto.com.br\/wp-content\/uploads\/2024\/01\/postimg-65a15a12a16094741.jpg?fit=1200%2C628&ssl=1&resize=1050%2C600 3x"},"classes":[]},{"id":17622,"url":"https:\/\/noticiasribeiraopreto.com.br\/index.php\/2023\/12\/18\/tema-da-redacao-fuvest-2024-e-revelado\/","url_meta":{"origin":1025,"position":4},"title":"Tema da reda\u00e7\u00e3o Fuvest 2024 \u00e9 REVELADO","author":"noticiasribeiraopreto.com.br","date":"18 de December de 2023","format":false,"excerpt":"O Vestibular da\u00a0Fuvest, organizado pela Funda\u00e7\u00e3o Universit\u00e1ria para o Vestibular, \u00e9 um dos mais disputados de todo o pa\u00eds. O processo seletivo permite o ingresso dos participantes aprovados \u00e0 USP, Universidade de S\u00e3o Paulo. A aplica\u00e7\u00e3o das provas da segunda fase desta edi\u00e7\u00e3o do Vestibular da Fuvest come\u00e7ou no \u00faltimo\u2026","rel":"","context":"In &quot;Vagas de Emprego em Ribeir\u00e3o Preto-SP&quot;","block_context":{"text":"Vagas de Emprego em Ribeir\u00e3o Preto-SP","link":"https:\/\/noticiasribeiraopreto.com.br\/index.php\/category\/empregos-classificados-vagas-trabalho\/vagas-de-empregos-em-ribeirao-preto-regiao-brasil\/"},"img":{"alt_text":"","src":"https:\/\/i0.wp.com\/noticiasribeiraopreto.com.br\/wp-content\/uploads\/2023\/12\/noticiasconcursos.com_.br-tema-da-redacao-fuvest-2024-e-revelado-campus-usp-1-750x430.jpeg?fit=750%2C430&ssl=1&resize=350%2C200","width":350,"height":200,"srcset":"https:\/\/i0.wp.com\/noticiasribeiraopreto.com.br\/wp-content\/uploads\/2023\/12\/noticiasconcursos.com_.br-tema-da-redacao-fuvest-2024-e-revelado-campus-usp-1-750x430.jpeg?fit=750%2C430&ssl=1&resize=350%2C200 1x, https:\/\/i0.wp.com\/noticiasribeiraopreto.com.br\/wp-content\/uploads\/2023\/12\/noticiasconcursos.com_.br-tema-da-redacao-fuvest-2024-e-revelado-campus-usp-1-750x430.jpeg?fit=750%2C430&ssl=1&resize=525%2C300 1.5x, https:\/\/i0.wp.com\/noticiasribeiraopreto.com.br\/wp-content\/uploads\/2023\/12\/noticiasconcursos.com_.br-tema-da-redacao-fuvest-2024-e-revelado-campus-usp-1-750x430.jpeg?fit=750%2C430&ssl=1&resize=700%2C400 2x"},"classes":[]},{"id":73604,"url":"https:\/\/noticiasribeiraopreto.com.br\/index.php\/2025\/07\/05\/feira-do-livro-de-ribeirao-preto-celebra-60-anos-de-carreira-de-ignacio-de-loyola-brandao\/","url_meta":{"origin":1025,"position":5},"title":"Feira do Livro de Ribeir\u00e3o Preto celebra 60 anos de carreira de Ign\u00e1cio de Loyola Brand\u00e3o","author":"noticiasribeiraopreto.com.br","date":"5 de July de 2025","format":false,"excerpt":"A programa\u00e7\u00e3o da 24\u00aa edi\u00e7\u00e3o da Feira Internacional do Livro (FIL) de Ribeir\u00e3o Preto, que acontece entre os dias 15 e 24 de agosto, ir\u00e1 homenagear a trajet\u00f3ria liter\u00e1ria de 60 anos de Ign\u00e1cio de Loyola Brand\u00e3o com exposi\u00e7\u00e3o, espet\u00e1culo teatral e palestra. Nascido em Araraquara, Loyola Brand\u00e3o \u00e9 autor\u2026","rel":"","context":"In &quot;Not\u00edcias de Ribeir\u00e3o Preto-SP e Regi\u00e3o&quot;","block_context":{"text":"Not\u00edcias de Ribeir\u00e3o Preto-SP e Regi\u00e3o","link":"https:\/\/noticiasribeiraopreto.com.br\/index.php\/category\/noticias-de-ribeirao-preto-sp-e-regiao-ismael-colosi\/"},"img":{"alt_text":"","src":"https:\/\/i0.wp.com\/noticiasribeiraopreto.com.br\/wp-content\/uploads\/2025\/07\/IgnacioDeLoyollaBrandao_2025-07-05_15-33-15.webp.webp?fit=1200%2C800&ssl=1&resize=350%2C200","width":350,"height":200,"srcset":"https:\/\/i0.wp.com\/noticiasribeiraopreto.com.br\/wp-content\/uploads\/2025\/07\/IgnacioDeLoyollaBrandao_2025-07-05_15-33-15.webp.webp?fit=1200%2C800&ssl=1&resize=350%2C200 1x, https:\/\/i0.wp.com\/noticiasribeiraopreto.com.br\/wp-content\/uploads\/2025\/07\/IgnacioDeLoyollaBrandao_2025-07-05_15-33-15.webp.webp?fit=1200%2C800&ssl=1&resize=525%2C300 1.5x, https:\/\/i0.wp.com\/noticiasribeiraopreto.com.br\/wp-content\/uploads\/2025\/07\/IgnacioDeLoyollaBrandao_2025-07-05_15-33-15.webp.webp?fit=1200%2C800&ssl=1&resize=700%2C400 2x, https:\/\/i0.wp.com\/noticiasribeiraopreto.com.br\/wp-content\/uploads\/2025\/07\/IgnacioDeLoyollaBrandao_2025-07-05_15-33-15.webp.webp?fit=1200%2C800&ssl=1&resize=1050%2C600 3x"},"classes":[]}],"jetpack_sharing_enabled":true,"jetpack_shortlink":"https:\/\/wp.me\/peQAOb-gx","_links":{"self":[{"href":"https:\/\/noticiasribeiraopreto.com.br\/index.php\/wp-json\/wp\/v2\/posts\/1025","targetHints":{"allow":["GET"]}}],"collection":[{"href":"https:\/\/noticiasribeiraopreto.com.br\/index.php\/wp-json\/wp\/v2\/posts"}],"about":[{"href":"https:\/\/noticiasribeiraopreto.com.br\/index.php\/wp-json\/wp\/v2\/types\/post"}],"author":[{"embeddable":true,"href":"https:\/\/noticiasribeiraopreto.com.br\/index.php\/wp-json\/wp\/v2\/users\/1"}],"replies":[{"embeddable":true,"href":"https:\/\/noticiasribeiraopreto.com.br\/index.php\/wp-json\/wp\/v2\/comments?post=1025"}],"version-history":[{"count":0,"href":"https:\/\/noticiasribeiraopreto.com.br\/index.php\/wp-json\/wp\/v2\/posts\/1025\/revisions"}],"wp:featuredmedia":[{"embeddable":true,"href":"https:\/\/noticiasribeiraopreto.com.br\/index.php\/wp-json\/wp\/v2\/media\/1026"}],"wp:attachment":[{"href":"https:\/\/noticiasribeiraopreto.com.br\/index.php\/wp-json\/wp\/v2\/media?parent=1025"}],"wp:term":[{"taxonomy":"category","embeddable":true,"href":"https:\/\/noticiasribeiraopreto.com.br\/index.php\/wp-json\/wp\/v2\/categories?post=1025"},{"taxonomy":"post_tag","embeddable":true,"href":"https:\/\/noticiasribeiraopreto.com.br\/index.php\/wp-json\/wp\/v2\/tags?post=1025"}],"curies":[{"name":"wp","href":"https:\/\/api.w.org\/{rel}","templated":true}]}}