{"id":10252,"date":"2023-12-04T07:31:30","date_gmt":"2023-12-04T10:31:30","guid":{"rendered":"https:\/\/noticiasribeiraopreto.com.br\/index.php\/2023\/12\/04\/veja-a-proposta-de-aumento-de-faturamento-para-mei\/"},"modified":"2023-12-04T07:31:30","modified_gmt":"2023-12-04T10:31:30","slug":"veja-a-proposta-de-aumento-de-faturamento-para-mei","status":"publish","type":"post","link":"https:\/\/noticiasribeiraopreto.com.br\/index.php\/2023\/12\/04\/veja-a-proposta-de-aumento-de-faturamento-para-mei\/","title":{"rendered":"Veja a proposta de aumento de faturamento para MEI"},"content":{"rendered":"<div class='code-block code-block-1' style='margin: 8px 0 8px auto; text-align: right; display: block; clear: both;'>\n<p><a href=\"https:\/\/wa.link\/vpicfd\"><img data-recalc-dims=\"1\" class=\"wp-image-4922\" style=\"aspect-ratio: 2.0253164556962027; width: 561px; height: auto;\" src=\"https:\/\/i0.wp.com\/ismaelcolosi.com.br\/wp-content\/uploads\/2023\/11\/grupo-de-empregos-whatsapp-e-facebook-ismael-colosi-vagas.jpg?ssl=1\" alt=\"\" \/><\/a><\/p>\n<!-- \/wp:image -->\n<\/div>\n<p> <br \/>\n<\/p>\n<div>\n<div id=\"attachment_2286016\" class=\"wp-caption alignnone\">\n<div class=\"d-flex justify-content-center\" data-attachment-id=\"2286016\">\n<div class=\"position-relative d-inline-block\"><img data-recalc-dims=\"1\" data-portal-copyright=\"Istock\/Kerkez\" fetchpriority=\"high\" decoding=\"async\" class=\"size-full wp-image-2286016\" src=\"https:\/\/i0.wp.com\/catracalivre.com.br\/wp-content\/uploads\/2023\/07\/istock-1260752753.jpg?resize=1540%2C681&#038;ssl=1\" alt=\"MEI: Descubra as novidades EXTRAORDIN\u00c1RIAS\" width=\"1540\" height=\"681\" srcset=\"https:\/\/catracalivre.com.br\/wp-content\/uploads\/2023\/07\/istock-1260752753.jpg 1540w, https:\/\/catracalivre.com.br\/wp-content\/uploads\/2023\/07\/istock-1260752753-450x199.jpg 450w, https:\/\/catracalivre.com.br\/wp-content\/uploads\/2023\/07\/istock-1260752753-768x340.jpg 768w\" sizes=\"(max-width: 1540px) 100vw, 1540px\"\/><\/p>\n<p>Cr\u00e9ditos: Istock\/Kerkez<\/p>\n<\/div>\n<\/div>\n<p><span class=\"post-imagem__legenda\">MEI: Descubra as novidades EXTRAORDIN\u00c1RIAS<\/span><\/p>\n<\/div>\n<p>O ministro M\u00e1rcio Fran\u00e7a, trouxe \u00e0 tona a discuss\u00e3o sobre o aumento dos limites de faturamento para o Microempreendedor Individual (MEI) e para o Simples Nacional. A proposta visa n\u00e3o apenas beneficiar os empreendedores em suas opera\u00e7\u00f5es di\u00e1rias, mas tamb\u00e9m impactar positivamente em suas aposentadorias.<\/p>\n<h2>A Proposta de Aumento do Teto de Faturamento do MEI<\/h2>\n<p>De acordo com o ministro, a ado\u00e7\u00e3o de v\u00e1rios limites para o MEI e o Simples seria uma medida ben\u00e9fica. Ele sugere a implementa\u00e7\u00e3o de um formato de rampa, assemelhando-se ao modelo atual do Imposto de Renda. Atualmente, o limite de faturamento do MEI \u00e9 de R$ 81 mil anuais, e a contribui\u00e7\u00e3o mensal varia entre R$ 67 e R$ 72.<\/p>\n<p>O objetivo principal \u00e9 ampliar o teto de faturamento do MEI, proporcionando a esses microempreendedores a oportunidade de contribuir com o INSS de forma mais expressiva. Com essa altera\u00e7\u00e3o, a expectativa \u00e9 que os empreendedores possam se aposentar recebendo benef\u00edcios mais substanciais do que um sal\u00e1rio-m\u00ednimo.<\/p>\n<h2>Impacto da Reforma da Previd\u00eancia na Proposta<\/h2>\n<p>O ministro ressalta que a proposta \u00e9 uma resposta \u00e0 poss\u00edvel Reforma da Previd\u00eancia. Caso essa reforma seja efetivada, alguns benef\u00edcios previdenci\u00e1rios do <a href=\"https:\/\/catracalivre.com.br\/cidadania\/receita-surpreende-e-simplifica-abertura-de-mei-a-partir-de-hoje\/\">MEI<\/a> podem ser afetados. A ideia \u00e9 ajustar os limites de faturamento e as contribui\u00e7\u00f5es para que os empreendedores estejam preparados para as mudan\u00e7as que podem ocorrer no cen\u00e1rio previdenci\u00e1rio.<\/p>\n<p>A proposta j\u00e1 foi encaminhada ao ministro da Fazenda, Fernando Haddad, para an\u00e1lise e considera\u00e7\u00e3o. Ela envolve a participa\u00e7\u00e3o de bancos p\u00fablicos e privados no fundo garantidor. A ideia \u00e9 proporcionar alternativas de cr\u00e9dito al\u00e9m das tradicionais linhas com juros, possibilitando um acesso mais amplo a recursos financeiros para os empreendedores.<\/p>\n<h2>Perspectivas positivas para o MEI<\/h2>\n<p>Diante das propostas apresentadas pelo Ministro do Empreendedorismo, M\u00e1rcio Fran\u00e7a, abre-se uma janela de oportunidades para os microempreendedores individuais. O poss\u00edvel aumento nos limites de faturamento, aliado \u00e0 cria\u00e7\u00e3o de um fundo garantidor de cr\u00e9dito, demonstra uma busca por melhorias nas condi\u00e7\u00f5es de trabalho e previdenci\u00e1rias desses profissionais.<\/p>\n<p>Os empreendedores que se enquadram no <a href=\"https:\/\/catracalivre.com.br\/cidadania\/mei-regularize-impostos-com-pendencias-voce-pode-ter-cnpj-excluido\/\">MEI<\/a> devem ficar atentos \u00e0s atualiza\u00e7\u00f5es sobre essas propostas, pois mudan\u00e7as significativas podem impactar positivamente em seus neg\u00f3cios e futuras aposentadorias. A busca por formas mais flex\u00edveis de cr\u00e9dito tamb\u00e9m pode ser um ponto crucial para aqueles que buscam expandir ou consolidar seus empreendimentos.<\/p>\n<\/div>\n<p><script>\n\t\t! function(f, b, e, v, n, t, s) {\n\t\t\tif (f.fbq) return;\n\t\t\tn = f.fbq = function() {\n\t\t\t\tn.callMethod ?\n\t\t\t\t\tn.callMethod.apply(n, arguments) : n.queue.push(arguments)\n\t\t\t};\n\t\t\tif (!f._fbq) f._fbq = n;\n\t\t\tn.push = n;\n\t\t\tn.loaded = !0;\n\t\t\tn.version = '2.0';\n\t\t\tn.queue = [];\n\t\t\tt = b.createElement(e);\n\t\t\tt.async = !0;\n\t\t\tt.src = v;\n\t\t\ts = b.getElementsByTagName(e)[0];\n\t\t\ts.parentNode.insertBefore(t, s)\n\t\t}(window, document, 'script',\n\t\t\t'https:\/\/connect.facebook.net\/en_US\/fbevents.js');\n\t\tfbq('init', '338315473262380');\n\t\tfbq('track', 'PageView');\n\t<\/script><br \/>\n<br \/><br \/>\n<br \/><a href=\"https:\/\/catracalivre.com.br\/cidadania\/veja-a-proposta-de-aumento-de-faturamento-para-mei\/\">Source link <\/a><\/p>\n<!-- CONTENT END 1 -->\n","protected":false},"excerpt":{"rendered":"<p>Cr\u00e9ditos: Istock\/Kerkez MEI: Descubra as novidades EXTRAORDIN\u00c1RIAS O ministro M\u00e1rcio Fran\u00e7a, trouxe \u00e0 tona a discuss\u00e3o sobre o aumento dos limites de faturamento para o&#8230;<\/p>\n","protected":false},"author":1,"featured_media":10253,"comment_status":"open","ping_status":"open","sticky":false,"template":"","format":"standard","meta":{"advanced_seo_description":"","jetpack_seo_html_title":"","jetpack_seo_noindex":false,"jetpack_post_was_ever_published":false,"_jetpack_newsletter_access":"","_jetpack_dont_email_post_to_subs":false,"_jetpack_newsletter_tier_id":0,"_jetpack_memberships_contains_paywalled_content":false,"_jetpack_memberships_contains_paid_content":false,"footnotes":"","jetpack_publicize_message":"","jetpack_publicize_feature_enabled":true,"jetpack_social_post_already_shared":true,"jetpack_social_options":{"image_generator_settings":{"template":"highway","default_image_id":0,"font":"","enabled":false},"version":2}},"categories":[19],"tags":[],"class_list":["post-10252","post","type-post","status-publish","format-standard","has-post-thumbnail","hentry","category-variedades"],"jetpack_publicize_connections":[],"jetpack_featured_media_url":"https:\/\/i0.wp.com\/noticiasribeiraopreto.com.br\/wp-content\/uploads\/2023\/12\/atencao-o-governo-nao-enquadra-mais-essas-atividades-como-mei.jpg?fit=1200%2C638&ssl=1","jetpack-related-posts":[{"id":12825,"url":"https:\/\/noticiasribeiraopreto.com.br\/index.php\/2023\/12\/08\/aumento-do-teto-de-faturamento-e-outras-novidades-confira\/","url_meta":{"origin":10252,"position":0},"title":"Aumento do teto de faturamento e outras novidades; confira","author":"noticiasribeiraopreto.com.br","date":"8 de December de 2023","format":false,"excerpt":"O Ministro do Empreendedorismo, M\u00e1rcio Fran\u00e7a (PSB), revelou planos para reformular as regras de faturamento do Microempreendedor Individual (MEI). Segundo Fran\u00e7a, a proposta visa incentivar os empreendedores a contribuir mais para a Previd\u00eancia, o que resultaria em benef\u00edcios de aposentadoria mais substanciais. Cr\u00e9ditos: Istock\/visualspaceMEI: Aumento do teto de faturamento e\u2026","rel":"","context":"In &quot;Variedades&quot;","block_context":{"text":"Variedades","link":"https:\/\/noticiasribeiraopreto.com.br\/index.php\/category\/variedades\/"},"img":{"alt_text":"","src":"https:\/\/i0.wp.com\/noticiasribeiraopreto.com.br\/wp-content\/uploads\/2023\/12\/1702064903_istock-1463712307.jpg?fit=1200%2C638&ssl=1&resize=350%2C200","width":350,"height":200,"srcset":"https:\/\/i0.wp.com\/noticiasribeiraopreto.com.br\/wp-content\/uploads\/2023\/12\/1702064903_istock-1463712307.jpg?fit=1200%2C638&ssl=1&resize=350%2C200 1x, https:\/\/i0.wp.com\/noticiasribeiraopreto.com.br\/wp-content\/uploads\/2023\/12\/1702064903_istock-1463712307.jpg?fit=1200%2C638&ssl=1&resize=525%2C300 1.5x, https:\/\/i0.wp.com\/noticiasribeiraopreto.com.br\/wp-content\/uploads\/2023\/12\/1702064903_istock-1463712307.jpg?fit=1200%2C638&ssl=1&resize=700%2C400 2x, https:\/\/i0.wp.com\/noticiasribeiraopreto.com.br\/wp-content\/uploads\/2023\/12\/1702064903_istock-1463712307.jpg?fit=1200%2C638&ssl=1&resize=1050%2C600 3x"},"classes":[]},{"id":16200,"url":"https:\/\/noticiasribeiraopreto.com.br\/index.php\/2023\/12\/15\/mei-tera-novidades-surpreendentes-em-2024-confira-tudo-aqui\/","url_meta":{"origin":10252,"position":1},"title":"MEI ter\u00e1 novidades SURPREENDENTES em 2024; confira tudo aqui","author":"noticiasribeiraopreto.com.br","date":"15 de December de 2023","format":false,"excerpt":"O Ministro do Empreendedorismo, M\u00e1rcio Fran\u00e7a (PSB), revelou planos para reformular as regras de faturamento do Microempreendedor Individual (MEI). Segundo Fran\u00e7a, a proposta visa incentivar os empreendedores a contribuir mais para a Previd\u00eancia, o que resultaria em benef\u00edcios de aposentadoria mais substanciais. Cr\u00e9ditos: Istock\/visualspace MEI: Aumento do teto de faturamento\u2026","rel":"","context":"In &quot;Variedades&quot;","block_context":{"text":"Variedades","link":"https:\/\/noticiasribeiraopreto.com.br\/index.php\/category\/variedades\/"},"img":{"alt_text":"","src":"https:\/\/i0.wp.com\/noticiasribeiraopreto.com.br\/wp-content\/uploads\/2023\/12\/1702633090_istock-1463712307.jpg?fit=1200%2C638&ssl=1&resize=350%2C200","width":350,"height":200,"srcset":"https:\/\/i0.wp.com\/noticiasribeiraopreto.com.br\/wp-content\/uploads\/2023\/12\/1702633090_istock-1463712307.jpg?fit=1200%2C638&ssl=1&resize=350%2C200 1x, https:\/\/i0.wp.com\/noticiasribeiraopreto.com.br\/wp-content\/uploads\/2023\/12\/1702633090_istock-1463712307.jpg?fit=1200%2C638&ssl=1&resize=525%2C300 1.5x, https:\/\/i0.wp.com\/noticiasribeiraopreto.com.br\/wp-content\/uploads\/2023\/12\/1702633090_istock-1463712307.jpg?fit=1200%2C638&ssl=1&resize=700%2C400 2x, https:\/\/i0.wp.com\/noticiasribeiraopreto.com.br\/wp-content\/uploads\/2023\/12\/1702633090_istock-1463712307.jpg?fit=1200%2C638&ssl=1&resize=1050%2C600 3x"},"classes":[]},{"id":14512,"url":"https:\/\/noticiasribeiraopreto.com.br\/index.php\/2023\/12\/12\/estas-novidades-vao-transformar-a-vida-do-microempreendedor\/","url_meta":{"origin":10252,"position":2},"title":"Estas novidades v\u00e3o TRANSFORMAR a vida do microempreendedor","author":"noticiasribeiraopreto.com.br","date":"12 de December de 2023","format":false,"excerpt":"O Ministro do Empreendedorismo, M\u00e1rcio Fran\u00e7a (PSB), revelou planos para reformular as regras de faturamento do Microempreendedor Individual (MEI). Segundo Fran\u00e7a, a proposta visa incentivar os empreendedores a contribuir mais para a Previd\u00eancia, o que resultaria em benef\u00edcios de aposentadoria mais substanciais. Cr\u00e9ditos: Istock\/visualspaceMEI: Aumento do teto de faturamento e\u2026","rel":"","context":"In &quot;Variedades&quot;","block_context":{"text":"Variedades","link":"https:\/\/noticiasribeiraopreto.com.br\/index.php\/category\/variedades\/"},"img":{"alt_text":"","src":"https:\/\/i0.wp.com\/noticiasribeiraopreto.com.br\/wp-content\/uploads\/2023\/12\/istock-1415833317.jpg?fit=1200%2C638&ssl=1&resize=350%2C200","width":350,"height":200,"srcset":"https:\/\/i0.wp.com\/noticiasribeiraopreto.com.br\/wp-content\/uploads\/2023\/12\/istock-1415833317.jpg?fit=1200%2C638&ssl=1&resize=350%2C200 1x, https:\/\/i0.wp.com\/noticiasribeiraopreto.com.br\/wp-content\/uploads\/2023\/12\/istock-1415833317.jpg?fit=1200%2C638&ssl=1&resize=525%2C300 1.5x, https:\/\/i0.wp.com\/noticiasribeiraopreto.com.br\/wp-content\/uploads\/2023\/12\/istock-1415833317.jpg?fit=1200%2C638&ssl=1&resize=700%2C400 2x, https:\/\/i0.wp.com\/noticiasribeiraopreto.com.br\/wp-content\/uploads\/2023\/12\/istock-1415833317.jpg?fit=1200%2C638&ssl=1&resize=1050%2C600 3x"},"classes":[]},{"id":20309,"url":"https:\/\/noticiasribeiraopreto.com.br\/index.php\/2023\/12\/24\/mei-2024-grandes-mudancas-sao-anunciadas\/","url_meta":{"origin":10252,"position":3},"title":"MEI 2024: grandes mudan\u00e7as s\u00e3o anunciadas","author":"noticiasribeiraopreto.com.br","date":"24 de December de 2023","format":false,"excerpt":"Cr\u00e9ditos: Istock\/Vergani_FotografiaMicroempreendedor ter\u00e1 benef\u00edcios na transi\u00e7\u00e3o de MEI para microempresa O Microempreendedor Individual (MEI) est\u00e1 prestes a passar por transforma\u00e7\u00f5es significativas em 2024, anunciando novidades que impactar\u00e3o diretamente os empreendedores que optam por essa categoria. Com altera\u00e7\u00f5es no limite de faturamento, possibilidade de contrata\u00e7\u00e3o de mais funcion\u00e1rios e um aumento\u2026","rel":"","context":"In &quot;Variedades&quot;","block_context":{"text":"Variedades","link":"https:\/\/noticiasribeiraopreto.com.br\/index.php\/category\/variedades\/"},"img":{"alt_text":"","src":"https:\/\/i0.wp.com\/noticiasribeiraopreto.com.br\/wp-content\/uploads\/2023\/12\/1703466133_istock-1690799866.jpg?fit=1200%2C638&ssl=1&resize=350%2C200","width":350,"height":200,"srcset":"https:\/\/i0.wp.com\/noticiasribeiraopreto.com.br\/wp-content\/uploads\/2023\/12\/1703466133_istock-1690799866.jpg?fit=1200%2C638&ssl=1&resize=350%2C200 1x, https:\/\/i0.wp.com\/noticiasribeiraopreto.com.br\/wp-content\/uploads\/2023\/12\/1703466133_istock-1690799866.jpg?fit=1200%2C638&ssl=1&resize=525%2C300 1.5x, https:\/\/i0.wp.com\/noticiasribeiraopreto.com.br\/wp-content\/uploads\/2023\/12\/1703466133_istock-1690799866.jpg?fit=1200%2C638&ssl=1&resize=700%2C400 2x, https:\/\/i0.wp.com\/noticiasribeiraopreto.com.br\/wp-content\/uploads\/2023\/12\/1703466133_istock-1690799866.jpg?fit=1200%2C638&ssl=1&resize=1050%2C600 3x"},"classes":[]},{"id":3888,"url":"https:\/\/noticiasribeiraopreto.com.br\/index.php\/2023\/11\/20\/governo-anuncia-alteracao-no-limite-de-faturamento-mei\/","url_meta":{"origin":10252,"position":4},"title":"Governo anuncia altera\u00e7\u00e3o no limite de faturamento MEI","author":"noticiasribeiraopreto.com.br","date":"20 de November de 2023","format":false,"excerpt":"Cr\u00e9ditos: Istock\/JLco - Julia AmaralMEI traz novidades e alegra brasileiris A dificuldade de muitos empreendedores em abrir seus pr\u00f3prios neg\u00f3cios reside, em parte, no limite de faturamento imposto aos Microempreendedores Individuais (MEI). O atual teto de rendimento ainda \u00e9 considerado baixo por muitos desses empres\u00e1rios, que veem a necessidade de\u2026","rel":"","context":"In &quot;Variedades&quot;","block_context":{"text":"Variedades","link":"https:\/\/noticiasribeiraopreto.com.br\/index.php\/category\/variedades\/"},"img":{"alt_text":"","src":"https:\/\/i0.wp.com\/noticiasribeiraopreto.com.br\/wp-content\/uploads\/2023\/11\/fortalecer-financas.jpg?fit=1200%2C638&ssl=1&resize=350%2C200","width":350,"height":200,"srcset":"https:\/\/i0.wp.com\/noticiasribeiraopreto.com.br\/wp-content\/uploads\/2023\/11\/fortalecer-financas.jpg?fit=1200%2C638&ssl=1&resize=350%2C200 1x, https:\/\/i0.wp.com\/noticiasribeiraopreto.com.br\/wp-content\/uploads\/2023\/11\/fortalecer-financas.jpg?fit=1200%2C638&ssl=1&resize=525%2C300 1.5x, https:\/\/i0.wp.com\/noticiasribeiraopreto.com.br\/wp-content\/uploads\/2023\/11\/fortalecer-financas.jpg?fit=1200%2C638&ssl=1&resize=700%2C400 2x, https:\/\/i0.wp.com\/noticiasribeiraopreto.com.br\/wp-content\/uploads\/2023\/11\/fortalecer-financas.jpg?fit=1200%2C638&ssl=1&resize=1050%2C600 3x"},"classes":[]},{"id":18851,"url":"https:\/\/noticiasribeiraopreto.com.br\/index.php\/2023\/12\/21\/governo-prepara-condicoes-surpreendentes-para-quem-e-mei-em-2024\/","url_meta":{"origin":10252,"position":5},"title":"Governo prepara condi\u00e7\u00f5es SURPREENDENTES para quem \u00e9 MEI em 2024","author":"noticiasribeiraopreto.com.br","date":"21 de December de 2023","format":false,"excerpt":"O Ministro do Empreendedorismo, M\u00e1rcio Fran\u00e7a (PSB), revelou planos para reformular as regras de faturamento do Microempreendedor Individual (MEI). Segundo Fran\u00e7a, a proposta visa incentivar os empreendedores a contribuir mais para a Previd\u00eancia, o que resultaria em benef\u00edcios de aposentadoria mais substanciais. Cr\u00e9ditos: Istock\/FG TradeGoverno prepara condi\u00e7\u00f5es SURPREENDENTES para quem\u2026","rel":"","context":"In &quot;Variedades&quot;","block_context":{"text":"Variedades","link":"https:\/\/noticiasribeiraopreto.com.br\/index.php\/category\/variedades\/"},"img":{"alt_text":"","src":"https:\/\/i0.wp.com\/noticiasribeiraopreto.com.br\/wp-content\/uploads\/2023\/12\/1703153895_istock-1416831637.jpg?fit=1200%2C638&ssl=1&resize=350%2C200","width":350,"height":200,"srcset":"https:\/\/i0.wp.com\/noticiasribeiraopreto.com.br\/wp-content\/uploads\/2023\/12\/1703153895_istock-1416831637.jpg?fit=1200%2C638&ssl=1&resize=350%2C200 1x, https:\/\/i0.wp.com\/noticiasribeiraopreto.com.br\/wp-content\/uploads\/2023\/12\/1703153895_istock-1416831637.jpg?fit=1200%2C638&ssl=1&resize=525%2C300 1.5x, https:\/\/i0.wp.com\/noticiasribeiraopreto.com.br\/wp-content\/uploads\/2023\/12\/1703153895_istock-1416831637.jpg?fit=1200%2C638&ssl=1&resize=700%2C400 2x, https:\/\/i0.wp.com\/noticiasribeiraopreto.com.br\/wp-content\/uploads\/2023\/12\/1703153895_istock-1416831637.jpg?fit=1200%2C638&ssl=1&resize=1050%2C600 3x"},"classes":[]}],"jetpack_sharing_enabled":true,"jetpack_shortlink":"https:\/\/wp.me\/peQAOb-2Fm","_links":{"self":[{"href":"https:\/\/noticiasribeiraopreto.com.br\/index.php\/wp-json\/wp\/v2\/posts\/10252","targetHints":{"allow":["GET"]}}],"collection":[{"href":"https:\/\/noticiasribeiraopreto.com.br\/index.php\/wp-json\/wp\/v2\/posts"}],"about":[{"href":"https:\/\/noticiasribeiraopreto.com.br\/index.php\/wp-json\/wp\/v2\/types\/post"}],"author":[{"embeddable":true,"href":"https:\/\/noticiasribeiraopreto.com.br\/index.php\/wp-json\/wp\/v2\/users\/1"}],"replies":[{"embeddable":true,"href":"https:\/\/noticiasribeiraopreto.com.br\/index.php\/wp-json\/wp\/v2\/comments?post=10252"}],"version-history":[{"count":0,"href":"https:\/\/noticiasribeiraopreto.com.br\/index.php\/wp-json\/wp\/v2\/posts\/10252\/revisions"}],"wp:featuredmedia":[{"embeddable":true,"href":"https:\/\/noticiasribeiraopreto.com.br\/index.php\/wp-json\/wp\/v2\/media\/10253"}],"wp:attachment":[{"href":"https:\/\/noticiasribeiraopreto.com.br\/index.php\/wp-json\/wp\/v2\/media?parent=10252"}],"wp:term":[{"taxonomy":"category","embeddable":true,"href":"https:\/\/noticiasribeiraopreto.com.br\/index.php\/wp-json\/wp\/v2\/categories?post=10252"},{"taxonomy":"post_tag","embeddable":true,"href":"https:\/\/noticiasribeiraopreto.com.br\/index.php\/wp-json\/wp\/v2\/tags?post=10252"}],"curies":[{"name":"wp","href":"https:\/\/api.w.org\/{rel}","templated":true}]}}