{"id":10366,"date":"2023-12-04T12:06:45","date_gmt":"2023-12-04T15:06:45","guid":{"rendered":"https:\/\/noticiasribeiraopreto.com.br\/index.php\/2023\/12\/04\/ladrao-e-preso-apos-furtar-farda-de-policial-em-ribeirao-preto\/"},"modified":"2023-12-04T12:06:45","modified_gmt":"2023-12-04T15:06:45","slug":"ladrao-e-preso-apos-furtar-farda-de-policial-em-ribeirao-preto","status":"publish","type":"post","link":"https:\/\/noticiasribeiraopreto.com.br\/index.php\/2023\/12\/04\/ladrao-e-preso-apos-furtar-farda-de-policial-em-ribeirao-preto\/","title":{"rendered":"Ladr\u00e3o \u00e9 preso ap\u00f3s furtar farda de policial em Ribeir\u00e3o Preto"},"content":{"rendered":"<div class='code-block code-block-1' style='margin: 8px 0 8px auto; text-align: right; display: block; clear: both;'>\n<p><a href=\"https:\/\/wa.link\/vpicfd\"><img data-recalc-dims=\"1\" class=\"wp-image-4922\" style=\"aspect-ratio: 2.0253164556962027; width: 561px; height: auto;\" src=\"https:\/\/i0.wp.com\/ismaelcolosi.com.br\/wp-content\/uploads\/2023\/11\/grupo-de-empregos-whatsapp-e-facebook-ismael-colosi-vagas.jpg?ssl=1\" alt=\"\" \/><\/a><\/p>\n<!-- \/wp:image -->\n<\/div>\n<p> <br \/>\n<\/p>\n<div data-td-block-uid=\"tdi_104\">\n<div class=\"tdb-block-inner td-fix-index\">\n<p><strong>Um homem foi preso na manh\u00e3 deste domingo (3) ap\u00f3s furtar a farda de um policial militar em Ribeir\u00e3o Preto. O furto aconteceu em um posto da Pol\u00edcia Militar localizado na avenida Saudade, na zona Norte da cidade.<\/strong><\/p>\n<p><mark style=\"background-color:#fcb900\" class=\"has-inline-color has-black-color\">Os policiais encontraram o suspeito, de 50 anos, usando a cal\u00e7a, o cinto, a camisa e uma japona da Pol\u00edcia Militar <\/mark>no cruzamento da Saudade com a rua Conde Francisco Matarazzo, pr\u00f3ximo do posto policial.<\/p>\n<p>Ao ser abordado pelos agentes, o ladr\u00e3o afirmou que tinha pegado a farda na base. Os policiais foram at\u00e9 o local e encontraram a porta da base aberta e o arm\u00e1rio onde estava a farda arrombado.<\/p>\n<p>Foi dada voz de pris\u00e3o em flagrante para o suspeito. Por contar com outras passagens pela pol\u00edcia, o homem foi preso preventivamente. O caso foi registrado como furto na<strong> CPJ (Central de Pol\u00edcia Judici\u00e1ria)<\/strong> de Ribeir\u00e3o Preto.<\/p>\n<p>A <strong>SSP-SP (Secretaria de Seguran\u00e7a P\u00fablica de S\u00e3o Paulo) <\/strong>foi procurada, mas n\u00e3o respondeu at\u00e9 a publica\u00e7\u00e3o da mat\u00e9ria (com informa\u00e7\u00f5es EPTV).<\/p>\n<p>VEJA TAMB\u00c9M<br \/>Veja a previs\u00e3o do tempo para Ribeir\u00e3o Preto nos pr\u00f3ximos 7 dias<\/p>\n<h4 class=\"wp-block-heading\"><strong>FIQUE ON<\/strong><\/h4>\n<p>Fique ligado em tudo que acontece em Ribeir\u00e3o Preto e regi\u00e3o. Siga os perfis do<strong> acidade on <\/strong>no <a href=\"https:\/\/www.instagram.com\/acidadeonribeirao\" target=\"_blank\" rel=\"noreferrer noopener nofollow\">Instagram<\/a> e no<a href=\"https:\/\/www.facebook.com\/acidadeonribeirao\" target=\"_blank\" rel=\"noreferrer noopener nofollow\"> Facebook.<\/a><\/p>\n<p>Receba not\u00edcias do<strong> acidade on<\/strong> no WhatsApp.<a href=\"https:\/\/chat.whatsapp.com\/Bnv2w66ZT4VDyZW3oiZ69n\" target=\"_blank\" rel=\"noreferrer noopener nofollow\"> Para entrar no grupo, basta clicar aqui.<\/a><\/p>\n<p>Fa\u00e7a uma den\u00fancia ou sugira uma reportagem sobre a Ribeir\u00e3o Preto e regi\u00e3o pelo WhatsApp: (16) 99117 7802.<\/p>\n<p>LEIA MAIS<br \/><a href=\"https:\/\/www.tudoep.com\/tudo-saude\/NOT,0,0,1868381,farinha-de-semente-de-abobora-pode-ajudar-na-saude-cardiovascular.aspx\" target=\"_blank\" rel=\"noreferrer noopener nofollow\">Farinha de semente de ab\u00f3bora pode ajudar na sa\u00fade cardiovascular<\/a><\/p>\n<p><!-- AI CONTENT END 1 -->\n<\/div>\n<\/div>\n<p><script async src=\"\/\/www.instagram.com\/embed.js\"><\/script><br \/>\n<br \/><br \/>\n<br \/><a href=\"https:\/\/www.acidadeon.com\/ribeiraopreto\/cotidiano\/ladrao-e-preso-apos-furtar-farda-de-policial-em-ribeirao-preto\/\">Source link <\/a><\/p>\n<!-- CONTENT END 1 -->\n","protected":false},"excerpt":{"rendered":"<p>Um homem foi preso na manh\u00e3 deste domingo (3) ap\u00f3s furtar a farda de um policial militar em Ribeir\u00e3o Preto. O furto aconteceu em um&#8230;<\/p>\n","protected":false},"author":1,"featured_media":6764,"comment_status":"open","ping_status":"open","sticky":false,"template":"","format":"standard","meta":{"advanced_seo_description":"","jetpack_seo_html_title":"","jetpack_seo_noindex":false,"jetpack_post_was_ever_published":false,"_jetpack_newsletter_access":"","_jetpack_dont_email_post_to_subs":false,"_jetpack_newsletter_tier_id":0,"_jetpack_memberships_contains_paywalled_content":false,"_jetpack_memberships_contains_paid_content":false,"footnotes":"","jetpack_publicize_message":"","jetpack_publicize_feature_enabled":true,"jetpack_social_post_already_shared":true,"jetpack_social_options":{"image_generator_settings":{"template":"highway","default_image_id":0,"font":"","enabled":false},"version":2}},"categories":[11],"tags":[37,1396,38,1395,1397,36,27,26],"class_list":["post-10366","post","type-post","status-publish","format-standard","has-post-thumbnail","hentry","category-noticias-de-ribeirao-preto-sp-e-regiao-ismael-colosi","tag-apos","tag-farda","tag-furtar","tag-ladrao","tag-policial","tag-preso","tag-preto","tag-ribeirao"],"jetpack_publicize_connections":[],"jetpack_featured_media_url":"https:\/\/i0.wp.com\/noticiasribeiraopreto.com.br\/wp-content\/uploads\/2023\/11\/foto_governo_estado_sp.jpg_1839041271.webp.webp?fit=404%2C452&ssl=1","jetpack-related-posts":[{"id":53575,"url":"https:\/\/noticiasribeiraopreto.com.br\/index.php\/2024\/06\/21\/ladrao-e-detido-por-moradores-ao-tentar-furtar-carro-e-bater-em-muro-na-regiao-de-ribeirao\/","url_meta":{"origin":10366,"position":0},"title":"Ladr\u00e3o \u00e9 detido por moradores ao tentar furtar carro e bater em muro na regi\u00e3o de Ribeir\u00e3o","author":"noticiasribeiraopreto.com.br","date":"21 de June de 2024","format":false,"excerpt":"Um homem foi detido por moradores na noite desta quinta-feira (20), ap\u00f3s tentar furtar um carro e bater o ve\u00edculo contra um muro em Jardin\u00f3polis, na regi\u00e3o de Ribeir\u00e3o Preto. Assista ao v\u00eddeo abaixo. Segundo a PM (Pol\u00edcia Militar), ele teria acessado a garagem ao pular o muro da casa\u2026","rel":"","context":"In &quot;Not\u00edcias de Ribeir\u00e3o Preto-SP e Regi\u00e3o&quot;","block_context":{"text":"Not\u00edcias de Ribeir\u00e3o Preto-SP e Regi\u00e3o","link":"https:\/\/noticiasribeiraopreto.com.br\/index.php\/category\/noticias-de-ribeirao-preto-sp-e-regiao-ismael-colosi\/"},"img":{"alt_text":"","src":"https:\/\/i0.wp.com\/noticiasribeiraopreto.com.br\/wp-content\/uploads\/2024\/06\/WhatsApp-Image-2024-06-21-at-07.09.46_2024-06-21_11-36-26_jpeg_2024-06-21_11-36-26.webp.webp?fit=1200%2C675&ssl=1&resize=350%2C200","width":350,"height":200,"srcset":"https:\/\/i0.wp.com\/noticiasribeiraopreto.com.br\/wp-content\/uploads\/2024\/06\/WhatsApp-Image-2024-06-21-at-07.09.46_2024-06-21_11-36-26_jpeg_2024-06-21_11-36-26.webp.webp?fit=1200%2C675&ssl=1&resize=350%2C200 1x, https:\/\/i0.wp.com\/noticiasribeiraopreto.com.br\/wp-content\/uploads\/2024\/06\/WhatsApp-Image-2024-06-21-at-07.09.46_2024-06-21_11-36-26_jpeg_2024-06-21_11-36-26.webp.webp?fit=1200%2C675&ssl=1&resize=525%2C300 1.5x, https:\/\/i0.wp.com\/noticiasribeiraopreto.com.br\/wp-content\/uploads\/2024\/06\/WhatsApp-Image-2024-06-21-at-07.09.46_2024-06-21_11-36-26_jpeg_2024-06-21_11-36-26.webp.webp?fit=1200%2C675&ssl=1&resize=700%2C400 2x, https:\/\/i0.wp.com\/noticiasribeiraopreto.com.br\/wp-content\/uploads\/2024\/06\/WhatsApp-Image-2024-06-21-at-07.09.46_2024-06-21_11-36-26_jpeg_2024-06-21_11-36-26.webp.webp?fit=1200%2C675&ssl=1&resize=1050%2C600 3x"},"classes":[]},{"id":51054,"url":"https:\/\/noticiasribeiraopreto.com.br\/index.php\/2024\/05\/22\/ladrao-e-preso-apos-cair-de-muro-ao-tentar-furtar-caneta-de-luxo-na-zona-sul-de-ribeirao\/","url_meta":{"origin":10366,"position":1},"title":"Ladr\u00e3o \u00e9 preso ap\u00f3s cair de muro ao tentar furtar caneta de luxo na zona Sul de Ribeir\u00e3o","author":"noticiasribeiraopreto.com.br","date":"22 de May de 2024","format":false,"excerpt":"Um homem foi preso na noite desta ter\u00e7a-feira (21), depois de cair de um muro durante tentativa de furto a uma cl\u00ednica particular no Jardim Am\u00e9rica, na zona Sul de Ribeir\u00e3o Preto. Segundo o boletim de ocorr\u00eancia (BO), entre os itens que estavam em uma maleta alvo do crime, havia\u2026","rel":"","context":"In &quot;Not\u00edcias de Ribeir\u00e3o Preto-SP e Regi\u00e3o&quot;","block_context":{"text":"Not\u00edcias de Ribeir\u00e3o Preto-SP e Regi\u00e3o","link":"https:\/\/noticiasribeiraopreto.com.br\/index.php\/category\/noticias-de-ribeirao-preto-sp-e-regiao-ismael-colosi\/"},"img":{"alt_text":"","src":"https:\/\/i0.wp.com\/noticiasribeiraopreto.com.br\/wp-content\/uploads\/2024\/05\/1716402203_cpj_1024x576_21012021092745.jpg?fit=1024%2C575&ssl=1&resize=350%2C200","width":350,"height":200,"srcset":"https:\/\/i0.wp.com\/noticiasribeiraopreto.com.br\/wp-content\/uploads\/2024\/05\/1716402203_cpj_1024x576_21012021092745.jpg?fit=1024%2C575&ssl=1&resize=350%2C200 1x, https:\/\/i0.wp.com\/noticiasribeiraopreto.com.br\/wp-content\/uploads\/2024\/05\/1716402203_cpj_1024x576_21012021092745.jpg?fit=1024%2C575&ssl=1&resize=525%2C300 1.5x, https:\/\/i0.wp.com\/noticiasribeiraopreto.com.br\/wp-content\/uploads\/2024\/05\/1716402203_cpj_1024x576_21012021092745.jpg?fit=1024%2C575&ssl=1&resize=700%2C400 2x"},"classes":[]},{"id":83542,"url":"https:\/\/noticiasribeiraopreto.com.br\/index.php\/2026\/03\/20\/homem-tenta-furtar-carro-entra-em-luta-com-policiais-e-acaba-preso-em-ribeirao-video\/","url_meta":{"origin":10366,"position":2},"title":"Homem tenta furtar carro, entra em luta com policiais e acaba preso em Ribeir\u00e3o; V\u00eddeo","author":"noticiasribeiraopreto.com.br","date":"20 de March de 2026","format":false,"excerpt":"Um homem foi preso na manh\u00e3 desta sexta-feira (20) ap\u00f3s tentar furtar um carro na avenida Cost\u00e1bile Romano, zona Leste de Ribeir\u00e3o Preto. Segundo informa\u00e7\u00f5es, o suspeito estava em um ve\u00edculo com outros dois indiv\u00edduos, que j\u00e1 era considerado suspeito pela Pol\u00edcia Militar. Ao descer do carro, ele tentou furtar\u2026","rel":"","context":"In &quot;Not\u00edcias de Ribeir\u00e3o Preto-SP e Regi\u00e3o&quot;","block_context":{"text":"Not\u00edcias de Ribeir\u00e3o Preto-SP e Regi\u00e3o","link":"https:\/\/noticiasribeiraopreto.com.br\/index.php\/category\/noticias-de-ribeirao-preto-sp-e-regiao-ismael-colosi\/"},"img":{"alt_text":"","src":"https:\/\/i0.wp.com\/noticiasribeiraopreto.com.br\/wp-content\/uploads\/2026\/03\/palace-1_2026-03-20_15-42-04.webp.webp?fit=1200%2C675&ssl=1&resize=350%2C200","width":350,"height":200,"srcset":"https:\/\/i0.wp.com\/noticiasribeiraopreto.com.br\/wp-content\/uploads\/2026\/03\/palace-1_2026-03-20_15-42-04.webp.webp?fit=1200%2C675&ssl=1&resize=350%2C200 1x, https:\/\/i0.wp.com\/noticiasribeiraopreto.com.br\/wp-content\/uploads\/2026\/03\/palace-1_2026-03-20_15-42-04.webp.webp?fit=1200%2C675&ssl=1&resize=525%2C300 1.5x, https:\/\/i0.wp.com\/noticiasribeiraopreto.com.br\/wp-content\/uploads\/2026\/03\/palace-1_2026-03-20_15-42-04.webp.webp?fit=1200%2C675&ssl=1&resize=700%2C400 2x, https:\/\/i0.wp.com\/noticiasribeiraopreto.com.br\/wp-content\/uploads\/2026\/03\/palace-1_2026-03-20_15-42-04.webp.webp?fit=1200%2C675&ssl=1&resize=1050%2C600 3x"},"classes":[]},{"id":51614,"url":"https:\/\/noticiasribeiraopreto.com.br\/index.php\/2024\/05\/28\/suspeito-de-tentar-furtar-carro-e-detido-por-populares-e-acaba-agredido-em-ribeirao-preto\/","url_meta":{"origin":10366,"position":3},"title":"Suspeito de tentar furtar carro \u00e9 detido por populares e acaba agredido em Ribeir\u00e3o Preto","author":"noticiasribeiraopreto.com.br","date":"28 de May de 2024","format":false,"excerpt":"Um homem de 44 anos foi detido por populares e agredido na noite desta segunda-feira (27), suspeito de tentar furtar um carro no Jardim Cristo Redentor, zona Norte de Ribeir\u00e3o Preto. Segundo o boletim de ocorr\u00eancia (BO), ele teria sido surpreendido dentro do ve\u00edculo pela dona do carro \u2013 um\u2026","rel":"","context":"In &quot;Not\u00edcias de Ribeir\u00e3o Preto-SP e Regi\u00e3o&quot;","block_context":{"text":"Not\u00edcias de Ribeir\u00e3o Preto-SP e Regi\u00e3o","link":"https:\/\/noticiasribeiraopreto.com.br\/index.php\/category\/noticias-de-ribeirao-preto-sp-e-regiao-ismael-colosi\/"},"img":{"alt_text":"","src":"https:\/\/i0.wp.com\/noticiasribeiraopreto.com.br\/wp-content\/uploads\/2024\/05\/1716919942_policia_qru_1024x576_25052021184749.jpg?fit=1024%2C576&ssl=1&resize=350%2C200","width":350,"height":200,"srcset":"https:\/\/i0.wp.com\/noticiasribeiraopreto.com.br\/wp-content\/uploads\/2024\/05\/1716919942_policia_qru_1024x576_25052021184749.jpg?fit=1024%2C576&ssl=1&resize=350%2C200 1x, https:\/\/i0.wp.com\/noticiasribeiraopreto.com.br\/wp-content\/uploads\/2024\/05\/1716919942_policia_qru_1024x576_25052021184749.jpg?fit=1024%2C576&ssl=1&resize=525%2C300 1.5x, https:\/\/i0.wp.com\/noticiasribeiraopreto.com.br\/wp-content\/uploads\/2024\/05\/1716919942_policia_qru_1024x576_25052021184749.jpg?fit=1024%2C576&ssl=1&resize=700%2C400 2x"},"classes":[]},{"id":73662,"url":"https:\/\/noticiasribeiraopreto.com.br\/index.php\/2025\/07\/07\/video-ladrao-e-preso-ao-voltar-para-completar-o-servico\/","url_meta":{"origin":10366,"position":4},"title":"V\u00cdDEO &#8211; Ladr\u00e3o \u00e9 preso ao voltar para \u201ccompletar o servi\u00e7o\u201d","author":"noticiasribeiraopreto.com.br","date":"7 de July de 2025","format":false,"excerpt":"Homem havia furtado um estabelecimento horas antes e teria retornado para cometer outro roubo 7 de julho de 2025 11:207 de julho de 2025 11:252 Compartilhar1 Por: Adalberto Luque A Pol\u00edcia Militar prendeu, neste domingo (6), um homem por roubo. A pris\u00e3o ocorreu na avenida Monteiro Lobato, Jardim Maria Goretti,\u2026","rel":"","context":"In &quot;Not\u00edcias de Ribeir\u00e3o Preto-SP e Regi\u00e3o&quot;","block_context":{"text":"Not\u00edcias de Ribeir\u00e3o Preto-SP e Regi\u00e3o","link":"https:\/\/noticiasribeiraopreto.com.br\/index.php\/category\/noticias-de-ribeirao-preto-sp-e-regiao-ismael-colosi\/"},"img":{"alt_text":"","src":"https:\/\/i0.wp.com\/noticiasribeiraopreto.com.br\/wp-content\/uploads\/2025\/07\/07-jul-2025-furtadorrestaurante1.jpg?fit=822%2C454&ssl=1&resize=350%2C200","width":350,"height":200,"srcset":"https:\/\/i0.wp.com\/noticiasribeiraopreto.com.br\/wp-content\/uploads\/2025\/07\/07-jul-2025-furtadorrestaurante1.jpg?fit=822%2C454&ssl=1&resize=350%2C200 1x, https:\/\/i0.wp.com\/noticiasribeiraopreto.com.br\/wp-content\/uploads\/2025\/07\/07-jul-2025-furtadorrestaurante1.jpg?fit=822%2C454&ssl=1&resize=525%2C300 1.5x, https:\/\/i0.wp.com\/noticiasribeiraopreto.com.br\/wp-content\/uploads\/2025\/07\/07-jul-2025-furtadorrestaurante1.jpg?fit=822%2C454&ssl=1&resize=700%2C400 2x"},"classes":[]},{"id":49060,"url":"https:\/\/noticiasribeiraopreto.com.br\/index.php\/2024\/05\/08\/ladrao-cai-do-telhado-apos-tentativa-de-furto-em-escola-de-ribeirao-preto\/","url_meta":{"origin":10366,"position":5},"title":"Ladr\u00e3o cai do telhado ap\u00f3s tentativa de furto em escola de Ribeir\u00e3o Preto","author":"noticiasribeiraopreto.com.br","date":"8 de May de 2024","format":false,"excerpt":"Um ladr\u00e3o caiu do telhado da escola estadual Walter Paiva, ap\u00f3s tentar furtar os fios de energia da unidade, que fica localizada na rua Tupinamb\u00e1, no bairro Ipiranga, na zona Norte de Ribeir\u00e3o Preto. O caso aconteceu na noite da \u00faltima ter\u00e7a-feira (7). Consta no BO (boletim de ocorr\u00eancia), que\u2026","rel":"","context":"In &quot;Not\u00edcias de Ribeir\u00e3o Preto-SP e Regi\u00e3o&quot;","block_context":{"text":"Not\u00edcias de Ribeir\u00e3o Preto-SP e Regi\u00e3o","link":"https:\/\/noticiasribeiraopreto.com.br\/index.php\/category\/noticias-de-ribeirao-preto-sp-e-regiao-ismael-colosi\/"},"img":{"alt_text":"","src":"https:\/\/i0.wp.com\/noticiasribeiraopreto.com.br\/wp-content\/uploads\/2024\/05\/walter-paiva_2024-05-08_14-16-43_jpg_2024-05-08_14-16-43.webp.webp?fit=1096%2C839&ssl=1&resize=350%2C200","width":350,"height":200,"srcset":"https:\/\/i0.wp.com\/noticiasribeiraopreto.com.br\/wp-content\/uploads\/2024\/05\/walter-paiva_2024-05-08_14-16-43_jpg_2024-05-08_14-16-43.webp.webp?fit=1096%2C839&ssl=1&resize=350%2C200 1x, https:\/\/i0.wp.com\/noticiasribeiraopreto.com.br\/wp-content\/uploads\/2024\/05\/walter-paiva_2024-05-08_14-16-43_jpg_2024-05-08_14-16-43.webp.webp?fit=1096%2C839&ssl=1&resize=525%2C300 1.5x, https:\/\/i0.wp.com\/noticiasribeiraopreto.com.br\/wp-content\/uploads\/2024\/05\/walter-paiva_2024-05-08_14-16-43_jpg_2024-05-08_14-16-43.webp.webp?fit=1096%2C839&ssl=1&resize=700%2C400 2x, https:\/\/i0.wp.com\/noticiasribeiraopreto.com.br\/wp-content\/uploads\/2024\/05\/walter-paiva_2024-05-08_14-16-43_jpg_2024-05-08_14-16-43.webp.webp?fit=1096%2C839&ssl=1&resize=1050%2C600 3x"},"classes":[]}],"jetpack_sharing_enabled":true,"jetpack_shortlink":"https:\/\/wp.me\/peQAOb-2Hc","_links":{"self":[{"href":"https:\/\/noticiasribeiraopreto.com.br\/index.php\/wp-json\/wp\/v2\/posts\/10366","targetHints":{"allow":["GET"]}}],"collection":[{"href":"https:\/\/noticiasribeiraopreto.com.br\/index.php\/wp-json\/wp\/v2\/posts"}],"about":[{"href":"https:\/\/noticiasribeiraopreto.com.br\/index.php\/wp-json\/wp\/v2\/types\/post"}],"author":[{"embeddable":true,"href":"https:\/\/noticiasribeiraopreto.com.br\/index.php\/wp-json\/wp\/v2\/users\/1"}],"replies":[{"embeddable":true,"href":"https:\/\/noticiasribeiraopreto.com.br\/index.php\/wp-json\/wp\/v2\/comments?post=10366"}],"version-history":[{"count":0,"href":"https:\/\/noticiasribeiraopreto.com.br\/index.php\/wp-json\/wp\/v2\/posts\/10366\/revisions"}],"wp:featuredmedia":[{"embeddable":true,"href":"https:\/\/noticiasribeiraopreto.com.br\/index.php\/wp-json\/wp\/v2\/media\/6764"}],"wp:attachment":[{"href":"https:\/\/noticiasribeiraopreto.com.br\/index.php\/wp-json\/wp\/v2\/media?parent=10366"}],"wp:term":[{"taxonomy":"category","embeddable":true,"href":"https:\/\/noticiasribeiraopreto.com.br\/index.php\/wp-json\/wp\/v2\/categories?post=10366"},{"taxonomy":"post_tag","embeddable":true,"href":"https:\/\/noticiasribeiraopreto.com.br\/index.php\/wp-json\/wp\/v2\/tags?post=10366"}],"curies":[{"name":"wp","href":"https:\/\/api.w.org\/{rel}","templated":true}]}}