{"id":1037,"date":"2023-11-10T08:57:00","date_gmt":"2023-11-10T11:57:00","guid":{"rendered":"https:\/\/noticiasribeiraopreto.com.br\/index.php\/2023\/11\/10\/feminicidio-em-santa-cruz-das-palmeiras\/"},"modified":"2023-11-10T08:57:00","modified_gmt":"2023-11-10T11:57:00","slug":"feminicidio-em-santa-cruz-das-palmeiras","status":"publish","type":"post","link":"https:\/\/noticiasribeiraopreto.com.br\/index.php\/2023\/11\/10\/feminicidio-em-santa-cruz-das-palmeiras\/","title":{"rendered":"Feminic\u00eddio em Santa Cruz das Palmeiras"},"content":{"rendered":"<div class='code-block code-block-1' style='margin: 8px 0 8px auto; text-align: right; display: block; clear: both;'>\n<p><a href=\"https:\/\/wa.link\/vpicfd\"><img data-recalc-dims=\"1\" class=\"wp-image-4922\" style=\"aspect-ratio: 2.0253164556962027; width: 561px; height: auto;\" src=\"https:\/\/i0.wp.com\/ismaelcolosi.com.br\/wp-content\/uploads\/2023\/11\/grupo-de-empregos-whatsapp-e-facebook-ismael-colosi-vagas.jpg?ssl=1\" alt=\"\" \/><\/a><\/p>\n<!-- \/wp:image -->\n<\/div>\n<p> <br \/>\n<\/p>\n<div id=\"post-363939\">\n<header class=\"entry-header penci-entry-header penci-title-center\">\n<p> <span class=\"entry-meta-item penci-posted-on\"><i class=\"fa fa-clock-o\"\/><time class=\"entry-date published updated\" datetime=\"2023-11-10T08:53:04-03:00\">10 de novembro de 2023 | 8:53<\/time><\/span><\/p>\n<p> <span class=\"penci-social-buttons penci-social-share-footer\"><a href=\"#\" class=\"penci-post-like penci_post-meta_item  single-like-button penci-social-item like\" data-post_id=\"363939\" title=\"Like\" data-like=\"Like\" data-unlike=\"Unlike\"><i class=\"fa fa-thumbs-o-up\"\/><span class=\"penci-share-number\">0<\/span><\/a><a class=\"penci-social-item facebook\" target=\"_blank\" rel=\"noopener\" title=\"\" href=\"https:\/\/www.facebook.com\/sharer\/sharer.php?u=https%3A%2F%2Fwww.tribunaribeirao.com.br%2Fsite%2Ffeminicidio-em-santa-cruz-das-palmeiras%2F\"><i class=\"fa fa-facebook\"\/><\/a><a class=\"penci-social-item twitter\" target=\"_blank\" rel=\"noopener\" title=\"\" href=\"https:\/\/twitter.com\/intent\/tweet?text=Feminic\u00eddio%20em%20Santa%20Cruz%20das%20Palmeiras%20-%20https:\/\/www.tribunaribeirao.com.br\/site\/feminicidio-em-santa-cruz-das-palmeiras\/\"><i class=\"fa fa-twitter\"\/><\/a><a class=\"penci-social-item whatsapp\" rel=\"noopener\" data-text=\"Feminic\u00eddio em Santa Cruz das Palmeiras\" data-link=\"https:\/\/www.tribunaribeirao.com.br\/site\/feminicidio-em-santa-cruz-das-palmeiras\/\" href=\"#\"><i class=\"fa fa-whatsapp\"\/><\/a><\/span><\/header>\n<div class=\"penci-entry-content entry-content\">\n<p>Um homem de 64 anos, espancou at\u00e9 a morte e depois esquartejou o corpo de sua companheira de 39 anos, porque n\u00e3o aceitava o fim do relacionamento. O caso aconteceu em Santa Cruz das Palmeiras, na \u00faltima quarta-feira, dia 08.<\/p>\n<p>Segundo informa\u00e7\u00f5es da Pol\u00edcia Militar, o autor identificado como Valdenor Carna\u00faba de Souza, descobriu a suposta infidelidade da Mariza Rocha de Santana, de 39, e a agrediu violentamente. Depois, esquartejou o corpo e jogou em uma cova em um terreno baldio que fica em frente \u00e0 resid\u00eancia do casal no Jardim das Oliveiras.<\/p>\n<div class=\"google-auto-placed ap_container\"><\/div>\n<p>Na manh\u00e3 desta quinta-feira (9), o homem foi trabalhar e contou sobre a agress\u00e3o aos colegas de trabalho, que acionaram a Pol\u00edcia Militar.\u00a0\u00a0A PM e o Corpo de Bombeiros foram at\u00e9 o local, encontraram a casa suja de sangue e o corpo da mulher no terreno. O homem fugiu e \u00e9 procurado pela Pol\u00edcia.<\/p>\n<\/div>\n<footer class=\"penci-entry-footer\"\/><\/div>\n<p><script async src=\"\/\/platform.twitter.com\/widgets.js\" charset=\"utf-8\"><\/script><br \/>\n<br \/><br \/>\n<br \/><a href=\"https:\/\/www.tribunaribeirao.com.br\/site\/feminicidio-em-santa-cruz-das-palmeiras\/\">Source link <\/a><\/p>\n<!-- CONTENT END 1 -->\n","protected":false},"excerpt":{"rendered":"<p>10 de novembro de 2023 | 8:53 0 Um homem de 64 anos, espancou at\u00e9 a morte e depois esquartejou o corpo de sua companheira&#8230;<\/p>\n","protected":false},"author":1,"featured_media":1038,"comment_status":"open","ping_status":"open","sticky":false,"template":"","format":"standard","meta":{"advanced_seo_description":"","jetpack_seo_html_title":"","jetpack_seo_noindex":false,"jetpack_post_was_ever_published":false,"_jetpack_newsletter_access":"","_jetpack_dont_email_post_to_subs":false,"_jetpack_newsletter_tier_id":0,"_jetpack_memberships_contains_paywalled_content":false,"_jetpack_memberships_contains_paid_content":false,"footnotes":"","jetpack_publicize_message":"","jetpack_publicize_feature_enabled":true,"jetpack_social_post_already_shared":false,"jetpack_social_options":{"image_generator_settings":{"template":"highway","default_image_id":0,"font":"","enabled":false},"version":2}},"categories":[11],"tags":[],"class_list":["post-1037","post","type-post","status-publish","format-standard","has-post-thumbnail","hentry","category-noticias-de-ribeirao-preto-sp-e-regiao-ismael-colosi"],"jetpack_publicize_connections":[],"jetpack_featured_media_url":"https:\/\/i0.wp.com\/noticiasribeiraopreto.com.br\/wp-content\/uploads\/2023\/11\/feminicidio-1.jpg?fit=802%2C571&ssl=1","jetpack-related-posts":[{"id":1003,"url":"https:\/\/noticiasribeiraopreto.com.br\/index.php\/2023\/11\/10\/homem-espanca-mulher-ate-a-morte-e-esquarteja-corpo-em-santa-cruz-das-palmeiras-x-tudo-ribeirao\/","url_meta":{"origin":1037,"position":0},"title":"Homem espanca mulher at\u00e9 a morte e esquarteja corpo em Santa Cruz das Palmeiras \u2013 X Tudo Ribeir\u00e3o","author":"noticiasribeiraopreto.com.br","date":"10 de November de 2023","format":false,"excerpt":"Uma mulher de 39 anos foi espancada at\u00e9 a morte e depois teve seu corpo esquartejado pelo ex-companheiro de 64 anos, que n\u00e3o aceitava o fim do relacionamento, em Santa Cruz das Palmeiras. O crime ocorreu na \u00faltima quarta-feira. Segundo informa\u00e7\u00f5es da Pol\u00edcia Militar,\u00a0o autor identificado como\u00a0Valdenor Carna\u00faba de Souza,\u2026","rel":"","context":"In &quot;Not\u00edcias de Ribeir\u00e3o Preto-SP e Regi\u00e3o&quot;","block_context":{"text":"Not\u00edcias de Ribeir\u00e3o Preto-SP e Regi\u00e3o","link":"https:\/\/noticiasribeiraopreto.com.br\/index.php\/category\/noticias-de-ribeirao-preto-sp-e-regiao-ismael-colosi\/"},"img":{"alt_text":"","src":"https:\/\/i0.wp.com\/noticiasribeiraopreto.com.br\/wp-content\/uploads\/2023\/11\/feminicidio-santa-cruz-das-palmeiras.webp.webp?fit=802%2C571&ssl=1&resize=350%2C200","width":350,"height":200,"srcset":"https:\/\/i0.wp.com\/noticiasribeiraopreto.com.br\/wp-content\/uploads\/2023\/11\/feminicidio-santa-cruz-das-palmeiras.webp.webp?fit=802%2C571&ssl=1&resize=350%2C200 1x, https:\/\/i0.wp.com\/noticiasribeiraopreto.com.br\/wp-content\/uploads\/2023\/11\/feminicidio-santa-cruz-das-palmeiras.webp.webp?fit=802%2C571&ssl=1&resize=525%2C300 1.5x, https:\/\/i0.wp.com\/noticiasribeiraopreto.com.br\/wp-content\/uploads\/2023\/11\/feminicidio-santa-cruz-das-palmeiras.webp.webp?fit=802%2C571&ssl=1&resize=700%2C400 2x"},"classes":[]},{"id":51192,"url":"https:\/\/noticiasribeiraopreto.com.br\/index.php\/2024\/05\/23\/botafogo-empata-com-o-palmeiras-e-esta-eliminado-da-copa-do-brasil\/","url_meta":{"origin":1037,"position":1},"title":"Botafogo empata com o Palmeiras e est\u00e1 eliminado da Copa do Brasil","author":"noticiasribeiraopreto.com.br","date":"23 de May de 2024","format":false,"excerpt":"O Botafogo empatou em 0 a 0 com o Palmeiras, na noite desta quinta-feira (23), pelo jogo de volta da Copa do Brasil, no est\u00e1dio Santa Cruz Arena Nicnet, em Ribeir\u00e3o Preto. Com o resultado, o Verd\u00e3o garantiu sua vaga nas oitavas de final pelo placar acumulado e o Tricolor\u2026","rel":"","context":"In &quot;Not\u00edcias de Ribeir\u00e3o Preto-SP e Regi\u00e3o&quot;","block_context":{"text":"Not\u00edcias de Ribeir\u00e3o Preto-SP e Regi\u00e3o","link":"https:\/\/noticiasribeiraopreto.com.br\/index.php\/category\/noticias-de-ribeirao-preto-sp-e-regiao-ismael-colosi\/"},"img":{"alt_text":"","src":"https:\/\/i0.wp.com\/noticiasribeiraopreto.com.br\/wp-content\/uploads\/2024\/05\/WhatsApp-Image-2024-05-23-at-19.54.14_2024-05-24_00-11-55_jpeg_2024-05-24_00-11-55.webp.webp?fit=1200%2C800&ssl=1&resize=350%2C200","width":350,"height":200,"srcset":"https:\/\/i0.wp.com\/noticiasribeiraopreto.com.br\/wp-content\/uploads\/2024\/05\/WhatsApp-Image-2024-05-23-at-19.54.14_2024-05-24_00-11-55_jpeg_2024-05-24_00-11-55.webp.webp?fit=1200%2C800&ssl=1&resize=350%2C200 1x, https:\/\/i0.wp.com\/noticiasribeiraopreto.com.br\/wp-content\/uploads\/2024\/05\/WhatsApp-Image-2024-05-23-at-19.54.14_2024-05-24_00-11-55_jpeg_2024-05-24_00-11-55.webp.webp?fit=1200%2C800&ssl=1&resize=525%2C300 1.5x, https:\/\/i0.wp.com\/noticiasribeiraopreto.com.br\/wp-content\/uploads\/2024\/05\/WhatsApp-Image-2024-05-23-at-19.54.14_2024-05-24_00-11-55_jpeg_2024-05-24_00-11-55.webp.webp?fit=1200%2C800&ssl=1&resize=700%2C400 2x, https:\/\/i0.wp.com\/noticiasribeiraopreto.com.br\/wp-content\/uploads\/2024\/05\/WhatsApp-Image-2024-05-23-at-19.54.14_2024-05-24_00-11-55_jpeg_2024-05-24_00-11-55.webp.webp?fit=1200%2C800&ssl=1&resize=1050%2C600 3x"},"classes":[]},{"id":83822,"url":"https:\/\/noticiasribeiraopreto.com.br\/index.php\/2026\/03\/26\/prefeitura-no-interior-de-sp-abre-concurso-publico-com-salarios-de-r-42-mil\/","url_meta":{"origin":1037,"position":2},"title":"Prefeitura no interior de SP abre concurso p\u00fablico com sal\u00e1rios de R$ 4,2 mil","author":"noticiasribeiraopreto.com.br","date":"26 de March de 2026","format":false,"excerpt":"00:00 A+ A- A Prefeitura de Santa Cruz das Palmeiras, no interior de S\u00e3o Paulo, publicou edital de concurso p\u00fablico com oito vagas e sal\u00e1rios de entre R$ 1,6 mil e R$ 4,2 mil. As inscri\u00e7\u00f5es devem ser realizadas pela internet (clique aqui) at\u00e9 o dia 17 de abril de\u2026","rel":"","context":"In &quot;Not\u00edcias de Ribeir\u00e3o Preto-SP e Regi\u00e3o&quot;","block_context":{"text":"Not\u00edcias de Ribeir\u00e3o Preto-SP e Regi\u00e3o","link":"https:\/\/noticiasribeiraopreto.com.br\/index.php\/category\/noticias-de-ribeirao-preto-sp-e-regiao-ismael-colosi\/"},"img":{"alt_text":"","src":"https:\/\/i0.wp.com\/noticiasribeiraopreto.com.br\/wp-content\/uploads\/2026\/03\/concurso_2025-10-10_18-32-50.webp.webp?fit=1200%2C963&ssl=1&resize=350%2C200","width":350,"height":200,"srcset":"https:\/\/i0.wp.com\/noticiasribeiraopreto.com.br\/wp-content\/uploads\/2026\/03\/concurso_2025-10-10_18-32-50.webp.webp?fit=1200%2C963&ssl=1&resize=350%2C200 1x, https:\/\/i0.wp.com\/noticiasribeiraopreto.com.br\/wp-content\/uploads\/2026\/03\/concurso_2025-10-10_18-32-50.webp.webp?fit=1200%2C963&ssl=1&resize=525%2C300 1.5x, https:\/\/i0.wp.com\/noticiasribeiraopreto.com.br\/wp-content\/uploads\/2026\/03\/concurso_2025-10-10_18-32-50.webp.webp?fit=1200%2C963&ssl=1&resize=700%2C400 2x, https:\/\/i0.wp.com\/noticiasribeiraopreto.com.br\/wp-content\/uploads\/2026\/03\/concurso_2025-10-10_18-32-50.webp.webp?fit=1200%2C963&ssl=1&resize=1050%2C600 3x"},"classes":[]},{"id":51132,"url":"https:\/\/noticiasribeiraopreto.com.br\/index.php\/2024\/05\/23\/saiba-onde-assistir-o-jogo-botafogo-e-palmeiras-que-acontece-em-ribeirao-preto\/","url_meta":{"origin":1037,"position":3},"title":"Saiba onde assistir o jogo Botafogo e Palmeiras que acontece em Ribeir\u00e3o Preto","author":"noticiasribeiraopreto.com.br","date":"23 de May de 2024","format":false,"excerpt":"O Botafogo enfrenta o Palmeiras, nesta quinta-feira (23), pela terceira fase da Copa do Brasil. O jogo de volta ser\u00e1, \u00e0s 19h, no est\u00e1dio Santa Cruz\/Arena Nicnet, em Ribeir\u00e3o Preto. No confronto de ida, realizado no\u00a0Allianz Parque, em\u00a0S\u00e3o Paulo, o Palmeiras venceu por 2 a 1 e precisa apenas do\u2026","rel":"","context":"In &quot;Not\u00edcias de Ribeir\u00e3o Preto-SP e Regi\u00e3o&quot;","block_context":{"text":"Not\u00edcias de Ribeir\u00e3o Preto-SP e Regi\u00e3o","link":"https:\/\/noticiasribeiraopreto.com.br\/index.php\/category\/noticias-de-ribeirao-preto-sp-e-regiao-ismael-colosi\/"},"img":{"alt_text":"","src":"https:\/\/i0.wp.com\/noticiasribeiraopreto.com.br\/wp-content\/uploads\/2024\/05\/palmeiras-botafogo_2024-05-03_01-55-36_jpg_2024-05-03_01-55-36.webp.webp?fit=1200%2C675&ssl=1&resize=350%2C200","width":350,"height":200,"srcset":"https:\/\/i0.wp.com\/noticiasribeiraopreto.com.br\/wp-content\/uploads\/2024\/05\/palmeiras-botafogo_2024-05-03_01-55-36_jpg_2024-05-03_01-55-36.webp.webp?fit=1200%2C675&ssl=1&resize=350%2C200 1x, https:\/\/i0.wp.com\/noticiasribeiraopreto.com.br\/wp-content\/uploads\/2024\/05\/palmeiras-botafogo_2024-05-03_01-55-36_jpg_2024-05-03_01-55-36.webp.webp?fit=1200%2C675&ssl=1&resize=525%2C300 1.5x, https:\/\/i0.wp.com\/noticiasribeiraopreto.com.br\/wp-content\/uploads\/2024\/05\/palmeiras-botafogo_2024-05-03_01-55-36_jpg_2024-05-03_01-55-36.webp.webp?fit=1200%2C675&ssl=1&resize=700%2C400 2x, https:\/\/i0.wp.com\/noticiasribeiraopreto.com.br\/wp-content\/uploads\/2024\/05\/palmeiras-botafogo_2024-05-03_01-55-36_jpg_2024-05-03_01-55-36.webp.webp?fit=1200%2C675&ssl=1&resize=1050%2C600 3x"},"classes":[]},{"id":51149,"url":"https:\/\/noticiasribeiraopreto.com.br\/index.php\/2024\/05\/23\/ribeirao-preto-tem-linha-especial-de-onibus-para-jogo-entre-botafogo-e-palmeiras\/","url_meta":{"origin":1037,"position":4},"title":"Ribeir\u00e3o Preto tem linha especial de \u00f4nibus para jogo entre Botafogo e Palmeiras","author":"noticiasribeiraopreto.com.br","date":"23 de May de 2024","format":false,"excerpt":"Uma linha especial de \u00f4nibus ser\u00e1 implantada nesta quinta-feira (23) para atender a demanda de torcedores que v\u00e3o ao jogo do Botafogo e Palmeiras pela Copa do Brasil. O jogo ser\u00e1 \u00e0s 19h, no est\u00e1dio Santa Cruz\/Arena Nicnet, em Ribeir\u00e3o Preto. Segundo a RP Mobi, que administra o tr\u00e2nsito e\u2026","rel":"","context":"In &quot;Not\u00edcias de Ribeir\u00e3o Preto-SP e Regi\u00e3o&quot;","block_context":{"text":"Not\u00edcias de Ribeir\u00e3o Preto-SP e Regi\u00e3o","link":"https:\/\/noticiasribeiraopreto.com.br\/index.php\/category\/noticias-de-ribeirao-preto-sp-e-regiao-ismael-colosi\/"},"img":{"alt_text":"","src":"https:\/\/i0.wp.com\/noticiasribeiraopreto.com.br\/wp-content\/uploads\/2024\/05\/Copia-de-Copia-de-TAMANHO-EXATO-PARA-FOTOS-NO-SISTEMA-NOVO-35_2024-05-23_16-30-22_jpg_2024-05-23_16-30-22.webp.webp?fit=1200%2C675&ssl=1&resize=350%2C200","width":350,"height":200,"srcset":"https:\/\/i0.wp.com\/noticiasribeiraopreto.com.br\/wp-content\/uploads\/2024\/05\/Copia-de-Copia-de-TAMANHO-EXATO-PARA-FOTOS-NO-SISTEMA-NOVO-35_2024-05-23_16-30-22_jpg_2024-05-23_16-30-22.webp.webp?fit=1200%2C675&ssl=1&resize=350%2C200 1x, https:\/\/i0.wp.com\/noticiasribeiraopreto.com.br\/wp-content\/uploads\/2024\/05\/Copia-de-Copia-de-TAMANHO-EXATO-PARA-FOTOS-NO-SISTEMA-NOVO-35_2024-05-23_16-30-22_jpg_2024-05-23_16-30-22.webp.webp?fit=1200%2C675&ssl=1&resize=525%2C300 1.5x, https:\/\/i0.wp.com\/noticiasribeiraopreto.com.br\/wp-content\/uploads\/2024\/05\/Copia-de-Copia-de-TAMANHO-EXATO-PARA-FOTOS-NO-SISTEMA-NOVO-35_2024-05-23_16-30-22_jpg_2024-05-23_16-30-22.webp.webp?fit=1200%2C675&ssl=1&resize=700%2C400 2x, https:\/\/i0.wp.com\/noticiasribeiraopreto.com.br\/wp-content\/uploads\/2024\/05\/Copia-de-Copia-de-TAMANHO-EXATO-PARA-FOTOS-NO-SISTEMA-NOVO-35_2024-05-23_16-30-22_jpg_2024-05-23_16-30-22.webp.webp?fit=1200%2C675&ssl=1&resize=1050%2C600 3x"},"classes":[]},{"id":61699,"url":"https:\/\/noticiasribeiraopreto.com.br\/index.php\/2024\/12\/19\/mulher-e-esfaqueada-em-tentativa-de-feminicidio-na-regiao-de-ribeirao-preto\/","url_meta":{"origin":1037,"position":5},"title":"Mulher \u00e9 esfaqueada em tentativa de feminic\u00eddio na regi\u00e3o de Ribeir\u00e3o Preto","author":"noticiasribeiraopreto.com.br","date":"19 de December de 2024","format":false,"excerpt":"Uma mulher, de 30 anos, sofreu uma tentativa de feminic\u00eddio na manh\u00e3 desta quinta-feira (19) em Sert\u00e3ozinho, na regi\u00e3o de Ribeir\u00e3o Preto. Segundo o BO (boletim de ocorr\u00eancia), o suspeito \u00e9 o ex-companheiro da v\u00edtima. A mulher foi socorrida pelo Samu (Servi\u00e7o de Atendimento M\u00f3vel de Urg\u00eancia) est\u00e1 internada na\u2026","rel":"","context":"In &quot;Not\u00edcias de Ribeir\u00e3o Preto-SP e Regi\u00e3o&quot;","block_context":{"text":"Not\u00edcias de Ribeir\u00e3o Preto-SP e Regi\u00e3o","link":"https:\/\/noticiasribeiraopreto.com.br\/index.php\/category\/noticias-de-ribeirao-preto-sp-e-regiao-ismael-colosi\/"},"img":{"alt_text":"","src":"https:\/\/i0.wp.com\/noticiasribeiraopreto.com.br\/wp-content\/uploads\/2024\/09\/policia_qru_1200x675_24052022175115_2024-09-13_14-18-22_jpg_2024-09-13_14-18-22.webp.webp?fit=1200%2C675&ssl=1&resize=350%2C200","width":350,"height":200,"srcset":"https:\/\/i0.wp.com\/noticiasribeiraopreto.com.br\/wp-content\/uploads\/2024\/09\/policia_qru_1200x675_24052022175115_2024-09-13_14-18-22_jpg_2024-09-13_14-18-22.webp.webp?fit=1200%2C675&ssl=1&resize=350%2C200 1x, https:\/\/i0.wp.com\/noticiasribeiraopreto.com.br\/wp-content\/uploads\/2024\/09\/policia_qru_1200x675_24052022175115_2024-09-13_14-18-22_jpg_2024-09-13_14-18-22.webp.webp?fit=1200%2C675&ssl=1&resize=525%2C300 1.5x, https:\/\/i0.wp.com\/noticiasribeiraopreto.com.br\/wp-content\/uploads\/2024\/09\/policia_qru_1200x675_24052022175115_2024-09-13_14-18-22_jpg_2024-09-13_14-18-22.webp.webp?fit=1200%2C675&ssl=1&resize=700%2C400 2x, https:\/\/i0.wp.com\/noticiasribeiraopreto.com.br\/wp-content\/uploads\/2024\/09\/policia_qru_1200x675_24052022175115_2024-09-13_14-18-22_jpg_2024-09-13_14-18-22.webp.webp?fit=1200%2C675&ssl=1&resize=1050%2C600 3x"},"classes":[]}],"jetpack_sharing_enabled":true,"jetpack_shortlink":"https:\/\/wp.me\/peQAOb-gJ","_links":{"self":[{"href":"https:\/\/noticiasribeiraopreto.com.br\/index.php\/wp-json\/wp\/v2\/posts\/1037","targetHints":{"allow":["GET"]}}],"collection":[{"href":"https:\/\/noticiasribeiraopreto.com.br\/index.php\/wp-json\/wp\/v2\/posts"}],"about":[{"href":"https:\/\/noticiasribeiraopreto.com.br\/index.php\/wp-json\/wp\/v2\/types\/post"}],"author":[{"embeddable":true,"href":"https:\/\/noticiasribeiraopreto.com.br\/index.php\/wp-json\/wp\/v2\/users\/1"}],"replies":[{"embeddable":true,"href":"https:\/\/noticiasribeiraopreto.com.br\/index.php\/wp-json\/wp\/v2\/comments?post=1037"}],"version-history":[{"count":0,"href":"https:\/\/noticiasribeiraopreto.com.br\/index.php\/wp-json\/wp\/v2\/posts\/1037\/revisions"}],"wp:featuredmedia":[{"embeddable":true,"href":"https:\/\/noticiasribeiraopreto.com.br\/index.php\/wp-json\/wp\/v2\/media\/1038"}],"wp:attachment":[{"href":"https:\/\/noticiasribeiraopreto.com.br\/index.php\/wp-json\/wp\/v2\/media?parent=1037"}],"wp:term":[{"taxonomy":"category","embeddable":true,"href":"https:\/\/noticiasribeiraopreto.com.br\/index.php\/wp-json\/wp\/v2\/categories?post=1037"},{"taxonomy":"post_tag","embeddable":true,"href":"https:\/\/noticiasribeiraopreto.com.br\/index.php\/wp-json\/wp\/v2\/tags?post=1037"}],"curies":[{"name":"wp","href":"https:\/\/api.w.org\/{rel}","templated":true}]}}