{"id":10371,"date":"2023-12-04T12:17:15","date_gmt":"2023-12-04T15:17:15","guid":{"rendered":"https:\/\/noticiasribeiraopreto.com.br\/index.php\/2023\/12\/04\/senac-minas-abre-vagas-em-diversos-cursos-gratuitos\/"},"modified":"2023-12-04T12:17:15","modified_gmt":"2023-12-04T15:17:15","slug":"senac-minas-abre-vagas-em-diversos-cursos-gratuitos","status":"publish","type":"post","link":"https:\/\/noticiasribeiraopreto.com.br\/index.php\/2023\/12\/04\/senac-minas-abre-vagas-em-diversos-cursos-gratuitos\/","title":{"rendered":"Senac Minas abre vagas em diversos cursos gratuitos"},"content":{"rendered":"<div class='code-block code-block-1' style='margin: 8px 0 8px auto; text-align: right; display: block; clear: both;'>\n<p><a href=\"https:\/\/wa.link\/vpicfd\"><img data-recalc-dims=\"1\" class=\"wp-image-4922\" style=\"aspect-ratio: 2.0253164556962027; width: 561px; height: auto;\" src=\"https:\/\/i0.wp.com\/ismaelcolosi.com.br\/wp-content\/uploads\/2023\/11\/grupo-de-empregos-whatsapp-e-facebook-ismael-colosi-vagas.jpg?ssl=1\" alt=\"\" \/><\/a><\/p>\n<!-- \/wp:image -->\n<\/div>\n<p> <br \/>\n<\/p>\n<div>\n<p>O Servi\u00e7o Nacional de Aprendizagem Comercial em Minas Gerais (Senac Minas) est\u00e1 com matr\u00edculas abertas para cursos gratuitos em <a href=\"https:\/\/catracalivre.com.br\/educacao\/usp-abre-inscricoes-para-mais-de-30-cursos-gratuitos-e-com-certificacao\/\">diversas \u00e1reas do conhecimento<\/a>, por meio do <a href=\"https:\/\/www.ead.senac.br\/gratuito\/\" target=\"_blank\" rel=\"noopener\">Programa Senac de Gratuidade<\/a>.<\/p>\n<p>Os cursos ser\u00e3o ministrados nas cidades de Coronel Fabriciano, Ipatinga. As aulas come\u00e7am em janeiro de 2024.<\/p>\n<div id=\"attachment_2316227\" class=\"wp-caption aligncenter\">\n<div class=\"d-flex justify-content-center\" data-attachment-id=\"2316227\">\n<div class=\"position-relative d-inline-block\"><img data-recalc-dims=\"1\" data-portal-copyright=\"Divulga\u00e7\u00e3o\" fetchpriority=\"high\" decoding=\"async\" class=\"wp-image-2316227 size-full\" src=\"https:\/\/i0.wp.com\/catracalivre.com.br\/wp-content\/uploads\/2023\/12\/cursos-gratuitos-senc-minas.jpg?resize=900%2C600&#038;ssl=1\" alt=\"Senac Minas abre vagas em diversos cursos gratuitos\" width=\"900\" height=\"600\" srcset=\"https:\/\/catracalivre.com.br\/wp-content\/uploads\/2023\/12\/cursos-gratuitos-senc-minas.jpg 900w, https:\/\/catracalivre.com.br\/wp-content\/uploads\/2023\/12\/cursos-gratuitos-senc-minas-450x300.jpg 450w, https:\/\/catracalivre.com.br\/wp-content\/uploads\/2023\/12\/cursos-gratuitos-senc-minas-768x512.jpg 768w\" sizes=\"(max-width: 900px) 100vw, 900px\"\/><\/p>\n<p>Cr\u00e9ditos: Divulga\u00e7\u00e3o<\/p>\n<\/div>\n<\/div>\n<p><span class=\"post-imagem__legenda\">Senac Minas abre vagas em diversos cursos gratuitos<\/span><\/p>\n<\/div>\n<p>S\u00e3o oferecidos diversos cursos, como Programador de Sistemas, Primeiros Socorros, Assistente Administrativo, Cabelereiro, barbeiro, entre outros (lista completa abaixo).<\/p>\n<p>As matr\u00edculas devem ser feitas presencialmente em cada unidade. No ato da inscri\u00e7\u00e3o \u00e9 necess\u00e1rio apresentar documento com foto, CPF e comprovante de resid\u00eancia no momento da matr\u00edcula. Menores de idade dever\u00e3o comparecer acompanhados dos pais ou respons\u00e1veis.<\/p>\n<p>Em Ipatinga, o Senac fica localizado na Rua Itajub\u00e1, 250, no Centro. Em Fabriciano o Senac fica localizado na Rua Albert Scharlet, 303, no Centro.<\/p>\n<h2>Confira os cursos gratuitos do Senac Minas<\/h2>\n<p><strong>Senac em Coronel Fabriciano\u00a0\u00a0\u00a0<\/strong><\/p>\n<ul>\n<li>Cuidador de idosos \u2013 160h \u2013 in\u00edcio em 05\/02<\/li>\n<li>Barbeiro \u2013 172h \u2013 in\u00edcio em 05\/02<\/li>\n<li>Lei Lucas: No\u00e7\u00f5es b\u00e1sicas de Primeiros Socorros \u2013 15h \u2013 in\u00edcio em 05\/02<\/li>\n<li>T\u00e9cnico em Seguran\u00e7a do Trabalho \u2013 1200h \u2013 in\u00edcio em 05\/02<\/li>\n<li>Cabelereiro \u2013 400h \u2013 in\u00edcio em 05\/02<\/li>\n<li>Atualiza\u00e7\u00e3o no tratamento de feridas e curativos \u2013 36h \u2013 in\u00edcio em 19\/02<\/li>\n<li>Relacionamento e resolu\u00e7\u00e3o de conflitos nas empresas \u2013 21h \u2013 in\u00edcio em 19\/02<\/li>\n<li>Assistente Administrativo \u2013 160h \u2013 in\u00edcio em 19\/02<\/li>\n<\/ul>\n<h3>Veja se voc\u00ea pode se inscrever nos cursos gratuitos<\/h3>\n<p>O Programa Senac de Gratuidade foi pensado como um instrumento de inclus\u00e3o produtiva para brasileiros oriundos de fam\u00edlia de baixa renda.<\/p>\n<p>A renda familiar mensal per capita \u00e9 calculada somando-se a renda bruta dos componentes do grupo familiar e dividindo-se pelo n\u00famero de pessoas que formam esse grupo familiar.<\/p>\n<p>Se o resultado for at\u00e9 2 sal\u00e1rios m\u00ednimos federais, o candidato poder\u00e1 concorrer a uma vaga no PSG.<\/p>\n<p><strong>Grupo familiar<\/strong> \u2013 corresponde ao pr\u00f3prio candidato e as pessoas que moram com ele, que usufruam da renda bruta familiar e tenham com o candidato algum grau de parentesco: pai, padrasto, m\u00e3e, madrasta, c\u00f4njuge, companheiro(a), filho(a), enteado(a), irm\u00e3o(\u00e3), ou av\u00f4(\u00f3).<\/p>\n<\/div>\n<p><script>\n\t\t! function(f, b, e, v, n, t, s) {\n\t\t\tif (f.fbq) return;\n\t\t\tn = f.fbq = function() {\n\t\t\t\tn.callMethod ?\n\t\t\t\t\tn.callMethod.apply(n, arguments) : n.queue.push(arguments)\n\t\t\t};\n\t\t\tif (!f._fbq) f._fbq = n;\n\t\t\tn.push = n;\n\t\t\tn.loaded = !0;\n\t\t\tn.version = '2.0';\n\t\t\tn.queue = [];\n\t\t\tt = b.createElement(e);\n\t\t\tt.async = !0;\n\t\t\tt.src = v;\n\t\t\ts = b.getElementsByTagName(e)[0];\n\t\t\ts.parentNode.insertBefore(t, s)\n\t\t}(window, document, 'script',\n\t\t\t'https:\/\/connect.facebook.net\/en_US\/fbevents.js');\n\t\tfbq('init', '338315473262380');\n\t\tfbq('track', 'PageView');\n\t<\/script><br \/>\n<br \/><br \/>\n<br \/><a href=\"https:\/\/catracalivre.com.br\/educacao\/senac-minas-abre-vagas-em-diversos-cursos-gratuitos\/\">Source link <\/a><\/p>\n<!-- CONTENT END 1 -->\n","protected":false},"excerpt":{"rendered":"<p>O Servi\u00e7o Nacional de Aprendizagem Comercial em Minas Gerais (Senac Minas) est\u00e1 com matr\u00edculas abertas para cursos gratuitos em diversas \u00e1reas do conhecimento, por meio&#8230;<\/p>\n","protected":false},"author":1,"featured_media":10372,"comment_status":"open","ping_status":"open","sticky":false,"template":"","format":"standard","meta":{"advanced_seo_description":"","jetpack_seo_html_title":"","jetpack_seo_noindex":false,"jetpack_post_was_ever_published":false,"_jetpack_newsletter_access":"","_jetpack_dont_email_post_to_subs":false,"_jetpack_newsletter_tier_id":0,"_jetpack_memberships_contains_paywalled_content":false,"_jetpack_memberships_contains_paid_content":false,"footnotes":"","jetpack_publicize_message":"","jetpack_publicize_feature_enabled":true,"jetpack_social_post_already_shared":true,"jetpack_social_options":{"image_generator_settings":{"template":"highway","default_image_id":0,"font":"","enabled":false},"version":2}},"categories":[19],"tags":[],"class_list":["post-10371","post","type-post","status-publish","format-standard","has-post-thumbnail","hentry","category-variedades"],"jetpack_publicize_connections":[],"jetpack_featured_media_url":"https:\/\/i0.wp.com\/noticiasribeiraopreto.com.br\/wp-content\/uploads\/2023\/12\/cursos-gratuitos-senc-minas.jpg?fit=1200%2C638&ssl=1","jetpack-related-posts":[{"id":23811,"url":"https:\/\/noticiasribeiraopreto.com.br\/index.php\/2024\/01\/03\/senac-abre-inscricoes-para-cursos-tecnicos-gratuitos-na-area-da-saude-com-certificados-em-enfermagem-massoterapia-e-mais\/","url_meta":{"origin":10371,"position":0},"title":"Senac abre inscri\u00e7\u00f5es para cursos t\u00e9cnicos gratuitos na \u00e1rea da sa\u00fade, com certificados em Enfermagem, Massoterapia e mais!","author":"noticiasribeiraopreto.com.br","date":"3 de January de 2024","format":false,"excerpt":"Senac abre inscri\u00e7\u00f5es para cursos t\u00e9cnicos gratuitos na \u00e1rea da sa\u00fade Oportunidade \u00danica: Senac oferece cursos t\u00e9cnicos gratuitos para amantes da \u00e1rea da sa\u00fade. As inscri\u00e7\u00f5es j\u00e1 est\u00e3o abertas, garanta j\u00e1 a sua vaga! Se voc\u00ea busca uma oportunidade para se capacitar na \u00e1rea da sa\u00fade, o Senac em Manhua\u00e7u,\u2026","rel":"","context":"In &quot;Vagas de Emprego em Ribeir\u00e3o Preto-SP&quot;","block_context":{"text":"Vagas de Emprego em Ribeir\u00e3o Preto-SP","link":"https:\/\/noticiasribeiraopreto.com.br\/index.php\/category\/empregos-classificados-vagas-trabalho\/vagas-de-empregos-em-ribeirao-preto-regiao-brasil\/"},"img":{"alt_text":"","src":"https:\/\/i0.wp.com\/noticiasribeiraopreto.com.br\/wp-content\/uploads\/2024\/01\/SENACCCCC-830x450.png?fit=830%2C450&ssl=1&resize=350%2C200","width":350,"height":200,"srcset":"https:\/\/i0.wp.com\/noticiasribeiraopreto.com.br\/wp-content\/uploads\/2024\/01\/SENACCCCC-830x450.png?fit=830%2C450&ssl=1&resize=350%2C200 1x, https:\/\/i0.wp.com\/noticiasribeiraopreto.com.br\/wp-content\/uploads\/2024\/01\/SENACCCCC-830x450.png?fit=830%2C450&ssl=1&resize=525%2C300 1.5x, https:\/\/i0.wp.com\/noticiasribeiraopreto.com.br\/wp-content\/uploads\/2024\/01\/SENACCCCC-830x450.png?fit=830%2C450&ssl=1&resize=700%2C400 2x"},"classes":[]},{"id":50873,"url":"https:\/\/noticiasribeiraopreto.com.br\/index.php\/2024\/05\/20\/oportunidade-senac-oferece-846-vagas-em-cursos-profissionalizantes-gratuitos-com-certificado-inscreva-se\/","url_meta":{"origin":10371,"position":1},"title":"Oportunidade! SENAC oferece 846 vagas em cursos profissionalizantes gratuitos com certificado; Inscreva-se!","author":"noticiasribeiraopreto.com.br","date":"20 de May de 2024","format":false,"excerpt":"Neste S\u00e1bado (18\/05), o Servi\u00e7o Nacional de Aprendizagem Comercial do Distrito Federal (Senac-DF) tem uma oportunidade imperd\u00edvel para quem busca capacita\u00e7\u00e3o profissional. O Senac-DF refor\u00e7a seu compromisso de oferecer oportunidades de aprendizagem a estudantes de baixa renda ao abrir 846 vagas gratuitas em diversos cursos profissionalizantes gratuitos. A iniciativa faz\u2026","rel":"","context":"In &quot;Empregos - Classificados&quot;","block_context":{"text":"Empregos - Classificados","link":"https:\/\/noticiasribeiraopreto.com.br\/index.php\/category\/empregos-classificados-vagas-trabalho\/"},"img":{"alt_text":"","src":"https:\/\/i0.wp.com\/noticiasribeiraopreto.com.br\/wp-content\/uploads\/2024\/05\/Cursos-gratuitos.webp.webp?fit=1200%2C630&ssl=1&resize=350%2C200","width":350,"height":200,"srcset":"https:\/\/i0.wp.com\/noticiasribeiraopreto.com.br\/wp-content\/uploads\/2024\/05\/Cursos-gratuitos.webp.webp?fit=1200%2C630&ssl=1&resize=350%2C200 1x, https:\/\/i0.wp.com\/noticiasribeiraopreto.com.br\/wp-content\/uploads\/2024\/05\/Cursos-gratuitos.webp.webp?fit=1200%2C630&ssl=1&resize=525%2C300 1.5x, https:\/\/i0.wp.com\/noticiasribeiraopreto.com.br\/wp-content\/uploads\/2024\/05\/Cursos-gratuitos.webp.webp?fit=1200%2C630&ssl=1&resize=700%2C400 2x, https:\/\/i0.wp.com\/noticiasribeiraopreto.com.br\/wp-content\/uploads\/2024\/05\/Cursos-gratuitos.webp.webp?fit=1200%2C630&ssl=1&resize=1050%2C600 3x"},"classes":[]},{"id":7794,"url":"https:\/\/noticiasribeiraopreto.com.br\/index.php\/2023\/11\/28\/senac-abre-3-mil-vagas-em-cursos-gratuitos-veja-requisitos\/","url_meta":{"origin":10371,"position":2},"title":"Senac abre 3 mil vagas em cursos gratuitos; veja requisitos","author":"noticiasribeiraopreto.com.br","date":"28 de November de 2023","format":false,"excerpt":"O Servi\u00e7o Nacional de Aprendizagem Comercial do Esp\u00edrito Santo (Senac-ES) est\u00e1 oferecendo 3 mil vagas gratuitas para cursos \u00e0 dist\u00e2ncia (EaD) em diversas \u00e1reas estrat\u00e9gicas por meio do Programa Senac de Gratuidade (PSG). O prazo de inscri\u00e7\u00e3o vai at\u00e9 ter\u00e7a-feira, 28, \u00e0s 23h59.As vagas s\u00e3o para cursos gratuitos em setores\u2026","rel":"","context":"In &quot;Variedades&quot;","block_context":{"text":"Variedades","link":"https:\/\/noticiasribeiraopreto.com.br\/index.php\/category\/variedades\/"},"img":{"alt_text":"","src":"https:\/\/i0.wp.com\/noticiasribeiraopreto.com.br\/wp-content\/uploads\/2023\/11\/cursos-gratuitos-senac-es.jpeg?fit=1200%2C638&ssl=1&resize=350%2C200","width":350,"height":200,"srcset":"https:\/\/i0.wp.com\/noticiasribeiraopreto.com.br\/wp-content\/uploads\/2023\/11\/cursos-gratuitos-senac-es.jpeg?fit=1200%2C638&ssl=1&resize=350%2C200 1x, https:\/\/i0.wp.com\/noticiasribeiraopreto.com.br\/wp-content\/uploads\/2023\/11\/cursos-gratuitos-senac-es.jpeg?fit=1200%2C638&ssl=1&resize=525%2C300 1.5x, https:\/\/i0.wp.com\/noticiasribeiraopreto.com.br\/wp-content\/uploads\/2023\/11\/cursos-gratuitos-senac-es.jpeg?fit=1200%2C638&ssl=1&resize=700%2C400 2x, https:\/\/i0.wp.com\/noticiasribeiraopreto.com.br\/wp-content\/uploads\/2023\/11\/cursos-gratuitos-senac-es.jpeg?fit=1200%2C638&ssl=1&resize=1050%2C600 3x"},"classes":[]},{"id":54284,"url":"https:\/\/noticiasribeiraopreto.com.br\/index.php\/2024\/07\/06\/oportunidade-senac-oferece-846-vagas-em-cursos-profissionalizantes-gratuitos-com-certificado-inscreva-se-2\/","url_meta":{"origin":10371,"position":3},"title":"Oportunidade! SENAC oferece 846 vagas em cursos profissionalizantes gratuitos com certificado; Inscreva-se!","author":"noticiasribeiraopreto.com.br","date":"6 de July de 2024","format":false,"excerpt":"Neste S\u00e1bado (18\/05), o Servi\u00e7o Nacional de Aprendizagem Comercial do Distrito Federal (Senac-DF) tem uma oportunidade imperd\u00edvel para quem busca capacita\u00e7\u00e3o profissional. O Senac-DF refor\u00e7a seu compromisso de oferecer oportunidades de aprendizagem a estudantes de baixa renda ao abrir 846 vagas gratuitas em diversos cursos profissionalizantes gratuitos. A iniciativa faz\u2026","rel":"","context":"In &quot;Empregos - Classificados&quot;","block_context":{"text":"Empregos - Classificados","link":"https:\/\/noticiasribeiraopreto.com.br\/index.php\/category\/empregos-classificados-vagas-trabalho\/"},"img":{"alt_text":"","src":"https:\/\/i0.wp.com\/noticiasribeiraopreto.com.br\/wp-content\/uploads\/2024\/05\/Cursos-gratuitos.webp.webp?fit=1200%2C630&ssl=1&resize=350%2C200","width":350,"height":200,"srcset":"https:\/\/i0.wp.com\/noticiasribeiraopreto.com.br\/wp-content\/uploads\/2024\/05\/Cursos-gratuitos.webp.webp?fit=1200%2C630&ssl=1&resize=350%2C200 1x, https:\/\/i0.wp.com\/noticiasribeiraopreto.com.br\/wp-content\/uploads\/2024\/05\/Cursos-gratuitos.webp.webp?fit=1200%2C630&ssl=1&resize=525%2C300 1.5x, https:\/\/i0.wp.com\/noticiasribeiraopreto.com.br\/wp-content\/uploads\/2024\/05\/Cursos-gratuitos.webp.webp?fit=1200%2C630&ssl=1&resize=700%2C400 2x, https:\/\/i0.wp.com\/noticiasribeiraopreto.com.br\/wp-content\/uploads\/2024\/05\/Cursos-gratuitos.webp.webp?fit=1200%2C630&ssl=1&resize=1050%2C600 3x"},"classes":[]},{"id":6989,"url":"https:\/\/noticiasribeiraopreto.com.br\/index.php\/2023\/11\/27\/senac-abre-vagas-em-cursos-gratuitos-veja-como-participar\/","url_meta":{"origin":10371,"position":4},"title":"Senac abre vagas em cursos gratuitos; veja como participar","author":"noticiasribeiraopreto.com.br","date":"27 de November de 2023","format":false,"excerpt":"O Servi\u00e7o Nacional de Aprendizagem Comercial no Rio de Janeiro (Senac-RJ) est\u00e1 com inscri\u00e7\u00f5es abertas para cursos gratuitos de empreendedorismo, est\u00e9tica e beleza. As aulas acontecer\u00e3o em S\u00e3o Jo\u00e3o de Meriti, na Baixada Fluminense, e ser\u00e3o oferecidas 100 vagas. Cr\u00e9ditos: iStock | nnelevenSenac abre vagas em cursos gratuitos; veja como\u2026","rel":"","context":"In &quot;Variedades&quot;","block_context":{"text":"Variedades","link":"https:\/\/noticiasribeiraopreto.com.br\/index.php\/category\/variedades\/"},"img":{"alt_text":"","src":"https:\/\/i0.wp.com\/noticiasribeiraopreto.com.br\/wp-content\/uploads\/2023\/11\/istock-1369374237.jpg?fit=1200%2C638&ssl=1&resize=350%2C200","width":350,"height":200,"srcset":"https:\/\/i0.wp.com\/noticiasribeiraopreto.com.br\/wp-content\/uploads\/2023\/11\/istock-1369374237.jpg?fit=1200%2C638&ssl=1&resize=350%2C200 1x, https:\/\/i0.wp.com\/noticiasribeiraopreto.com.br\/wp-content\/uploads\/2023\/11\/istock-1369374237.jpg?fit=1200%2C638&ssl=1&resize=525%2C300 1.5x, https:\/\/i0.wp.com\/noticiasribeiraopreto.com.br\/wp-content\/uploads\/2023\/11\/istock-1369374237.jpg?fit=1200%2C638&ssl=1&resize=700%2C400 2x, https:\/\/i0.wp.com\/noticiasribeiraopreto.com.br\/wp-content\/uploads\/2023\/11\/istock-1369374237.jpg?fit=1200%2C638&ssl=1&resize=1050%2C600 3x"},"classes":[]},{"id":35890,"url":"https:\/\/noticiasribeiraopreto.com.br\/index.php\/2024\/02\/07\/senac-abre-inscricoes-com-vagas-para-curso-tecnico-gratuito-em-enfermagem-saiba-como-participar\/","url_meta":{"origin":10371,"position":5},"title":"Senac abre inscri\u00e7\u00f5es com vagas para curso T\u00e9cnico gratuito em Enfermagem. Saiba como participar","author":"noticiasribeiraopreto.com.br","date":"7 de February de 2024","format":false,"excerpt":"No Senac-MT, est\u00e3o abertas as inscri\u00e7\u00f5es para os cursos t\u00e9cnicos de enfermagem. S\u00e3o 22 vagas para quem tem mais de 17 anos e concluiu o ensino m\u00e9dio, ou est\u00e1 em andamento. O curso gratuito tem dura\u00e7\u00e3o de 2 anos e forma especialistas qualificados para atuar na \u00e1rea da sa\u00fade. Tem\u2026","rel":"","context":"In &quot;Empregos - Classificados&quot;","block_context":{"text":"Empregos - Classificados","link":"https:\/\/noticiasribeiraopreto.com.br\/index.php\/category\/empregos-classificados-vagas-trabalho\/"},"img":{"alt_text":"","src":"https:\/\/i0.wp.com\/noticiasribeiraopreto.com.br\/wp-content\/uploads\/2024\/02\/Curso.png?fit=1200%2C630&ssl=1&resize=350%2C200","width":350,"height":200,"srcset":"https:\/\/i0.wp.com\/noticiasribeiraopreto.com.br\/wp-content\/uploads\/2024\/02\/Curso.png?fit=1200%2C630&ssl=1&resize=350%2C200 1x, https:\/\/i0.wp.com\/noticiasribeiraopreto.com.br\/wp-content\/uploads\/2024\/02\/Curso.png?fit=1200%2C630&ssl=1&resize=525%2C300 1.5x, https:\/\/i0.wp.com\/noticiasribeiraopreto.com.br\/wp-content\/uploads\/2024\/02\/Curso.png?fit=1200%2C630&ssl=1&resize=700%2C400 2x, https:\/\/i0.wp.com\/noticiasribeiraopreto.com.br\/wp-content\/uploads\/2024\/02\/Curso.png?fit=1200%2C630&ssl=1&resize=1050%2C600 3x"},"classes":[]}],"jetpack_sharing_enabled":true,"jetpack_shortlink":"https:\/\/wp.me\/peQAOb-2Hh","_links":{"self":[{"href":"https:\/\/noticiasribeiraopreto.com.br\/index.php\/wp-json\/wp\/v2\/posts\/10371","targetHints":{"allow":["GET"]}}],"collection":[{"href":"https:\/\/noticiasribeiraopreto.com.br\/index.php\/wp-json\/wp\/v2\/posts"}],"about":[{"href":"https:\/\/noticiasribeiraopreto.com.br\/index.php\/wp-json\/wp\/v2\/types\/post"}],"author":[{"embeddable":true,"href":"https:\/\/noticiasribeiraopreto.com.br\/index.php\/wp-json\/wp\/v2\/users\/1"}],"replies":[{"embeddable":true,"href":"https:\/\/noticiasribeiraopreto.com.br\/index.php\/wp-json\/wp\/v2\/comments?post=10371"}],"version-history":[{"count":0,"href":"https:\/\/noticiasribeiraopreto.com.br\/index.php\/wp-json\/wp\/v2\/posts\/10371\/revisions"}],"wp:featuredmedia":[{"embeddable":true,"href":"https:\/\/noticiasribeiraopreto.com.br\/index.php\/wp-json\/wp\/v2\/media\/10372"}],"wp:attachment":[{"href":"https:\/\/noticiasribeiraopreto.com.br\/index.php\/wp-json\/wp\/v2\/media?parent=10371"}],"wp:term":[{"taxonomy":"category","embeddable":true,"href":"https:\/\/noticiasribeiraopreto.com.br\/index.php\/wp-json\/wp\/v2\/categories?post=10371"},{"taxonomy":"post_tag","embeddable":true,"href":"https:\/\/noticiasribeiraopreto.com.br\/index.php\/wp-json\/wp\/v2\/tags?post=10371"}],"curies":[{"name":"wp","href":"https:\/\/api.w.org\/{rel}","templated":true}]}}