{"id":10379,"date":"2023-12-04T12:37:08","date_gmt":"2023-12-04T15:37:08","guid":{"rendered":"https:\/\/noticiasribeiraopreto.com.br\/index.php\/2023\/12\/04\/ana-hickmann-fala-sobre-abordagem-de-mulheres-na-rua-apos-denuncia-de-agressao-contra-ex-marido\/"},"modified":"2023-12-04T12:37:08","modified_gmt":"2023-12-04T15:37:08","slug":"ana-hickmann-fala-sobre-abordagem-de-mulheres-na-rua-apos-denuncia-de-agressao-contra-ex-marido","status":"publish","type":"post","link":"https:\/\/noticiasribeiraopreto.com.br\/index.php\/2023\/12\/04\/ana-hickmann-fala-sobre-abordagem-de-mulheres-na-rua-apos-denuncia-de-agressao-contra-ex-marido\/","title":{"rendered":"Ana Hickmann fala sobre abordagem de mulheres na rua ap\u00f3s den\u00fancia de agress\u00e3o contra ex marido"},"content":{"rendered":"<div class='code-block code-block-1' style='margin: 8px 0 8px auto; text-align: right; display: block; clear: both;'>\n<p><a href=\"https:\/\/wa.link\/vpicfd\"><img data-recalc-dims=\"1\" class=\"wp-image-4922\" style=\"aspect-ratio: 2.0253164556962027; width: 561px; height: auto;\" src=\"https:\/\/i0.wp.com\/ismaelcolosi.com.br\/wp-content\/uploads\/2023\/11\/grupo-de-empregos-whatsapp-e-facebook-ismael-colosi-vagas.jpg?ssl=1\" alt=\"\" \/><\/a><\/p>\n<!-- \/wp:image -->\n<\/div>\n<p> <br \/>\n<\/p>\n<div itemprop=\"text\">\n<p>A apresentadora Ana Hickmann tem sido nome de motiva\u00e7\u00e3o e exemplo para algumas mulheres. Em um relato feito pela pr\u00f3pria, ela contou que duas mulheres chegaram at\u00e9 ela para falar sobre a representatividade que tiveram com eu caso.<\/p>\n<p><em>\u201cEu n\u00e3o sabia da vida dela. Ela me disse: \u2018voc\u00ea me representou quando foi na delegacia, porque eu j\u00e1 sa\u00ed toda machucada e n\u00e3o pude levar adiante a den\u00fancia porque ainda dependo financeiramente do meu ex-marido\u2019. Quando fez aquilo, me deu coragem, porque a gente n\u00e3o precisa mais disso\u201d<\/em>.<\/p>\n<p>Ana contou que a situa\u00e7\u00e3o foi no primeiro dia ap\u00f3s o ocorrido em sua casa quando foi levar o filho de 9 anos na escola. Uma das mulheres chegou a abra\u00e7ar ela e relatou.<\/p>\n<p>A apresentadora fez exalta\u00e7\u00e3o a Lei Maria da Penha. Para ela, a lei garante prote\u00e7\u00e3o e agiliza os processos de separa\u00e7\u00e3o de corpos e div\u00f3rcio por se tratar de uma lei que \u00e9 aplicada de forma r\u00e1pida para que ocorra o fim daquela rela\u00e7\u00e3o.<\/p>\n<p>Ainda no relato, ela continuou falando sobre a import\u00e2ncia das mulheres tomarem conhecimento da lei que protege e funciona para todas as mulheres, n\u00e3o somente para ela por ser famosa.<\/p>\n<p>Ana falou que foi machucada por muito tempo, mas que tomou coragem e decidiu reagir perante aquela situa\u00e7\u00e3o que a machucou por muito tempo por se tratar de um relacionamento t\u00f3xico. O casamento dos dois durou 25 anos.<\/p>\n<\/div>\n<p><br \/>\n<br \/><a href=\"https:\/\/fnmais.com\/ana-hickmann-fala-sobre-abordagem-mulheres-na-rua-apos-denuncia-agressao-contra-ex-marido\/\">Source link <\/a><\/p>\n<!-- CONTENT END 1 -->\n","protected":false},"excerpt":{"rendered":"<p>A apresentadora Ana Hickmann tem sido nome de motiva\u00e7\u00e3o e exemplo para algumas mulheres. Em um relato feito pela pr\u00f3pria, ela contou que duas mulheres&#8230;<\/p>\n","protected":false},"author":1,"featured_media":10380,"comment_status":"open","ping_status":"open","sticky":false,"template":"","format":"standard","meta":{"advanced_seo_description":"","jetpack_seo_html_title":"","jetpack_seo_noindex":false,"jetpack_post_was_ever_published":false,"_jetpack_newsletter_access":"","_jetpack_dont_email_post_to_subs":false,"_jetpack_newsletter_tier_id":0,"_jetpack_memberships_contains_paywalled_content":false,"_jetpack_memberships_contains_paid_content":false,"footnotes":"","jetpack_publicize_message":"","jetpack_publicize_feature_enabled":true,"jetpack_social_post_already_shared":true,"jetpack_social_options":{"image_generator_settings":{"template":"highway","default_image_id":0,"font":"","enabled":false},"version":2}},"categories":[1],"tags":[],"class_list":["post-10379","post","type-post","status-publish","format-standard","has-post-thumbnail","hentry","category-blog"],"jetpack_publicize_connections":[],"jetpack_featured_media_url":"https:\/\/i0.wp.com\/noticiasribeiraopreto.com.br\/wp-content\/uploads\/2023\/12\/postimg-656def305ce562844.jpg?fit=1200%2C628&ssl=1","jetpack-related-posts":[{"id":1571,"url":"https:\/\/noticiasribeiraopreto.com.br\/index.php\/2023\/11\/13\/ana-hickmann-o-que-se-sabe-sobre-a-denuncia-contra-o-marido\/","url_meta":{"origin":10379,"position":0},"title":"Ana Hickmann: o que se sabe sobre a den\u00fancia contra o marido","author":"noticiasribeiraopreto.com.br","date":"13 de November de 2023","format":false,"excerpt":"A apresentadora e ex-modelo Ana Hickmann registrou um boletim de ocorr\u00eancia por viol\u00eancia dom\u00e9stica e les\u00e3o corporal contra o marido, o empres\u00e1rio Alexandre Correa, no \u00faltimo s\u00e1bado, 11. Em nota divulgada neste domingo, 12, Ana afirmou que teve um \u201cdesentendimento\u201d com o parceiro. Em outra nota, Correa negou a agress\u00e3o.Em\u2026","rel":"","context":"In &quot;Not\u00edcias de Ribeir\u00e3o Preto-SP e Regi\u00e3o&quot;","block_context":{"text":"Not\u00edcias de Ribeir\u00e3o Preto-SP e Regi\u00e3o","link":"https:\/\/noticiasribeiraopreto.com.br\/index.php\/category\/noticias-de-ribeirao-preto-sp-e-regiao-ismael-colosi\/"},"img":{"alt_text":"","src":"https:\/\/i0.wp.com\/noticiasribeiraopreto.com.br\/wp-content\/uploads\/2023\/11\/ana-scaled.jpg?fit=1000%2C552&ssl=1&resize=350%2C200","width":350,"height":200,"srcset":"https:\/\/i0.wp.com\/noticiasribeiraopreto.com.br\/wp-content\/uploads\/2023\/11\/ana-scaled.jpg?fit=1000%2C552&ssl=1&resize=350%2C200 1x, https:\/\/i0.wp.com\/noticiasribeiraopreto.com.br\/wp-content\/uploads\/2023\/11\/ana-scaled.jpg?fit=1000%2C552&ssl=1&resize=525%2C300 1.5x, https:\/\/i0.wp.com\/noticiasribeiraopreto.com.br\/wp-content\/uploads\/2023\/11\/ana-scaled.jpg?fit=1000%2C552&ssl=1&resize=700%2C400 2x"},"classes":[]},{"id":10396,"url":"https:\/\/noticiasribeiraopreto.com.br\/index.php\/2023\/12\/04\/evocaram-uma-ursa-de-verdade\/","url_meta":{"origin":10379,"position":1},"title":"\u2018Evocaram uma ursa de verdade \u2019","author":"noticiasribeiraopreto.com.br","date":"4 de December de 2023","format":false,"excerpt":"Em meio ao processo de separa\u00e7\u00e3o, a apresentadora Ana Hickmann falou um pouco sobre seu papel desenvolvido com rela\u00e7\u00e3o ao filho, Alezinho de 9 anos, fruto do relacionamento com ex marido Alexandre Correa.\u201cEu falava que \u00e9ramos uma fam\u00edlia urso. E eles conseguiram evocar a ursa de verdade para proteger o\u2026","rel":"","context":"In &quot;Blog&quot;","block_context":{"text":"Blog","link":"https:\/\/noticiasribeiraopreto.com.br\/index.php\/category\/blog\/"},"img":{"alt_text":"","src":"https:\/\/i0.wp.com\/noticiasribeiraopreto.com.br\/wp-content\/uploads\/2023\/12\/postimg-656def12d89fd6604.jpg?fit=1200%2C628&ssl=1&resize=350%2C200","width":350,"height":200,"srcset":"https:\/\/i0.wp.com\/noticiasribeiraopreto.com.br\/wp-content\/uploads\/2023\/12\/postimg-656def12d89fd6604.jpg?fit=1200%2C628&ssl=1&resize=350%2C200 1x, https:\/\/i0.wp.com\/noticiasribeiraopreto.com.br\/wp-content\/uploads\/2023\/12\/postimg-656def12d89fd6604.jpg?fit=1200%2C628&ssl=1&resize=525%2C300 1.5x, https:\/\/i0.wp.com\/noticiasribeiraopreto.com.br\/wp-content\/uploads\/2023\/12\/postimg-656def12d89fd6604.jpg?fit=1200%2C628&ssl=1&resize=700%2C400 2x, https:\/\/i0.wp.com\/noticiasribeiraopreto.com.br\/wp-content\/uploads\/2023\/12\/postimg-656def12d89fd6604.jpg?fit=1200%2C628&ssl=1&resize=1050%2C600 3x"},"classes":[]},{"id":15272,"url":"https:\/\/noticiasribeiraopreto.com.br\/index.php\/2023\/12\/13\/ana-hickmann-fala-sobre-conscientizacao-relembra-dia-em-que-seu-cachorro-joaquim-foi-resgatado-confira-o-video\/","url_meta":{"origin":10379,"position":2},"title":"Ana Hickmann fala sobre conscientiza\u00e7\u00e3o relembra dia em que seu cachorro Joaquim foi resgatado, confira o v\u00eddeo","author":"noticiasribeiraopreto.com.br","date":"13 de December de 2023","format":false,"excerpt":"Dezembro \u00e9 o m\u00eas da conscientiza\u00e7\u00e3o conta o abandono de animais. Quem usou as redes sociais para falar sobre o tema foi a apresentadora Ana Hickmann, que resgatou Joaquim e contou como foi o momento.\u201cEssa carinha estava no ponto de \u00f4nibus, abandonado, assustado, na beira da rodovia, com fome e\u2026","rel":"","context":"In &quot;Blog&quot;","block_context":{"text":"Blog","link":"https:\/\/noticiasribeiraopreto.com.br\/index.php\/category\/blog\/"},"img":{"alt_text":"","src":"https:\/\/i0.wp.com\/noticiasribeiraopreto.com.br\/wp-content\/uploads\/2023\/12\/postimg-6579bb8192a723477.jpg?fit=1200%2C628&ssl=1&resize=350%2C200","width":350,"height":200,"srcset":"https:\/\/i0.wp.com\/noticiasribeiraopreto.com.br\/wp-content\/uploads\/2023\/12\/postimg-6579bb8192a723477.jpg?fit=1200%2C628&ssl=1&resize=350%2C200 1x, https:\/\/i0.wp.com\/noticiasribeiraopreto.com.br\/wp-content\/uploads\/2023\/12\/postimg-6579bb8192a723477.jpg?fit=1200%2C628&ssl=1&resize=525%2C300 1.5x, https:\/\/i0.wp.com\/noticiasribeiraopreto.com.br\/wp-content\/uploads\/2023\/12\/postimg-6579bb8192a723477.jpg?fit=1200%2C628&ssl=1&resize=700%2C400 2x, https:\/\/i0.wp.com\/noticiasribeiraopreto.com.br\/wp-content\/uploads\/2023\/12\/postimg-6579bb8192a723477.jpg?fit=1200%2C628&ssl=1&resize=1050%2C600 3x"},"classes":[]},{"id":7152,"url":"https:\/\/noticiasribeiraopreto.com.br\/index.php\/2023\/11\/27\/luisa-mell-faz-publicacao-para-cachorro-que-ana-hickmann-resgatou-ajudou-quando-ela-precisou\/","url_meta":{"origin":10379,"position":3},"title":"Luisa Mell faz publica\u00e7\u00e3o para cachorro que Ana Hickmann resgatou: &#8216;Ajudou quando ela precisou&#8217;","author":"noticiasribeiraopreto.com.br","date":"27 de November de 2023","format":false,"excerpt":"\u2018 Nem todo her\u00f3i usa capa\u2019 \u00e9 uma frase muito comum usada para situa\u00e7\u00f5es em que algu\u00e9m usa toda sua coragem para enfrentar alguma situa\u00e7\u00e3o de perigo. Mas n\u00e3o quer dizer que seja s\u00f3 com seres humanos.Dessa vez, quem ganhou o t\u00edtulo de her\u00f3i foi Joaquim, cachorro da apresentadora Ana\u2026","rel":"","context":"In &quot;Blog&quot;","block_context":{"text":"Blog","link":"https:\/\/noticiasribeiraopreto.com.br\/index.php\/category\/blog\/"},"img":{"alt_text":"","src":"https:\/\/i0.wp.com\/noticiasribeiraopreto.com.br\/wp-content\/uploads\/2023\/11\/postimg-6564ef559ccfb3120.jpg?fit=1200%2C628&ssl=1&resize=350%2C200","width":350,"height":200,"srcset":"https:\/\/i0.wp.com\/noticiasribeiraopreto.com.br\/wp-content\/uploads\/2023\/11\/postimg-6564ef559ccfb3120.jpg?fit=1200%2C628&ssl=1&resize=350%2C200 1x, https:\/\/i0.wp.com\/noticiasribeiraopreto.com.br\/wp-content\/uploads\/2023\/11\/postimg-6564ef559ccfb3120.jpg?fit=1200%2C628&ssl=1&resize=525%2C300 1.5x, https:\/\/i0.wp.com\/noticiasribeiraopreto.com.br\/wp-content\/uploads\/2023\/11\/postimg-6564ef559ccfb3120.jpg?fit=1200%2C628&ssl=1&resize=700%2C400 2x, https:\/\/i0.wp.com\/noticiasribeiraopreto.com.br\/wp-content\/uploads\/2023\/11\/postimg-6564ef559ccfb3120.jpg?fit=1200%2C628&ssl=1&resize=1050%2C600 3x"},"classes":[]},{"id":15243,"url":"https:\/\/noticiasribeiraopreto.com.br\/index.php\/2023\/12\/13\/ana-hickmann-relata-drama-que-tem-vivido-agressao-psicologica-emocional-e-o-que-continua-acontecendo-comigo\/","url_meta":{"origin":10379,"position":4},"title":"Ana Hickmann relata drama que tem vivido &#8220;agress\u00e3o psicol\u00f3gica, emocional \u00e9 o que continua acontecendo comigo&#8221;","author":"noticiasribeiraopreto.com.br","date":"13 de December de 2023","format":false,"excerpt":"A manh\u00e3 desta quarta feira, 11 de dezembro, foi usada pela apresentadora Ana Hickmann para fazer um desabafo comovente sobre como tem sido seus dias.Ana conta que ap\u00f3s o epis\u00f3dio de agress\u00e3o que viveu, tem tido noites dif\u00edceis e chega at\u00e9 chorar. Ela apareceu com um filtro de imagem, que\u2026","rel":"","context":"In &quot;Blog&quot;","block_context":{"text":"Blog","link":"https:\/\/noticiasribeiraopreto.com.br\/index.php\/category\/blog\/"},"img":{"alt_text":"","src":"https:\/\/i0.wp.com\/noticiasribeiraopreto.com.br\/wp-content\/uploads\/2023\/12\/postimg-6579bbee435c35570.jpg?fit=1200%2C628&ssl=1&resize=350%2C200","width":350,"height":200,"srcset":"https:\/\/i0.wp.com\/noticiasribeiraopreto.com.br\/wp-content\/uploads\/2023\/12\/postimg-6579bbee435c35570.jpg?fit=1200%2C628&ssl=1&resize=350%2C200 1x, https:\/\/i0.wp.com\/noticiasribeiraopreto.com.br\/wp-content\/uploads\/2023\/12\/postimg-6579bbee435c35570.jpg?fit=1200%2C628&ssl=1&resize=525%2C300 1.5x, https:\/\/i0.wp.com\/noticiasribeiraopreto.com.br\/wp-content\/uploads\/2023\/12\/postimg-6579bbee435c35570.jpg?fit=1200%2C628&ssl=1&resize=700%2C400 2x, https:\/\/i0.wp.com\/noticiasribeiraopreto.com.br\/wp-content\/uploads\/2023\/12\/postimg-6579bbee435c35570.jpg?fit=1200%2C628&ssl=1&resize=1050%2C600 3x"},"classes":[]},{"id":8206,"url":"https:\/\/noticiasribeiraopreto.com.br\/index.php\/2023\/11\/29\/apos-relatar-ter-recebido-ajuda-de-seu-pet-joaquim-ana-hickmann-faz-post-especial-sobre-caes-de-estimacao\/","url_meta":{"origin":10379,"position":5},"title":"Ap\u00f3s relatar ter recebido ajuda de seu pet Joaquim, Ana Hickmann faz post especial sobre c\u00e3es de estima\u00e7\u00e3o","author":"noticiasribeiraopreto.com.br","date":"29 de November de 2023","format":false,"excerpt":"Os animais dos famosos s\u00e3o os donos das publica\u00e7\u00f5es que mais rendem os likes dos seguidores. Nesta semana, um em especial, ganhou o cora\u00e7\u00e3o de mais pessoas.Joaquim \u00e9 o nome do c\u00e3ozinho mais admirado do momento nas redes sociais. Ele \u00e9 um dos animais que vivem na casa da apresentadora\u2026","rel":"","context":"In &quot;Blog&quot;","block_context":{"text":"Blog","link":"https:\/\/noticiasribeiraopreto.com.br\/index.php\/category\/blog\/"},"img":{"alt_text":"","src":"https:\/\/i0.wp.com\/noticiasribeiraopreto.com.br\/wp-content\/uploads\/2023\/11\/postimg-65679cb5ef2d48335.jpg?fit=1200%2C628&ssl=1&resize=350%2C200","width":350,"height":200,"srcset":"https:\/\/i0.wp.com\/noticiasribeiraopreto.com.br\/wp-content\/uploads\/2023\/11\/postimg-65679cb5ef2d48335.jpg?fit=1200%2C628&ssl=1&resize=350%2C200 1x, https:\/\/i0.wp.com\/noticiasribeiraopreto.com.br\/wp-content\/uploads\/2023\/11\/postimg-65679cb5ef2d48335.jpg?fit=1200%2C628&ssl=1&resize=525%2C300 1.5x, https:\/\/i0.wp.com\/noticiasribeiraopreto.com.br\/wp-content\/uploads\/2023\/11\/postimg-65679cb5ef2d48335.jpg?fit=1200%2C628&ssl=1&resize=700%2C400 2x, https:\/\/i0.wp.com\/noticiasribeiraopreto.com.br\/wp-content\/uploads\/2023\/11\/postimg-65679cb5ef2d48335.jpg?fit=1200%2C628&ssl=1&resize=1050%2C600 3x"},"classes":[]}],"jetpack_sharing_enabled":true,"jetpack_shortlink":"https:\/\/wp.me\/peQAOb-2Hp","_links":{"self":[{"href":"https:\/\/noticiasribeiraopreto.com.br\/index.php\/wp-json\/wp\/v2\/posts\/10379","targetHints":{"allow":["GET"]}}],"collection":[{"href":"https:\/\/noticiasribeiraopreto.com.br\/index.php\/wp-json\/wp\/v2\/posts"}],"about":[{"href":"https:\/\/noticiasribeiraopreto.com.br\/index.php\/wp-json\/wp\/v2\/types\/post"}],"author":[{"embeddable":true,"href":"https:\/\/noticiasribeiraopreto.com.br\/index.php\/wp-json\/wp\/v2\/users\/1"}],"replies":[{"embeddable":true,"href":"https:\/\/noticiasribeiraopreto.com.br\/index.php\/wp-json\/wp\/v2\/comments?post=10379"}],"version-history":[{"count":0,"href":"https:\/\/noticiasribeiraopreto.com.br\/index.php\/wp-json\/wp\/v2\/posts\/10379\/revisions"}],"wp:featuredmedia":[{"embeddable":true,"href":"https:\/\/noticiasribeiraopreto.com.br\/index.php\/wp-json\/wp\/v2\/media\/10380"}],"wp:attachment":[{"href":"https:\/\/noticiasribeiraopreto.com.br\/index.php\/wp-json\/wp\/v2\/media?parent=10379"}],"wp:term":[{"taxonomy":"category","embeddable":true,"href":"https:\/\/noticiasribeiraopreto.com.br\/index.php\/wp-json\/wp\/v2\/categories?post=10379"},{"taxonomy":"post_tag","embeddable":true,"href":"https:\/\/noticiasribeiraopreto.com.br\/index.php\/wp-json\/wp\/v2\/tags?post=10379"}],"curies":[{"name":"wp","href":"https:\/\/api.w.org\/{rel}","templated":true}]}}