{"id":10387,"date":"2023-12-04T12:50:43","date_gmt":"2023-12-04T15:50:43","guid":{"rendered":"https:\/\/noticiasribeiraopreto.com.br\/index.php\/2023\/12\/04\/este-e-o-tempo-sozinho-necessario-para-realmente-sentir-solidao\/"},"modified":"2023-12-04T12:50:43","modified_gmt":"2023-12-04T15:50:43","slug":"este-e-o-tempo-sozinho-necessario-para-realmente-sentir-solidao","status":"publish","type":"post","link":"https:\/\/noticiasribeiraopreto.com.br\/index.php\/2023\/12\/04\/este-e-o-tempo-sozinho-necessario-para-realmente-sentir-solidao\/","title":{"rendered":"Este \u00e9 o tempo sozinho necess\u00e1rio para realmente sentir solid\u00e3o"},"content":{"rendered":"<div class='code-block code-block-1' style='margin: 8px 0 8px auto; text-align: right; display: block; clear: both;'>\n<p><a href=\"https:\/\/wa.link\/vpicfd\"><img data-recalc-dims=\"1\" class=\"wp-image-4922\" style=\"aspect-ratio: 2.0253164556962027; width: 561px; height: auto;\" src=\"https:\/\/i0.wp.com\/ismaelcolosi.com.br\/wp-content\/uploads\/2023\/11\/grupo-de-empregos-whatsapp-e-facebook-ismael-colosi-vagas.jpg?ssl=1\" alt=\"\" \/><\/a><\/p>\n<!-- \/wp:image -->\n<\/div>\n<p> <br \/>\n<\/p>\n<div>\n<p>Muitas pessoas gostam e realmente sentem necessidade de estarem sozinhas. Mas at\u00e9 que ponto \u00e9 saud\u00e1vel? Um estudo recente avaliou a rela\u00e7\u00e3o entre estar s\u00f3 e sentir <a href=\"https:\/\/catracalivre.com.br\/saude-bem-estar\/novo-estudo-associa-solidao-com-a-doenca-de-parkinson\/\">solid\u00e3o<\/a>.<\/p>\n<p>A pesquisa publicada no <a href=\"https:\/\/www.sciencedirect.com\/science\/article\/pii\/S0092656623000880?via%3Dihub\" target=\"_blank\" rel=\"noopener\">Journal of Research in Personality<\/a> em setembro, por cientistas da Universidade do Arizona, descobriu que o tempo solit\u00e1rio n\u00e3o se correlaciona estreitamente com sentimentos de solid\u00e3o, isto \u00e9, at\u00e9 que uma pessoa passe 75% do seu tempo sozinha.<\/p>\n<p>J\u00e1 para os <a href=\"https:\/\/catracalivre.com.br\/saude-bem-estar\/estudo-indica-atividade-que-reduz-risco-de-demencia-em-idosos\/\">idosos<\/a>, foi identificada uma uma associa\u00e7\u00e3o particularmente forte entre o tempo passado sozinho e o sentimento de solid\u00e3o.<\/p>\n<div id=\"attachment_2316322\" class=\"wp-caption alignnone\">\n<div class=\"d-flex justify-content-center\" data-attachment-id=\"2316322\">\n<div class=\"position-relative d-inline-block\"><img data-recalc-dims=\"1\" data-portal-copyright=\"bymuratdeniz\/istock\" fetchpriority=\"high\" decoding=\"async\" class=\"size-large wp-image-2316322\" src=\"https:\/\/i0.wp.com\/catracalivre.com.br\/wp-content\/uploads\/2023\/12\/istock-1136755765-910x607.jpg?resize=910%2C607&#038;ssl=1\" alt=\"As pessoas n\u00e3o se sentem solit\u00e1rias at\u00e9 passarem tr\u00eas quartos do seu tempo sozinhas, concluiu o estudo\" width=\"910\" height=\"607\" srcset=\"https:\/\/catracalivre.com.br\/wp-content\/uploads\/2023\/12\/istock-1136755765-910x607.jpg 910w, https:\/\/catracalivre.com.br\/wp-content\/uploads\/2023\/12\/istock-1136755765-450x300.jpg 450w, https:\/\/catracalivre.com.br\/wp-content\/uploads\/2023\/12\/istock-1136755765-768x512.jpg 768w\" sizes=\"(max-width: 910px) 100vw, 910px\"\/><\/p>\n<p>Cr\u00e9ditos: bymuratdeniz\/istock<\/p>\n<\/div>\n<\/div>\n<p><span class=\"post-imagem__legenda\">As pessoas n\u00e3o se sentem solit\u00e1rias at\u00e9 passarem tr\u00eas quartos do seu tempo sozinhas, concluiu o estudo<\/span><\/p>\n<\/div>\n<p>\u201cEstamos aprendendo cada vez mais sobre a import\u00e2ncia das conex\u00f5es sociais para a sa\u00fade humana, e parece que a solid\u00e3o e o isolamento s\u00e3o conceitos relacionados, mas distintos\u201d, disse David Sbarra, professor de psicologia e autor s\u00eanior do artigo.<\/p>\n<h2>Detalhes do estudo<\/h2>\n<p>O estudo foi feito com a ajuda de um m\u00e9todo que estuda a atividade social na vida cotidiana. Um aplicativo de smartphone que grava, com a permiss\u00e3o dos participantes, os sons que eles emitem durante 30 segundos a cada 12 minutos.<\/p>\n<p>A ferramenta \u00e9 \u00fatil para observar comportamentos sociais di\u00e1rios e caracterizar o tempo passado sozinho.<\/p>\n<p>No geral, os participantes do estudo passaram 66% do tempo sozinhos, e aqueles que ficaram sozinhos por mais de 75% do tempo foram os que se sentiram mais solit\u00e1rios.<\/p>\n<p>Ao analisar o resultado de todo o grupo de participantes, houve apenas uma sobreposi\u00e7\u00e3o de 3% entre solitude e solid\u00e3o.<\/p>\n<p>De acordo com os pesquisadores, entre as pessoas mais jovens, a solid\u00e3o e a estar sozinho s\u00e3o apenas duas coisas diferentes. Eles podem se sentir solit\u00e1rios no meio de uma multid\u00e3o ou podem n\u00e3o se sentir solit\u00e1rios quando est\u00e3o sozinhos.<\/p>\n<p>No caso dos idosos, como sentir-se sozinho e estar sozinho est\u00e3o intimamente ligados, estar com outras pessoas e socializar \u00e9 a forma de combater o sentimento de solid\u00e3o, segundo o estudo.<\/p>\n<\/div>\n<p><script>\n\t\t! function(f, b, e, v, n, t, s) {\n\t\t\tif (f.fbq) return;\n\t\t\tn = f.fbq = function() {\n\t\t\t\tn.callMethod ?\n\t\t\t\t\tn.callMethod.apply(n, arguments) : n.queue.push(arguments)\n\t\t\t};\n\t\t\tif (!f._fbq) f._fbq = n;\n\t\t\tn.push = n;\n\t\t\tn.loaded = !0;\n\t\t\tn.version = '2.0';\n\t\t\tn.queue = [];\n\t\t\tt = b.createElement(e);\n\t\t\tt.async = !0;\n\t\t\tt.src = v;\n\t\t\ts = b.getElementsByTagName(e)[0];\n\t\t\ts.parentNode.insertBefore(t, s)\n\t\t}(window, document, 'script',\n\t\t\t'https:\/\/connect.facebook.net\/en_US\/fbevents.js');\n\t\tfbq('init', '338315473262380');\n\t\tfbq('track', 'PageView');\n\t<\/script><br \/>\n<br \/><br \/>\n<br \/><a href=\"https:\/\/catracalivre.com.br\/saude-bem-estar\/este-e-o-tempo-sozinho-necessario-para-realmente-sentir-solidao\/\">Source link <\/a><\/p>\n<!-- CONTENT END 1 -->\n","protected":false},"excerpt":{"rendered":"<p>Muitas pessoas gostam e realmente sentem necessidade de estarem sozinhas. Mas at\u00e9 que ponto \u00e9 saud\u00e1vel? Um estudo recente avaliou a rela\u00e7\u00e3o entre estar s\u00f3&#8230;<\/p>\n","protected":false},"author":1,"featured_media":10388,"comment_status":"open","ping_status":"open","sticky":false,"template":"","format":"standard","meta":{"advanced_seo_description":"","jetpack_seo_html_title":"","jetpack_seo_noindex":false,"jetpack_post_was_ever_published":false,"_jetpack_newsletter_access":"","_jetpack_dont_email_post_to_subs":false,"_jetpack_newsletter_tier_id":0,"_jetpack_memberships_contains_paywalled_content":false,"_jetpack_memberships_contains_paid_content":false,"footnotes":"","jetpack_publicize_message":"","jetpack_publicize_feature_enabled":true,"jetpack_social_post_already_shared":true,"jetpack_social_options":{"image_generator_settings":{"template":"highway","default_image_id":0,"font":"","enabled":false},"version":2}},"categories":[19],"tags":[],"class_list":["post-10387","post","type-post","status-publish","format-standard","has-post-thumbnail","hentry","category-variedades"],"jetpack_publicize_connections":[],"jetpack_featured_media_url":"https:\/\/i0.wp.com\/noticiasribeiraopreto.com.br\/wp-content\/uploads\/2023\/12\/istock-1136755765.jpg?fit=1200%2C638&ssl=1","jetpack-related-posts":[{"id":70896,"url":"https:\/\/noticiasribeiraopreto.com.br\/index.php\/2025\/05\/30\/jornal-da-franca-veja-4-sinais-de-que-seu-cachorro-esta-sofrendo-emocionalmente-com-a-solidao\/","url_meta":{"origin":10387,"position":0},"title":"Jornal da Franca &#8211; Veja 4 sinais de que seu cachorro est\u00e1 sofrendo emocionalmente com a solid\u00e3o","author":"noticiasribeiraopreto.com.br","date":"30 de May de 2025","format":false,"excerpt":"compartilhar no whatsapp compartilhar no telegram compartilhar no facebook compartilhar no linkedin A solid\u00e3o prolongada pode gerar nos animais alguns problemas comportamentais que exigem interven\u00e7\u00e3o dos tutores C\u00e3es s\u00e3o animais sociais por natureza e precisam de intera\u00e7\u00e3o constante para manter o equil\u00edbrio emocional. A rotina das fam\u00edlias com longas horas\u2026","rel":"","context":"In &quot;Not\u00edcias de Franca-SP&quot;","block_context":{"text":"Not\u00edcias de Franca-SP","link":"https:\/\/noticiasribeiraopreto.com.br\/index.php\/category\/noticias-de-ribeirao-preto-sp-e-regiao-ismael-colosi\/noticias-franca-sp\/"},"img":{"alt_text":"","src":"https:\/\/i0.wp.com\/noticiasribeiraopreto.com.br\/wp-content\/uploads\/2025\/05\/foco-seletivo-em-tons-de-cinza-quente-de-um-cachorro-triste-olhando-pela-janela.jpg?fit=1000%2C669&ssl=1&resize=350%2C200","width":350,"height":200,"srcset":"https:\/\/i0.wp.com\/noticiasribeiraopreto.com.br\/wp-content\/uploads\/2025\/05\/foco-seletivo-em-tons-de-cinza-quente-de-um-cachorro-triste-olhando-pela-janela.jpg?fit=1000%2C669&ssl=1&resize=350%2C200 1x, https:\/\/i0.wp.com\/noticiasribeiraopreto.com.br\/wp-content\/uploads\/2025\/05\/foco-seletivo-em-tons-de-cinza-quente-de-um-cachorro-triste-olhando-pela-janela.jpg?fit=1000%2C669&ssl=1&resize=525%2C300 1.5x, https:\/\/i0.wp.com\/noticiasribeiraopreto.com.br\/wp-content\/uploads\/2025\/05\/foco-seletivo-em-tons-de-cinza-quente-de-um-cachorro-triste-olhando-pela-janela.jpg?fit=1000%2C669&ssl=1&resize=700%2C400 2x"},"classes":[]},{"id":24723,"url":"https:\/\/noticiasribeiraopreto.com.br\/index.php\/2024\/01\/04\/autofobia-o-medo-de-ficar-sozinho-meu-valor-digital\/","url_meta":{"origin":10387,"position":1},"title":"Autofobia: o medo de ficar sozinho &#8211; Meu Valor Digital","author":"noticiasribeiraopreto.com.br","date":"4 de January de 2024","format":false,"excerpt":"Algumas pessoas t\u00eam um medo irracional e incomum de ficar sozinho. Essa fobia \u00e9 conhecida como Autofobia. \u00c9 quando as pessoas desenvolvem um p\u00e2nico, evitando situa\u00e7\u00f5es que imaginam que as levar\u00e3o \u00e0 solid\u00e3o.\u00a0 Esse tipo de fobia leva voc\u00ea a ter necessidade de estar pr\u00f3xima a outras pessoas, podendo ter\u2026","rel":"","context":"In &quot;Vagas de Emprego em Ribeir\u00e3o Preto-SP&quot;","block_context":{"text":"Vagas de Emprego em Ribeir\u00e3o Preto-SP","link":"https:\/\/noticiasribeiraopreto.com.br\/index.php\/category\/empregos-classificados-vagas-trabalho\/vagas-de-empregos-em-ribeirao-preto-regiao-brasil\/"},"img":{"alt_text":"","src":"https:\/\/i0.wp.com\/noticiasribeiraopreto.com.br\/wp-content\/uploads\/2024\/01\/4-Autofobia-1.jpg?fit=1200%2C773&ssl=1&resize=350%2C200","width":350,"height":200,"srcset":"https:\/\/i0.wp.com\/noticiasribeiraopreto.com.br\/wp-content\/uploads\/2024\/01\/4-Autofobia-1.jpg?fit=1200%2C773&ssl=1&resize=350%2C200 1x, https:\/\/i0.wp.com\/noticiasribeiraopreto.com.br\/wp-content\/uploads\/2024\/01\/4-Autofobia-1.jpg?fit=1200%2C773&ssl=1&resize=525%2C300 1.5x, https:\/\/i0.wp.com\/noticiasribeiraopreto.com.br\/wp-content\/uploads\/2024\/01\/4-Autofobia-1.jpg?fit=1200%2C773&ssl=1&resize=700%2C400 2x, https:\/\/i0.wp.com\/noticiasribeiraopreto.com.br\/wp-content\/uploads\/2024\/01\/4-Autofobia-1.jpg?fit=1200%2C773&ssl=1&resize=1050%2C600 3x"},"classes":[]},{"id":67835,"url":"https:\/\/noticiasribeiraopreto.com.br\/index.php\/2025\/04\/19\/jornal-da-franca-voce-sabe-quanto-tempo-seu-cao-pode-ficar-sozinho-em-casa-veterinaria-revela\/","url_meta":{"origin":10387,"position":2},"title":"Jornal da Franca &#8211; Voc\u00ea sabe quanto tempo seu c\u00e3o pode ficar sozinho em casa? Veterin\u00e1ria revela!","author":"noticiasribeiraopreto.com.br","date":"19 de April de 2025","format":false,"excerpt":"compartilhar no whatsapp compartilhar no telegram compartilhar no facebook compartilhar no linkedin O tempo em que o animal de estima\u00e7\u00e3o se sentir\u00e1 bem, sozinho em casa, depende das distra\u00e7\u00f5es presentes na casa, entre outros fatores Deixar seu c\u00e3ozinho muito tempo sozinho \u00e9 prejudicial \u2013 foto Arquivo \u00a0 Deixar os animais\u2026","rel":"","context":"In &quot;Not\u00edcias de Franca-SP&quot;","block_context":{"text":"Not\u00edcias de Franca-SP","link":"https:\/\/noticiasribeiraopreto.com.br\/index.php\/category\/noticias-de-ribeirao-preto-sp-e-regiao-ismael-colosi\/noticias-franca-sp\/"},"img":{"alt_text":"","src":"https:\/\/i0.wp.com\/noticiasribeiraopreto.com.br\/wp-content\/uploads\/2025\/04\/cachorro-beagle-sentado-no-parapeito-da-janela-olhando-para-a-neve-do-lado-de-fora-da-janela.jpg?fit=1000%2C720&ssl=1&resize=350%2C200","width":350,"height":200,"srcset":"https:\/\/i0.wp.com\/noticiasribeiraopreto.com.br\/wp-content\/uploads\/2025\/04\/cachorro-beagle-sentado-no-parapeito-da-janela-olhando-para-a-neve-do-lado-de-fora-da-janela.jpg?fit=1000%2C720&ssl=1&resize=350%2C200 1x, https:\/\/i0.wp.com\/noticiasribeiraopreto.com.br\/wp-content\/uploads\/2025\/04\/cachorro-beagle-sentado-no-parapeito-da-janela-olhando-para-a-neve-do-lado-de-fora-da-janela.jpg?fit=1000%2C720&ssl=1&resize=525%2C300 1.5x, https:\/\/i0.wp.com\/noticiasribeiraopreto.com.br\/wp-content\/uploads\/2025\/04\/cachorro-beagle-sentado-no-parapeito-da-janela-olhando-para-a-neve-do-lado-de-fora-da-janela.jpg?fit=1000%2C720&ssl=1&resize=700%2C400 2x"},"classes":[]},{"id":15215,"url":"https:\/\/noticiasribeiraopreto.com.br\/index.php\/2023\/12\/13\/5-maneiras-de-mudar-sua-vida-quando-se-sentir-frustrado-meu-valor-digital\/","url_meta":{"origin":10387,"position":3},"title":"5 maneiras de mudar sua vida quando se sentir frustrado &#8211; Meu Valor Digital","author":"noticiasribeiraopreto.com.br","date":"13 de December de 2023","format":false,"excerpt":"A estagna\u00e7\u00e3o e a falta de avan\u00e7o frequentemente derivam da nossa incapacidade de seguir nosso pr\u00f3prio caminho. Ao nos esfor\u00e7armos para nos adaptar, sermos bem-vistos e aceitos, muitas vezes dilu\u00edmos os tra\u00e7os singulares de nossa individualidade. A indaga\u00e7\u00e3o que se imp\u00f5e \u00e9: como poderemos alcan\u00e7ar a liberdade mental essencial para\u2026","rel":"","context":"In &quot;Vagas de Emprego em Ribeir\u00e3o Preto-SP&quot;","block_context":{"text":"Vagas de Emprego em Ribeir\u00e3o Preto-SP","link":"https:\/\/noticiasribeiraopreto.com.br\/index.php\/category\/empregos-classificados-vagas-trabalho\/vagas-de-empregos-em-ribeirao-preto-regiao-brasil\/"},"img":{"alt_text":"","src":"https:\/\/i0.wp.com\/noticiasribeiraopreto.com.br\/wp-content\/uploads\/2023\/12\/mulher-frustrada.jpg?fit=1200%2C782&ssl=1&resize=350%2C200","width":350,"height":200,"srcset":"https:\/\/i0.wp.com\/noticiasribeiraopreto.com.br\/wp-content\/uploads\/2023\/12\/mulher-frustrada.jpg?fit=1200%2C782&ssl=1&resize=350%2C200 1x, https:\/\/i0.wp.com\/noticiasribeiraopreto.com.br\/wp-content\/uploads\/2023\/12\/mulher-frustrada.jpg?fit=1200%2C782&ssl=1&resize=525%2C300 1.5x, https:\/\/i0.wp.com\/noticiasribeiraopreto.com.br\/wp-content\/uploads\/2023\/12\/mulher-frustrada.jpg?fit=1200%2C782&ssl=1&resize=700%2C400 2x, https:\/\/i0.wp.com\/noticiasribeiraopreto.com.br\/wp-content\/uploads\/2023\/12\/mulher-frustrada.jpg?fit=1200%2C782&ssl=1&resize=1050%2C600 3x"},"classes":[]},{"id":65045,"url":"https:\/\/noticiasribeiraopreto.com.br\/index.php\/2025\/03\/15\/jornal-da-franca-animais-de-estimacao-sao-a-pata-direita-da-saude-mental-diz-psicologa\/","url_meta":{"origin":10387,"position":4},"title":"Jornal da Franca &#8211; Animais de estima\u00e7\u00e3o s\u00e3o a pata direita da sa\u00fade mental, diz psic\u00f3loga","author":"noticiasribeiraopreto.com.br","date":"15 de March de 2025","format":false,"excerpt":"compartilhar no whatsapp compartilhar no telegram compartilhar no facebook compartilhar no linkedin 14 de mar\u00e7o \u00e9 Dia dos Animais, e a psic\u00f3loga Soraya Oliveira elenca as vantagens de ter animais de estima\u00e7\u00e3o em casa Os pets deixaram de ser apenas animais dom\u00e9sticos, passaram a ser parte da fam\u00edlia e tem\u2026","rel":"","context":"In &quot;Not\u00edcias de Franca-SP&quot;","block_context":{"text":"Not\u00edcias de Franca-SP","link":"https:\/\/noticiasribeiraopreto.com.br\/index.php\/category\/noticias-de-ribeirao-preto-sp-e-regiao-ismael-colosi\/noticias-franca-sp\/"},"img":{"alt_text":"","src":"https:\/\/i0.wp.com\/noticiasribeiraopreto.com.br\/wp-content\/uploads\/2025\/03\/retrato-de-close-up-de-cachorro-beagle-triste-olhando-para-longe-por-cima-do-ombro-de-uma-menina-morena.jpg?fit=1000%2C667&ssl=1&resize=350%2C200","width":350,"height":200,"srcset":"https:\/\/i0.wp.com\/noticiasribeiraopreto.com.br\/wp-content\/uploads\/2025\/03\/retrato-de-close-up-de-cachorro-beagle-triste-olhando-para-longe-por-cima-do-ombro-de-uma-menina-morena.jpg?fit=1000%2C667&ssl=1&resize=350%2C200 1x, https:\/\/i0.wp.com\/noticiasribeiraopreto.com.br\/wp-content\/uploads\/2025\/03\/retrato-de-close-up-de-cachorro-beagle-triste-olhando-para-longe-por-cima-do-ombro-de-uma-menina-morena.jpg?fit=1000%2C667&ssl=1&resize=525%2C300 1.5x, https:\/\/i0.wp.com\/noticiasribeiraopreto.com.br\/wp-content\/uploads\/2025\/03\/retrato-de-close-up-de-cachorro-beagle-triste-olhando-para-longe-por-cima-do-ombro-de-uma-menina-morena.jpg?fit=1000%2C667&ssl=1&resize=700%2C400 2x"},"classes":[]},{"id":72107,"url":"https:\/\/noticiasribeiraopreto.com.br\/index.php\/2025\/06\/13\/jornal-da-franca-veja-como-um-projeto-de-acolhimento-e-artesanato-esta-transformando-vidas-em-franca\/","url_meta":{"origin":10387,"position":5},"title":"Jornal da Franca &#8211; Veja como um projeto de acolhimento e artesanato est\u00e1 transformando vidas em Franca","author":"noticiasribeiraopreto.com.br","date":"13 de June de 2025","format":false,"excerpt":"compartilhar no whatsapp compartilhar no telegram compartilhar no facebook compartilhar no linkedin Iniciativa da Prefeitura de Franca promove escuta, v\u00ednculos e solidariedade entre mulheres na UBS do Planalto Encontros semanais funcionam como terapia em grupo para mulheres que enfrentam ansiedade, depress\u00e3o e solid\u00e3o Na UBS (Unidade B\u00e1sica de Sa\u00fade) do\u2026","rel":"","context":"In &quot;Not\u00edcias de Franca-SP&quot;","block_context":{"text":"Not\u00edcias de Franca-SP","link":"https:\/\/noticiasribeiraopreto.com.br\/index.php\/category\/noticias-de-ribeirao-preto-sp-e-regiao-ismael-colosi\/noticias-franca-sp\/"},"img":{"alt_text":"","src":"https:\/\/i0.wp.com\/noticiasribeiraopreto.com.br\/wp-content\/uploads\/2025\/06\/Arteiras-Solidarias-scaled.jpeg?fit=1200%2C900&ssl=1&resize=350%2C200","width":350,"height":200,"srcset":"https:\/\/i0.wp.com\/noticiasribeiraopreto.com.br\/wp-content\/uploads\/2025\/06\/Arteiras-Solidarias-scaled.jpeg?fit=1200%2C900&ssl=1&resize=350%2C200 1x, https:\/\/i0.wp.com\/noticiasribeiraopreto.com.br\/wp-content\/uploads\/2025\/06\/Arteiras-Solidarias-scaled.jpeg?fit=1200%2C900&ssl=1&resize=525%2C300 1.5x, https:\/\/i0.wp.com\/noticiasribeiraopreto.com.br\/wp-content\/uploads\/2025\/06\/Arteiras-Solidarias-scaled.jpeg?fit=1200%2C900&ssl=1&resize=700%2C400 2x, https:\/\/i0.wp.com\/noticiasribeiraopreto.com.br\/wp-content\/uploads\/2025\/06\/Arteiras-Solidarias-scaled.jpeg?fit=1200%2C900&ssl=1&resize=1050%2C600 3x"},"classes":[]}],"jetpack_sharing_enabled":true,"jetpack_shortlink":"https:\/\/wp.me\/peQAOb-2Hx","_links":{"self":[{"href":"https:\/\/noticiasribeiraopreto.com.br\/index.php\/wp-json\/wp\/v2\/posts\/10387","targetHints":{"allow":["GET"]}}],"collection":[{"href":"https:\/\/noticiasribeiraopreto.com.br\/index.php\/wp-json\/wp\/v2\/posts"}],"about":[{"href":"https:\/\/noticiasribeiraopreto.com.br\/index.php\/wp-json\/wp\/v2\/types\/post"}],"author":[{"embeddable":true,"href":"https:\/\/noticiasribeiraopreto.com.br\/index.php\/wp-json\/wp\/v2\/users\/1"}],"replies":[{"embeddable":true,"href":"https:\/\/noticiasribeiraopreto.com.br\/index.php\/wp-json\/wp\/v2\/comments?post=10387"}],"version-history":[{"count":0,"href":"https:\/\/noticiasribeiraopreto.com.br\/index.php\/wp-json\/wp\/v2\/posts\/10387\/revisions"}],"wp:featuredmedia":[{"embeddable":true,"href":"https:\/\/noticiasribeiraopreto.com.br\/index.php\/wp-json\/wp\/v2\/media\/10388"}],"wp:attachment":[{"href":"https:\/\/noticiasribeiraopreto.com.br\/index.php\/wp-json\/wp\/v2\/media?parent=10387"}],"wp:term":[{"taxonomy":"category","embeddable":true,"href":"https:\/\/noticiasribeiraopreto.com.br\/index.php\/wp-json\/wp\/v2\/categories?post=10387"},{"taxonomy":"post_tag","embeddable":true,"href":"https:\/\/noticiasribeiraopreto.com.br\/index.php\/wp-json\/wp\/v2\/tags?post=10387"}],"curies":[{"name":"wp","href":"https:\/\/api.w.org\/{rel}","templated":true}]}}