{"id":10424,"date":"2023-12-04T14:12:33","date_gmt":"2023-12-04T17:12:33","guid":{"rendered":"https:\/\/noticiasribeiraopreto.com.br\/index.php\/2023\/12\/04\/fatec-itu-oferece-vagas-em-cursos-superiores-gratuitos\/"},"modified":"2023-12-04T14:12:33","modified_gmt":"2023-12-04T17:12:33","slug":"fatec-itu-oferece-vagas-em-cursos-superiores-gratuitos","status":"publish","type":"post","link":"https:\/\/noticiasribeiraopreto.com.br\/index.php\/2023\/12\/04\/fatec-itu-oferece-vagas-em-cursos-superiores-gratuitos\/","title":{"rendered":"Fatec Itu oferece vagas em cursos superiores gratuitos"},"content":{"rendered":"<div class='code-block code-block-1' style='margin: 8px 0 8px auto; text-align: right; display: block; clear: both;'>\n<p><a href=\"https:\/\/wa.link\/vpicfd\"><img data-recalc-dims=\"1\" class=\"wp-image-4922\" style=\"aspect-ratio: 2.0253164556962027; width: 561px; height: auto;\" src=\"https:\/\/i0.wp.com\/ismaelcolosi.com.br\/wp-content\/uploads\/2023\/11\/grupo-de-empregos-whatsapp-e-facebook-ismael-colosi-vagas.jpg?ssl=1\" alt=\"\" \/><\/a><\/p>\n<!-- \/wp:image -->\n<\/div>\n<p> <br \/>\n<\/p>\n<p>Com inscri\u00e7\u00f5es abertas at\u00e9 12 de dezembro, \u00e0s 15h, o vestibular \u00e9 uma oportunidade imperd\u00edvel para ingressar em uma das institui\u00e7\u00f5es de ensino de destaque na regi\u00e3o.<\/p>\n<div id=\"attachment_2316231\">\n<div class=\"d-flex justify-content-center\" data-attachment-id=\"2316231\">\n<div class=\"position-relative d-inline-block\"><img data-recalc-dims=\"1\" data-portal-copyright=\"Divulga\u00e7\u00e3o\" fetchpriority=\"high\" decoding=\"async\" class=\"wp-image-2316231 size-large\" src=\"https:\/\/i0.wp.com\/catracalivre.com.br\/wp-content\/uploads\/2023\/12\/cursos-gratuitos-fatec-itu-910x560.jpg?resize=910%2C560&#038;ssl=1\" alt=\"Fatec Itu oferece vagas em cursos superiores gratuitos\" width=\"910\" height=\"560\" srcset=\"https:\/\/catracalivre.com.br\/wp-content\/uploads\/2023\/12\/cursos-gratuitos-fatec-itu-910x560.jpg 910w, https:\/\/catracalivre.com.br\/wp-content\/uploads\/2023\/12\/cursos-gratuitos-fatec-itu-450x277.jpg 450w, https:\/\/catracalivre.com.br\/wp-content\/uploads\/2023\/12\/cursos-gratuitos-fatec-itu-768x473.jpg 768w\" sizes=\"(max-width: 910px) 100vw, 910px\"\/><\/p>\n<p>Cr\u00e9ditos: Divulga\u00e7\u00e3o<\/p>\n<\/div>\n<\/div>\n<p><span class=\"post-imagem__legenda\">Fatec Itu oferece vagas em cursos superiores gratuitos<\/span><\/p>\n<\/div>\n<p>A Fatec oferece uma variedade de cursos superiores reconhecidos pela qualidade de ensino e pelo alinhamento com as demandas do mercado atual.<\/p>\n<p>Os cursos dispon\u00edveis abrangem \u00e1reas promissoras e fundamentais para o desenvolvimento profissional em diversas ind\u00fastrias.<\/p>\n<p>A Fatec Itu tem se destacado por oferecer uma forma\u00e7\u00e3o s\u00f3lida e alinhada com as demandas do mercado de trabalho, preparando seus alunos para os desafios e oportunidades da \u00e1rea escolhida.<\/p>\n<p>Para aqueles que desejam aproveitar essa oportunidade, as inscri\u00e7\u00f5es podem ser feitas at\u00e9 12 de dezembro, \u00e0s 15h, atrav\u00e9s do site oficial (acesse <a href=\"https:\/\/www.vestibularfatec.com.br\/home\/\" target=\"_blank\" rel=\"noopener\">aqui<\/a>).<\/p>\n<p>Al\u00e9m das inscri\u00e7\u00f5es, o site disponibiliza informa\u00e7\u00f5es detalhadas sobre os cursos, o processo seletivo e demais requisitos para ingresso.<\/p>\n<p><script>\n\t\t! function(f, b, e, v, n, t, s) {\n\t\t\tif (f.fbq) return;\n\t\t\tn = f.fbq = function() {\n\t\t\t\tn.callMethod ?\n\t\t\t\t\tn.callMethod.apply(n, arguments) : n.queue.push(arguments)\n\t\t\t};\n\t\t\tif (!f._fbq) f._fbq = n;\n\t\t\tn.push = n;\n\t\t\tn.loaded = !0;\n\t\t\tn.version = '2.0';\n\t\t\tn.queue = [];\n\t\t\tt = b.createElement(e);\n\t\t\tt.async = !0;\n\t\t\tt.src = v;\n\t\t\ts = b.getElementsByTagName(e)[0];\n\t\t\ts.parentNode.insertBefore(t, s)\n\t\t}(window, document, 'script',\n\t\t\t'https:\/\/connect.facebook.net\/en_US\/fbevents.js');\n\t\tfbq('init', '338315473262380');\n\t\tfbq('track', 'PageView');\n\t<\/script><br \/>\n<br \/><br \/>\n<br \/><a href=\"https:\/\/catracalivre.com.br\/educacao\/fatec-itu-oferece-vagas-em-cursos-superiores-gratuitos\/\">Source link <\/a><\/p>\n<!-- CONTENT END 1 -->\n","protected":false},"excerpt":{"rendered":"<p>Com inscri\u00e7\u00f5es abertas at\u00e9 12 de dezembro, \u00e0s 15h, o vestibular \u00e9 uma oportunidade imperd\u00edvel para ingressar em uma das institui\u00e7\u00f5es de ensino de destaque&#8230;<\/p>\n","protected":false},"author":1,"featured_media":10425,"comment_status":"open","ping_status":"open","sticky":false,"template":"","format":"standard","meta":{"advanced_seo_description":"","jetpack_seo_html_title":"","jetpack_seo_noindex":false,"jetpack_post_was_ever_published":false,"_jetpack_newsletter_access":"","_jetpack_dont_email_post_to_subs":false,"_jetpack_newsletter_tier_id":0,"_jetpack_memberships_contains_paywalled_content":false,"_jetpack_memberships_contains_paid_content":false,"footnotes":"","jetpack_publicize_message":"","jetpack_publicize_feature_enabled":true,"jetpack_social_post_already_shared":true,"jetpack_social_options":{"image_generator_settings":{"template":"highway","default_image_id":0,"font":"","enabled":false},"version":2}},"categories":[19],"tags":[],"class_list":["post-10424","post","type-post","status-publish","format-standard","has-post-thumbnail","hentry","category-variedades"],"jetpack_publicize_connections":[],"jetpack_featured_media_url":"https:\/\/i0.wp.com\/noticiasribeiraopreto.com.br\/wp-content\/uploads\/2023\/12\/cursos-gratuitos-fatec-itu.jpg?fit=1200%2C638&ssl=1","jetpack-related-posts":[{"id":60772,"url":"https:\/\/noticiasribeiraopreto.com.br\/index.php\/2024\/11\/25\/construcao-de-parque-tematico-gera-disputa-no-interior-de-sp-entenda\/","url_meta":{"origin":10424,"position":0},"title":"Constru\u00e7\u00e3o de parque tem\u00e1tico gera disputa no interior de SP; Entenda","author":"noticiasribeiraopreto.com.br","date":"25 de November de 2024","format":false,"excerpt":"Onde ser\u00e1 constru\u00eddo o novo parque tem\u00e1tico da Cacau Show? Essa \u00e9 a pergunta que est\u00e1 gerando d\u00favidas nas redes sociais e at\u00e9 mesmo uma disputa entre as cidades de Itu e Sorocaba, no interior de S\u00e3o Paulo \u2013 entenda abaixo. Al\u00e9m de produzir e comercializar chocolates, a Cacau Show\u2026","rel":"","context":"In &quot;Not\u00edcias de Ribeir\u00e3o Preto-SP e Regi\u00e3o&quot;","block_context":{"text":"Not\u00edcias de Ribeir\u00e3o Preto-SP e Regi\u00e3o","link":"https:\/\/noticiasribeiraopreto.com.br\/index.php\/category\/noticias-de-ribeirao-preto-sp-e-regiao-ismael-colosi\/"},"img":{"alt_text":"","src":"https:\/\/i0.wp.com\/noticiasribeiraopreto.com.br\/wp-content\/uploads\/2024\/11\/cs-hiper-store-gira-chocomonstros-rev02.docx_2024-11-25_16-50-48_jpg_2024-11-25_16-50-48.webp.webp?fit=1000%2C667&ssl=1&resize=350%2C200","width":350,"height":200,"srcset":"https:\/\/i0.wp.com\/noticiasribeiraopreto.com.br\/wp-content\/uploads\/2024\/11\/cs-hiper-store-gira-chocomonstros-rev02.docx_2024-11-25_16-50-48_jpg_2024-11-25_16-50-48.webp.webp?fit=1000%2C667&ssl=1&resize=350%2C200 1x, https:\/\/i0.wp.com\/noticiasribeiraopreto.com.br\/wp-content\/uploads\/2024\/11\/cs-hiper-store-gira-chocomonstros-rev02.docx_2024-11-25_16-50-48_jpg_2024-11-25_16-50-48.webp.webp?fit=1000%2C667&ssl=1&resize=525%2C300 1.5x, https:\/\/i0.wp.com\/noticiasribeiraopreto.com.br\/wp-content\/uploads\/2024\/11\/cs-hiper-store-gira-chocomonstros-rev02.docx_2024-11-25_16-50-48_jpg_2024-11-25_16-50-48.webp.webp?fit=1000%2C667&ssl=1&resize=700%2C400 2x"},"classes":[]},{"id":75797,"url":"https:\/\/noticiasribeiraopreto.com.br\/index.php\/2025\/08\/15\/empresa-de-transporte-oferece-mais-de-70-vagas-de-emprego-em-ribeirao-e-regiao\/","url_meta":{"origin":10424,"position":1},"title":"Empresa de transporte oferece mais de 70 vagas de emprego em Ribeir\u00e3o e regi\u00e3o","author":"noticiasribeiraopreto.com.br","date":"15 de August de 2025","format":false,"excerpt":"A Sertran, empresa de transportes, est\u00e1 oferecendo mais de 70 oportunidades de emprego em Ribeir\u00e3o Preto e em cidades da regi\u00e3o, com vagas para diferentes \u00e1reas e n\u00edveis de experi\u00eancia. As vagas disponibilizadas pela empresa s\u00e3o para atuar nas unidades de Ribeir\u00e3o Preto, Altin\u00f3polis, Barrinha, Cajuru, Col\u00f4mbia e Morro Agudo.\u2026","rel":"","context":"In &quot;Not\u00edcias de Ribeir\u00e3o Preto-SP e Regi\u00e3o&quot;","block_context":{"text":"Not\u00edcias de Ribeir\u00e3o Preto-SP e Regi\u00e3o","link":"https:\/\/noticiasribeiraopreto.com.br\/index.php\/category\/noticias-de-ribeirao-preto-sp-e-regiao-ismael-colosi\/"},"img":{"alt_text":"","src":"https:\/\/i0.wp.com\/noticiasribeiraopreto.com.br\/wp-content\/uploads\/2025\/08\/Sertran-02_2025-08-15_18-16-16.webp.webp?fit=675%2C423&ssl=1&resize=350%2C200","width":350,"height":200,"srcset":"https:\/\/i0.wp.com\/noticiasribeiraopreto.com.br\/wp-content\/uploads\/2025\/08\/Sertran-02_2025-08-15_18-16-16.webp.webp?fit=675%2C423&ssl=1&resize=350%2C200 1x, https:\/\/i0.wp.com\/noticiasribeiraopreto.com.br\/wp-content\/uploads\/2025\/08\/Sertran-02_2025-08-15_18-16-16.webp.webp?fit=675%2C423&ssl=1&resize=525%2C300 1.5x"},"classes":[]},{"id":78176,"url":"https:\/\/noticiasribeiraopreto.com.br\/index.php\/2025\/10\/03\/construtora-oferece-75-vagas-de-emprego-em-obras-de-ribeirao-preto\/","url_meta":{"origin":10424,"position":2},"title":"Construtora oferece 75 vagas de emprego em obras de Ribeir\u00e3o Preto","author":"noticiasribeiraopreto.com.br","date":"3 de October de 2025","format":false,"excerpt":"A construtora MRV oferece 75 vagas para trabalho em obras de Ribeir\u00e3o Preto. As oportunidades s\u00e3o para fun\u00e7\u00f5es como servente, pintor, pedreiro, gesseiro, entre outras. \u00a0 Todas as vagas estar\u00e3o dispon\u00edveis em uma Feira de Empregabilidade em Serrana, na regi\u00e3o de Ribeir\u00e3o, que acontecer\u00e1 na pr\u00f3xima segunda-feira (6), das 9h\u2026","rel":"","context":"In &quot;Not\u00edcias de Ribeir\u00e3o Preto-SP e Regi\u00e3o&quot;","block_context":{"text":"Not\u00edcias de Ribeir\u00e3o Preto-SP e Regi\u00e3o","link":"https:\/\/noticiasribeiraopreto.com.br\/index.php\/category\/noticias-de-ribeirao-preto-sp-e-regiao-ismael-colosi\/"},"img":{"alt_text":"","src":"https:\/\/i0.wp.com\/noticiasribeiraopreto.com.br\/wp-content\/uploads\/2025\/10\/970_2025-04-01_15-07-46_jpg_2025-04-01_15-07-46.webp.webp?fit=1200%2C800&ssl=1&resize=350%2C200","width":350,"height":200,"srcset":"https:\/\/i0.wp.com\/noticiasribeiraopreto.com.br\/wp-content\/uploads\/2025\/10\/970_2025-04-01_15-07-46_jpg_2025-04-01_15-07-46.webp.webp?fit=1200%2C800&ssl=1&resize=350%2C200 1x, https:\/\/i0.wp.com\/noticiasribeiraopreto.com.br\/wp-content\/uploads\/2025\/10\/970_2025-04-01_15-07-46_jpg_2025-04-01_15-07-46.webp.webp?fit=1200%2C800&ssl=1&resize=525%2C300 1.5x, https:\/\/i0.wp.com\/noticiasribeiraopreto.com.br\/wp-content\/uploads\/2025\/10\/970_2025-04-01_15-07-46_jpg_2025-04-01_15-07-46.webp.webp?fit=1200%2C800&ssl=1&resize=700%2C400 2x, https:\/\/i0.wp.com\/noticiasribeiraopreto.com.br\/wp-content\/uploads\/2025\/10\/970_2025-04-01_15-07-46_jpg_2025-04-01_15-07-46.webp.webp?fit=1200%2C800&ssl=1&resize=1050%2C600 3x"},"classes":[]},{"id":29925,"url":"https:\/\/noticiasribeiraopreto.com.br\/index.php\/2024\/01\/19\/plataforma-oferece-cerca-de-390-oportunidades-de-emprego-em-ribeirao-e-regiao-veja-como-se-candidatar\/","url_meta":{"origin":10424,"position":3},"title":"Plataforma oferece cerca de 390 oportunidades de emprego em Ribeir\u00e3o e regi\u00e3o; Veja como se candidatar","author":"noticiasribeiraopreto.com.br","date":"19 de January de 2024","format":false,"excerpt":"O portal de vagas de uma empresa de tecnologia em gest\u00e3o de pessoas para pequenas e m\u00e9dias empresas (PME) est\u00e1 com cerca de 390 oportunidades de trabalho em Ribeir\u00e3o Preto e regi\u00e3o. Entre as vagas dispon\u00edveis est\u00e3o Auxiliar de Atendimento J\u00fanior, Assistente de Marketing, Vendedor, Assistente de Recursos Humanos, Gar\u00e7om,\u2026","rel":"","context":"In &quot;Not\u00edcias de Ribeir\u00e3o Preto-SP e Regi\u00e3o&quot;","block_context":{"text":"Not\u00edcias de Ribeir\u00e3o Preto-SP e Regi\u00e3o","link":"https:\/\/noticiasribeiraopreto.com.br\/index.php\/category\/noticias-de-ribeirao-preto-sp-e-regiao-ismael-colosi\/"},"img":{"alt_text":"","src":"https:\/\/i0.wp.com\/noticiasribeiraopreto.com.br\/wp-content\/uploads\/2024\/01\/emprego_vagas_1200x675_30092021103244.jpg?fit=1200%2C675&ssl=1&resize=350%2C200","width":350,"height":200,"srcset":"https:\/\/i0.wp.com\/noticiasribeiraopreto.com.br\/wp-content\/uploads\/2024\/01\/emprego_vagas_1200x675_30092021103244.jpg?fit=1200%2C675&ssl=1&resize=350%2C200 1x, https:\/\/i0.wp.com\/noticiasribeiraopreto.com.br\/wp-content\/uploads\/2024\/01\/emprego_vagas_1200x675_30092021103244.jpg?fit=1200%2C675&ssl=1&resize=525%2C300 1.5x, https:\/\/i0.wp.com\/noticiasribeiraopreto.com.br\/wp-content\/uploads\/2024\/01\/emprego_vagas_1200x675_30092021103244.jpg?fit=1200%2C675&ssl=1&resize=700%2C400 2x, https:\/\/i0.wp.com\/noticiasribeiraopreto.com.br\/wp-content\/uploads\/2024\/01\/emprego_vagas_1200x675_30092021103244.jpg?fit=1200%2C675&ssl=1&resize=1050%2C600 3x"},"classes":[]},{"id":58846,"url":"https:\/\/noticiasribeiraopreto.com.br\/index.php\/2024\/10\/07\/empresa-de-tecnologia-oferece-64-vagas-de-emprego-em-ribeirao-preto\/","url_meta":{"origin":10424,"position":4},"title":"Empresa de tecnologia oferece 64 vagas de emprego em Ribeir\u00e3o Preto","author":"noticiasribeiraopreto.com.br","date":"7 de October de 2024","format":false,"excerpt":"Uma empresa de tecnologia oferece 64 vagas de emprego tempor\u00e1rias para Ribeir\u00e3o Preto. As vagas s\u00e3o para a equipe de produ\u00e7\u00e3o tempor\u00e1ria, onde \u00e9 feito impress\u00e3o de carn\u00eas de tributos, como IPTU e INSS. N\u00e3o \u00e9 necess\u00e1rio ter experi\u00eancia na \u00e1rea e a contrata\u00e7\u00e3o est\u00e1 prevista para novembro. Os sal\u00e1rios\u2026","rel":"","context":"In &quot;Not\u00edcias de Ribeir\u00e3o Preto-SP e Regi\u00e3o&quot;","block_context":{"text":"Not\u00edcias de Ribeir\u00e3o Preto-SP e Regi\u00e3o","link":"https:\/\/noticiasribeiraopreto.com.br\/index.php\/category\/noticias-de-ribeirao-preto-sp-e-regiao-ismael-colosi\/"},"img":{"alt_text":"","src":"https:\/\/i0.wp.com\/noticiasribeiraopreto.com.br\/wp-content\/uploads\/2024\/10\/shutterstock_1855311790-scaled-1_2024-10-07_15-09-14_jpg_2024-10-07_15-09-15.webp.webp?fit=1200%2C719&ssl=1&resize=350%2C200","width":350,"height":200,"srcset":"https:\/\/i0.wp.com\/noticiasribeiraopreto.com.br\/wp-content\/uploads\/2024\/10\/shutterstock_1855311790-scaled-1_2024-10-07_15-09-14_jpg_2024-10-07_15-09-15.webp.webp?fit=1200%2C719&ssl=1&resize=350%2C200 1x, https:\/\/i0.wp.com\/noticiasribeiraopreto.com.br\/wp-content\/uploads\/2024\/10\/shutterstock_1855311790-scaled-1_2024-10-07_15-09-14_jpg_2024-10-07_15-09-15.webp.webp?fit=1200%2C719&ssl=1&resize=525%2C300 1.5x, https:\/\/i0.wp.com\/noticiasribeiraopreto.com.br\/wp-content\/uploads\/2024\/10\/shutterstock_1855311790-scaled-1_2024-10-07_15-09-14_jpg_2024-10-07_15-09-15.webp.webp?fit=1200%2C719&ssl=1&resize=700%2C400 2x, https:\/\/i0.wp.com\/noticiasribeiraopreto.com.br\/wp-content\/uploads\/2024\/10\/shutterstock_1855311790-scaled-1_2024-10-07_15-09-14_jpg_2024-10-07_15-09-15.webp.webp?fit=1200%2C719&ssl=1&resize=1050%2C600 3x"},"classes":[]},{"id":70170,"url":"https:\/\/noticiasribeiraopreto.com.br\/index.php\/2025\/05\/23\/jornal-da-franca-vestibular-das-fatecs-oferece-mais-de-mil-vagas-para-curso-ead-em-gestao-empresarial\/","url_meta":{"origin":10424,"position":5},"title":"Jornal da Franca &#8211; Vestibular das Fatecs oferece mais de mil vagas para curso EaD em Gest\u00e3o Empresarial","author":"noticiasribeiraopreto.com.br","date":"23 de May de 2025","format":false,"excerpt":"compartilhar no whatsapp compartilhar no telegram compartilhar no facebook compartilhar no linkedin CPS conta com 45 unidades que funcionam como polo do curso a dist\u00e2ncia no Estado; inscri\u00e7\u00f5es podem ser feitas at\u00e9 6 de junho, pela internet Al\u00e9m do formato a dist\u00e2ncia, curso de Gest\u00e3o Empresarial \u00e9 ofertado na modalidade\u2026","rel":"","context":"In &quot;Not\u00edcias de Franca-SP&quot;","block_context":{"text":"Not\u00edcias de Franca-SP","link":"https:\/\/noticiasribeiraopreto.com.br\/index.php\/category\/noticias-de-ribeirao-preto-sp-e-regiao-ismael-colosi\/noticias-franca-sp\/"},"img":{"alt_text":"","src":"https:\/\/i0.wp.com\/noticiasribeiraopreto.com.br\/wp-content\/uploads\/2025\/05\/0c729c32-2b48-4330-a3f3-2532316bbc99.jpg?fit=1200%2C798&ssl=1&resize=350%2C200","width":350,"height":200,"srcset":"https:\/\/i0.wp.com\/noticiasribeiraopreto.com.br\/wp-content\/uploads\/2025\/05\/0c729c32-2b48-4330-a3f3-2532316bbc99.jpg?fit=1200%2C798&ssl=1&resize=350%2C200 1x, https:\/\/i0.wp.com\/noticiasribeiraopreto.com.br\/wp-content\/uploads\/2025\/05\/0c729c32-2b48-4330-a3f3-2532316bbc99.jpg?fit=1200%2C798&ssl=1&resize=525%2C300 1.5x, https:\/\/i0.wp.com\/noticiasribeiraopreto.com.br\/wp-content\/uploads\/2025\/05\/0c729c32-2b48-4330-a3f3-2532316bbc99.jpg?fit=1200%2C798&ssl=1&resize=700%2C400 2x, https:\/\/i0.wp.com\/noticiasribeiraopreto.com.br\/wp-content\/uploads\/2025\/05\/0c729c32-2b48-4330-a3f3-2532316bbc99.jpg?fit=1200%2C798&ssl=1&resize=1050%2C600 3x"},"classes":[]}],"jetpack_sharing_enabled":true,"jetpack_shortlink":"https:\/\/wp.me\/peQAOb-2I8","_links":{"self":[{"href":"https:\/\/noticiasribeiraopreto.com.br\/index.php\/wp-json\/wp\/v2\/posts\/10424","targetHints":{"allow":["GET"]}}],"collection":[{"href":"https:\/\/noticiasribeiraopreto.com.br\/index.php\/wp-json\/wp\/v2\/posts"}],"about":[{"href":"https:\/\/noticiasribeiraopreto.com.br\/index.php\/wp-json\/wp\/v2\/types\/post"}],"author":[{"embeddable":true,"href":"https:\/\/noticiasribeiraopreto.com.br\/index.php\/wp-json\/wp\/v2\/users\/1"}],"replies":[{"embeddable":true,"href":"https:\/\/noticiasribeiraopreto.com.br\/index.php\/wp-json\/wp\/v2\/comments?post=10424"}],"version-history":[{"count":0,"href":"https:\/\/noticiasribeiraopreto.com.br\/index.php\/wp-json\/wp\/v2\/posts\/10424\/revisions"}],"wp:featuredmedia":[{"embeddable":true,"href":"https:\/\/noticiasribeiraopreto.com.br\/index.php\/wp-json\/wp\/v2\/media\/10425"}],"wp:attachment":[{"href":"https:\/\/noticiasribeiraopreto.com.br\/index.php\/wp-json\/wp\/v2\/media?parent=10424"}],"wp:term":[{"taxonomy":"category","embeddable":true,"href":"https:\/\/noticiasribeiraopreto.com.br\/index.php\/wp-json\/wp\/v2\/categories?post=10424"},{"taxonomy":"post_tag","embeddable":true,"href":"https:\/\/noticiasribeiraopreto.com.br\/index.php\/wp-json\/wp\/v2\/tags?post=10424"}],"curies":[{"name":"wp","href":"https:\/\/api.w.org\/{rel}","templated":true}]}}