{"id":10472,"date":"2023-12-04T15:50:28","date_gmt":"2023-12-04T18:50:28","guid":{"rendered":"https:\/\/noticiasribeiraopreto.com.br\/index.php\/2023\/12\/04\/obras-de-corredores-de-onibus-ajudam-ou-atrapalham-o-transito-de-ribeirao\/"},"modified":"2023-12-04T15:50:28","modified_gmt":"2023-12-04T18:50:28","slug":"obras-de-corredores-de-onibus-ajudam-ou-atrapalham-o-transito-de-ribeirao","status":"publish","type":"post","link":"https:\/\/noticiasribeiraopreto.com.br\/index.php\/2023\/12\/04\/obras-de-corredores-de-onibus-ajudam-ou-atrapalham-o-transito-de-ribeirao\/","title":{"rendered":"Obras de corredores de \u00f4nibus, ajudam ou atrapalham o transito de Ribeir\u00e3o? \u2013 Folha de Ribeir\u00e3o"},"content":{"rendered":"<div class='code-block code-block-1' style='margin: 8px 0 8px auto; text-align: right; display: block; clear: both;'>\n<p><a href=\"https:\/\/wa.link\/vpicfd\"><img data-recalc-dims=\"1\" class=\"wp-image-4922\" style=\"aspect-ratio: 2.0253164556962027; width: 561px; height: auto;\" src=\"https:\/\/i0.wp.com\/ismaelcolosi.com.br\/wp-content\/uploads\/2023\/11\/grupo-de-empregos-whatsapp-e-facebook-ismael-colosi-vagas.jpg?ssl=1\" alt=\"\" \/><\/a><\/p>\n<!-- \/wp:image -->\n<\/div>\n<p> <br \/>\n<\/p>\n<div>\n<p>A prefeitura municipal de Ribeir\u00e3o Preto, atrav\u00e9s da secretaria de Obras P\u00fablicas, entregou para \u00e0 popula\u00e7\u00e3o 8 dos 11 corredores de \u00f4nibus previstos no Programa Ribeir\u00e3o Mobilidade.<\/p>\n<p>Os corredores das avenidas Castelo Branco\/ Treze de Maio e Cost\u00e1bile Romano\/ Presidente Kennedy est\u00e3o com as obras em andamento. Quando prontos ser\u00e3o interligados com o corredor da avenida Dom Pedro, que j\u00e1 foi entregue, formando o eixo leste \u2013 oeste.<\/p>\n<p>Esse ser\u00e1 o segundo maior eixo vi\u00e1rio de Ribeir\u00e3o Preto, contar\u00e1 com 19 km de extens\u00e3o e atender\u00e1 usu\u00e1rios do transporte p\u00fablico de 23 bairros da cidade.<\/p>\n<p><\/p>\n<p><strong><u>O eixo Leste-Oeste completo:<\/u><\/strong><\/p>\n<p>\u2013 19 km<\/p>\n<p>\u2013 23 bairros<\/p>\n<p>\u2013 6 rotat\u00f3rias<\/p>\n<p>\u2013 13 ruas e avenidas<\/p>\n<p>\u2013 3 corredores:<\/p>\n<p>Avenida D. Pedro I \u00a0<strong>\u00a0\u00a0\u00a0<\/strong><\/p>\n<p>Castelo\/13 de Maio<\/p>\n<p>Cost\u00e1bile\/Presidente Kennedy \u00a0<strong>\u00a0<\/strong><\/p>\n<p><strong>CICLOVIA<\/strong><\/p>\n<p>A ciclovia de 7 km faz parte da obra do corredor das avenidas Cost\u00e1bile Romano e Presidente Kennedy.\u00a0 Al\u00e9m de passar por v\u00e1rios\u00a0bairros da regi\u00e3o, ela vai ligar os parques Curupira e Lu\u00eds Carlos Raya. Come\u00e7ando na pra\u00e7a Winston Churchill, a ciclovia vai percorrer a avenida Presidente Kennedy, entrando na avenida Maur\u00edlio Biagi e seguindo at\u00e9 o final dela, at\u00e9\u00a0chegar na Cost\u00e1bile Romano.<\/p>\n<p><strong>Programa Ribeir\u00e3o Mobilidade<\/strong><\/p>\n<p>O programa consiste na constru\u00e7\u00e3o de 30 grandes obras, sendo 11 corredores de \u00f4nibus. As outras s\u00e3o obras de apoio para garantir mais agilidade e seguran\u00e7a nas vias por onde os corredores passam. As obras dos corredores de \u00f4nibus incluem a constru\u00e7\u00e3o de ciclovias, que juntas somam 40 km. Cerca de 3 milh\u00f5es e 500 mil usu\u00e1rios de \u00f4nibus ser\u00e3o beneficiados mensalmente, al\u00e9m de mais de um milh\u00e3o de ve\u00edculos de Ribeir\u00e3o Preto e regi\u00e3o, que circulam diariamente pela cidade.<\/p>\n<p><img data-recalc-dims=\"1\" loading=\"lazy\" decoding=\"async\" class=\"\" src=\"https:\/\/i0.wp.com\/www.ribeiraopreto.sp.gov.br\/portal\/foto\/202312\/mapa_corredores_-.jpeg?resize=1342%2C1573&#038;ssl=1\" width=\"1342\" height=\"1573\"\/><\/p>\n<\/p><\/div>\n<p><br \/>\n<br \/><a href=\"https:\/\/folhaderibeirao.com.br\/2023\/12\/04\/obras-de-corredores-de-onibus-ajudam-ou-atrapalham-o-transito-de-ribeirao\/\">Source link <\/a><\/p>\n<!-- CONTENT END 1 -->\n","protected":false},"excerpt":{"rendered":"<p>A prefeitura municipal de Ribeir\u00e3o Preto, atrav\u00e9s da secretaria de Obras P\u00fablicas, entregou para \u00e0 popula\u00e7\u00e3o 8 dos 11 corredores de \u00f4nibus previstos no Programa&#8230;<\/p>\n","protected":false},"author":1,"featured_media":10473,"comment_status":"open","ping_status":"open","sticky":false,"template":"","format":"standard","meta":{"advanced_seo_description":"","jetpack_seo_html_title":"","jetpack_seo_noindex":false,"jetpack_post_was_ever_published":false,"_jetpack_newsletter_access":"","_jetpack_dont_email_post_to_subs":false,"_jetpack_newsletter_tier_id":0,"_jetpack_memberships_contains_paywalled_content":false,"_jetpack_memberships_contains_paid_content":false,"footnotes":"","jetpack_publicize_message":"","jetpack_publicize_feature_enabled":true,"jetpack_social_post_already_shared":true,"jetpack_social_options":{"image_generator_settings":{"template":"highway","default_image_id":0,"font":"","enabled":false},"version":2}},"categories":[11],"tags":[1419,1420,1418,753,1059,335,26,1092],"class_list":["post-10472","post","type-post","status-publish","format-standard","has-post-thumbnail","hentry","category-noticias-de-ribeirao-preto-sp-e-regiao-ismael-colosi","tag-ajudam","tag-atrapalham","tag-corredores","tag-folha","tag-obras","tag-onibus","tag-ribeirao","tag-transito"],"jetpack_publicize_connections":[],"jetpack_featured_media_url":"https:\/\/i0.wp.com\/noticiasribeiraopreto.com.br\/wp-content\/uploads\/2023\/12\/corredor_castelo_branco-_treze_de_maio_-_foto_fernando_gonzaga_13.jpg?fit=1623%2C1080&ssl=1","jetpack-related-posts":[{"id":14115,"url":"https:\/\/noticiasribeiraopreto.com.br\/index.php\/2023\/12\/11\/obras-do-corredor-de-onibus-castelo-branco-13-de-maio-estao-em-andamento\/","url_meta":{"origin":10472,"position":0},"title":"Obras do corredor de \u00f4nibus Castelo Branco\/ 13 de Maio est\u00e3o em andamento \u2013 Folha de Ribeir\u00e3o","author":"noticiasribeiraopreto.com.br","date":"11 de December de 2023","format":false,"excerpt":"As obras do corredor de \u00f4nibus das avenidas Castelo Branco\/ 13 de Maio est\u00e3o\u00a0em ritmo acelerado, com mais de 40% do projeto conclu\u00eddo. Com previs\u00e3o para ser entregue em setembro de 2024, os trabalhos est\u00e3o concentrados na reconstru\u00e7\u00e3o do pavimento dos corredores na avenida Le\u00e3o XIII e, nas marginais da\u2026","rel":"","context":"In &quot;Not\u00edcias de Ribeir\u00e3o Preto-SP e Regi\u00e3o&quot;","block_context":{"text":"Not\u00edcias de Ribeir\u00e3o Preto-SP e Regi\u00e3o","link":"https:\/\/noticiasribeiraopreto.com.br\/index.php\/category\/noticias-de-ribeirao-preto-sp-e-regiao-ismael-colosi\/"},"img":{"alt_text":"","src":"https:\/\/i0.wp.com\/noticiasribeiraopreto.com.br\/wp-content\/uploads\/2023\/12\/obras_corredor_castelo_branco_-_foto_guilherme_sircili_5.jpg?fit=1200%2C800&ssl=1&resize=350%2C200","width":350,"height":200,"srcset":"https:\/\/i0.wp.com\/noticiasribeiraopreto.com.br\/wp-content\/uploads\/2023\/12\/obras_corredor_castelo_branco_-_foto_guilherme_sircili_5.jpg?fit=1200%2C800&ssl=1&resize=350%2C200 1x, https:\/\/i0.wp.com\/noticiasribeiraopreto.com.br\/wp-content\/uploads\/2023\/12\/obras_corredor_castelo_branco_-_foto_guilherme_sircili_5.jpg?fit=1200%2C800&ssl=1&resize=525%2C300 1.5x, https:\/\/i0.wp.com\/noticiasribeiraopreto.com.br\/wp-content\/uploads\/2023\/12\/obras_corredor_castelo_branco_-_foto_guilherme_sircili_5.jpg?fit=1200%2C800&ssl=1&resize=700%2C400 2x, https:\/\/i0.wp.com\/noticiasribeiraopreto.com.br\/wp-content\/uploads\/2023\/12\/obras_corredor_castelo_branco_-_foto_guilherme_sircili_5.jpg?fit=1200%2C800&ssl=1&resize=1050%2C600 3x"},"classes":[]},{"id":13452,"url":"https:\/\/noticiasribeiraopreto.com.br\/index.php\/2023\/12\/10\/obras-do-corredor-costabile-romano-e-presidente-kennedy-estao-em-andamento\/","url_meta":{"origin":10472,"position":1},"title":"Obras do corredor Cost\u00e1bile Romano e Presidente Kennedy est\u00e3o em andamento \u2013 Folha de Ribeir\u00e3o","author":"noticiasribeiraopreto.com.br","date":"10 de December de 2023","format":false,"excerpt":"O corredor de \u00f4nibus das avenidas Cost\u00e1bile Romano e Presidente Kennedy est\u00e1 com quase 45% do projeto conclu\u00eddo, e deve ser entregue dentro do prazo estipulado, em setembro de 2024. Com valor licitado em\u00a0R$ 29.930.470,50, o corredor far\u00e1 parte do segundo maior eixo vi\u00e1rio do munic\u00edpio, com 19 km, e\u2026","rel":"","context":"In &quot;Not\u00edcias de Ribeir\u00e3o Preto-SP e Regi\u00e3o&quot;","block_context":{"text":"Not\u00edcias de Ribeir\u00e3o Preto-SP e Regi\u00e3o","link":"https:\/\/noticiasribeiraopreto.com.br\/index.php\/category\/noticias-de-ribeirao-preto-sp-e-regiao-ismael-colosi\/"},"img":{"alt_text":"","src":"https:\/\/i0.wp.com\/noticiasribeiraopreto.com.br\/wp-content\/uploads\/2023\/12\/obras_ciclofaixa_kennedy_-_foto_guilherme_sircili_16.jpg?fit=1200%2C800&ssl=1&resize=350%2C200","width":350,"height":200,"srcset":"https:\/\/i0.wp.com\/noticiasribeiraopreto.com.br\/wp-content\/uploads\/2023\/12\/obras_ciclofaixa_kennedy_-_foto_guilherme_sircili_16.jpg?fit=1200%2C800&ssl=1&resize=350%2C200 1x, https:\/\/i0.wp.com\/noticiasribeiraopreto.com.br\/wp-content\/uploads\/2023\/12\/obras_ciclofaixa_kennedy_-_foto_guilherme_sircili_16.jpg?fit=1200%2C800&ssl=1&resize=525%2C300 1.5x, https:\/\/i0.wp.com\/noticiasribeiraopreto.com.br\/wp-content\/uploads\/2023\/12\/obras_ciclofaixa_kennedy_-_foto_guilherme_sircili_16.jpg?fit=1200%2C800&ssl=1&resize=700%2C400 2x, https:\/\/i0.wp.com\/noticiasribeiraopreto.com.br\/wp-content\/uploads\/2023\/12\/obras_ciclofaixa_kennedy_-_foto_guilherme_sircili_16.jpg?fit=1200%2C800&ssl=1&resize=1050%2C600 3x"},"classes":[]},{"id":83331,"url":"https:\/\/noticiasribeiraopreto.com.br\/index.php\/2026\/03\/16\/futuro-corredor-leste-oeste-incorpora-conceito-de-cidade-esponja-e-propoe-nova-logica-de-mobilidade-em-ribeirao\/","url_meta":{"origin":10472,"position":2},"title":"Futuro Corredor Leste-Oeste incorpora conceito de Cidade Esponja e prop\u00f5e nova l\u00f3gica de mobilidade em Ribeir\u00e3o","author":"noticiasribeiraopreto.com.br","date":"16 de March de 2026","format":false,"excerpt":"Macroprojeto de infraestrutura integra mobilidade, recupera\u00e7\u00e3o ambiental e solu\u00e7\u00f5es urbanas para reduzir enchentes; projeto de lei que viabiliza a estrutura\u00e7\u00e3o financeira da obra ser\u00e1 votado hoje em primeira discuss\u00e3o na C\u00e2mara Municipal O Futuro Corredor Leste-Oeste dever\u00e1 se tornar um dos principais projetos de transforma\u00e7\u00e3o urbana de Ribeir\u00e3o Preto nas\u2026","rel":"","context":"In &quot;Not\u00edcias de Ribeir\u00e3o Preto-SP e Regi\u00e3o&quot;","block_context":{"text":"Not\u00edcias de Ribeir\u00e3o Preto-SP e Regi\u00e3o","link":"https:\/\/noticiasribeiraopreto.com.br\/index.php\/category\/noticias-de-ribeirao-preto-sp-e-regiao-ismael-colosi\/"},"img":{"alt_text":"","src":"https:\/\/i0.wp.com\/noticiasribeiraopreto.com.br\/wp-content\/uploads\/2026\/03\/via-leste-oeste.webp.webp?fit=1068%2C600&ssl=1&resize=350%2C200","width":350,"height":200,"srcset":"https:\/\/i0.wp.com\/noticiasribeiraopreto.com.br\/wp-content\/uploads\/2026\/03\/via-leste-oeste.webp.webp?fit=1068%2C600&ssl=1&resize=350%2C200 1x, https:\/\/i0.wp.com\/noticiasribeiraopreto.com.br\/wp-content\/uploads\/2026\/03\/via-leste-oeste.webp.webp?fit=1068%2C600&ssl=1&resize=525%2C300 1.5x, https:\/\/i0.wp.com\/noticiasribeiraopreto.com.br\/wp-content\/uploads\/2026\/03\/via-leste-oeste.webp.webp?fit=1068%2C600&ssl=1&resize=700%2C400 2x, https:\/\/i0.wp.com\/noticiasribeiraopreto.com.br\/wp-content\/uploads\/2026\/03\/via-leste-oeste.webp.webp?fit=1068%2C600&ssl=1&resize=1050%2C600 3x"},"classes":[]},{"id":13248,"url":"https:\/\/noticiasribeiraopreto.com.br\/index.php\/2023\/12\/09\/confira-os-12-trechos-com-interdicoes-por-causa-de-obras-em-ribeirao-preto\/","url_meta":{"origin":10472,"position":3},"title":"Confira os 12 trechos com interdi\u00e7\u00f5es por causa de obras em Ribeir\u00e3o Preto","author":"noticiasribeiraopreto.com.br","date":"9 de December de 2023","format":false,"excerpt":"Ribeir\u00e3o Preto tem, neste s\u00e1bado (9), doze trechos de interdi\u00e7\u00f5es por causa de obras. As informa\u00e7\u00f5es constam no site da Prefeitura e s\u00e3o divulgadas pela RP Mobi. A \u00fanica interdi\u00e7\u00e3o parcial \u00e9 no cruzamento da avenida Antonio e Helena Zerrener com S\u00e3o Salvador. O motivo \u00e9 a reconstru\u00e7\u00e3o do talude\u2026","rel":"","context":"In &quot;Not\u00edcias de Ribeir\u00e3o Preto-SP e Regi\u00e3o&quot;","block_context":{"text":"Not\u00edcias de Ribeir\u00e3o Preto-SP e Regi\u00e3o","link":"https:\/\/noticiasribeiraopreto.com.br\/index.php\/category\/noticias-de-ribeirao-preto-sp-e-regiao-ismael-colosi\/"},"img":{"alt_text":"","src":"https:\/\/i0.wp.com\/noticiasribeiraopreto.com.br\/wp-content\/uploads\/2023\/12\/WhatsApp-Image-2023-12-09-at-15.40.47.jpeg?fit=1200%2C675&ssl=1&resize=350%2C200","width":350,"height":200,"srcset":"https:\/\/i0.wp.com\/noticiasribeiraopreto.com.br\/wp-content\/uploads\/2023\/12\/WhatsApp-Image-2023-12-09-at-15.40.47.jpeg?fit=1200%2C675&ssl=1&resize=350%2C200 1x, https:\/\/i0.wp.com\/noticiasribeiraopreto.com.br\/wp-content\/uploads\/2023\/12\/WhatsApp-Image-2023-12-09-at-15.40.47.jpeg?fit=1200%2C675&ssl=1&resize=525%2C300 1.5x, https:\/\/i0.wp.com\/noticiasribeiraopreto.com.br\/wp-content\/uploads\/2023\/12\/WhatsApp-Image-2023-12-09-at-15.40.47.jpeg?fit=1200%2C675&ssl=1&resize=700%2C400 2x, https:\/\/i0.wp.com\/noticiasribeiraopreto.com.br\/wp-content\/uploads\/2023\/12\/WhatsApp-Image-2023-12-09-at-15.40.47.jpeg?fit=1200%2C675&ssl=1&resize=1050%2C600 3x"},"classes":[]},{"id":59041,"url":"https:\/\/noticiasribeiraopreto.com.br\/index.php\/2024\/10\/12\/saiba-quando-comecam-as-multas-em-novos-corredores-de-onibus-de-ribeirao-preto\/","url_meta":{"origin":10472,"position":4},"title":"Saiba quando come\u00e7am as multas em novos corredores de \u00f4nibus de Ribeir\u00e3o Preto","author":"noticiasribeiraopreto.com.br","date":"12 de October de 2024","format":false,"excerpt":"Os novos corredores de \u00f4nibus das avenidas Castelo Branco e Treze de Maio, em Ribeir\u00e3o Preto, foram inaugurados na \u00faltima quinta-feira (10). Segundo a RP Mobi, as faixas dos corredores de \u00f4nibus s\u00e3o preferenciais, com proibi\u00e7\u00e3o para estacionamento ao longo do percurso. Segundo a empresa respons\u00e1vel pelo gerenciamento do tr\u00e2nsito,\u2026","rel":"","context":"In &quot;Not\u00edcias de Ribeir\u00e3o Preto-SP e Regi\u00e3o&quot;","block_context":{"text":"Not\u00edcias de Ribeir\u00e3o Preto-SP e Regi\u00e3o","link":"https:\/\/noticiasribeiraopreto.com.br\/index.php\/category\/noticias-de-ribeirao-preto-sp-e-regiao-ismael-colosi\/"},"img":{"alt_text":"","src":"https:\/\/i0.wp.com\/noticiasribeiraopreto.com.br\/wp-content\/uploads\/2024\/10\/corredor-de-onibus-2_2024-10-12_16-43-31_jpg_2024-10-12_16-43-32.webp.webp?fit=901%2C697&ssl=1&resize=350%2C200","width":350,"height":200,"srcset":"https:\/\/i0.wp.com\/noticiasribeiraopreto.com.br\/wp-content\/uploads\/2024\/10\/corredor-de-onibus-2_2024-10-12_16-43-31_jpg_2024-10-12_16-43-32.webp.webp?fit=901%2C697&ssl=1&resize=350%2C200 1x, https:\/\/i0.wp.com\/noticiasribeiraopreto.com.br\/wp-content\/uploads\/2024\/10\/corredor-de-onibus-2_2024-10-12_16-43-31_jpg_2024-10-12_16-43-32.webp.webp?fit=901%2C697&ssl=1&resize=525%2C300 1.5x, https:\/\/i0.wp.com\/noticiasribeiraopreto.com.br\/wp-content\/uploads\/2024\/10\/corredor-de-onibus-2_2024-10-12_16-43-31_jpg_2024-10-12_16-43-32.webp.webp?fit=901%2C697&ssl=1&resize=700%2C400 2x"},"classes":[]},{"id":31700,"url":"https:\/\/noticiasribeiraopreto.com.br\/index.php\/2024\/01\/23\/obras-em-corredor-de-onibus-da-castelo-branco-e-treze-de-maio-serao-retomadas-em-ribeirao\/","url_meta":{"origin":10472,"position":5},"title":"Obras em corredor de \u00f4nibus da Castelo Branco e Treze de Maio ser\u00e3o retomadas em Ribeir\u00e3o","author":"noticiasribeiraopreto.com.br","date":"23 de January de 2024","format":false,"excerpt":"As obras do corredor de \u00f4nibus Castelo Branco\/Treze de Maio, na zona Leste de Ribeir\u00e3o Preto, ser\u00e3o retomadas nesta ter\u00e7a-feira (23). O primeiro trabalho a ser executado neste retorno \u00e9 a pavimenta\u00e7\u00e3o do trecho da avenida Le\u00e3o XIII. A previs\u00e3o \u00e9 de que essa etapa dure ao menos uma semana.\u2026","rel":"","context":"In &quot;Not\u00edcias de Ribeir\u00e3o Preto-SP e Regi\u00e3o&quot;","block_context":{"text":"Not\u00edcias de Ribeir\u00e3o Preto-SP e Regi\u00e3o","link":"https:\/\/noticiasribeiraopreto.com.br\/index.php\/category\/noticias-de-ribeirao-preto-sp-e-regiao-ismael-colosi\/"},"img":{"alt_text":"","src":"https:\/\/i0.wp.com\/noticiasribeiraopreto.com.br\/wp-content\/uploads\/2024\/01\/corredor-castelo.jpg?fit=1200%2C800&ssl=1&resize=350%2C200","width":350,"height":200,"srcset":"https:\/\/i0.wp.com\/noticiasribeiraopreto.com.br\/wp-content\/uploads\/2024\/01\/corredor-castelo.jpg?fit=1200%2C800&ssl=1&resize=350%2C200 1x, https:\/\/i0.wp.com\/noticiasribeiraopreto.com.br\/wp-content\/uploads\/2024\/01\/corredor-castelo.jpg?fit=1200%2C800&ssl=1&resize=525%2C300 1.5x, https:\/\/i0.wp.com\/noticiasribeiraopreto.com.br\/wp-content\/uploads\/2024\/01\/corredor-castelo.jpg?fit=1200%2C800&ssl=1&resize=700%2C400 2x, https:\/\/i0.wp.com\/noticiasribeiraopreto.com.br\/wp-content\/uploads\/2024\/01\/corredor-castelo.jpg?fit=1200%2C800&ssl=1&resize=1050%2C600 3x"},"classes":[]}],"jetpack_sharing_enabled":true,"jetpack_shortlink":"https:\/\/wp.me\/peQAOb-2IU","_links":{"self":[{"href":"https:\/\/noticiasribeiraopreto.com.br\/index.php\/wp-json\/wp\/v2\/posts\/10472","targetHints":{"allow":["GET"]}}],"collection":[{"href":"https:\/\/noticiasribeiraopreto.com.br\/index.php\/wp-json\/wp\/v2\/posts"}],"about":[{"href":"https:\/\/noticiasribeiraopreto.com.br\/index.php\/wp-json\/wp\/v2\/types\/post"}],"author":[{"embeddable":true,"href":"https:\/\/noticiasribeiraopreto.com.br\/index.php\/wp-json\/wp\/v2\/users\/1"}],"replies":[{"embeddable":true,"href":"https:\/\/noticiasribeiraopreto.com.br\/index.php\/wp-json\/wp\/v2\/comments?post=10472"}],"version-history":[{"count":0,"href":"https:\/\/noticiasribeiraopreto.com.br\/index.php\/wp-json\/wp\/v2\/posts\/10472\/revisions"}],"wp:featuredmedia":[{"embeddable":true,"href":"https:\/\/noticiasribeiraopreto.com.br\/index.php\/wp-json\/wp\/v2\/media\/10473"}],"wp:attachment":[{"href":"https:\/\/noticiasribeiraopreto.com.br\/index.php\/wp-json\/wp\/v2\/media?parent=10472"}],"wp:term":[{"taxonomy":"category","embeddable":true,"href":"https:\/\/noticiasribeiraopreto.com.br\/index.php\/wp-json\/wp\/v2\/categories?post=10472"},{"taxonomy":"post_tag","embeddable":true,"href":"https:\/\/noticiasribeiraopreto.com.br\/index.php\/wp-json\/wp\/v2\/tags?post=10472"}],"curies":[{"name":"wp","href":"https:\/\/api.w.org\/{rel}","templated":true}]}}