{"id":10484,"date":"2023-12-04T16:17:09","date_gmt":"2023-12-04T19:17:09","guid":{"rendered":"https:\/\/noticiasribeiraopreto.com.br\/index.php\/2023\/12\/04\/moraes-toma-decisao-em-julgamento-sobre-revisao-da-vida-toda\/"},"modified":"2023-12-04T16:17:09","modified_gmt":"2023-12-04T19:17:09","slug":"moraes-toma-decisao-em-julgamento-sobre-revisao-da-vida-toda","status":"publish","type":"post","link":"https:\/\/noticiasribeiraopreto.com.br\/index.php\/2023\/12\/04\/moraes-toma-decisao-em-julgamento-sobre-revisao-da-vida-toda\/","title":{"rendered":"Moraes toma decis\u00e3o em julgamento sobre &#8216;revis\u00e3o da vida toda&#8217;"},"content":{"rendered":"<div class='code-block code-block-1' style='margin: 8px 0 8px auto; text-align: right; display: block; clear: both;'>\n<p><a href=\"https:\/\/wa.link\/vpicfd\"><img data-recalc-dims=\"1\" class=\"wp-image-4922\" style=\"aspect-ratio: 2.0253164556962027; width: 561px; height: auto;\" src=\"https:\/\/i0.wp.com\/ismaelcolosi.com.br\/wp-content\/uploads\/2023\/11\/grupo-de-empregos-whatsapp-e-facebook-ismael-colosi-vagas.jpg?ssl=1\" alt=\"\" \/><\/a><\/p>\n<!-- \/wp:image -->\n<\/div>\n<p> <br \/>\n<\/p>\n<div>\n<div id=\"attachment_2317768\" class=\"wp-caption alignnone\">\n<div class=\"d-flex justify-content-center\" data-attachment-id=\"2317768\">\n<div class=\"position-relative d-inline-block\"><img data-recalc-dims=\"1\" data-portal-copyright=\"Reprodu\u00e7\u00e3o\/TSE \" fetchpriority=\"high\" decoding=\"async\" class=\"size-full wp-image-2317768\" src=\"https:\/\/i0.wp.com\/catracalivre.com.br\/wp-content\/uploads\/2023\/12\/fotos-catraca-2023-12-04t121538457.png?resize=1200%2C660&#038;ssl=1\" alt=\"O julgamento virtual do recurso do INSS acabou suspenso\" width=\"1200\" height=\"660\" srcset=\"https:\/\/catracalivre.com.br\/wp-content\/uploads\/2023\/12\/fotos-catraca-2023-12-04t121538457.png 1200w, https:\/\/catracalivre.com.br\/wp-content\/uploads\/2023\/12\/fotos-catraca-2023-12-04t121538457-450x248.png 450w, https:\/\/catracalivre.com.br\/wp-content\/uploads\/2023\/12\/fotos-catraca-2023-12-04t121538457-768x422.png 768w\" sizes=\"(max-width: 1200px) 100vw, 1200px\"\/><\/p>\n<p>Cr\u00e9ditos: Reprodu\u00e7\u00e3o\/TSE <\/p>\n<\/div>\n<\/div>\n<p><span class=\"post-imagem__legenda\">O julgamento virtual do recurso do INSS acabou suspenso<\/span><\/p>\n<\/div>\n<p>O Alexandre de Moraes, ministro do Supremo Tribunal Federal (STF), decidiu suspender o julgamento sobre a chamada \u201crevis\u00e3o da vida toda\u201d de <a href=\"https:\/\/catracalivre.com.br\/cidadania\/lista-de-doencas-do-trabalho-amplia-beneficios-do-inss\/\" target=\"_blank\" rel=\"noopener\">aposentadorias<\/a> pagas pelo Instituto Nacional do Seguro Social (<a href=\"https:\/\/catracalivre.com.br\/cidadania\/beneficios-do-inss-para-mei-entenda-em-detalhes\/\" target=\"_blank\" rel=\"noopener\">INSS<\/a>).<\/p>\n<p>O <a href=\"https:\/\/catracalivre.com.br\/cidadania\/esta-noticia-e-para-quem-quer-garantir-a-revisao-da-vida-toda-no-inss\/\" target=\"_blank\" rel=\"noopener\">julgamento em plen\u00e1rio virtual<\/a> analisava os embargos de declara\u00e7\u00e3o protocolados pelo INSS, mas Moraes, que \u00e9 o relator, pediu destaque do processo. Dessa forma, a an\u00e1lise foi suspensa e o caso dever\u00e1 come\u00e7ar do zero no plen\u00e1rio f\u00edsico da Corte.<\/p>\n<p>Em dezembro de 2022, o Supremo validou a revis\u00e3o da vida toda e permitiu que aposentados possam pedir o rec\u00e1lculo do benef\u00edcio com base em todas as contribui\u00e7\u00f5es feitas ao longo da vida. Antes da decis\u00e3o, a revis\u00e3o n\u00e3o estava reconhecida.<\/p>\n<h2>O que significa a \u201crevis\u00e3o da vida toda\u201d?<\/h2>\n<p>A \u201crevis\u00e3o da vida toda\u201d \u00e9 um termo se refere \u00e0 possibilidade de rec\u00e1lculo do valor da aposentadoria. Isso ocorre com base em todas as contribui\u00e7\u00f5es do trabalhador, mesmo as realizadas antes de julho de 1994. Nessa \u00e9poca, come\u00e7ou a vigorar o Plano Real, e as contribui\u00e7\u00f5es anteriores acabaram sendo ignoradas no c\u00e1lculo da aposentadoria.<\/p>\n<p>Ap\u00f3s o reconhecimento do STF, o INSS, que quer considerar apenas as contribui\u00e7\u00f5es a partir de 1994, entrou com um recurso para restringir os efeitos da decis\u00e3o.<\/p>\n<p>Agora, a revis\u00e3o do STF est\u00e1 sendo analisada em resposta aos embargos apresentados pela autarquia. No momento, a decis\u00e3o est\u00e1 pendente devido ao pedido de destaque feito pelo ministro Alexandre de Moraes, na sexta-feira, 1\u00ba, que optou por levar o caso \u00e0 an\u00e1lise no plen\u00e1rio f\u00edsico.<\/p>\n<p>Na pr\u00e1tica, isso significa que o processo ser\u00e1 reinicializado e todos os temas ser\u00e3o discutidos novamente no plen\u00e1rio f\u00edsico.<\/p>\n<h2>Quem pode pedir revis\u00e3o do benef\u00edcio?<\/h2>\n<p>A decis\u00e3o afetar\u00e1 diretamente aqueles que passaram a receber o benef\u00edcio entre novembro de 1999 e 12 de novembro de 2019, e que contribu\u00edram antes de julho de 1994.<\/p>\n<p>O STF observou que o benefici\u00e1rio pode optar pelo crit\u00e9rio de c\u00e1lculo que renda o maior valor mensal, cabendo ao aposentado avaliar se a revis\u00e3o da vida toda pode aumentar ou n\u00e3o o benef\u00edcio.<\/p>\n<p>Antes da interrup\u00e7\u00e3o proposta pelo ministro Moraes, o plen\u00e1rio do STF apresentava um placar de quatro votos para modular os efeitos da decis\u00e3o. E tr\u00eas em defesa do pedido do INSS para anular a decis\u00e3o do STJ.<\/p>\n<h2>Quais s\u00e3o as opini\u00f5es divergentes entre os ministros?<\/h2>\n<p>As <a href=\"https:\/\/catracalivre.com.br\/cidadania\/inss-revisao-da-vida-toda-sofre-reviravolta-inesperada\/\" target=\"_blank\" rel=\"noopener\">opini\u00f5es dos ministros<\/a> sobre esse caso s\u00e3o diversas. Por exemplo, Moraes acredita que a decis\u00e3o que permitiu o rec\u00e1lculo dos pagamentos n\u00e3o deve ser aplicada retroativamente e n\u00e3o abrange benef\u00edcios extintos e parcelas j\u00e1 pagas.<\/p>\n<p>Outros ministros, como Rosa Weber, Edson Fachin e C\u00e1rmen L\u00facia, discordam de Moraes. Eles defendem que a decis\u00e3o do STF deve ter como marco o dia 17 de dezembro de 2019, quando o STJ reconheceu o direito \u00e0 revis\u00e3o da vida toda.<\/p>\n<p>No entanto, h\u00e1 uma outra linha de diverg\u00eancia aberta pelo ministro Cristiano Zanin. Ele concorda com a necessidade da modula\u00e7\u00e3o, mas acredita que o caso deve voltar ao STJ para novo julgamento.<\/p>\n<h2>E agora, qual o pr\u00f3ximo passo?<\/h2>\n<p>Ap\u00f3s a interrup\u00e7\u00e3o, ainda n\u00e3o h\u00e1 uma data prevista para a an\u00e1lise dos embargos no plen\u00e1rio f\u00edsico do Supremo Tribunal Federal.<\/p>\n<p>Apenas os votos dos ministros aposentados estar\u00e3o sendo aproveitados no novo julgamento, enquanto os demais poder\u00e3o mudar seu entendimento.<\/p>\n<p><em>Com informa\u00e7\u00f5es da <a href=\"https:\/\/agenciabrasil.ebc.com.br\/justica\/noticia\/2023-12\/moraes-suspende-julgamento-sobre-revisao-da-vida-toda-do-inss\" target=\"_blank\" rel=\"noopener\">Ag\u00eancia Brasil<\/a>.<\/em><\/p>\n<\/div>\n<p><script>\n\t\t! function(f, b, e, v, n, t, s) {\n\t\t\tif (f.fbq) return;\n\t\t\tn = f.fbq = function() {\n\t\t\t\tn.callMethod ?\n\t\t\t\t\tn.callMethod.apply(n, arguments) : n.queue.push(arguments)\n\t\t\t};\n\t\t\tif (!f._fbq) f._fbq = n;\n\t\t\tn.push = n;\n\t\t\tn.loaded = !0;\n\t\t\tn.version = '2.0';\n\t\t\tn.queue = [];\n\t\t\tt = b.createElement(e);\n\t\t\tt.async = !0;\n\t\t\tt.src = v;\n\t\t\ts = b.getElementsByTagName(e)[0];\n\t\t\ts.parentNode.insertBefore(t, s)\n\t\t}(window, document, 'script',\n\t\t\t'https:\/\/connect.facebook.net\/en_US\/fbevents.js');\n\t\tfbq('init', '338315473262380');\n\t\tfbq('track', 'PageView');\n\t<\/script><br \/>\n<br \/><br \/>\n<br \/><a href=\"https:\/\/catracalivre.com.br\/cidadania\/moraes-toma-decisao-em-julgamento-sobre-revisao-da-vida-toda-do-inss\/\">Source link <\/a><\/p>\n<!-- CONTENT END 1 -->\n","protected":false},"excerpt":{"rendered":"<p>Cr\u00e9ditos: Reprodu\u00e7\u00e3o\/TSE O julgamento virtual do recurso do INSS acabou suspenso O Alexandre de Moraes, ministro do Supremo Tribunal Federal (STF), decidiu suspender o julgamento&#8230;<\/p>\n","protected":false},"author":1,"featured_media":10485,"comment_status":"open","ping_status":"open","sticky":false,"template":"","format":"standard","meta":{"advanced_seo_description":"","jetpack_seo_html_title":"","jetpack_seo_noindex":false,"jetpack_post_was_ever_published":false,"_jetpack_newsletter_access":"","_jetpack_dont_email_post_to_subs":false,"_jetpack_newsletter_tier_id":0,"_jetpack_memberships_contains_paywalled_content":false,"_jetpack_memberships_contains_paid_content":false,"footnotes":"","jetpack_publicize_message":"","jetpack_publicize_feature_enabled":true,"jetpack_social_post_already_shared":true,"jetpack_social_options":{"image_generator_settings":{"template":"highway","default_image_id":0,"font":"","enabled":false},"version":2}},"categories":[19],"tags":[],"class_list":["post-10484","post","type-post","status-publish","format-standard","has-post-thumbnail","hentry","category-variedades"],"jetpack_publicize_connections":[],"jetpack_featured_media_url":"https:\/\/i0.wp.com\/noticiasribeiraopreto.com.br\/wp-content\/uploads\/2023\/12\/fotos-catraca-2023-12-04t121538457.png?fit=1200%2C638&ssl=1","jetpack-related-posts":[{"id":16150,"url":"https:\/\/noticiasribeiraopreto.com.br\/index.php\/2023\/12\/15\/revisao-da-vida-toda-supremo-autoriza-novo-julgamento-em-plenario\/","url_meta":{"origin":10484,"position":0},"title":"Revis\u00e3o da vida toda: Supremo autoriza novo julgamento em plen\u00e1rio\u00a0","author":"noticiasribeiraopreto.com.br","date":"15 de December de 2023","format":false,"excerpt":"14 de dezembro de 2023 | 14:3014 de dezembro de 2023 | 11:33 0O recurso sobre a revis\u00e3o da vida toda foi liberado nesta quarta-feira, 13 de dezembro, para julgamento no plen\u00e1rio do Supremo Tribunal Federal (STF). Cabe agora ao ministro Lu\u00eds Roberto Barroso, presidente da Corte, encaixar o processo\u2026","rel":"","context":"In &quot;Not\u00edcias de Ribeir\u00e3o Preto-SP e Regi\u00e3o&quot;","block_context":{"text":"Not\u00edcias de Ribeir\u00e3o Preto-SP e Regi\u00e3o","link":"https:\/\/noticiasribeiraopreto.com.br\/index.php\/category\/noticias-de-ribeirao-preto-sp-e-regiao-ismael-colosi\/"},"img":{"alt_text":"","src":"https:\/\/i0.wp.com\/noticiasribeiraopreto.com.br\/wp-content\/uploads\/2023\/12\/previdenciainss-scaled.jpg?fit=700%2C419&ssl=1&resize=350%2C200","width":350,"height":200,"srcset":"https:\/\/i0.wp.com\/noticiasribeiraopreto.com.br\/wp-content\/uploads\/2023\/12\/previdenciainss-scaled.jpg?fit=700%2C419&ssl=1&resize=350%2C200 1x, https:\/\/i0.wp.com\/noticiasribeiraopreto.com.br\/wp-content\/uploads\/2023\/12\/previdenciainss-scaled.jpg?fit=700%2C419&ssl=1&resize=525%2C300 1.5x, https:\/\/i0.wp.com\/noticiasribeiraopreto.com.br\/wp-content\/uploads\/2023\/12\/previdenciainss-scaled.jpg?fit=700%2C419&ssl=1&resize=700%2C400 2x"},"classes":[]},{"id":76960,"url":"https:\/\/noticiasribeiraopreto.com.br\/index.php\/2025\/09\/09\/stf-retoma-julgamento-de-bolsonaro-com-voto-de-moraes\/","url_meta":{"origin":10484,"position":1},"title":"STF retoma julgamento de Bolsonaro com voto de Moraes","author":"noticiasribeiraopreto.com.br","date":"9 de September de 2025","format":false,"excerpt":"A Primeira Turma do STF retoma nesta ter\u00e7a-feira (9) o julgamento que pode condenar o ex-presidente Jair Bolsonaro e sete aliados por tentativa de golpe para reverter o resultado das elei\u00e7\u00f5es de 2022. O grupo faz parte do n\u00facleo crucial da den\u00fancia apresentada pela Procuradoria-Geral da Rep\u00fablica (PGR). O julgamento\u2026","rel":"","context":"In &quot;Not\u00edcias de Ribeir\u00e3o Preto-SP e Regi\u00e3o&quot;","block_context":{"text":"Not\u00edcias de Ribeir\u00e3o Preto-SP e Regi\u00e3o","link":"https:\/\/noticiasribeiraopreto.com.br\/index.php\/category\/noticias-de-ribeirao-preto-sp-e-regiao-ismael-colosi\/"},"img":{"alt_text":"","src":"https:\/\/i0.wp.com\/noticiasribeiraopreto.com.br\/wp-content\/uploads\/2025\/09\/Copia-de-Copia-de-Copia-de-TAMANHO-EXATO-PARA-FOTOS-NO-SISTEMA-NOVO-2025-09-09T090856.652_2025-09-09_12-09-15.webp.webp?fit=1200%2C675&ssl=1&resize=350%2C200","width":350,"height":200,"srcset":"https:\/\/i0.wp.com\/noticiasribeiraopreto.com.br\/wp-content\/uploads\/2025\/09\/Copia-de-Copia-de-Copia-de-TAMANHO-EXATO-PARA-FOTOS-NO-SISTEMA-NOVO-2025-09-09T090856.652_2025-09-09_12-09-15.webp.webp?fit=1200%2C675&ssl=1&resize=350%2C200 1x, https:\/\/i0.wp.com\/noticiasribeiraopreto.com.br\/wp-content\/uploads\/2025\/09\/Copia-de-Copia-de-Copia-de-TAMANHO-EXATO-PARA-FOTOS-NO-SISTEMA-NOVO-2025-09-09T090856.652_2025-09-09_12-09-15.webp.webp?fit=1200%2C675&ssl=1&resize=525%2C300 1.5x, https:\/\/i0.wp.com\/noticiasribeiraopreto.com.br\/wp-content\/uploads\/2025\/09\/Copia-de-Copia-de-Copia-de-TAMANHO-EXATO-PARA-FOTOS-NO-SISTEMA-NOVO-2025-09-09T090856.652_2025-09-09_12-09-15.webp.webp?fit=1200%2C675&ssl=1&resize=700%2C400 2x, https:\/\/i0.wp.com\/noticiasribeiraopreto.com.br\/wp-content\/uploads\/2025\/09\/Copia-de-Copia-de-Copia-de-TAMANHO-EXATO-PARA-FOTOS-NO-SISTEMA-NOVO-2025-09-09T090856.652_2025-09-09_12-09-15.webp.webp?fit=1200%2C675&ssl=1&resize=1050%2C600 3x"},"classes":[]},{"id":76873,"url":"https:\/\/noticiasribeiraopreto.com.br\/index.php\/2025\/09\/08\/entenda-os-proximos-passos-do-julgamento-de-bolsonaro-no-stf\/","url_meta":{"origin":10484,"position":2},"title":"Entenda os pr\u00f3ximos passos do julgamento de Bolsonaro no STF","author":"noticiasribeiraopreto.com.br","date":"8 de September de 2025","format":false,"excerpt":"Votos come\u00e7ar\u00e3o na sess\u00e3o de ter\u00e7a-feira (9); confira ordem Ag\u00eancia Brasil A Primeira Turma do Supremo Tribunal Federal (STF) retoma na ter\u00e7a-feira (9) o julgamento do n\u00facleo 1 da trama golpista, formado pelo ex-presidente Jair Bolsonaro e mais sete aliados.\u00a0\ufffc\ufffcO julgamento come\u00e7ou na semana passada, quando foram ouvidas as sustenta\u00e7\u00f5es\u2026","rel":"","context":"In &quot;Not\u00edcias de Ribeir\u00e3o Preto-SP e Regi\u00e3o&quot;","block_context":{"text":"Not\u00edcias de Ribeir\u00e3o Preto-SP e Regi\u00e3o","link":"https:\/\/noticiasribeiraopreto.com.br\/index.php\/category\/noticias-de-ribeirao-preto-sp-e-regiao-ismael-colosi\/"},"img":{"alt_text":"","src":"https:\/\/i0.wp.com\/noticiasribeiraopreto.com.br\/wp-content\/uploads\/2025\/09\/fabio-rodrigues-1-1.webp.webp?fit=1170%2C700&ssl=1&resize=350%2C200","width":350,"height":200,"srcset":"https:\/\/i0.wp.com\/noticiasribeiraopreto.com.br\/wp-content\/uploads\/2025\/09\/fabio-rodrigues-1-1.webp.webp?fit=1170%2C700&ssl=1&resize=350%2C200 1x, https:\/\/i0.wp.com\/noticiasribeiraopreto.com.br\/wp-content\/uploads\/2025\/09\/fabio-rodrigues-1-1.webp.webp?fit=1170%2C700&ssl=1&resize=525%2C300 1.5x, https:\/\/i0.wp.com\/noticiasribeiraopreto.com.br\/wp-content\/uploads\/2025\/09\/fabio-rodrigues-1-1.webp.webp?fit=1170%2C700&ssl=1&resize=700%2C400 2x, https:\/\/i0.wp.com\/noticiasribeiraopreto.com.br\/wp-content\/uploads\/2025\/09\/fabio-rodrigues-1-1.webp.webp?fit=1170%2C700&ssl=1&resize=1050%2C600 3x"},"classes":[]},{"id":41199,"url":"https:\/\/noticiasribeiraopreto.com.br\/index.php\/2024\/03\/06\/stf-reabre-julgamento-sobre-descriminalizacao-do-porte-de-drogas\/","url_meta":{"origin":10484,"position":3},"title":"STF reabre julgamento sobre descriminaliza\u00e7\u00e3o do porte de drogas","author":"noticiasribeiraopreto.com.br","date":"6 de March de 2024","format":false,"excerpt":"6 de mar\u00e7o de 2024 | 16:306 de mar\u00e7o de 2024 | 15:19 0O Supremo Tribunal Federal (STF) retomou o julgamento sobre a descriminaliza\u00e7\u00e3o do porte de drogas para consumo pessoal. O julgamento estava paralisado desde agosto do ano passado, quando o ministro Andr\u00e9 Mendon\u00e7a pediu vista do processo e\u2026","rel":"","context":"In &quot;Not\u00edcias de Ribeir\u00e3o Preto-SP e Regi\u00e3o&quot;","block_context":{"text":"Not\u00edcias de Ribeir\u00e3o Preto-SP e Regi\u00e3o","link":"https:\/\/noticiasribeiraopreto.com.br\/index.php\/category\/noticias-de-ribeirao-preto-sp-e-regiao-ismael-colosi\/"},"img":{"alt_text":"","src":"https:\/\/i0.wp.com\/noticiasribeiraopreto.com.br\/wp-content\/uploads\/2024\/03\/287d56a5-e49f-479b-bff2-084343452160-scaled.jpg?fit=971%2C645&ssl=1&resize=350%2C200","width":350,"height":200,"srcset":"https:\/\/i0.wp.com\/noticiasribeiraopreto.com.br\/wp-content\/uploads\/2024\/03\/287d56a5-e49f-479b-bff2-084343452160-scaled.jpg?fit=971%2C645&ssl=1&resize=350%2C200 1x, https:\/\/i0.wp.com\/noticiasribeiraopreto.com.br\/wp-content\/uploads\/2024\/03\/287d56a5-e49f-479b-bff2-084343452160-scaled.jpg?fit=971%2C645&ssl=1&resize=525%2C300 1.5x, https:\/\/i0.wp.com\/noticiasribeiraopreto.com.br\/wp-content\/uploads\/2024\/03\/287d56a5-e49f-479b-bff2-084343452160-scaled.jpg?fit=971%2C645&ssl=1&resize=700%2C400 2x"},"classes":[]},{"id":76611,"url":"https:\/\/noticiasribeiraopreto.com.br\/index.php\/2025\/09\/02\/stf-inicia-julgamento-de-bolsonaro-e-mais-sete-aliados\/","url_meta":{"origin":10484,"position":4},"title":"STF inicia julgamento de Bolsonaro e mais sete aliados","author":"noticiasribeiraopreto.com.br","date":"2 de September de 2025","format":false,"excerpt":"A Primeira Turma do Supremo Tribunal Federal (STF) inicia nesta ter\u00e7a-feira (2), \u00e0s 9h, o julgamento que pode condenar o ex-presidente Jair Bolsonaro e mais sete aliados pela trama golpista para tentar reverter o resultado das elei\u00e7\u00f5es de 2022. O grupo faz parte do n\u00facleo crucial da den\u00fancia apresentada pela\u2026","rel":"","context":"In &quot;Not\u00edcias de Ribeir\u00e3o Preto-SP e Regi\u00e3o&quot;","block_context":{"text":"Not\u00edcias de Ribeir\u00e3o Preto-SP e Regi\u00e3o","link":"https:\/\/noticiasribeiraopreto.com.br\/index.php\/category\/noticias-de-ribeirao-preto-sp-e-regiao-ismael-colosi\/"},"img":{"alt_text":"","src":"https:\/\/i0.wp.com\/noticiasribeiraopreto.com.br\/wp-content\/uploads\/2025\/09\/marques-.webp.webp?fit=1170%2C700&ssl=1&resize=350%2C200","width":350,"height":200,"srcset":"https:\/\/i0.wp.com\/noticiasribeiraopreto.com.br\/wp-content\/uploads\/2025\/09\/marques-.webp.webp?fit=1170%2C700&ssl=1&resize=350%2C200 1x, https:\/\/i0.wp.com\/noticiasribeiraopreto.com.br\/wp-content\/uploads\/2025\/09\/marques-.webp.webp?fit=1170%2C700&ssl=1&resize=525%2C300 1.5x, https:\/\/i0.wp.com\/noticiasribeiraopreto.com.br\/wp-content\/uploads\/2025\/09\/marques-.webp.webp?fit=1170%2C700&ssl=1&resize=700%2C400 2x, https:\/\/i0.wp.com\/noticiasribeiraopreto.com.br\/wp-content\/uploads\/2025\/09\/marques-.webp.webp?fit=1170%2C700&ssl=1&resize=1050%2C600 3x"},"classes":[]},{"id":76673,"url":"https:\/\/noticiasribeiraopreto.com.br\/index.php\/2025\/09\/03\/tem-inicio-o-segundo-dia-de-julgamento-dos-reus-da-trama-golpista\/","url_meta":{"origin":10484,"position":5},"title":"Tem in\u00edcio o segundo dia de julgamento dos r\u00e9us da trama golpista","author":"noticiasribeiraopreto.com.br","date":"3 de September de 2025","format":false,"excerpt":"3 de setembro de 2025 10:570 Compartilhar0 Nesta quarta-feira (3), a Primeira Turma do\u00a0Supremo Tribunal Federal (STF) d\u00e1 continuidade ao julgamento que pode condenar o ex-presidente Jair Bolsonaro e mais sete aliados pela trama golpista que tentou reverter o resultado das elei\u00e7\u00f5es de 2022.\ufffc\ufffcO grupo faz parte do n\u00facleo crucial\u2026","rel":"","context":"In &quot;Not\u00edcias de Ribeir\u00e3o Preto-SP e Regi\u00e3o&quot;","block_context":{"text":"Not\u00edcias de Ribeir\u00e3o Preto-SP e Regi\u00e3o","link":"https:\/\/noticiasribeiraopreto.com.br\/index.php\/category\/noticias-de-ribeirao-preto-sp-e-regiao-ismael-colosi\/"},"img":{"alt_text":"","src":"https:\/\/i0.wp.com\/noticiasribeiraopreto.com.br\/wp-content\/uploads\/2025\/09\/trama-.webp.webp?fit=1170%2C700&ssl=1&resize=350%2C200","width":350,"height":200,"srcset":"https:\/\/i0.wp.com\/noticiasribeiraopreto.com.br\/wp-content\/uploads\/2025\/09\/trama-.webp.webp?fit=1170%2C700&ssl=1&resize=350%2C200 1x, https:\/\/i0.wp.com\/noticiasribeiraopreto.com.br\/wp-content\/uploads\/2025\/09\/trama-.webp.webp?fit=1170%2C700&ssl=1&resize=525%2C300 1.5x, https:\/\/i0.wp.com\/noticiasribeiraopreto.com.br\/wp-content\/uploads\/2025\/09\/trama-.webp.webp?fit=1170%2C700&ssl=1&resize=700%2C400 2x, https:\/\/i0.wp.com\/noticiasribeiraopreto.com.br\/wp-content\/uploads\/2025\/09\/trama-.webp.webp?fit=1170%2C700&ssl=1&resize=1050%2C600 3x"},"classes":[]}],"jetpack_sharing_enabled":true,"jetpack_shortlink":"https:\/\/wp.me\/peQAOb-2J6","_links":{"self":[{"href":"https:\/\/noticiasribeiraopreto.com.br\/index.php\/wp-json\/wp\/v2\/posts\/10484","targetHints":{"allow":["GET"]}}],"collection":[{"href":"https:\/\/noticiasribeiraopreto.com.br\/index.php\/wp-json\/wp\/v2\/posts"}],"about":[{"href":"https:\/\/noticiasribeiraopreto.com.br\/index.php\/wp-json\/wp\/v2\/types\/post"}],"author":[{"embeddable":true,"href":"https:\/\/noticiasribeiraopreto.com.br\/index.php\/wp-json\/wp\/v2\/users\/1"}],"replies":[{"embeddable":true,"href":"https:\/\/noticiasribeiraopreto.com.br\/index.php\/wp-json\/wp\/v2\/comments?post=10484"}],"version-history":[{"count":0,"href":"https:\/\/noticiasribeiraopreto.com.br\/index.php\/wp-json\/wp\/v2\/posts\/10484\/revisions"}],"wp:featuredmedia":[{"embeddable":true,"href":"https:\/\/noticiasribeiraopreto.com.br\/index.php\/wp-json\/wp\/v2\/media\/10485"}],"wp:attachment":[{"href":"https:\/\/noticiasribeiraopreto.com.br\/index.php\/wp-json\/wp\/v2\/media?parent=10484"}],"wp:term":[{"taxonomy":"category","embeddable":true,"href":"https:\/\/noticiasribeiraopreto.com.br\/index.php\/wp-json\/wp\/v2\/categories?post=10484"},{"taxonomy":"post_tag","embeddable":true,"href":"https:\/\/noticiasribeiraopreto.com.br\/index.php\/wp-json\/wp\/v2\/tags?post=10484"}],"curies":[{"name":"wp","href":"https:\/\/api.w.org\/{rel}","templated":true}]}}