{"id":10486,"date":"2023-12-04T16:19:20","date_gmt":"2023-12-04T19:19:20","guid":{"rendered":"https:\/\/noticiasribeiraopreto.com.br\/index.php\/2023\/12\/04\/priscilla-revela-reacao-da-familia-diante-de-suas-mudancas-e-abandono-do-alcantara\/"},"modified":"2023-12-04T16:19:20","modified_gmt":"2023-12-04T19:19:20","slug":"priscilla-revela-reacao-da-familia-diante-de-suas-mudancas-e-abandono-do-alcantara","status":"publish","type":"post","link":"https:\/\/noticiasribeiraopreto.com.br\/index.php\/2023\/12\/04\/priscilla-revela-reacao-da-familia-diante-de-suas-mudancas-e-abandono-do-alcantara\/","title":{"rendered":"Priscilla revela rea\u00e7\u00e3o da fam\u00edlia diante de suas mudan\u00e7as e &#8216;abandono&#8217; do Alc\u00e2ntara"},"content":{"rendered":"<div class='code-block code-block-1' style='margin: 8px 0 8px auto; text-align: right; display: block; clear: both;'>\n<p><a href=\"https:\/\/wa.link\/vpicfd\"><img data-recalc-dims=\"1\" class=\"wp-image-4922\" style=\"aspect-ratio: 2.0253164556962027; width: 561px; height: auto;\" src=\"https:\/\/i0.wp.com\/ismaelcolosi.com.br\/wp-content\/uploads\/2023\/11\/grupo-de-empregos-whatsapp-e-facebook-ismael-colosi-vagas.jpg?ssl=1\" alt=\"\" \/><\/a><\/p>\n<!-- \/wp:image -->\n<\/div>\n<p> <br \/>\n<\/p>\n<div itemprop=\"text\">\n<p>Priscilla chamou a aten\u00e7\u00e3o recentemente ao anunciar sua decis\u00e3o de abandonar o sobrenome e assumir apenas o primeiro nome como nome art\u00edstico. A cantora viveu muitas mudan\u00e7as em sua vida pessoal.<\/p>\n<p>Com o an\u00fancio, muita gente passou a se questionar sobre o porqu\u00ea da decis\u00e3o. N\u00e3o foram poucas as pessoas que, por exemplo, questionaram qual teria sido a rea\u00e7\u00e3o da fam\u00edlia da cantora.<\/p>\n<p>Curiosamente, em entrevista ao Gshow, Priscilla falou sobre o assunto. A cantora garantiu que recebe bastante apoio da fam\u00edlia e amigos, explicando que a decis\u00e3o n\u00e3o foi uma quest\u00e3o.<\/p>\n<p>\u201c<b>Gra\u00e7as a Deus, sou muito acolhida, muito querida pelas pessoas, e isso realmente me impulsiona a continuar produzindo coisas, mas tem sido muito legal ver o apoio da galera nessa nova fase\u201d<\/b>, afirmou.<\/p>\n<p>Priscilla explicou que a fam\u00edlia entendeu sua motiva\u00e7\u00e3o para tomar a decis\u00e3o e que esse entendimento foi fundamental para que a rea\u00e7\u00e3o dos familiares fosse positiva e de apoio.<\/p>\n<p>Na mesma entrevista, Priscilla falou sobre a decis\u00e3o de mudar o nome art\u00edstico e explicou o que levou \u00e0 decis\u00e3o. A cantora lembrou que foi \u201cPriscilla Alc\u00e2ntara\u201d por 18 anos.<\/p>\n<p><b>\u201cA coitadinha da Alcantara estava cansada, trabalhou muito (\u2026) Eu decidi dar um descanso a isso para me experimentar de uma forma nova\u201d<\/b>, explicou.<\/p>\n<p>Em sua nova fase, al\u00e9m de deixar definitivamente o gospel de lado, Priscilla tamb\u00e9m surpreendeu ao mergulhar de vez na m\u00fasica pop. A cantora deve lan\u00e7ar em breve seu novo disco.<\/p>\n<\/div>\n<p><br \/>\n<br \/><a href=\"https:\/\/fnmais.com\/priscilla-revela-reacao-familia-diante-suas-mudancas-abandono-alcantara\/\">Source link <\/a><\/p>\n<!-- CONTENT END 1 -->\n","protected":false},"excerpt":{"rendered":"<p>Priscilla chamou a aten\u00e7\u00e3o recentemente ao anunciar sua decis\u00e3o de abandonar o sobrenome e assumir apenas o primeiro nome como nome art\u00edstico. A cantora viveu&#8230;<\/p>\n","protected":false},"author":1,"featured_media":10487,"comment_status":"open","ping_status":"open","sticky":false,"template":"","format":"standard","meta":{"advanced_seo_description":"","jetpack_seo_html_title":"","jetpack_seo_noindex":false,"jetpack_post_was_ever_published":false,"_jetpack_newsletter_access":"","_jetpack_dont_email_post_to_subs":false,"_jetpack_newsletter_tier_id":0,"_jetpack_memberships_contains_paywalled_content":false,"_jetpack_memberships_contains_paid_content":false,"footnotes":"","jetpack_publicize_message":"","jetpack_publicize_feature_enabled":true,"jetpack_social_post_already_shared":true,"jetpack_social_options":{"image_generator_settings":{"template":"highway","default_image_id":0,"font":"","enabled":false},"version":2}},"categories":[1],"tags":[],"class_list":["post-10486","post","type-post","status-publish","format-standard","has-post-thumbnail","hentry","category-blog"],"jetpack_publicize_connections":[],"jetpack_featured_media_url":"https:\/\/i0.wp.com\/noticiasribeiraopreto.com.br\/wp-content\/uploads\/2023\/12\/postimg-656e2201297f74967.jpg?fit=1200%2C628&ssl=1","jetpack-related-posts":[{"id":12327,"url":"https:\/\/noticiasribeiraopreto.com.br\/index.php\/2023\/12\/07\/ximbinha-afirma-que-pastora-influenciou-decisao-de-joelma-em-encerrar-a-banda\/","url_meta":{"origin":10486,"position":0},"title":"Ximbinha afirma que pastora influenciou decis\u00e3o de Joelma em encerrar a banda","author":"noticiasribeiraopreto.com.br","date":"7 de December de 2023","format":false,"excerpt":"Ximbinha esteve no podcast Saladacast e voltou a falar sobre o fim da parceria, e do casamento, com Joelma. Durante a entrevista, Ximbinha afirmou que houve influ\u00eancia de uma lideran\u00e7a religiosa em sua separa\u00e7\u00e3o.Sem dizer o nome de quem seria a pastora, Ximbinha afirmou que havia uma pastora influenciando Joelma\u2026","rel":"","context":"In &quot;Blog&quot;","block_context":{"text":"Blog","link":"https:\/\/noticiasribeiraopreto.com.br\/index.php\/category\/blog\/"},"img":{"alt_text":"","src":"https:\/\/i0.wp.com\/noticiasribeiraopreto.com.br\/wp-content\/uploads\/2023\/12\/postimg-65724b5f328df6016.jpg?fit=1200%2C628&ssl=1&resize=350%2C200","width":350,"height":200,"srcset":"https:\/\/i0.wp.com\/noticiasribeiraopreto.com.br\/wp-content\/uploads\/2023\/12\/postimg-65724b5f328df6016.jpg?fit=1200%2C628&ssl=1&resize=350%2C200 1x, https:\/\/i0.wp.com\/noticiasribeiraopreto.com.br\/wp-content\/uploads\/2023\/12\/postimg-65724b5f328df6016.jpg?fit=1200%2C628&ssl=1&resize=525%2C300 1.5x, https:\/\/i0.wp.com\/noticiasribeiraopreto.com.br\/wp-content\/uploads\/2023\/12\/postimg-65724b5f328df6016.jpg?fit=1200%2C628&ssl=1&resize=700%2C400 2x, https:\/\/i0.wp.com\/noticiasribeiraopreto.com.br\/wp-content\/uploads\/2023\/12\/postimg-65724b5f328df6016.jpg?fit=1200%2C628&ssl=1&resize=1050%2C600 3x"},"classes":[]},{"id":5276,"url":"https:\/\/noticiasribeiraopreto.com.br\/index.php\/2023\/11\/23\/priscilla-nega-ser-homofobica-e-fala-sobre-relacao-com-a-igreja-medo-de-retaliacao\/","url_meta":{"origin":10486,"position":1},"title":"Priscilla nega ser homof\u00f3bica e fala sobre rela\u00e7\u00e3o com a igreja &#8216;Medo de retalia\u00e7\u00e3o &#8216;","author":"noticiasribeiraopreto.com.br","date":"23 de November de 2023","format":false,"excerpt":"Em um novo recome\u00e7o, a cantora Priscilla, deu o que falar nas \u00faltimas semanas quando apareceu com um visual totalmente diferente. Com cabelos curtos e pontas avermelhadas, ela passou a exibir suas tatuagens tamb\u00e9m.Antes conhecida como Priscilla Alc\u00e2ntara, ela come\u00e7ou na TV ao lado de Yudi Tamashiro apresentando o programa\u2026","rel":"","context":"In &quot;Blog&quot;","block_context":{"text":"Blog","link":"https:\/\/noticiasribeiraopreto.com.br\/index.php\/category\/blog\/"},"img":{"alt_text":"","src":"https:\/\/i0.wp.com\/noticiasribeiraopreto.com.br\/wp-content\/uploads\/2023\/11\/postimg-655f5055496e01076.jpg?fit=1200%2C713&ssl=1&resize=350%2C200","width":350,"height":200,"srcset":"https:\/\/i0.wp.com\/noticiasribeiraopreto.com.br\/wp-content\/uploads\/2023\/11\/postimg-655f5055496e01076.jpg?fit=1200%2C713&ssl=1&resize=350%2C200 1x, https:\/\/i0.wp.com\/noticiasribeiraopreto.com.br\/wp-content\/uploads\/2023\/11\/postimg-655f5055496e01076.jpg?fit=1200%2C713&ssl=1&resize=525%2C300 1.5x, https:\/\/i0.wp.com\/noticiasribeiraopreto.com.br\/wp-content\/uploads\/2023\/11\/postimg-655f5055496e01076.jpg?fit=1200%2C713&ssl=1&resize=700%2C400 2x, https:\/\/i0.wp.com\/noticiasribeiraopreto.com.br\/wp-content\/uploads\/2023\/11\/postimg-655f5055496e01076.jpg?fit=1200%2C713&ssl=1&resize=1050%2C600 3x"},"classes":[]},{"id":26417,"url":"https:\/\/noticiasribeiraopreto.com.br\/index.php\/2024\/01\/10\/5-meses-apos-bariatrica-jojo-toddynho-faz-balanco-e-comemora-resultados-video\/","url_meta":{"origin":10486,"position":2},"title":"5 meses ap\u00f3s bari\u00e1trica, Jojo Toddynho faz balan\u00e7o e comemora resultados; video","author":"noticiasribeiraopreto.com.br","date":"10 de January de 2024","format":false,"excerpt":"H\u00e1 cinco meses atr\u00e1s, Jojo Todynho tomou a importante decis\u00e3o de se submeter a cirurgia de redu\u00e7\u00e3o de est\u00f4mago, a bari\u00e1trica. A decis\u00e3o, como a pr\u00f3pria cantora j\u00e1 comentou, n\u00e3o foi f\u00e1cil.Inicialmente, Jojo havia decidido n\u00e3o passar pela cirurgia e tentar perder peso atrav\u00e9s de reeduca\u00e7\u00e3o alimentar e mudan\u00e7a de\u2026","rel":"","context":"In &quot;Blog&quot;","block_context":{"text":"Blog","link":"https:\/\/noticiasribeiraopreto.com.br\/index.php\/category\/blog\/"},"img":{"alt_text":"","src":"https:\/\/i0.wp.com\/noticiasribeiraopreto.com.br\/wp-content\/uploads\/2024\/01\/postimg-659e0552ec4b45234.jpg?fit=1200%2C628&ssl=1&resize=350%2C200","width":350,"height":200,"srcset":"https:\/\/i0.wp.com\/noticiasribeiraopreto.com.br\/wp-content\/uploads\/2024\/01\/postimg-659e0552ec4b45234.jpg?fit=1200%2C628&ssl=1&resize=350%2C200 1x, https:\/\/i0.wp.com\/noticiasribeiraopreto.com.br\/wp-content\/uploads\/2024\/01\/postimg-659e0552ec4b45234.jpg?fit=1200%2C628&ssl=1&resize=525%2C300 1.5x, https:\/\/i0.wp.com\/noticiasribeiraopreto.com.br\/wp-content\/uploads\/2024\/01\/postimg-659e0552ec4b45234.jpg?fit=1200%2C628&ssl=1&resize=700%2C400 2x, https:\/\/i0.wp.com\/noticiasribeiraopreto.com.br\/wp-content\/uploads\/2024\/01\/postimg-659e0552ec4b45234.jpg?fit=1200%2C628&ssl=1&resize=1050%2C600 3x"},"classes":[]},{"id":31476,"url":"https:\/\/noticiasribeiraopreto.com.br\/index.php\/2024\/01\/22\/a-cena-foi-muito-feia-video\/","url_meta":{"origin":10486,"position":3},"title":"&#8216;A cena foi muito feia&#8217;; v\u00eddeo","author":"noticiasribeiraopreto.com.br","date":"22 de January de 2024","format":false,"excerpt":"De forma recente, o governador da Bahia, Jer\u00f4nimo Rodrigues, buscou expressar seus sentimentos, e assim, lamentou o naufr\u00e1gio que resultou na morte de cinco pessoas na localidade de Madre de Deus, na regi\u00e3o metropolitana de Salvador.O pol\u00edtico utilizou as suas redes sociais para compartilhar suas condol\u00eancias \u00e0s fam\u00edlias das v\u00edtimas\u2026","rel":"","context":"In &quot;Blog&quot;","block_context":{"text":"Blog","link":"https:\/\/noticiasribeiraopreto.com.br\/index.php\/category\/blog\/"},"img":{"alt_text":"","src":"https:\/\/i0.wp.com\/noticiasribeiraopreto.com.br\/wp-content\/uploads\/2024\/01\/postimg-65ae71568771a8998.jpg?fit=1200%2C628&ssl=1&resize=350%2C200","width":350,"height":200,"srcset":"https:\/\/i0.wp.com\/noticiasribeiraopreto.com.br\/wp-content\/uploads\/2024\/01\/postimg-65ae71568771a8998.jpg?fit=1200%2C628&ssl=1&resize=350%2C200 1x, https:\/\/i0.wp.com\/noticiasribeiraopreto.com.br\/wp-content\/uploads\/2024\/01\/postimg-65ae71568771a8998.jpg?fit=1200%2C628&ssl=1&resize=525%2C300 1.5x, https:\/\/i0.wp.com\/noticiasribeiraopreto.com.br\/wp-content\/uploads\/2024\/01\/postimg-65ae71568771a8998.jpg?fit=1200%2C628&ssl=1&resize=700%2C400 2x, https:\/\/i0.wp.com\/noticiasribeiraopreto.com.br\/wp-content\/uploads\/2024\/01\/postimg-65ae71568771a8998.jpg?fit=1200%2C628&ssl=1&resize=1050%2C600 3x"},"classes":[]},{"id":31344,"url":"https:\/\/noticiasribeiraopreto.com.br\/index.php\/2024\/01\/22\/zilu-aparece-aos-prantos-e-anuncia-decisao-tomada-sobre-o-bbb24-nao-e-facil\/","url_meta":{"origin":10486,"position":4},"title":"Zilu aparece aos prantos e anuncia decis\u00e3o tomada sobre o BBB24: &#8216;n\u00e3o \u00e9 f\u00e1cil&#8217;","author":"noticiasribeiraopreto.com.br","date":"22 de January de 2024","format":false,"excerpt":"Zilu usou as redes sociais para abrir o cora\u00e7\u00e3o sobre o Big Brother Brasil. M\u00e3e de Wanessa Camargo, a influenciadora anunciou que vai dar um tempo do programa e explicou o motivo.Acontece que a influenciadora ficou bastante abalada com a desist\u00eancia de Vanessa Lopes. Zilu apareceu aos prantos falando sobre\u2026","rel":"","context":"In &quot;Blog&quot;","block_context":{"text":"Blog","link":"https:\/\/noticiasribeiraopreto.com.br\/index.php\/category\/blog\/"},"img":{"alt_text":"","src":"https:\/\/i0.wp.com\/noticiasribeiraopreto.com.br\/wp-content\/uploads\/2024\/01\/postimg-65add365cb2a11839.jpg?fit=1200%2C628&ssl=1&resize=350%2C200","width":350,"height":200,"srcset":"https:\/\/i0.wp.com\/noticiasribeiraopreto.com.br\/wp-content\/uploads\/2024\/01\/postimg-65add365cb2a11839.jpg?fit=1200%2C628&ssl=1&resize=350%2C200 1x, https:\/\/i0.wp.com\/noticiasribeiraopreto.com.br\/wp-content\/uploads\/2024\/01\/postimg-65add365cb2a11839.jpg?fit=1200%2C628&ssl=1&resize=525%2C300 1.5x, https:\/\/i0.wp.com\/noticiasribeiraopreto.com.br\/wp-content\/uploads\/2024\/01\/postimg-65add365cb2a11839.jpg?fit=1200%2C628&ssl=1&resize=700%2C400 2x, https:\/\/i0.wp.com\/noticiasribeiraopreto.com.br\/wp-content\/uploads\/2024\/01\/postimg-65add365cb2a11839.jpg?fit=1200%2C628&ssl=1&resize=1050%2C600 3x"},"classes":[]},{"id":5364,"url":"https:\/\/noticiasribeiraopreto.com.br\/index.php\/2023\/11\/23\/jojo-todynho-toma-dura-decisao-em-meio-aos-ataques-que-tem-sofrido-apos-ter-exposto-lucas-souza\/","url_meta":{"origin":10486,"position":5},"title":"Jojo Todynho toma dura decis\u00e3o em meio aos ataques que tem sofrido ap\u00f3s ter exposto Lucas Souza","author":"noticiasribeiraopreto.com.br","date":"23 de November de 2023","format":false,"excerpt":"Nesta ter\u00e7a-feira, dia 21 de novembro, a famosa cantora e influencer Jojo Todynho realizou um comunicado em suas redes sociais, ap\u00f3s ter exposto o verdadeiro motivo do t\u00e9rmino de seu casamento com Lucas Souza.De acordo com ela, o seu ex-marido estaria conversando com outros homens, durante o casamento dos dois.\u2026","rel":"","context":"In &quot;Blog&quot;","block_context":{"text":"Blog","link":"https:\/\/noticiasribeiraopreto.com.br\/index.php\/category\/blog\/"},"img":{"alt_text":"","src":"https:\/\/i0.wp.com\/noticiasribeiraopreto.com.br\/wp-content\/uploads\/2023\/11\/postimg-655f5f1d1264c5818.jpg?fit=1200%2C628&ssl=1&resize=350%2C200","width":350,"height":200,"srcset":"https:\/\/i0.wp.com\/noticiasribeiraopreto.com.br\/wp-content\/uploads\/2023\/11\/postimg-655f5f1d1264c5818.jpg?fit=1200%2C628&ssl=1&resize=350%2C200 1x, https:\/\/i0.wp.com\/noticiasribeiraopreto.com.br\/wp-content\/uploads\/2023\/11\/postimg-655f5f1d1264c5818.jpg?fit=1200%2C628&ssl=1&resize=525%2C300 1.5x, https:\/\/i0.wp.com\/noticiasribeiraopreto.com.br\/wp-content\/uploads\/2023\/11\/postimg-655f5f1d1264c5818.jpg?fit=1200%2C628&ssl=1&resize=700%2C400 2x, https:\/\/i0.wp.com\/noticiasribeiraopreto.com.br\/wp-content\/uploads\/2023\/11\/postimg-655f5f1d1264c5818.jpg?fit=1200%2C628&ssl=1&resize=1050%2C600 3x"},"classes":[]}],"jetpack_sharing_enabled":true,"jetpack_shortlink":"https:\/\/wp.me\/peQAOb-2J8","_links":{"self":[{"href":"https:\/\/noticiasribeiraopreto.com.br\/index.php\/wp-json\/wp\/v2\/posts\/10486","targetHints":{"allow":["GET"]}}],"collection":[{"href":"https:\/\/noticiasribeiraopreto.com.br\/index.php\/wp-json\/wp\/v2\/posts"}],"about":[{"href":"https:\/\/noticiasribeiraopreto.com.br\/index.php\/wp-json\/wp\/v2\/types\/post"}],"author":[{"embeddable":true,"href":"https:\/\/noticiasribeiraopreto.com.br\/index.php\/wp-json\/wp\/v2\/users\/1"}],"replies":[{"embeddable":true,"href":"https:\/\/noticiasribeiraopreto.com.br\/index.php\/wp-json\/wp\/v2\/comments?post=10486"}],"version-history":[{"count":0,"href":"https:\/\/noticiasribeiraopreto.com.br\/index.php\/wp-json\/wp\/v2\/posts\/10486\/revisions"}],"wp:featuredmedia":[{"embeddable":true,"href":"https:\/\/noticiasribeiraopreto.com.br\/index.php\/wp-json\/wp\/v2\/media\/10487"}],"wp:attachment":[{"href":"https:\/\/noticiasribeiraopreto.com.br\/index.php\/wp-json\/wp\/v2\/media?parent=10486"}],"wp:term":[{"taxonomy":"category","embeddable":true,"href":"https:\/\/noticiasribeiraopreto.com.br\/index.php\/wp-json\/wp\/v2\/categories?post=10486"},{"taxonomy":"post_tag","embeddable":true,"href":"https:\/\/noticiasribeiraopreto.com.br\/index.php\/wp-json\/wp\/v2\/tags?post=10486"}],"curies":[{"name":"wp","href":"https:\/\/api.w.org\/{rel}","templated":true}]}}