{"id":10490,"date":"2023-12-04T16:24:03","date_gmt":"2023-12-04T19:24:03","guid":{"rendered":"https:\/\/noticiasribeiraopreto.com.br\/index.php\/2023\/12\/04\/saiba-quais-sao-as-novidades-do-museu-casa-de-portinari-em-homenagem-aos-120-anos-do-artista\/"},"modified":"2023-12-04T16:24:03","modified_gmt":"2023-12-04T19:24:03","slug":"saiba-quais-sao-as-novidades-do-museu-casa-de-portinari-em-homenagem-aos-120-anos-do-artista","status":"publish","type":"post","link":"https:\/\/noticiasribeiraopreto.com.br\/index.php\/2023\/12\/04\/saiba-quais-sao-as-novidades-do-museu-casa-de-portinari-em-homenagem-aos-120-anos-do-artista\/","title":{"rendered":"Saiba quais s\u00e3o as novidades do Museu Casa de Portinari em homenagem aos 120 anos do artista"},"content":{"rendered":"<div class='code-block code-block-1' style='margin: 8px 0 8px auto; text-align: right; display: block; clear: both;'>\n<p><a href=\"https:\/\/wa.link\/vpicfd\"><img data-recalc-dims=\"1\" class=\"wp-image-4922\" style=\"aspect-ratio: 2.0253164556962027; width: 561px; height: auto;\" src=\"https:\/\/i0.wp.com\/ismaelcolosi.com.br\/wp-content\/uploads\/2023\/11\/grupo-de-empregos-whatsapp-e-facebook-ismael-colosi-vagas.jpg?ssl=1\" alt=\"\" \/><\/a><\/p>\n<!-- \/wp:image -->\n<\/div>\n<p> <br \/>\n<\/p>\n<div>\n<p>O<strong> Museu Casa de Portinari<\/strong>, na cidade de <strong>Brodowski<\/strong>, regi\u00e3o de <strong>Ribeir\u00e3o Preto<\/strong>, foi presenteado no \u00faltimo s\u00e1bado (2), com <strong>novidades em seu acervo e estrutura<\/strong>, devido ao anivers\u00e1rio do artista.<\/p>\n<p><strong>Portinari completaria 120 anos, no dia 29 de dezembro, caso estivesse vivo.<\/strong><\/p>\n<p>Entre as novas mudan\u00e7as est\u00e3o a <strong>amplia\u00e7\u00e3o da \u00e1rea expositiva<\/strong>, que agora conta com um Centro de Pesquisa e Refer\u00eancia exclusivo, e o <strong>restauro de pinturas murais e em relevo<\/strong>.<\/p>\n<blockquote class=\"wp-block-quote\">\n<p class=\"has-text-align-left\">\u201cA celebra\u00e7\u00e3o dos 120 anos de Candido Portinari \u00e9 um momento muito importante para a arte e tamb\u00e9m para a hist\u00f3ria do Museu que se dedica a preservar e compartilhar com o p\u00fablico toda a trajet\u00f3ria do artista.\u201d, disse a secret\u00e1ria da Cultura, Economia e Ind\u00fastria Criativas do Estado de S\u00e3o Paulo, Mar\u00edlia Marton.<\/p>\n<\/blockquote>\n<h4 class=\"wp-block-heading\"><strong>Centro de Pesquisa e Refer\u00eancia<\/strong><\/h4>\n<p>O novo <strong>Centro de Pesquisa e Refer\u00eancia<\/strong> ganhou o nome do filho do artista, <strong>Jo\u00e3o Candido Portinari<\/strong>. Ele foi alocado em um im\u00f3vel vizinho \u00e0 sua sede, que pertence ao descendente do pintor.<\/p>\n<p>O p\u00fablico que for a institui\u00e7\u00e3o encontrar\u00e1 <strong><mark style=\"background-color:#fcb900\" class=\"has-inline-color\">obras at\u00e9 ent\u00e3o desconhecidas<\/mark><\/strong>. S\u00e3o tr\u00eas pinturas murais e cinco de baixos-relevos, cujas autorias dever\u00e3o ser determinadas ap\u00f3s pesquisa de especialistas, que apontam <strong>evid\u00eancias de que Portinari pode ser autor de alguns dos trabalhos<\/strong>.<\/p>\n<p>De acordo com Administra\u00e7\u00e3o do local, a d\u00favida permanece porque em meados da d\u00e9cada de 1940, o artista pl\u00e1stico <strong>manteve o seu ateli\u00ea por algum tempo nesta resid\u00eancia<\/strong>, <strong>recebendo<\/strong>, inclusive, <strong>amigos <\/strong>e <strong>disc\u00edpulos<\/strong>, que poderiam <strong>ter produzido as obras<\/strong>.<\/p>\n<p>Por meio da an\u00e1lise de documentos hist\u00f3ricos, o novo espa\u00e7o tamb\u00e9m <strong>enfatizar\u00e1 a rela\u00e7\u00e3o de Portinari com outros artistas da \u00e9poca<\/strong>, evidenciando o uso da casa da fam\u00edlia em Brodowski, como <strong>ref\u00fagio e espa\u00e7o de inspira\u00e7\u00e3o<\/strong>, mas tamb\u00e9m como local de trabalho e descobertas.<\/p>\n<h4 class=\"wp-block-heading\"><strong>Novidades no acervo<\/strong><\/h4>\n<p>Al\u00e9m da amplia\u00e7\u00e3o na estrutura, o museu apresenta novidades em seu acervo, como <strong>fotos de fam\u00edlia e mais informa\u00e7\u00f5es sobre os instrumentos usados por Portinari na produ\u00e7\u00e3o art\u00edstica.<\/strong><\/p>\n<p>Alguns dos instrumentos eram improvisados pelo artista, j\u00e1 que em Brodowski n\u00e3o havia oferta de ferramentas espec\u00edficas para pintores.<\/p>\n<figure class=\"wp-block-image size-large\"><figcaption class=\"wp-element-caption\">Abertura do Centro de pesquisa e Refer\u00eancia Jo\u00e3o C\u00e2ndido Portinari (acima); Na foto, secret\u00e1ria da Cultura do governo paulista, Mar\u00edlia Marton, e Jo\u00e3o C\u00e2ndido Portinari (Foto: Leandro Donizeti).<\/p>\n<\/figcaption><\/figure>\n<p>VEJA TAMB\u00c9M<\/p>\n<p>Idosa tem galo de estima\u00e7\u00e3o furtado na regi\u00e3o de Ribeir\u00e3o Preto<\/p>\n<h4 class=\"wp-block-heading\"><strong><mark style=\"background-color:#fcb900\" class=\"has-inline-color\">FIQUE ON<\/mark><\/strong><\/h4>\n<p>Fique ligado em tudo que acontece em Ribeir\u00e3o Preto e regi\u00e3o. Siga os perfis do\u00a0<strong>acidade on<\/strong>\u00a0no\u00a0<a href=\"https:\/\/www.instagram.com\/acidadeonribeirao\" target=\"_blank\" rel=\"noreferrer noopener\">Instagram<\/a>\u00a0e no<a href=\"https:\/\/www.facebook.com\/acidadeonribeirao\" target=\"_blank\" rel=\"noreferrer noopener\">\u00a0Facebook<\/a>.<\/p>\n<p>Receba not\u00edcias do\u00a0<strong>acidade on<\/strong>\u00a0no WhatsApp.\u00a0<a href=\"https:\/\/chat.whatsapp.com\/Bnv2w66ZT4VDyZW3oiZ69n\" target=\"_blank\" rel=\"noreferrer noopener\">Para entrar no grupo, basta clicar aqui.<\/a><\/p>\n<p>Fa\u00e7a uma den\u00fancia ou sugira uma reportagem sobre a Ribeir\u00e3o Preto e regi\u00e3o pelo WhatsApp: (16) 99117 7802.<\/p>\n<p>LEIA MAIS<\/p>\n<p><a href=\"https:\/\/www.tudoep.com\/tudo-pets\/NOT,0,0,1868490,estudo-alerta-para-o-perigo-de-alimentar-caes-com-carne-crua.aspx\" target=\"_blank\" rel=\"noreferrer noopener\">Estudo alerta para o perigo de alimentar c\u00e3es com carne crua<\/a><\/p>\n<p><!-- AI CONTENT END 1 -->\n<\/div>\n<p><script async src=\"\/\/www.instagram.com\/embed.js\"><\/script><br \/>\n<br \/><br \/>\n<br \/><a href=\"https:\/\/www.acidadeon.com\/ribeiraopreto\/cotidiano\/saiba-quais-sao-as-novidades-do-museu-casa-de-portinari-em-homenagem-aos-120-anos-do-artista\/\">Source link <\/a><\/p>\n<!-- CONTENT END 1 -->\n","protected":false},"excerpt":{"rendered":"<p>O Museu Casa de Portinari, na cidade de Brodowski, regi\u00e3o de Ribeir\u00e3o Preto, foi presenteado no \u00faltimo s\u00e1bado (2), com novidades em seu acervo e&#8230;<\/p>\n","protected":false},"author":1,"featured_media":10491,"comment_status":"open","ping_status":"open","sticky":false,"template":"","format":"standard","meta":{"advanced_seo_description":"","jetpack_seo_html_title":"","jetpack_seo_noindex":false,"jetpack_post_was_ever_published":false,"_jetpack_newsletter_access":"","_jetpack_dont_email_post_to_subs":false,"_jetpack_newsletter_tier_id":0,"_jetpack_memberships_contains_paywalled_content":false,"_jetpack_memberships_contains_paid_content":false,"footnotes":"","jetpack_publicize_message":"","jetpack_publicize_feature_enabled":true,"jetpack_social_post_already_shared":true,"jetpack_social_options":{"image_generator_settings":{"template":"highway","default_image_id":0,"font":"","enabled":false},"version":2}},"categories":[11],"tags":[84,1428,1429,289,1405,1426,1425,1427,49,123,50],"class_list":["post-10490","post","type-post","status-publish","format-standard","has-post-thumbnail","hentry","category-noticias-de-ribeirao-preto-sp-e-regiao-ismael-colosi","tag-anos","tag-aos","tag-artista","tag-casa","tag-homenagem","tag-museu","tag-novidades","tag-portinari","tag-quais","tag-saiba","tag-sao"],"jetpack_publicize_connections":[],"jetpack_featured_media_url":"https:\/\/i0.wp.com\/noticiasribeiraopreto.com.br\/wp-content\/uploads\/2023\/12\/museu_casa_1024x576_15072020113515.jpg?fit=1024%2C576&ssl=1","jetpack-related-posts":[{"id":9511,"url":"https:\/\/noticiasribeiraopreto.com.br\/index.php\/2023\/12\/02\/secretaria-estadual-da-cultura-visita-ribeirao-preto\/","url_meta":{"origin":10490,"position":0},"title":"Secret\u00e1ria Estadual da Cultura visita Ribeir\u00e3o Preto","author":"noticiasribeiraopreto.com.br","date":"2 de December de 2023","format":false,"excerpt":"2 de dezembro de 2023 | 8:301 de dezembro de 2023 | 22:13 0A Secret\u00e1ria Estadual da Cultura e Economia e Ind\u00fastria Criativas do Estado de S\u00e3o Paulo, Mar\u00edlia Marton, visita \u00e0 regi\u00e3o de Ribeir\u00e3o Preto neste s\u00e1bado, 2 de dezembro. No per\u00edodo da manh\u00e3 ela estar\u00e1 no Museu Casa\u2026","rel":"","context":"In &quot;Not\u00edcias de Ribeir\u00e3o Preto-SP e Regi\u00e3o&quot;","block_context":{"text":"Not\u00edcias de Ribeir\u00e3o Preto-SP e Regi\u00e3o","link":"https:\/\/noticiasribeiraopreto.com.br\/index.php\/category\/noticias-de-ribeirao-preto-sp-e-regiao-ismael-colosi\/"},"img":{"alt_text":"","src":"https:\/\/i0.wp.com\/noticiasribeiraopreto.com.br\/wp-content\/uploads\/2023\/12\/mm-scaled.jpg?fit=967%2C645&ssl=1&resize=350%2C200","width":350,"height":200,"srcset":"https:\/\/i0.wp.com\/noticiasribeiraopreto.com.br\/wp-content\/uploads\/2023\/12\/mm-scaled.jpg?fit=967%2C645&ssl=1&resize=350%2C200 1x, https:\/\/i0.wp.com\/noticiasribeiraopreto.com.br\/wp-content\/uploads\/2023\/12\/mm-scaled.jpg?fit=967%2C645&ssl=1&resize=525%2C300 1.5x, https:\/\/i0.wp.com\/noticiasribeiraopreto.com.br\/wp-content\/uploads\/2023\/12\/mm-scaled.jpg?fit=967%2C645&ssl=1&resize=700%2C400 2x"},"classes":[]},{"id":81209,"url":"https:\/\/noticiasribeiraopreto.com.br\/index.php\/2025\/12\/28\/museu-casa-de-portinari-celebra-aniversario-do-artista-com-programacao-especial-confira\/","url_meta":{"origin":10490,"position":1},"title":"Museu Casa de Portinari celebra anivers\u00e1rio do artista com programa\u00e7\u00e3o especial; Confira","author":"noticiasribeiraopreto.com.br","date":"28 de December de 2025","format":false,"excerpt":"O Museu Casa de Portinari, localizado em Brodowski, cidade na regi\u00e3o de Ribeir\u00e3o Preto, est\u00e1 com uma programa\u00e7\u00e3o especial para o final de dezembro, que re\u00fane oficinas educativas, sarau musical e exposi\u00e7\u00f5es que ampliam o di\u00e1logo entre arte, mem\u00f3ria e identidade cultural. As atividades s\u00e3o gratuitas, abertas ao p\u00fablico, e\u2026","rel":"","context":"In &quot;Not\u00edcias de Ribeir\u00e3o Preto-SP e Regi\u00e3o&quot;","block_context":{"text":"Not\u00edcias de Ribeir\u00e3o Preto-SP e Regi\u00e3o","link":"https:\/\/noticiasribeiraopreto.com.br\/index.php\/category\/noticias-de-ribeirao-preto-sp-e-regiao-ismael-colosi\/"},"img":{"alt_text":"","src":"https:\/\/i0.wp.com\/noticiasribeiraopreto.com.br\/wp-content\/uploads\/2025\/08\/f39de422-408e-4e01-885d-e6f6ebd33ced_2025-08-01_15-24-13.webp.webp?fit=1200%2C800&ssl=1&resize=350%2C200","width":350,"height":200,"srcset":"https:\/\/i0.wp.com\/noticiasribeiraopreto.com.br\/wp-content\/uploads\/2025\/08\/f39de422-408e-4e01-885d-e6f6ebd33ced_2025-08-01_15-24-13.webp.webp?fit=1200%2C800&ssl=1&resize=350%2C200 1x, https:\/\/i0.wp.com\/noticiasribeiraopreto.com.br\/wp-content\/uploads\/2025\/08\/f39de422-408e-4e01-885d-e6f6ebd33ced_2025-08-01_15-24-13.webp.webp?fit=1200%2C800&ssl=1&resize=525%2C300 1.5x, https:\/\/i0.wp.com\/noticiasribeiraopreto.com.br\/wp-content\/uploads\/2025\/08\/f39de422-408e-4e01-885d-e6f6ebd33ced_2025-08-01_15-24-13.webp.webp?fit=1200%2C800&ssl=1&resize=700%2C400 2x, https:\/\/i0.wp.com\/noticiasribeiraopreto.com.br\/wp-content\/uploads\/2025\/08\/f39de422-408e-4e01-885d-e6f6ebd33ced_2025-08-01_15-24-13.webp.webp?fit=1200%2C800&ssl=1&resize=1050%2C600 3x"},"classes":[]},{"id":49391,"url":"https:\/\/noticiasribeiraopreto.com.br\/index.php\/2024\/05\/10\/confira-a-programacao-do-dia-das-maes-no-museu-casa-de-portinari-na-regiao-de-ribeirao\/","url_meta":{"origin":10490,"position":2},"title":"Confira a programa\u00e7\u00e3o do \u2018Dia das M\u00e3es\u2019 no Museu Casa de Portinari na regi\u00e3o de Ribeir\u00e3o","author":"noticiasribeiraopreto.com.br","date":"10 de May de 2024","format":false,"excerpt":"O Museu Casa de Portinari, que fica em Brodowski, na regi\u00e3o de Ribeir\u00e3o Preto, tem programa\u00e7\u00e3o especial para o \u201cDia das M\u00e3es\u201d neste domingo (12) (veja abaixo). Al\u00e9m da tradicional Feira de Artesanato, que re\u00fane artistas locais e da regi\u00e3o, no s\u00e1bado (11) e no domingo, haver\u00e1 uma apresenta\u00e7\u00e3o de\u2026","rel":"","context":"In &quot;Not\u00edcias de Ribeir\u00e3o Preto-SP e Regi\u00e3o&quot;","block_context":{"text":"Not\u00edcias de Ribeir\u00e3o Preto-SP e Regi\u00e3o","link":"https:\/\/noticiasribeiraopreto.com.br\/index.php\/category\/noticias-de-ribeirao-preto-sp-e-regiao-ismael-colosi\/"},"img":{"alt_text":"","src":"https:\/\/i0.wp.com\/noticiasribeiraopreto.com.br\/wp-content\/uploads\/2024\/05\/1f896dfc-dc2c-4b5d-8fe4-2042e6d380b8_2024-05-10_15-45-03_jpg_2024-05-10_15-45-05-scaled.webp.webp?fit=1200%2C900&ssl=1&resize=350%2C200","width":350,"height":200,"srcset":"https:\/\/i0.wp.com\/noticiasribeiraopreto.com.br\/wp-content\/uploads\/2024\/05\/1f896dfc-dc2c-4b5d-8fe4-2042e6d380b8_2024-05-10_15-45-03_jpg_2024-05-10_15-45-05-scaled.webp.webp?fit=1200%2C900&ssl=1&resize=350%2C200 1x, https:\/\/i0.wp.com\/noticiasribeiraopreto.com.br\/wp-content\/uploads\/2024\/05\/1f896dfc-dc2c-4b5d-8fe4-2042e6d380b8_2024-05-10_15-45-03_jpg_2024-05-10_15-45-05-scaled.webp.webp?fit=1200%2C900&ssl=1&resize=525%2C300 1.5x, https:\/\/i0.wp.com\/noticiasribeiraopreto.com.br\/wp-content\/uploads\/2024\/05\/1f896dfc-dc2c-4b5d-8fe4-2042e6d380b8_2024-05-10_15-45-03_jpg_2024-05-10_15-45-05-scaled.webp.webp?fit=1200%2C900&ssl=1&resize=700%2C400 2x, https:\/\/i0.wp.com\/noticiasribeiraopreto.com.br\/wp-content\/uploads\/2024\/05\/1f896dfc-dc2c-4b5d-8fe4-2042e6d380b8_2024-05-10_15-45-03_jpg_2024-05-10_15-45-05-scaled.webp.webp?fit=1200%2C900&ssl=1&resize=1050%2C600 3x"},"classes":[]},{"id":81581,"url":"https:\/\/noticiasribeiraopreto.com.br\/index.php\/2026\/01\/10\/final-de-semana-em-ribeirao-tem-musica-esporte-teatro-e-atividades-gratuitas-confira-a-agenda\/","url_meta":{"origin":10490,"position":3},"title":"Final de semana em Ribeir\u00e3o tem m\u00fasica, esporte, teatro e atividades gratuitas; Confira a agenda","author":"noticiasribeiraopreto.com.br","date":"10 de January de 2026","format":false,"excerpt":"A agenda cultural de Ribeir\u00e3o Preto e regi\u00e3o traz neste fim de semana destaques em esporte, teatro e conta\u00e7\u00e3o de hist\u00f3ria. A programa\u00e7\u00e3o re\u00fane op\u00e7\u00f5es para diferentes p\u00fablicos e marca a retomada dos eventos na cidade ap\u00f3s o per\u00edodo de festas. Confira as op\u00e7\u00f5es para o final de semana M\u00f3veis\u2026","rel":"","context":"In &quot;Not\u00edcias de Ribeir\u00e3o Preto-SP e Regi\u00e3o&quot;","block_context":{"text":"Not\u00edcias de Ribeir\u00e3o Preto-SP e Regi\u00e3o","link":"https:\/\/noticiasribeiraopreto.com.br\/index.php\/category\/noticias-de-ribeirao-preto-sp-e-regiao-ismael-colosi\/"},"img":{"alt_text":"","src":"https:\/\/i0.wp.com\/noticiasribeiraopreto.com.br\/wp-content\/uploads\/2026\/01\/domingo-74_2026-01-09_18-02-33.webp.webp?fit=1200%2C675&ssl=1&resize=350%2C200","width":350,"height":200,"srcset":"https:\/\/i0.wp.com\/noticiasribeiraopreto.com.br\/wp-content\/uploads\/2026\/01\/domingo-74_2026-01-09_18-02-33.webp.webp?fit=1200%2C675&ssl=1&resize=350%2C200 1x, https:\/\/i0.wp.com\/noticiasribeiraopreto.com.br\/wp-content\/uploads\/2026\/01\/domingo-74_2026-01-09_18-02-33.webp.webp?fit=1200%2C675&ssl=1&resize=525%2C300 1.5x, https:\/\/i0.wp.com\/noticiasribeiraopreto.com.br\/wp-content\/uploads\/2026\/01\/domingo-74_2026-01-09_18-02-33.webp.webp?fit=1200%2C675&ssl=1&resize=700%2C400 2x, https:\/\/i0.wp.com\/noticiasribeiraopreto.com.br\/wp-content\/uploads\/2026\/01\/domingo-74_2026-01-09_18-02-33.webp.webp?fit=1200%2C675&ssl=1&resize=1050%2C600 3x"},"classes":[]},{"id":70203,"url":"https:\/\/noticiasribeiraopreto.com.br\/index.php\/2025\/05\/23\/museu-casa-de-portinari-oferece-passeio-de-bicicleta-pelo-patrimonio-cultural-de-brodowski\/","url_meta":{"origin":10490,"position":4},"title":"Museu Casa de Portinari oferece passeio de bicicleta pelo patrim\u00f4nio cultural de Brodowski","author":"noticiasribeiraopreto.com.br","date":"23 de May de 2025","format":false,"excerpt":"O Museu Casa de Portinari, localizado em Brodowski, na regi\u00e3o de Ribeir\u00e3o Preto, realiza o projeto \u201cPedalando com o Museu\u201d, que permite que os participantes percorram de bicicleta os \u201cCaminhos de Portinari\u201d. O circuito conecta pontos hist\u00f3ricos e culturais de Brodowski, cidade natal do artista. Entre as paradas est\u00e3o a\u2026","rel":"","context":"In &quot;Not\u00edcias de Ribeir\u00e3o Preto-SP e Regi\u00e3o&quot;","block_context":{"text":"Not\u00edcias de Ribeir\u00e3o Preto-SP e Regi\u00e3o","link":"https:\/\/noticiasribeiraopreto.com.br\/index.php\/category\/noticias-de-ribeirao-preto-sp-e-regiao-ismael-colosi\/"},"img":{"alt_text":"","src":"https:\/\/i0.wp.com\/noticiasribeiraopreto.com.br\/wp-content\/uploads\/2025\/05\/105e2dae-8da6-4e77-bfb6-c9c7b0ab0d9a_2025-05-23_15-30-29.webp.webp?fit=1200%2C770&ssl=1&resize=350%2C200","width":350,"height":200,"srcset":"https:\/\/i0.wp.com\/noticiasribeiraopreto.com.br\/wp-content\/uploads\/2025\/05\/105e2dae-8da6-4e77-bfb6-c9c7b0ab0d9a_2025-05-23_15-30-29.webp.webp?fit=1200%2C770&ssl=1&resize=350%2C200 1x, https:\/\/i0.wp.com\/noticiasribeiraopreto.com.br\/wp-content\/uploads\/2025\/05\/105e2dae-8da6-4e77-bfb6-c9c7b0ab0d9a_2025-05-23_15-30-29.webp.webp?fit=1200%2C770&ssl=1&resize=525%2C300 1.5x, https:\/\/i0.wp.com\/noticiasribeiraopreto.com.br\/wp-content\/uploads\/2025\/05\/105e2dae-8da6-4e77-bfb6-c9c7b0ab0d9a_2025-05-23_15-30-29.webp.webp?fit=1200%2C770&ssl=1&resize=700%2C400 2x, https:\/\/i0.wp.com\/noticiasribeiraopreto.com.br\/wp-content\/uploads\/2025\/05\/105e2dae-8da6-4e77-bfb6-c9c7b0ab0d9a_2025-05-23_15-30-29.webp.webp?fit=1200%2C770&ssl=1&resize=1050%2C600 3x"},"classes":[]},{"id":81314,"url":"https:\/\/noticiasribeiraopreto.com.br\/index.php\/2026\/01\/01\/feira-oficinas-e-arte-confira-programacao-de-janeiro-no-museu-casa-de-portinari\/","url_meta":{"origin":10490,"position":5},"title":"Feira, oficinas e arte: confira programa\u00e7\u00e3o de janeiro no Museu Casa de Portinari","author":"noticiasribeiraopreto.com.br","date":"1 de January de 2026","format":false,"excerpt":"O Museu Casa Portinari, institui\u00e7\u00e3o da Secretaria da Cultura, Economia e Ind\u00fastria Criativas do Estado de S\u00e3o Paulo, localizado em Brodowski, na regi\u00e3o de Ribeir\u00e3o Preto oferece uma programa\u00e7\u00e3o especial para o per\u00edodo de f\u00e9rias da crian\u00e7ada. Esplanada do Museu Casa de Portinari \u2013 Foto: Divulga\u00e7\u00e3o O p\u00fablico encontrar\u00e1 exposi\u00e7\u00f5es,\u2026","rel":"","context":"In &quot;Not\u00edcias de Ribeir\u00e3o Preto-SP e Regi\u00e3o&quot;","block_context":{"text":"Not\u00edcias de Ribeir\u00e3o Preto-SP e Regi\u00e3o","link":"https:\/\/noticiasribeiraopreto.com.br\/index.php\/category\/noticias-de-ribeirao-preto-sp-e-regiao-ismael-colosi\/"},"img":{"alt_text":"","src":"https:\/\/i0.wp.com\/noticiasribeiraopreto.com.br\/wp-content\/uploads\/2026\/01\/2553e360-a9c3-42a1-b43e-08e45def53d6_2025-12-31_12-44-40.webp.webp?fit=1200%2C797&ssl=1&resize=350%2C200","width":350,"height":200,"srcset":"https:\/\/i0.wp.com\/noticiasribeiraopreto.com.br\/wp-content\/uploads\/2026\/01\/2553e360-a9c3-42a1-b43e-08e45def53d6_2025-12-31_12-44-40.webp.webp?fit=1200%2C797&ssl=1&resize=350%2C200 1x, https:\/\/i0.wp.com\/noticiasribeiraopreto.com.br\/wp-content\/uploads\/2026\/01\/2553e360-a9c3-42a1-b43e-08e45def53d6_2025-12-31_12-44-40.webp.webp?fit=1200%2C797&ssl=1&resize=525%2C300 1.5x, https:\/\/i0.wp.com\/noticiasribeiraopreto.com.br\/wp-content\/uploads\/2026\/01\/2553e360-a9c3-42a1-b43e-08e45def53d6_2025-12-31_12-44-40.webp.webp?fit=1200%2C797&ssl=1&resize=700%2C400 2x, https:\/\/i0.wp.com\/noticiasribeiraopreto.com.br\/wp-content\/uploads\/2026\/01\/2553e360-a9c3-42a1-b43e-08e45def53d6_2025-12-31_12-44-40.webp.webp?fit=1200%2C797&ssl=1&resize=1050%2C600 3x"},"classes":[]}],"jetpack_sharing_enabled":true,"jetpack_shortlink":"https:\/\/wp.me\/peQAOb-2Jc","_links":{"self":[{"href":"https:\/\/noticiasribeiraopreto.com.br\/index.php\/wp-json\/wp\/v2\/posts\/10490","targetHints":{"allow":["GET"]}}],"collection":[{"href":"https:\/\/noticiasribeiraopreto.com.br\/index.php\/wp-json\/wp\/v2\/posts"}],"about":[{"href":"https:\/\/noticiasribeiraopreto.com.br\/index.php\/wp-json\/wp\/v2\/types\/post"}],"author":[{"embeddable":true,"href":"https:\/\/noticiasribeiraopreto.com.br\/index.php\/wp-json\/wp\/v2\/users\/1"}],"replies":[{"embeddable":true,"href":"https:\/\/noticiasribeiraopreto.com.br\/index.php\/wp-json\/wp\/v2\/comments?post=10490"}],"version-history":[{"count":0,"href":"https:\/\/noticiasribeiraopreto.com.br\/index.php\/wp-json\/wp\/v2\/posts\/10490\/revisions"}],"wp:featuredmedia":[{"embeddable":true,"href":"https:\/\/noticiasribeiraopreto.com.br\/index.php\/wp-json\/wp\/v2\/media\/10491"}],"wp:attachment":[{"href":"https:\/\/noticiasribeiraopreto.com.br\/index.php\/wp-json\/wp\/v2\/media?parent=10490"}],"wp:term":[{"taxonomy":"category","embeddable":true,"href":"https:\/\/noticiasribeiraopreto.com.br\/index.php\/wp-json\/wp\/v2\/categories?post=10490"},{"taxonomy":"post_tag","embeddable":true,"href":"https:\/\/noticiasribeiraopreto.com.br\/index.php\/wp-json\/wp\/v2\/tags?post=10490"}],"curies":[{"name":"wp","href":"https:\/\/api.w.org\/{rel}","templated":true}]}}