{"id":10494,"date":"2023-12-04T16:27:36","date_gmt":"2023-12-04T19:27:36","guid":{"rendered":"https:\/\/noticiasribeiraopreto.com.br\/index.php\/2023\/12\/04\/os-bilionarios-da-vergonha-forbes-cria-lista-de-ricacos-suspeitos-com-menos-de-30-anos-e-um-deles-pode-ser-condenado-a-115-anos-de-cadeia\/"},"modified":"2023-12-04T16:27:36","modified_gmt":"2023-12-04T19:27:36","slug":"os-bilionarios-da-vergonha-forbes-cria-lista-de-ricacos-suspeitos-com-menos-de-30-anos-e-um-deles-pode-ser-condenado-a-115-anos-de-cadeia","status":"publish","type":"post","link":"https:\/\/noticiasribeiraopreto.com.br\/index.php\/2023\/12\/04\/os-bilionarios-da-vergonha-forbes-cria-lista-de-ricacos-suspeitos-com-menos-de-30-anos-e-um-deles-pode-ser-condenado-a-115-anos-de-cadeia\/","title":{"rendered":"Os \u201cbilion\u00e1rios da vergonha\u201d: Forbes cria lista de rica\u00e7os suspeitos com menos de 30 anos \u2014 e um deles pode ser condenado a 115 anos de cadeia"},"content":{"rendered":"<div class='code-block code-block-1' style='margin: 8px 0 8px auto; text-align: right; display: block; clear: both;'>\n<p><a href=\"https:\/\/wa.link\/vpicfd\"><img data-recalc-dims=\"1\" class=\"wp-image-4922\" style=\"aspect-ratio: 2.0253164556962027; width: 561px; height: auto;\" src=\"https:\/\/i0.wp.com\/ismaelcolosi.com.br\/wp-content\/uploads\/2023\/11\/grupo-de-empregos-whatsapp-e-facebook-ismael-colosi-vagas.jpg?ssl=1\" alt=\"\" \/><\/a><\/p>\n<!-- \/wp:image -->\n<\/div>\n<p> <br \/>\n<\/p>\n<div id=\"js-first-letter\">\n<p>Se a lista de \u201c<em>Under 30<\/em>\u201d da <strong>Forbes <\/strong>chama aten\u00e7\u00e3o por revelar os nomes de empres\u00e1rios, gigantes da tecnologia e celebridades mais promissoras do mundo com at\u00e9 30 anos, agora os holofotes ficam com um novo mural da revista norte-americana que ningu\u00e9m desejaria integrar: o <strong><em>Hall of Shame<\/em><\/strong><em> <\/em>\u00a0\u2014 traduzido para \u201cHall da Vergonha\u201d \u2014 dos <strong>bilion\u00e1rios<\/strong>.<\/p>\n<p>A ideia da Forbes \u00e9 destacar os nomes que j\u00e1 entraram na lista de \u201cUnder 30\u201d e que tenham, de alguma forma, se tornado uma \u201cvergonha\u201d para a revista \u2014 seja por fraudes financeiras bilion\u00e1rias ou qualquer outro motivo.<\/p>\n<p>Inicialmente, a publica\u00e7\u00e3o pretende incluir 10 nomes dos quais se arrependeu de um dia j\u00e1 ter homenageado \u2014 mas a inten\u00e7\u00e3o \u00e9 incluir novos personagens com o passar dos anos.\u00a0<\/p>\n<p>Afinal, a cada ano, a revista norte-americana indica 600 nomes para a Under 30 a cada ano \u2014 e, considerando que o ranking existe h\u00e1 13 anos, isso j\u00e1 soma aproximadamente 10 mil personalidades que podem mudar de status perante a publica\u00e7\u00e3o.\u00a0<\/p>\n<h2 class=\"wp-block-heading\" id=\"h-os-bilionarios-da-vergonha-da-forbes-nbsp\">Os \u201cbilion\u00e1rios da vergonha\u201d da Forbes:\u00a0<\/h2>\n<h2 class=\"wp-block-heading\" id=\"h-1-o-bilionario-sbf-da-ftx\">1. O bilion\u00e1rio SBF, da FTX<\/h2>\n<p>A lista da vergonha da Forbes \u00e9 encabe\u00e7ada por SBF, o apelido pelo qual \u00e9 conhecido Sam Bankman-Fried, fundador da falida corretora de criptomoedas FTX.\u00a0<\/p>\n<div class=\"banner banner-inArticle banner-inArticle--mobile\">\n<div>\n<p>Publicidade<\/p>\n<div class=\"banner-side\">\n<p class=\"borderAD\" style=\"display: none;\">CONTINUA DEPOIS DA PUBLICIDADE<\/p>\n<\/div>\n<\/div>\n<\/div>\n<div class=\"banner banner-inArticle banner-inArticle--desktop\">\n<div>\n<div class=\"banner-side\">\n<p class=\"borderAD\" style=\"display: none;\">CONTINUA DEPOIS DA PUBLICIDADE<\/p>\n<\/div>\n<\/div>\n<\/div>\n<p>Se esses nomes n\u00e3o te trazem recorda\u00e7\u00f5es, permita-me refrescar sua mem\u00f3ria. Mas, se voc\u00ea quiser a hist\u00f3ria completa da FTX, <a href=\"https:\/\/www.seudinheiro.com\/2023\/criptomoedas\/ftx-ano-recuperacao-judicial-falencia-rens\/\" target=\"_blank\" rel=\"noreferrer noopener\">\u00e9 s\u00f3 clicar aqui<\/a>.<\/p>\n<p>SBF era CEO da <em>exchange<\/em> FTX. No come\u00e7o do ano passado, a corretora cripto e suas opera\u00e7\u00f5es nos Estados Unidos foram avaliadas em cerca de US$ 40 bilh\u00f5es. J\u00e1 Bankman-Fried possuiria uma fortuna de US$ 26 bilh\u00f5es, segundo a <em>Forbes<\/em>, na \u00e9poca.<\/p>\n<p>Acontece que logo veio a bola de neve crescente. Em novembro de 2022, a <em>exchange<\/em> entrou com um pedido de recupera\u00e7\u00e3o judicial \u2014 que em pouco tempo levou o nome de SBF aos holofotes.\u00a0<\/p>\n<p>O homem, que outrora chegou a ser um dos maiores bilion\u00e1rios de ativos digitais antes dos 30 anos em 2021, agora pode ser condenado a mais de 115 anos de pris\u00e3o nos Estados Unidos.<\/p>\n<p>Ap\u00f3s ser extraditado das Bahamas, SBF enfrenta um julgamento que pode resultar em uma senten\u00e7a de mais de 115 anos de pris\u00e3o nos EUA por fraude cibern\u00e9tica, de valores mobili\u00e1rios e viola\u00e7\u00f5es das leis de financiamento de campanha.\u00a0<\/p>\n<div class=\"banner banner-inArticle banner-inArticle--mobile\">\n<div>\n<p>Publicidade<\/p>\n<div class=\"banner-side\">\n<p class=\"borderAD\" style=\"display: none;\">CONTINUA DEPOIS DA PUBLICIDADE<\/p>\n<\/div>\n<\/div>\n<\/div>\n<div class=\"banner banner-inArticle banner-inArticle--desktop\">\n<div>\n<div class=\"banner-side\">\n<p class=\"borderAD\" style=\"display: none;\">CONTINUA DEPOIS DA PUBLICIDADE<\/p>\n<\/div>\n<\/div>\n<\/div>\n<h2 class=\"wp-block-heading\" id=\"h-2-caroline-ellison-da-alameda-research\">2. Caroline Ellison, da Alameda Research<\/h2>\n<p>Depois de integrar o ranking \u201cUnder 30\u201d de 2022, outro nome ligado a SBF ganhou lugar no Hall da Vergonha da Forbes: o de Caroline Ellison, ex-CEO da Alameda Research, empresa de investimentos do mesmo grupo da corretora de criptomoedas FTX.<\/p>\n<p>No fim do ano passado, Elisson admitiu fraude e o uso de recursos dos clientes da <em>exchange <\/em>como garantia das suas apostas arriscadas no mercado.<\/p>\n<p>Acontece que a <a href=\"https:\/\/www.seudinheiro.com\/2023\/criptomoedas\/ftx-alameda-criptomoedas-corretora-rens\/\" target=\"_blank\" rel=\"noreferrer noopener\">ex-CEO da Alameda passou a participar do julgamento de Sam Bankman-Fried como testemunha<\/a> \u2014 e culpou o pr\u00f3prio SBF pelos problemas na corretora e na divis\u00e3o de investimentos do grupo FTX.<\/p>\n<p>A executiva enfrenta uma pena m\u00e1xima de 110 anos devido \u00e0 participa\u00e7\u00e3o no esquema da FTX, mas poder\u00e1 receber uma puni\u00e7\u00e3o menor com a coopera\u00e7\u00e3o nos testemunhos contra SBF.<\/p>\n<h2 class=\"wp-block-heading\" id=\"h-3-phadria-prendergast-do-the-w-group\">3. Phadria Prendergast, do The W Group<\/h2>\n<p>A CEO do The W Group mal teve tempo de comemorar a nomea\u00e7\u00e3o \u00e0 lista de Under 30 da Forbes em 2023 e j\u00e1 entrou para o mural da vergonha da revista.<\/p>\n<div class=\"banner banner-inArticle banner-inArticle--mobile\">\n<div>\n<p>Publicidade<\/p>\n<div class=\"banner-side\">\n<p class=\"borderAD\" style=\"display: none;\">CONTINUA DEPOIS DA PUBLICIDADE<\/p>\n<\/div>\n<\/div>\n<\/div>\n<div class=\"banner banner-inArticle banner-inArticle--desktop\">\n<div>\n<div class=\"banner-side\">\n<p class=\"borderAD\" style=\"display: none;\">CONTINUA DEPOIS DA PUBLICIDADE<\/p>\n<\/div>\n<\/div>\n<\/div>\n<p>Isso porque Phadria Prendergast, que tamb\u00e9m \u00e9 editora-executiva da revista \u201cWomen Of The City\u201d (WOTC), foi citada em investiga\u00e7\u00f5es pol\u00eamicas envolvendo a publica\u00e7\u00e3o.<\/p>\n<p>Mas vamos por partes. A WOTC foi criada em 2018 para empoderar mulheres fundadoras de empresas. \u201cDesde a nossa cria\u00e7\u00e3o, criamos um centro de apoio para dezenas de milhares de mulheres em todo o mundo. Nossas mulheres usam seu poder e influ\u00eancia para fazer a diferen\u00e7a\u201d, afirma a publica\u00e7\u00e3o, em sua p\u00e1gina no LinkedIn.<\/p>\n<p>Acontece que, segundo a Forbes, a empresa foi acusada de cobrar pelas publica\u00e7\u00f5es \u2014 ou seja, se uma empreendedora quisesse aparecer na capa, deveria desembolsar alguns milhares de d\u00f3lares \u2014 e ainda n\u00e3o cumprir com os acordos.<\/p>\n<p>Al\u00e9m disso, a Forbes afirma ter encontrado conex\u00f5es financeiras da Women of the City com a Na\u00e7\u00e3o SPAC, uma igreja acusada de ser uma seita religiosa, com den\u00fancias de fraude e abuso infantil.<\/p>\n<h2 class=\"wp-block-heading\" id=\"h-4-charlie-javice-do-frank\">4. Charlie Javice, do Frank<\/h2>\n<p>Presente na Under 30 em 2019, Charlie Javice conquistou lugar na lista da vergonha da Forbes ap\u00f3s sua startup Frank enganar o gigante financeiro norte-americano JP Morgan.<\/p>\n<div class=\"banner banner-inArticle banner-inArticle--mobile\">\n<div>\n<p>Publicidade<\/p>\n<div class=\"banner-side\">\n<p class=\"borderAD\" style=\"display: none;\">CONTINUA DEPOIS DA PUBLICIDADE<\/p>\n<\/div>\n<\/div>\n<\/div>\n<div class=\"banner banner-inArticle banner-inArticle--desktop\">\n<div>\n<div class=\"banner-side\">\n<p class=\"borderAD\" style=\"display: none;\">CONTINUA DEPOIS DA PUBLICIDADE<\/p>\n<\/div>\n<\/div>\n<\/div>\n<p>Fundada h\u00e1 quatro anos, a empresa prometia ajudar estudantes universit\u00e1rios a conseguir ajuda financeira.\u00a0<\/p>\n<p>Em 2021, quando a startup supostamente contava com 4,25 milh\u00f5es de clientes, a companhia foi vendida para o JP Morgan por US$ 175 milh\u00f5es.<\/p>\n<p>O problema \u00e9 que a empresa de Javice na realidade possu\u00eda menos de 300 mil usu\u00e1rios.<\/p>\n<p>O JPMorgan entrou com uma a\u00e7\u00e3o alegando que Javice mentiu sobre \u201co sucesso, o tamanho e a profundidade da penetra\u00e7\u00e3o de mercado de Frank\u201d ao falsificar uma lista de estudantes usu\u00e1rios da startup.<\/p>\n<p>Depois da revela\u00e7\u00e3o, a executiva foi processada por fraude banc\u00e1ria, eletr\u00f4nica e de valores mobili\u00e1rios.\u00a0<\/p>\n<div class=\"banner banner-inArticle banner-inArticle--mobile\">\n<div>\n<p>Publicidade<\/p>\n<div class=\"banner-side\">\n<p class=\"borderAD\" style=\"display: none;\">CONTINUA DEPOIS DA PUBLICIDADE<\/p>\n<\/div>\n<\/div>\n<\/div>\n<div class=\"banner banner-inArticle banner-inArticle--desktop\">\n<div>\n<div class=\"banner-side\">\n<p class=\"borderAD\" style=\"display: none;\">CONTINUA DEPOIS DA PUBLICIDADE<\/p>\n<\/div>\n<\/div>\n<\/div>\n<p>O julgamento de Javice acontecer\u00e1 em julho de 2024 \u2014 e, se for condenada, ela poder\u00e1 pegar d\u00e9cadas de pris\u00e3o.<\/p>\n<h2 class=\"wp-block-heading\" id=\"h-5-nate-paul-do-world-class-capital-group\">5. Nate Paul, do World Class Capital Group<\/h2>\n<p>O investidor imobili\u00e1rio Nate Paul conquistou seu lugar no Hall da Vergonha da Forbes ap\u00f3s os oito processos envolvendo declara\u00e7\u00f5es falsas a institui\u00e7\u00f5es financeiras.<\/p>\n<p>O fundador da World Class Capital Group inicialmente entrou para o Under 30 em 2016 ap\u00f3s ter constru\u00eddo um portf\u00f3lio imobili\u00e1rio de US$ 1 bilh\u00e3o em 17 estados dos Estados Unidos.<\/p>\n<p>O portf\u00f3lio da companhia contava com centros de lojas, pr\u00e9dios corporativos e apartamentos.<\/p>\n<p>Acontece que, em junho de 2023, Paul foi acusado de ter exagerado os bens e subestimado suas responsabilidades para conseguir empr\u00e9stimos de forma fraudulenta, enganando credores hipotec\u00e1rios e cooperativas de cr\u00e9dito.<\/p>\n<div class=\"banner banner-inArticle banner-inArticle--mobile\">\n<div>\n<p>Publicidade<\/p>\n<div class=\"banner-side\">\n<p class=\"borderAD\" style=\"display: none;\">CONTINUA DEPOIS DA PUBLICIDADE<\/p>\n<\/div>\n<\/div>\n<\/div>\n<div class=\"banner banner-inArticle banner-inArticle--desktop\">\n<div>\n<div class=\"banner-side\">\n<p class=\"borderAD\" style=\"display: none;\">CONTINUA DEPOIS DA PUBLICIDADE<\/p>\n<\/div>\n<\/div>\n<\/div>\n<p>O julgamento est\u00e1 marcado para meados de 2024 \u2014 em uma a\u00e7\u00e3o que busca US$ 172 milh\u00f5es em restitui\u00e7\u00e3o.<\/p>\n<h2 class=\"wp-block-heading\" id=\"h-6-steph-korey-da-away\">6. Steph Korey, da Away<\/h2>\n<p>Em 2016, a Forbes nomeou Steph Korey como uma das personalidades marcantes com menos de 30 anos ap\u00f3s a cria\u00e7\u00e3o da Away, uma empresa de malas de viagem de luxo.<\/p>\n<p>Dois anos depois, uma reportagem do site <em>The Verge<\/em> revelou condi\u00e7\u00f5es \u201ct\u00f3xicas\u201d trabalho por ex-funcion\u00e1rios da companhia \u2014 e preocupa\u00e7\u00f5es com o estilo de gest\u00e3o de Korey.<\/p>\n<p>Em uma dan\u00e7a das cadeiras, no mesmo m\u00eas da publica\u00e7\u00e3o, a executiva renunciou ao cargo de CEO, apenas para voltar em janeiro como co-CEO.<\/p>\n<p>Em julho de 2020, Korey passou a publicar fortes cr\u00edticas \u00e0 ind\u00fastria de m\u00eddia nas redes sociais \u2014 e n\u00e3o levou muito tempo para a executiva renunciar outra vez no come\u00e7o de 2021.<\/p>\n<div class=\"banner banner-inArticle banner-inArticle--mobile\">\n<div>\n<p>Publicidade<\/p>\n<div class=\"banner-side\">\n<p class=\"borderAD\" style=\"display: none;\">CONTINUA DEPOIS DA PUBLICIDADE<\/p>\n<\/div>\n<\/div>\n<\/div>\n<div class=\"banner banner-inArticle banner-inArticle--desktop\">\n<div>\n<div class=\"banner-side\">\n<p class=\"borderAD\" style=\"display: none;\">CONTINUA DEPOIS DA PUBLICIDADE<\/p>\n<\/div>\n<\/div>\n<\/div>\n<h2 class=\"wp-block-heading\" id=\"h-7-lucas-duplan-da-clinkle-nbsp\">7. Lucas Duplan, da Clinkle\u00a0<\/h2>\n<p>O fundador da Clinkle, Lucas Duplan, entrou para a Forbes Under 30 em 2014, dois anos ap\u00f3s a cria\u00e7\u00e3o de sua startup de pagamentos m\u00f3veis.<\/p>\n<p>A companhia captou US$ 30 milh\u00f5es em uma rodada inicial de investimentos, com aportes de personalidades como a empresa de capital de risco Andreessen Horowitz.<\/p>\n<p>Depois disso, a companhia cresceu, com dezenas de novas contrata\u00e7\u00f5es \u2014 incluindo grandes nomes da tecnologia \u2014 e o aluguel de um escrit\u00f3rio em San Francisco.\u00a0<\/p>\n<p>O problema \u00e9 que, ainda que tivesse a miss\u00e3o herc\u00falea de tornar o dinheiro em papel obsoleto, a empresa nunca criou um produto que realmente fosse vi\u00e1vel \u2014 a companhia chegou a lan\u00e7ar um aplicativo para estudantes universit\u00e1rios em 2014, mas sem sucesso.\u00a0<\/p>\n<p>N\u00e3o demorou muito at\u00e9 a empresa fazer in\u00fameros cortes na equipe enquanto seguia queimando caixa. Em 2015, os investidores come\u00e7aram a pedir o dinheiro de volta \u2014 enquanto empresas rivais lan\u00e7avam produtos que concorriam com a ideia inicial da Clinkle.<\/p>\n<div class=\"banner banner-inArticle banner-inArticle--mobile\">\n<div>\n<p>Publicidade<\/p>\n<div class=\"banner-side\">\n<p class=\"borderAD\" style=\"display: none;\">CONTINUA DEPOIS DA PUBLICIDADE<\/p>\n<\/div>\n<\/div>\n<\/div>\n<div class=\"banner banner-inArticle banner-inArticle--desktop\">\n<div>\n<div class=\"banner-side\">\n<p class=\"borderAD\" style=\"display: none;\">CONTINUA DEPOIS DA PUBLICIDADE<\/p>\n<\/div>\n<\/div>\n<\/div>\n<p>Anos depois do fracasso da companhia, o <em>Business Insider<\/em> revelou que Duplan estava ingressando em 2018 em uma nova empresa de criptomoedas.<\/p>\n<h2 class=\"wp-block-heading\" id=\"h-8-cody-wilson-da-defense-distributed\">8. Cody Wilson, da Defense Distributed<\/h2>\n<p>O estudante de direito Cody Wilson entrou para a lista de renome da Forbes em 2013 por um feito que j\u00e1 poderia ser considerado pol\u00eamico: inventar armas funcionais impressas em 3D.\u00a0<\/p>\n<p>O ativista de direito armamentista \u00e9 fundador da Defense Distributed, uma organiza\u00e7\u00e3o sem fins lucrativos que desenvolve e publica designs de armas de c\u00f3digo aberto que podem ser impressas por qualquer um em uma impressora 3D, sem rastreamento.<\/p>\n<p>Mas o motivo para Wilson mudar de lista aconteceu em 2019, quando ele se declarou culpado por les\u00e3o corporal e se registrou como agressor sexual ap\u00f3s pagar US$ 500 para ter rela\u00e7\u00f5es sexuais com uma garota de 16 anos.<\/p>\n<figure class=\"wp-block-embed is-type-video is-provider-youtube wp-block-embed-youtube wp-embed-aspect-16-9 wp-has-aspect-ratio\">\n<p>\n<iframe loading=\"lazy\" title=\"&quot;O BOOKING ME DEIXOU NA M\u00c3O&quot;: ALUGUEI UM QUARTO E ELE N\u00c3O EXISTIA! I A DINHEIRISTA\" width=\"500\" height=\"281\" src=\"https:\/\/www.youtube.com\/embed\/_LmQZBkF4mA?feature=oembed\" frameborder=\"0\" allow=\"accelerometer; autoplay; clipboard-write; encrypted-media; gyroscope; picture-in-picture; web-share\" referrerpolicy=\"strict-origin-when-cross-origin\" allowfullscreen><\/iframe>\n<\/p>\n<\/figure>\n<h2 class=\"wp-block-heading\" id=\"h-9-martin-shkreli-da-msmb-capital\">9. Martin Shkreli, da MSMB Capital<\/h2>\n<p>Martin Shkreli foi considerado uma das personalidades relevantes abaixo de 30 anos pela Forbes em 2013 devido aos seus fundos de hedge focados no setor farmac\u00eautico, com destaque para o MSMB Capital.<\/p>\n<div class=\"banner banner-inArticle banner-inArticle--mobile\">\n<div>\n<p>Publicidade<\/p>\n<div class=\"banner-side\">\n<p class=\"borderAD\" style=\"display: none;\">CONTINUA DEPOIS DA PUBLICIDADE<\/p>\n<\/div>\n<\/div>\n<\/div>\n<div class=\"banner banner-inArticle banner-inArticle--desktop\">\n<div>\n<div class=\"banner-side\">\n<p class=\"borderAD\" style=\"display: none;\">CONTINUA DEPOIS DA PUBLICIDADE<\/p>\n<\/div>\n<\/div>\n<\/div>\n<p>Shkreli ficou conhecido como \u201co CEO mais odiado dos Estados Unidos\u201d ap\u00f3s ter elevado o pre\u00e7o de um dos medicamentos de seu portf\u00f3lio, o Daraprim \u2014 que controla os efeitos da Aids \u2014, em mais de 5.000%, de US$ 17,50 para US$ 750 cada p\u00edlula. Mas essa n\u00e3o foi a \u00fanica raz\u00e3o pela qual a Forbes decidiu inclu\u00ed-lo na \u201clista da vergonha\u201d.<\/p>\n<p>O grande destaque negativo para Shkreli ocorreu em 2018, ao ser condenado a sete anos de pris\u00e3o por ter montado um esquema de pir\u00e2mide com seus dois fundos, o MSMB Capital e o MSMB Healthcare, de milh\u00f5es de d\u00f3lares, al\u00e9m de manipular as a\u00e7\u00f5es da farmac\u00eautica Retrophin.<\/p>\n<h2 class=\"wp-block-heading\" id=\"h-10-james-o-keefe-da-project-veritas\">10. James O&#8217;Keefe, da Project Veritas<\/h2>\n<p>O jornalista James O&#8217;Keefe, fundador da empresa conservadora de m\u00eddia Project Veritas, entrou para a Forbes Under 30 em 2012.<\/p>\n<p>O executivo foi demitido dos cargos de CEO e presidente do conselho de administra\u00e7\u00e3o em 2017 ap\u00f3s reclama\u00e7\u00f5es de funcion\u00e1rios pelo modo de gest\u00e3o e pelo uso indevido de fundos de doadores.<\/p>\n<p>Em agosto deste ano, a ag\u00eancia Associated Press reportou que O\u2019Keefe estava sendo investigado por uma promotoria de Nova York. A AP n\u00e3o informou os motivos.<\/p>\n<\/div>\n<p><br \/>\n<br \/><a href=\"https:\/\/www.seudinheiro.com\/2023\/internacional\/os-bilionarios-da-vergonha-forbes-cria-lista-de-ricacos-suspeitos-com-menos-de-30-anos-e-um-deles-pode-ser-condenado-a-115-anos-de-cadeia-miql\/\">Source link <\/a><\/p>\n<!-- CONTENT END 1 -->\n","protected":false},"excerpt":{"rendered":"<p>Se a lista de \u201cUnder 30\u201d da Forbes chama aten\u00e7\u00e3o por revelar os nomes de empres\u00e1rios, gigantes da tecnologia e celebridades mais promissoras do mundo&#8230;<\/p>\n","protected":false},"author":1,"featured_media":10495,"comment_status":"open","ping_status":"open","sticky":false,"template":"","format":"standard","meta":{"advanced_seo_description":"","jetpack_seo_html_title":"","jetpack_seo_noindex":false,"jetpack_post_was_ever_published":false,"_jetpack_newsletter_access":"","_jetpack_dont_email_post_to_subs":false,"_jetpack_newsletter_tier_id":0,"_jetpack_memberships_contains_paywalled_content":false,"_jetpack_memberships_contains_paid_content":false,"footnotes":"","jetpack_publicize_message":"","jetpack_publicize_feature_enabled":true,"jetpack_social_post_already_shared":true,"jetpack_social_options":{"image_generator_settings":{"template":"highway","default_image_id":0,"font":"","enabled":false},"version":2}},"categories":[1235],"tags":[],"class_list":["post-10494","post","type-post","status-publish","format-standard","has-post-thumbnail","hentry","category-dinheiro-e-investimento-como-fazer-como-ganhar"],"jetpack_publicize_connections":[],"jetpack_featured_media_url":"https:\/\/i0.wp.com\/noticiasribeiraopreto.com.br\/wp-content\/uploads\/2023\/12\/Embraer-EMBR3-1-715x402.jpg?fit=715%2C402&ssl=1","jetpack-related-posts":[{"id":13235,"url":"https:\/\/noticiasribeiraopreto.com.br\/index.php\/2023\/12\/09\/previsao-do-fmi-para-a-china-chega-pra-la-do-mercosul-na-europa-rock-in-rio-2024-e-bilionarios-da-vergonha-os-destaques-do-seu-dinheiro-na-semana\/","url_meta":{"origin":10494,"position":0},"title":"Previs\u00e3o do FMI para a China, chega pra l\u00e1 do Mercosul na Europa, Rock in Rio 2024 e &#8216;bilion\u00e1rios da vergonha&#8217;: os destaques do Seu Dinheiro na semana","author":"noticiasribeiraopreto.com.br","date":"9 de December de 2023","format":false,"excerpt":"O notici\u00e1rio internacional esteve com tudo neste in\u00edcio de dezembro aqui no Seu Dinheiro. Das reportagens publicadas ao longo da \u00faltima semana, duas das mais lidas dizem respeito a not\u00edcias relacionadas com o exterior. A mais lida da semana foi a mat\u00e9ria sobre as previs\u00f5es do Fundo Monet\u00e1rio Internacional (FMI)\u2026","rel":"","context":"In &quot;Dinheiro e Investimento&quot;","block_context":{"text":"Dinheiro e Investimento","link":"https:\/\/noticiasribeiraopreto.com.br\/index.php\/category\/dinheiro-e-investimento-como-fazer-como-ganhar\/"},"img":{"alt_text":"","src":"https:\/\/i0.wp.com\/noticiasribeiraopreto.com.br\/wp-content\/uploads\/2023\/12\/1702148231_shutterstock_1517888372-628x353.jpg?fit=628%2C353&ssl=1&resize=350%2C200","width":350,"height":200,"srcset":"https:\/\/i0.wp.com\/noticiasribeiraopreto.com.br\/wp-content\/uploads\/2023\/12\/1702148231_shutterstock_1517888372-628x353.jpg?fit=628%2C353&ssl=1&resize=350%2C200 1x, https:\/\/i0.wp.com\/noticiasribeiraopreto.com.br\/wp-content\/uploads\/2023\/12\/1702148231_shutterstock_1517888372-628x353.jpg?fit=628%2C353&ssl=1&resize=525%2C300 1.5x"},"classes":[]},{"id":63307,"url":"https:\/\/noticiasribeiraopreto.com.br\/index.php\/2025\/02\/09\/quais-saos-os-paises-com-mais-bilionarios-veja-posicao-do-brasil-no-ranking\/","url_meta":{"origin":10494,"position":1},"title":"Quais s\u00e3os os pa\u00edses com mais bilion\u00e1rios? Veja posi\u00e7\u00e3o do Brasil no ranking","author":"noticiasribeiraopreto.com.br","date":"9 de February de 2025","format":false,"excerpt":"Os Estados Unidos t\u00eam mais bilion\u00e1rios do que qualquer outro pa\u00eds no mundo, segundo o levantamento em tempo real da revista\u00a0Forbes. Dados consultados no site da revista na quarta-feira, 5, apontam que a na\u00e7\u00e3o tem 819 pessoas que t\u00eam patrim\u00f4nio l\u00edquido estimado em pelo menos US$ 1 bilh\u00e3o (cerca de\u2026","rel":"","context":"In &quot;Not\u00edcias de Ribeir\u00e3o Preto-SP e Regi\u00e3o&quot;","block_context":{"text":"Not\u00edcias de Ribeir\u00e3o Preto-SP e Regi\u00e3o","link":"https:\/\/noticiasribeiraopreto.com.br\/index.php\/category\/noticias-de-ribeirao-preto-sp-e-regiao-ismael-colosi\/"},"img":{"alt_text":"","src":"https:\/\/i0.wp.com\/noticiasribeiraopreto.com.br\/wp-content\/uploads\/2025\/02\/skyline-view-city-skyscraper-urban-new-york-695784-pxhere.com__2025-02-09_19-41-34_jpg_2025-02-09_19-41-37-scaled.webp.webp?fit=1200%2C800&ssl=1&resize=350%2C200","width":350,"height":200,"srcset":"https:\/\/i0.wp.com\/noticiasribeiraopreto.com.br\/wp-content\/uploads\/2025\/02\/skyline-view-city-skyscraper-urban-new-york-695784-pxhere.com__2025-02-09_19-41-34_jpg_2025-02-09_19-41-37-scaled.webp.webp?fit=1200%2C800&ssl=1&resize=350%2C200 1x, https:\/\/i0.wp.com\/noticiasribeiraopreto.com.br\/wp-content\/uploads\/2025\/02\/skyline-view-city-skyscraper-urban-new-york-695784-pxhere.com__2025-02-09_19-41-34_jpg_2025-02-09_19-41-37-scaled.webp.webp?fit=1200%2C800&ssl=1&resize=525%2C300 1.5x, https:\/\/i0.wp.com\/noticiasribeiraopreto.com.br\/wp-content\/uploads\/2025\/02\/skyline-view-city-skyscraper-urban-new-york-695784-pxhere.com__2025-02-09_19-41-34_jpg_2025-02-09_19-41-37-scaled.webp.webp?fit=1200%2C800&ssl=1&resize=700%2C400 2x, https:\/\/i0.wp.com\/noticiasribeiraopreto.com.br\/wp-content\/uploads\/2025\/02\/skyline-view-city-skyscraper-urban-new-york-695784-pxhere.com__2025-02-09_19-41-34_jpg_2025-02-09_19-41-37-scaled.webp.webp?fit=1200%2C800&ssl=1&resize=1050%2C600 3x"},"classes":[]},{"id":46336,"url":"https:\/\/noticiasribeiraopreto.com.br\/index.php\/2024\/04\/11\/a-melhor-estrategia-de-carreira-para-se-tornar-bilionario\/","url_meta":{"origin":10494,"position":2},"title":"A melhor estrat\u00e9gia de carreira para se tornar bilion\u00e1rio","author":"noticiasribeiraopreto.com.br","date":"11 de April de 2024","format":false,"excerpt":"Forbes USConhe\u00e7a as estrat\u00e9gias que fizeram Bill Gates, Jeff Bezos, Elon Musk (e tantos outros) se tornarem bilion\u00e1rios O que os 2.781 bilion\u00e1rios na lista da Forbes deste ano fizeram para alcan\u00e7ar fortunas estratosf\u00e9ricas? As hist\u00f3rias de Jeff Bezos, Elon Musk e Bill Gates se tornaram lendas modernas e despertam\u2026","rel":"","context":"In &quot;Blog&quot;","block_context":{"text":"Blog","link":"https:\/\/noticiasribeiraopreto.com.br\/index.php\/category\/blog\/"},"img":{"alt_text":"","src":"https:\/\/i0.wp.com\/noticiasribeiraopreto.com.br\/wp-content\/uploads\/2024\/04\/carreira-bilionarios-bill-gates-bezos-musk-1024x683.jpg?fit=1024%2C683&ssl=1&resize=350%2C200","width":350,"height":200,"srcset":"https:\/\/i0.wp.com\/noticiasribeiraopreto.com.br\/wp-content\/uploads\/2024\/04\/carreira-bilionarios-bill-gates-bezos-musk-1024x683.jpg?fit=1024%2C683&ssl=1&resize=350%2C200 1x, https:\/\/i0.wp.com\/noticiasribeiraopreto.com.br\/wp-content\/uploads\/2024\/04\/carreira-bilionarios-bill-gates-bezos-musk-1024x683.jpg?fit=1024%2C683&ssl=1&resize=525%2C300 1.5x, https:\/\/i0.wp.com\/noticiasribeiraopreto.com.br\/wp-content\/uploads\/2024\/04\/carreira-bilionarios-bill-gates-bezos-musk-1024x683.jpg?fit=1024%2C683&ssl=1&resize=700%2C400 2x"},"classes":[]},{"id":31959,"url":"https:\/\/noticiasribeiraopreto.com.br\/index.php\/2024\/01\/23\/brex-a-startup-do-bilionario-que-fechou-noronha-demite-20\/","url_meta":{"origin":10494,"position":3},"title":"Brex, a startup do bilion\u00e1rio que fechou Noronha, demite 20%","author":"noticiasribeiraopreto.com.br","date":"23 de January de 2024","format":false,"excerpt":"O \u201cfantasma\u201d das demiss\u00f5es em massa ficou sem assustar por um breve per\u00edodo de tempo na segunda metade do ano passado. Mas, voltou a aparecer neste in\u00edcio de 2024.\u00a0 Quase um ano depois da crise sobre o setor de startups com a fal\u00eancia do Sillicon Valey Bank, a fintech dos\u2026","rel":"","context":"In &quot;Dinheiro e Investimento&quot;","block_context":{"text":"Dinheiro e Investimento","link":"https:\/\/noticiasribeiraopreto.com.br\/index.php\/category\/dinheiro-e-investimento-como-fazer-como-ganhar\/"},"img":{"alt_text":"","src":"https:\/\/i0.wp.com\/noticiasribeiraopreto.com.br\/wp-content\/uploads\/2024\/01\/Brex-715x402.jpg?fit=715%2C402&ssl=1&resize=350%2C200","width":350,"height":200,"srcset":"https:\/\/i0.wp.com\/noticiasribeiraopreto.com.br\/wp-content\/uploads\/2024\/01\/Brex-715x402.jpg?fit=715%2C402&ssl=1&resize=350%2C200 1x, https:\/\/i0.wp.com\/noticiasribeiraopreto.com.br\/wp-content\/uploads\/2024\/01\/Brex-715x402.jpg?fit=715%2C402&ssl=1&resize=525%2C300 1.5x, https:\/\/i0.wp.com\/noticiasribeiraopreto.com.br\/wp-content\/uploads\/2024\/01\/Brex-715x402.jpg?fit=715%2C402&ssl=1&resize=700%2C400 2x"},"classes":[]},{"id":19723,"url":"https:\/\/noticiasribeiraopreto.com.br\/index.php\/2023\/12\/23\/lista-under-30-2023-e-destaque-da-nova-edicao-da-forbes-brasil\/","url_meta":{"origin":10494,"position":4},"title":"Lista Under 30 2023 \u00e9 destaque da nova edi\u00e7\u00e3o da Forbes Brasil","author":"noticiasribeiraopreto.com.br","date":"23 de December de 2023","format":false,"excerpt":"Edi\u00e7\u00e3o 115 da Forbes Brasil traz lista Forbes Under 30 2023 A edi\u00e7\u00e3o 115 da Forbes Brasil, que traz a lista Forbes Under 30 2023, j\u00e1 est\u00e1 dispon\u00edvel no aplicativo da Forbes. Eles est\u00e3o mais disruptivos, mais relevantes, mais profissionais, mais talentosos, mais conscientes do que querem para si e\u2026","rel":"","context":"In &quot;Blog&quot;","block_context":{"text":"Blog","link":"https:\/\/noticiasribeiraopreto.com.br\/index.php\/category\/blog\/"},"img":{"alt_text":"","src":"https:\/\/i0.wp.com\/noticiasribeiraopreto.com.br\/wp-content\/uploads\/2023\/12\/DIVULGACAO-LISTA-1024x683.jpg?fit=1024%2C683&ssl=1&resize=350%2C200","width":350,"height":200,"srcset":"https:\/\/i0.wp.com\/noticiasribeiraopreto.com.br\/wp-content\/uploads\/2023\/12\/DIVULGACAO-LISTA-1024x683.jpg?fit=1024%2C683&ssl=1&resize=350%2C200 1x, https:\/\/i0.wp.com\/noticiasribeiraopreto.com.br\/wp-content\/uploads\/2023\/12\/DIVULGACAO-LISTA-1024x683.jpg?fit=1024%2C683&ssl=1&resize=525%2C300 1.5x, https:\/\/i0.wp.com\/noticiasribeiraopreto.com.br\/wp-content\/uploads\/2023\/12\/DIVULGACAO-LISTA-1024x683.jpg?fit=1024%2C683&ssl=1&resize=700%2C400 2x"},"classes":[]},{"id":36954,"url":"https:\/\/noticiasribeiraopreto.com.br\/index.php\/2024\/02\/13\/conheca-10-bilionarios-que-fizeram-fortuna-apenas-trabalhando-para-os-outros-2\/","url_meta":{"origin":10494,"position":5},"title":"Conhe\u00e7a 10 bilion\u00e1rios que fizeram fortuna apenas trabalhando para os outros","author":"noticiasribeiraopreto.com.br","date":"13 de February de 2024","format":false,"excerpt":"Os bilion\u00e1rios Jonathan Gray, Steve Ballmer e Lisa Su - Fotos: GUERIN BLASK - RICK DAHMS - JAMEL TOPPIN - FORBESOs bilion\u00e1rios contratados Ao pensar em um bilion\u00e1rio, provavelmente venha \u00e0 sua cabe\u00e7a a imagem de fundadores de grandes empresas, como \u00e9 o caso do CEO da Meta, Mark Zuckerberg,\u2026","rel":"","context":"In &quot;Blog&quot;","block_context":{"text":"Blog","link":"https:\/\/noticiasribeiraopreto.com.br\/index.php\/category\/blog\/"},"img":{"alt_text":"","src":"https:\/\/i0.wp.com\/noticiasribeiraopreto.com.br\/wp-content\/uploads\/2024\/02\/1707817487_Jonathan-Gray-Steve-Ballmer-Lisa-Su-Fotos-GUERIN-BLASK-RICK-DAHMS-JAMEL-TOPPIN-FORBES-1024x683.png?fit=1024%2C683&ssl=1&resize=350%2C200","width":350,"height":200,"srcset":"https:\/\/i0.wp.com\/noticiasribeiraopreto.com.br\/wp-content\/uploads\/2024\/02\/1707817487_Jonathan-Gray-Steve-Ballmer-Lisa-Su-Fotos-GUERIN-BLASK-RICK-DAHMS-JAMEL-TOPPIN-FORBES-1024x683.png?fit=1024%2C683&ssl=1&resize=350%2C200 1x, https:\/\/i0.wp.com\/noticiasribeiraopreto.com.br\/wp-content\/uploads\/2024\/02\/1707817487_Jonathan-Gray-Steve-Ballmer-Lisa-Su-Fotos-GUERIN-BLASK-RICK-DAHMS-JAMEL-TOPPIN-FORBES-1024x683.png?fit=1024%2C683&ssl=1&resize=525%2C300 1.5x, https:\/\/i0.wp.com\/noticiasribeiraopreto.com.br\/wp-content\/uploads\/2024\/02\/1707817487_Jonathan-Gray-Steve-Ballmer-Lisa-Su-Fotos-GUERIN-BLASK-RICK-DAHMS-JAMEL-TOPPIN-FORBES-1024x683.png?fit=1024%2C683&ssl=1&resize=700%2C400 2x"},"classes":[]}],"jetpack_sharing_enabled":true,"jetpack_shortlink":"https:\/\/wp.me\/peQAOb-2Jg","_links":{"self":[{"href":"https:\/\/noticiasribeiraopreto.com.br\/index.php\/wp-json\/wp\/v2\/posts\/10494","targetHints":{"allow":["GET"]}}],"collection":[{"href":"https:\/\/noticiasribeiraopreto.com.br\/index.php\/wp-json\/wp\/v2\/posts"}],"about":[{"href":"https:\/\/noticiasribeiraopreto.com.br\/index.php\/wp-json\/wp\/v2\/types\/post"}],"author":[{"embeddable":true,"href":"https:\/\/noticiasribeiraopreto.com.br\/index.php\/wp-json\/wp\/v2\/users\/1"}],"replies":[{"embeddable":true,"href":"https:\/\/noticiasribeiraopreto.com.br\/index.php\/wp-json\/wp\/v2\/comments?post=10494"}],"version-history":[{"count":0,"href":"https:\/\/noticiasribeiraopreto.com.br\/index.php\/wp-json\/wp\/v2\/posts\/10494\/revisions"}],"wp:featuredmedia":[{"embeddable":true,"href":"https:\/\/noticiasribeiraopreto.com.br\/index.php\/wp-json\/wp\/v2\/media\/10495"}],"wp:attachment":[{"href":"https:\/\/noticiasribeiraopreto.com.br\/index.php\/wp-json\/wp\/v2\/media?parent=10494"}],"wp:term":[{"taxonomy":"category","embeddable":true,"href":"https:\/\/noticiasribeiraopreto.com.br\/index.php\/wp-json\/wp\/v2\/categories?post=10494"},{"taxonomy":"post_tag","embeddable":true,"href":"https:\/\/noticiasribeiraopreto.com.br\/index.php\/wp-json\/wp\/v2\/tags?post=10494"}],"curies":[{"name":"wp","href":"https:\/\/api.w.org\/{rel}","templated":true}]}}