{"id":10500,"date":"2023-12-04T16:45:03","date_gmt":"2023-12-04T19:45:03","guid":{"rendered":"https:\/\/noticiasribeiraopreto.com.br\/index.php\/2023\/12\/04\/pis-pasep-encerra-saques-este-mes-veja-quem-ainda-pode-resgatar\/"},"modified":"2023-12-04T16:45:03","modified_gmt":"2023-12-04T19:45:03","slug":"pis-pasep-encerra-saques-este-mes-veja-quem-ainda-pode-resgatar","status":"publish","type":"post","link":"https:\/\/noticiasribeiraopreto.com.br\/index.php\/2023\/12\/04\/pis-pasep-encerra-saques-este-mes-veja-quem-ainda-pode-resgatar\/","title":{"rendered":"PIS\/Pasep encerra saques este m\u00eas; Veja quem ainda pode resgatar"},"content":{"rendered":"<div class='code-block code-block-1' style='margin: 8px 0 8px auto; text-align: right; display: block; clear: both;'>\n<p><a href=\"https:\/\/wa.link\/vpicfd\"><img data-recalc-dims=\"1\" class=\"wp-image-4922\" style=\"aspect-ratio: 2.0253164556962027; width: 561px; height: auto;\" src=\"https:\/\/i0.wp.com\/ismaelcolosi.com.br\/wp-content\/uploads\/2023\/11\/grupo-de-empregos-whatsapp-e-facebook-ismael-colosi-vagas.jpg?ssl=1\" alt=\"\" \/><\/a><\/p>\n<!-- \/wp:image -->\n<\/div>\n<p> <br \/>\n<\/p>\n<div>\n<p>Quem tem o direito de sacar o <a href=\"https:\/\/catracalivre.com.br\/cidadania\/pis-pasep-2023-liberada-parcela-retroativa-de-r-1-320\/\">PIS\/Pasep 2023<\/a>, referente ao ano-base 2021, precisa estar ciente de que o prazo para retirar esse dinheiro, que pode chegar a um <a href=\"https:\/\/catracalivre.com.br\/cidadania\/novo-salario-minimo-ja-tem-data-para-pagamento\/\">sal\u00e1rio m\u00ednimo<\/a>, termina no pr\u00f3ximo m\u00eas de dezembro.<\/p>\n<div id=\"attachment_2281421\" class=\"wp-caption aligncenter\">\n<div class=\"d-flex justify-content-center\" data-attachment-id=\"2281421\">\n<div class=\"position-relative d-inline-block\"><img data-recalc-dims=\"1\" data-portal-copyright=\"Istock\/gustavomellossa\" fetchpriority=\"high\" decoding=\"async\" class=\"size-large wp-image-2281421\" src=\"https:\/\/i0.wp.com\/catracalivre.com.br\/wp-content\/uploads\/2023\/07\/istock-1359193526-910x607.jpg?resize=910%2C607&#038;ssl=1\" alt=\"PIS\/Pasep encerra saques este m\u00eas; Veja quem ainda pode resgatar\" width=\"910\" height=\"607\" srcset=\"https:\/\/catracalivre.com.br\/wp-content\/uploads\/2023\/07\/istock-1359193526-910x607.jpg 910w, https:\/\/catracalivre.com.br\/wp-content\/uploads\/2023\/07\/istock-1359193526-450x300.jpg 450w, https:\/\/catracalivre.com.br\/wp-content\/uploads\/2023\/07\/istock-1359193526-768x512.jpg 768w\" sizes=\"(max-width: 910px) 100vw, 910px\"\/><\/p>\n<p>Cr\u00e9ditos: Istock\/gustavomellossa<\/p>\n<\/div>\n<\/div>\n<p><span class=\"post-imagem__legenda\">PIS\/Pasep encerra saques este m\u00eas; Veja quem ainda pode resgatar<\/span><\/p>\n<\/div>\n<p>Mais de 540 mil trabalhadores ainda n\u00e3o sacaram PIS\/Pasep 2023 (ano-base 2021), segundo o Minist\u00e9rio do Trabalho e Emprego (MTE). Entre os cadastrados no PIS, 153.567 n\u00e3o fizeram a opera\u00e7\u00e3o e dos cadastrados no Pasep, 387.325 ainda podem sacar o benef\u00edcio.<\/p>\n<p>Neste ano, o <a href=\"https:\/\/catracalivre.com.br\/cidadania\/abono-salarial-pis-pasep-surpreende-com-mega-novidade-hoje\/\">abono salarial<\/a> foi concedido a todos os trabalhadores que tiveram empregos formais em 2021. O pagamento come\u00e7ou em fevereiro e foi conclu\u00eddo em julho.<\/p>\n<p>Para ser eleg\u00edvel ao PIS\/Pasep 2023, tamb\u00e9m \u00e9 necess\u00e1rio ter ganhado uma remunera\u00e7\u00e3o mensal inferior a dois sal\u00e1rios m\u00ednimos e ter trabalhado por, no m\u00ednimo, 30 dias durante o ano-base.<\/p>\n<p>Al\u00e9m disso, \u00e9 preciso estar registrado no Fundo de Participa\u00e7\u00e3o PIS\/Pasep ou no Cadastro Nacional de Informa\u00e7\u00f5es Sociais (CNIS) por pelo menos cinco anos.<\/p>\n<p>\u00c9 importante destacar que o PIS \u00e9 destinado aos trabalhadores do setor privado, regidos pela <a href=\"https:\/\/catracalivre.com.br\/cidadania\/clt\/\">CLT<\/a> (Consolida\u00e7\u00e3o das Leis do Trabalho), e \u00e9 administrado pela <a href=\"https:\/\/catracalivre.com.br\/cidadania\/caixa-mulheres\/\">Caixa Econ\u00f4mica Federal<\/a>.<\/p>\n<p>J\u00e1 o Pasep \u00e9 voltado para servidores p\u00fablicos e empregados de empresas p\u00fablicas e de economia mista, sendo gerenciado pelo <a href=\"https:\/\/catracalivre.com.br\/cidadania\/banco-do-brasil-renegocia-r-54-bilhoes-em-um-mes-de-desenrola\/\">Banco do Brasil<\/a>.<\/p>\n<p>O abono do PIS\/Pasep \u00e9 um benef\u00edcio pago anualmente, com um valor m\u00e1ximo equivalente ao sal\u00e1rio m\u00ednimo vigente na data do pagamento.<\/p>\n<p>Neste ano, aqueles que receberam at\u00e9 maio tiveram direito a, no m\u00e1ximo, R$ 1.302, enquanto os que receberam a partir de maio foram pagos com base no novo valor do sal\u00e1rio m\u00ednimo (R$ 1.320).<\/p>\n<p>O valor m\u00e1ximo \u00e9 concedido aos trabalhadores que estiveram empregados durante os 12 meses de 2021; quem trabalhou menos tempo recebe uma quantia proporcional.<\/p>\n<p>O saque do PIS\/Pasep 2023 poder\u00e1 ser efetuado at\u00e9 o dia 28 de dezembro nas ag\u00eancias respons\u00e1veis pelo pagamento ou por meio de plataformas digitais.<\/p>\n<p>Ap\u00f3s o t\u00e9rmino do prazo, ser\u00e1 necess\u00e1rio solicitar o saque dos valores junto \u00e0 entidade competente. Os valores do abono salarial permanecem dispon\u00edveis para resgate por at\u00e9 cinco anos.<\/p>\n<p>Para verificar se voc\u00ea tem direito ao saque do PIS\/Pasep, basta acessar o aplicativo Carteira de Trabalho Digital no portal <a href=\"https:\/\/www.gov.br\/pt-br\" target=\"_blank\" rel=\"noopener\">gov.br<\/a> ou ligar para o telefone 158.<\/p>\n<\/div>\n<p><script>\n\t\t! function(f, b, e, v, n, t, s) {\n\t\t\tif (f.fbq) return;\n\t\t\tn = f.fbq = function() {\n\t\t\t\tn.callMethod ?\n\t\t\t\t\tn.callMethod.apply(n, arguments) : n.queue.push(arguments)\n\t\t\t};\n\t\t\tif (!f._fbq) f._fbq = n;\n\t\t\tn.push = n;\n\t\t\tn.loaded = !0;\n\t\t\tn.version = '2.0';\n\t\t\tn.queue = [];\n\t\t\tt = b.createElement(e);\n\t\t\tt.async = !0;\n\t\t\tt.src = v;\n\t\t\ts = b.getElementsByTagName(e)[0];\n\t\t\ts.parentNode.insertBefore(t, s)\n\t\t}(window, document, 'script',\n\t\t\t'https:\/\/connect.facebook.net\/en_US\/fbevents.js');\n\t\tfbq('init', '338315473262380');\n\t\tfbq('track', 'PageView');\n\t<\/script><br \/>\n<br \/><br \/>\n<br \/><a href=\"https:\/\/catracalivre.com.br\/cidadania\/pis-pasep-encerra-saques-este-mes-veja-quem-ainda-pode-resgatar\/\">Source link <\/a><\/p>\n<!-- CONTENT END 1 -->\n","protected":false},"excerpt":{"rendered":"<p>Quem tem o direito de sacar o PIS\/Pasep 2023, referente ao ano-base 2021, precisa estar ciente de que o prazo para retirar esse dinheiro, que&#8230;<\/p>\n","protected":false},"author":1,"featured_media":10501,"comment_status":"open","ping_status":"open","sticky":false,"template":"","format":"standard","meta":{"advanced_seo_description":"","jetpack_seo_html_title":"","jetpack_seo_noindex":false,"jetpack_post_was_ever_published":false,"_jetpack_newsletter_access":"","_jetpack_dont_email_post_to_subs":false,"_jetpack_newsletter_tier_id":0,"_jetpack_memberships_contains_paywalled_content":false,"_jetpack_memberships_contains_paid_content":false,"footnotes":"","jetpack_publicize_message":"","jetpack_publicize_feature_enabled":true,"jetpack_social_post_already_shared":true,"jetpack_social_options":{"image_generator_settings":{"template":"highway","default_image_id":0,"font":"","enabled":false},"version":2}},"categories":[19],"tags":[],"class_list":["post-10500","post","type-post","status-publish","format-standard","has-post-thumbnail","hentry","category-variedades"],"jetpack_publicize_connections":[],"jetpack_featured_media_url":"https:\/\/i0.wp.com\/noticiasribeiraopreto.com.br\/wp-content\/uploads\/2023\/12\/istock-1359193526.jpg?fit=1200%2C638&ssl=1","jetpack-related-posts":[{"id":21416,"url":"https:\/\/noticiasribeiraopreto.com.br\/index.php\/2023\/12\/27\/pis-pasep-prazo-para-sacar-o-abono-acaba-amanha-veja-quem-tem-direito\/","url_meta":{"origin":10500,"position":0},"title":"PIS\/PASEP: Prazo para sacar o abono acaba amanh\u00e3; veja quem tem direito","author":"noticiasribeiraopreto.com.br","date":"27 de December de 2023","format":false,"excerpt":"A data final para o saque do abono salarial PIS\/PASEP est\u00e1 se aproximando. Quem n\u00e3o realizar o saque do abono salarial PIS\/PASEP 2023, ano-base 2021, at\u00e9 a data estabelecida ter\u00e1 os valores retornados ao Fundo de Amparo ao Trabalhador (FAT) e precisar\u00e1 seguir os tr\u00e2mites do programa para recuperar os\u2026","rel":"","context":"In &quot;Vagas de Emprego em Ribeir\u00e3o Preto-SP&quot;","block_context":{"text":"Vagas de Emprego em Ribeir\u00e3o Preto-SP","link":"https:\/\/noticiasribeiraopreto.com.br\/index.php\/category\/empregos-classificados-vagas-trabalho\/vagas-de-empregos-em-ribeirao-preto-regiao-brasil\/"},"img":{"alt_text":"","src":"","width":0,"height":0},"classes":[]},{"id":14772,"url":"https:\/\/noticiasribeiraopreto.com.br\/index.php\/2023\/12\/12\/calendario-do-pis-pasep-2024-veja-quando-sai-seu-pagamento\/","url_meta":{"origin":10500,"position":1},"title":"Calend\u00e1rio do PIS\/PASEP 2024; veja quando sai seu pagamento!","author":"noticiasribeiraopreto.com.br","date":"12 de December de 2023","format":false,"excerpt":"Ainda gera muitas d\u00favidas o pagamento do abono salarial do\u00a0PIS\/Pasep\u00a0para aqueles que trabalharam em 2022, principalmente ap\u00f3s o fim dos pagamentos referentes ao ano-base 2021. A garantia apresentada, no entanto, \u00e9 de que haver\u00e1 pagamento em 2024, decorrente ao ano de 2022. Cr\u00e9ditos: iSTockCalend\u00e1rio do PIS\/PASEP 2024; veja quando sai\u2026","rel":"","context":"In &quot;Variedades&quot;","block_context":{"text":"Variedades","link":"https:\/\/noticiasribeiraopreto.com.br\/index.php\/category\/variedades\/"},"img":{"alt_text":"","src":"https:\/\/i0.wp.com\/noticiasribeiraopreto.com.br\/wp-content\/uploads\/2023\/12\/1702399455_istock-1491612792.jpg?fit=1200%2C638&ssl=1&resize=350%2C200","width":350,"height":200,"srcset":"https:\/\/i0.wp.com\/noticiasribeiraopreto.com.br\/wp-content\/uploads\/2023\/12\/1702399455_istock-1491612792.jpg?fit=1200%2C638&ssl=1&resize=350%2C200 1x, https:\/\/i0.wp.com\/noticiasribeiraopreto.com.br\/wp-content\/uploads\/2023\/12\/1702399455_istock-1491612792.jpg?fit=1200%2C638&ssl=1&resize=525%2C300 1.5x, https:\/\/i0.wp.com\/noticiasribeiraopreto.com.br\/wp-content\/uploads\/2023\/12\/1702399455_istock-1491612792.jpg?fit=1200%2C638&ssl=1&resize=700%2C400 2x, https:\/\/i0.wp.com\/noticiasribeiraopreto.com.br\/wp-content\/uploads\/2023\/12\/1702399455_istock-1491612792.jpg?fit=1200%2C638&ssl=1&resize=1050%2C600 3x"},"classes":[]},{"id":22561,"url":"https:\/\/noticiasribeiraopreto.com.br\/index.php\/2023\/12\/30\/pis-pasep-2024-calendario-ja-esta-disponivel-confira\/","url_meta":{"origin":10500,"position":2},"title":"PIS\/PASEP 2024: Calend\u00e1rio j\u00e1 est\u00e1 DISPON\u00cdVEL! Confira","author":"noticiasribeiraopreto.com.br","date":"30 de December de 2023","format":false,"excerpt":"O PIS\/PASEP 2024 \u00e9 um assunto que tem gerado curiosidade e expectativa entre os trabalhadores brasileiros. Esse benef\u00edcio, que pode atingir um valor equivalente ao sal\u00e1rio m\u00ednimo, tem data de in\u00edcio de pagamento prevista para 15 de fevereiro de 2024. Neste artigo, abordaremos todos os detalhes importantes sobre o tema,\u2026","rel":"","context":"In &quot;Vagas de Emprego em Ribeir\u00e3o Preto-SP&quot;","block_context":{"text":"Vagas de Emprego em Ribeir\u00e3o Preto-SP","link":"https:\/\/noticiasribeiraopreto.com.br\/index.php\/category\/empregos-classificados-vagas-trabalho\/vagas-de-empregos-em-ribeirao-preto-regiao-brasil\/"},"img":{"alt_text":"","src":"","width":0,"height":0},"classes":[]},{"id":15661,"url":"https:\/\/noticiasribeiraopreto.com.br\/index.php\/2023\/12\/14\/voce-pode-ter-dinheiro-do-pis-pasep-para-sacar-e-nao-sabe-confira\/","url_meta":{"origin":10500,"position":3},"title":"Voc\u00ea pode ter dinheiro do PIS\/Pasep para sacar e n\u00e3o sabe! Confira","author":"noticiasribeiraopreto.com.br","date":"14 de December de 2023","format":false,"excerpt":"Quem tem o direito de sacar o PIS\/Pasep 2023, referente ao ano-base 2021, precisa estar ciente de que o prazo para retirar esse dinheiro, que pode chegar a um sal\u00e1rio m\u00ednimo, termina no pr\u00f3ximo m\u00eas de dezembro. Cr\u00e9ditos: Ag\u00eancia Brasil\/Marcello Casal JrVoc\u00ea pode ter dinheiro do PIS\/Pasep para sacar e\u2026","rel":"","context":"In &quot;Variedades&quot;","block_context":{"text":"Variedades","link":"https:\/\/noticiasribeiraopreto.com.br\/index.php\/category\/variedades\/"},"img":{"alt_text":"","src":"https:\/\/i0.wp.com\/noticiasribeiraopreto.com.br\/wp-content\/uploads\/2023\/12\/novo-saque-do-pis-pasep-sera-liberado-quarta-feira-veja-quem-pode-sacar.png?fit=1200%2C638&ssl=1&resize=350%2C200","width":350,"height":200,"srcset":"https:\/\/i0.wp.com\/noticiasribeiraopreto.com.br\/wp-content\/uploads\/2023\/12\/novo-saque-do-pis-pasep-sera-liberado-quarta-feira-veja-quem-pode-sacar.png?fit=1200%2C638&ssl=1&resize=350%2C200 1x, https:\/\/i0.wp.com\/noticiasribeiraopreto.com.br\/wp-content\/uploads\/2023\/12\/novo-saque-do-pis-pasep-sera-liberado-quarta-feira-veja-quem-pode-sacar.png?fit=1200%2C638&ssl=1&resize=525%2C300 1.5x, https:\/\/i0.wp.com\/noticiasribeiraopreto.com.br\/wp-content\/uploads\/2023\/12\/novo-saque-do-pis-pasep-sera-liberado-quarta-feira-veja-quem-pode-sacar.png?fit=1200%2C638&ssl=1&resize=700%2C400 2x, https:\/\/i0.wp.com\/noticiasribeiraopreto.com.br\/wp-content\/uploads\/2023\/12\/novo-saque-do-pis-pasep-sera-liberado-quarta-feira-veja-quem-pode-sacar.png?fit=1200%2C638&ssl=1&resize=1050%2C600 3x"},"classes":[]},{"id":17962,"url":"https:\/\/noticiasribeiraopreto.com.br\/index.php\/2023\/12\/19\/reta-final-para-sacar-ate-r-1-32000-do-pis-pasep-veja-quem-ainda-recebe\/","url_meta":{"origin":10500,"position":4},"title":"Reta final para sacar at\u00e9 R$ 1.320,00 do PIS\/Pasep; veja quem ainda recebe","author":"noticiasribeiraopreto.com.br","date":"19 de December de 2023","format":false,"excerpt":"Quem tem o direito de sacar o PIS\/Pasep 2023, referente ao ano-base 2021, precisa estar ciente de que o prazo para retirar esse dinheiro, que pode chegar a um sal\u00e1rio m\u00ednimo, termina no pr\u00f3ximo m\u00eas de dezembro. Cr\u00e9ditos: Depositphotos\/rafapressReta final para sacar at\u00e9 R$ 1.320,00 do PIS\/Pasep; veja quem ainda\u2026","rel":"","context":"In &quot;Variedades&quot;","block_context":{"text":"Variedades","link":"https:\/\/noticiasribeiraopreto.com.br\/index.php\/category\/variedades\/"},"img":{"alt_text":"","src":"https:\/\/i0.wp.com\/noticiasribeiraopreto.com.br\/wp-content\/uploads\/2023\/12\/1703004819_depositphotos-366955058-xl-scaled.jpg?fit=1200%2C638&ssl=1&resize=350%2C200","width":350,"height":200,"srcset":"https:\/\/i0.wp.com\/noticiasribeiraopreto.com.br\/wp-content\/uploads\/2023\/12\/1703004819_depositphotos-366955058-xl-scaled.jpg?fit=1200%2C638&ssl=1&resize=350%2C200 1x, https:\/\/i0.wp.com\/noticiasribeiraopreto.com.br\/wp-content\/uploads\/2023\/12\/1703004819_depositphotos-366955058-xl-scaled.jpg?fit=1200%2C638&ssl=1&resize=525%2C300 1.5x, https:\/\/i0.wp.com\/noticiasribeiraopreto.com.br\/wp-content\/uploads\/2023\/12\/1703004819_depositphotos-366955058-xl-scaled.jpg?fit=1200%2C638&ssl=1&resize=700%2C400 2x, https:\/\/i0.wp.com\/noticiasribeiraopreto.com.br\/wp-content\/uploads\/2023\/12\/1703004819_depositphotos-366955058-xl-scaled.jpg?fit=1200%2C638&ssl=1&resize=1050%2C600 3x"},"classes":[]},{"id":19135,"url":"https:\/\/noticiasribeiraopreto.com.br\/index.php\/2023\/12\/21\/prazo-para-sacar-pis-pasep-acaba-em-uma-semana-veja-quem-recebe\/","url_meta":{"origin":10500,"position":5},"title":"Prazo para sacar PIS\/Pasep acaba em uma semana; veja quem recebe","author":"noticiasribeiraopreto.com.br","date":"21 de December de 2023","format":false,"excerpt":"Quem tem o direito de sacar o PIS\/Pasep 2023, referente ao ano-base 2021, precisa estar ciente de que o prazo para retirar esse dinheiro, que pode chegar a um sal\u00e1rio m\u00ednimo, termina no pr\u00f3ximo m\u00eas de dezembro. Cr\u00e9ditos: Ag\u00eancia Brasil\/Marcello Casal JrPrazo para sacar PIS\/Pasep acaba em uma semana; veja\u2026","rel":"","context":"In &quot;Variedades&quot;","block_context":{"text":"Variedades","link":"https:\/\/noticiasribeiraopreto.com.br\/index.php\/category\/variedades\/"},"img":{"alt_text":"","src":"https:\/\/i0.wp.com\/noticiasribeiraopreto.com.br\/wp-content\/uploads\/2023\/12\/1703200140_pis-pasep-faz-retorno-triunfal-em-julho-descubra-os-detalhes.jpg?fit=1200%2C638&ssl=1&resize=350%2C200","width":350,"height":200,"srcset":"https:\/\/i0.wp.com\/noticiasribeiraopreto.com.br\/wp-content\/uploads\/2023\/12\/1703200140_pis-pasep-faz-retorno-triunfal-em-julho-descubra-os-detalhes.jpg?fit=1200%2C638&ssl=1&resize=350%2C200 1x, https:\/\/i0.wp.com\/noticiasribeiraopreto.com.br\/wp-content\/uploads\/2023\/12\/1703200140_pis-pasep-faz-retorno-triunfal-em-julho-descubra-os-detalhes.jpg?fit=1200%2C638&ssl=1&resize=525%2C300 1.5x, https:\/\/i0.wp.com\/noticiasribeiraopreto.com.br\/wp-content\/uploads\/2023\/12\/1703200140_pis-pasep-faz-retorno-triunfal-em-julho-descubra-os-detalhes.jpg?fit=1200%2C638&ssl=1&resize=700%2C400 2x, https:\/\/i0.wp.com\/noticiasribeiraopreto.com.br\/wp-content\/uploads\/2023\/12\/1703200140_pis-pasep-faz-retorno-triunfal-em-julho-descubra-os-detalhes.jpg?fit=1200%2C638&ssl=1&resize=1050%2C600 3x"},"classes":[]}],"jetpack_sharing_enabled":true,"jetpack_shortlink":"https:\/\/wp.me\/peQAOb-2Jm","_links":{"self":[{"href":"https:\/\/noticiasribeiraopreto.com.br\/index.php\/wp-json\/wp\/v2\/posts\/10500","targetHints":{"allow":["GET"]}}],"collection":[{"href":"https:\/\/noticiasribeiraopreto.com.br\/index.php\/wp-json\/wp\/v2\/posts"}],"about":[{"href":"https:\/\/noticiasribeiraopreto.com.br\/index.php\/wp-json\/wp\/v2\/types\/post"}],"author":[{"embeddable":true,"href":"https:\/\/noticiasribeiraopreto.com.br\/index.php\/wp-json\/wp\/v2\/users\/1"}],"replies":[{"embeddable":true,"href":"https:\/\/noticiasribeiraopreto.com.br\/index.php\/wp-json\/wp\/v2\/comments?post=10500"}],"version-history":[{"count":0,"href":"https:\/\/noticiasribeiraopreto.com.br\/index.php\/wp-json\/wp\/v2\/posts\/10500\/revisions"}],"wp:featuredmedia":[{"embeddable":true,"href":"https:\/\/noticiasribeiraopreto.com.br\/index.php\/wp-json\/wp\/v2\/media\/10501"}],"wp:attachment":[{"href":"https:\/\/noticiasribeiraopreto.com.br\/index.php\/wp-json\/wp\/v2\/media?parent=10500"}],"wp:term":[{"taxonomy":"category","embeddable":true,"href":"https:\/\/noticiasribeiraopreto.com.br\/index.php\/wp-json\/wp\/v2\/categories?post=10500"},{"taxonomy":"post_tag","embeddable":true,"href":"https:\/\/noticiasribeiraopreto.com.br\/index.php\/wp-json\/wp\/v2\/tags?post=10500"}],"curies":[{"name":"wp","href":"https:\/\/api.w.org\/{rel}","templated":true}]}}