{"id":10555,"date":"2023-12-04T18:05:52","date_gmt":"2023-12-04T21:05:52","guid":{"rendered":"https:\/\/noticiasribeiraopreto.com.br\/index.php\/2023\/12\/04\/veja-o-que-voce-precisa-ter-para-receber-o-beneficio-em-2024\/"},"modified":"2023-12-04T18:05:52","modified_gmt":"2023-12-04T21:05:52","slug":"veja-o-que-voce-precisa-ter-para-receber-o-beneficio-em-2024","status":"publish","type":"post","link":"https:\/\/noticiasribeiraopreto.com.br\/index.php\/2023\/12\/04\/veja-o-que-voce-precisa-ter-para-receber-o-beneficio-em-2024\/","title":{"rendered":"veja o que voc\u00ea precisa ter para receber o benef\u00edcio em 2024"},"content":{"rendered":"<div class='code-block code-block-1' style='margin: 8px 0 8px auto; text-align: right; display: block; clear: both;'>\n<p><a href=\"https:\/\/wa.link\/vpicfd\"><img data-recalc-dims=\"1\" class=\"wp-image-4922\" style=\"aspect-ratio: 2.0253164556962027; width: 561px; height: auto;\" src=\"https:\/\/i0.wp.com\/ismaelcolosi.com.br\/wp-content\/uploads\/2023\/11\/grupo-de-empregos-whatsapp-e-facebook-ismael-colosi-vagas.jpg?ssl=1\" alt=\"\" \/><\/a><\/p>\n<!-- \/wp:image -->\n<\/div>\n<p> <br \/>\n<\/p>\n<div>\n<p>O in\u00edcio do ano costuma gerar ansiedade entre os trabalhadores brasileiros devido \u00e0 libera\u00e7\u00e3o do t\u00e3o aguardado <a href=\"https:\/\/catracalivre.com.br\/cidadania\/novidade-empolga-quem-recebe-pis-pasep-do-ano-base-2022\/\" target=\"_blank\" rel=\"noopener\">PIS\/Pasep<\/a>. O benef\u00edcio vem em um momento oportuno, ajudando a cobrir as despesas t\u00edpicas do come\u00e7o do ano.<\/p>\n<p>No entanto, para 2024, a grande quest\u00e3o que paira no ar \u00e9 sobre o calend\u00e1rio de pagamentos, referente ao ano-base 2022, que <a href=\"https:\/\/catracalivre.com.br\/cidadania\/pis-pasep-2024-estao-confirmadas-as-datas-de-pagamento\/\" target=\"_blank\" rel=\"noopener\">ainda n\u00e3o foi divulgado<\/a> pelo governo.<\/p>\n<p>Outro ponto importante \u00e9 ter em mente quem tem direito ao benef\u00edcio anual. Afinal, o que voc\u00ea precisa ter feito no ano-base para receber o PIS\/Pasep no ano que vem? Entenda a seguir.<\/p>\n<div id=\"attachment_2316340\" class=\"wp-caption alignnone\">\n<div class=\"d-flex justify-content-center\" data-attachment-id=\"2316340\">\n<div class=\"position-relative d-inline-block\"><img data-recalc-dims=\"1\" data-portal-copyright=\"Depositphotos\/rafapress\" fetchpriority=\"high\" decoding=\"async\" class=\"size-full wp-image-2316340\" src=\"https:\/\/i0.wp.com\/catracalivre.com.br\/wp-content\/uploads\/2023\/12\/depositphotos-366955058-xl-scaled.jpg?resize=2560%2C1707&#038;ssl=1\" alt=\"O que sabemos sobre o PIS\/Pasep pago em 2024?\" width=\"2560\" height=\"1707\" srcset=\"https:\/\/catracalivre.com.br\/wp-content\/uploads\/2023\/12\/depositphotos-366955058-xl-scaled.jpg 2560w, https:\/\/catracalivre.com.br\/wp-content\/uploads\/2023\/12\/depositphotos-366955058-xl-450x300.jpg 450w, https:\/\/catracalivre.com.br\/wp-content\/uploads\/2023\/12\/depositphotos-366955058-xl-768x512.jpg 768w\" sizes=\"(max-width: 2560px) 100vw, 2560px\"\/><\/p>\n<p>Cr\u00e9ditos: Depositphotos\/rafapress<\/p>\n<\/div>\n<\/div>\n<p><span class=\"post-imagem__legenda\">O que sabemos sobre o PIS\/Pasep pago em 2024?<\/span><\/p>\n<\/div>\n<h2>Afinal, o que preciso ter para receber o benef\u00edcio em 2024?<\/h2>\n<p>Enquanto a data oficial n\u00e3o est\u00e1 confirmada, a melhor pr\u00e1tica \u00e9 que os trabalhadores estudem se est\u00e3o habilitados para receber o valor do benef\u00edcio.<\/p>\n<p>As diretrizes do abono n\u00e3o sofreram altera\u00e7\u00f5es, ou seja, quem se adequar \u00e0s condi\u00e7\u00f5es abaixo, possivelmente estar\u00e1 inserido na lista dos benefici\u00e1rios:<\/p>\n<ul>\n<li>Ter, no m\u00ednimo, cinco anos de inscri\u00e7\u00e3o no PIS\/Pasep;<\/li>\n<li>Ter trabalhado, com carteira assinada, por pelo menos 30 dias ao longo do ano de refer\u00eancia (2022);<\/li>\n<li>Ter recebido at\u00e9 dois sal\u00e1rios m\u00ednimos;<\/li>\n<li>Tamb\u00e9m \u00e9 necess\u00e1rio que os dados tenham sido informados corretamente pelo empregador na Rela\u00e7\u00e3o Anual de Informa\u00e7\u00f5es Sociais (Rais).<\/li>\n<\/ul>\n<p>Para funcion\u00e1rios p\u00fablicos, os pagamentos ocorrem atrav\u00e9s do Banco do Brasil, enquanto os trabalhadores da iniciativa privada recebem pela Caixa Econ\u00f4mica Federal.<\/p>\n<p>Os trabalhadores tamb\u00e9m podem checar se t\u00eam direito ao saque pelo\u00a0<a href=\"http:\/\/www.gov.br\/\" target=\"_blank\" rel=\"noopener\">site\u00a0do governo federal<\/a>\u00a0ou da\u00a0<a href=\"https:\/\/www.gov.br\/pt-br\/temas\/carteira-de-trabalho-digital\" target=\"_blank\" rel=\"noopener\">Carteira de Trabalho Digital<\/a>. A central Al\u00f4 Trabalhador, telefone 158, tamb\u00e9m est\u00e1 dispon\u00edvel para atendimento.<\/p>\n<h2>Quando deve come\u00e7ar o pagamento do PIS\/Pasep 2024?<\/h2>\n<p>Seguindo os padr\u00f5es dos \u00faltimos anos, a expectativa \u00e9 que o pagamento comece em fevereiro. No entanto, essa informa\u00e7\u00e3o n\u00e3o \u00e9 concreta, pois ainda n\u00e3o houve uma confirma\u00e7\u00e3o oficial.<\/p>\n<p>A indefini\u00e7\u00e3o e a demora na divulga\u00e7\u00e3o do calend\u00e1rio mant\u00e9m os trabalhadores em constante alerta sobre o in\u00edcio dos pagamentos.<\/p>\n<p>Vale lembrar que,\u00a0em decorr\u00eancia da pandemia de <a href=\"https:\/\/catracalivre.com.br\/tag\/coronavirus\/\">covid-19<\/a>, o pagamento do PIS\/Pasep foi ajustado e ficou da seguinte forma:<\/p>\n<ul>\n<li>O benef\u00edcio referente ao ano-base 2020 foi pago em 2022;<\/li>\n<li>E o abono referente a 2021 acabou sendo pago em 2023;<\/li>\n<li>Portanto, o pagamento para quem trabalhou em 2022 deve ocorrer em 2024.<\/li>\n<\/ul>\n<p>Contudo, \u00e9 importante frisar que o Governo Federal n\u00e3o emitiu nenhum comunicado sobre a regulariza\u00e7\u00e3o do calend\u00e1rio do PIS\/Pasep, ent\u00e3o tudo ainda pode mudar.<\/p>\n<p>J\u00e1 o valor do PIS\/Pasep 2024 s\u00f3 estar\u00e1 confirmado ap\u00f3s o governo apresentar o valor do sal\u00e1rio m\u00ednimo para o pr\u00f3ximo ano.<\/p>\n<\/div>\n<p><script>\n\t\t! function(f, b, e, v, n, t, s) {\n\t\t\tif (f.fbq) return;\n\t\t\tn = f.fbq = function() {\n\t\t\t\tn.callMethod ?\n\t\t\t\t\tn.callMethod.apply(n, arguments) : n.queue.push(arguments)\n\t\t\t};\n\t\t\tif (!f._fbq) f._fbq = n;\n\t\t\tn.push = n;\n\t\t\tn.loaded = !0;\n\t\t\tn.version = '2.0';\n\t\t\tn.queue = [];\n\t\t\tt = b.createElement(e);\n\t\t\tt.async = !0;\n\t\t\tt.src = v;\n\t\t\ts = b.getElementsByTagName(e)[0];\n\t\t\ts.parentNode.insertBefore(t, s)\n\t\t}(window, document, 'script',\n\t\t\t'https:\/\/connect.facebook.net\/en_US\/fbevents.js');\n\t\tfbq('init', '338315473262380');\n\t\tfbq('track', 'PageView');\n\t<\/script><br \/>\n<br \/><br \/>\n<br \/><a href=\"https:\/\/catracalivre.com.br\/cidadania\/veja-o-que-voce-precisa-fazer-para-receber-o-pis-pasep-em-2024\/\">Source link <\/a><\/p>\n<!-- CONTENT END 1 -->\n","protected":false},"excerpt":{"rendered":"<p>O in\u00edcio do ano costuma gerar ansiedade entre os trabalhadores brasileiros devido \u00e0 libera\u00e7\u00e3o do t\u00e3o aguardado PIS\/Pasep. O benef\u00edcio vem em um momento oportuno,&#8230;<\/p>\n","protected":false},"author":1,"featured_media":10556,"comment_status":"open","ping_status":"open","sticky":false,"template":"","format":"standard","meta":{"advanced_seo_description":"","jetpack_seo_html_title":"","jetpack_seo_noindex":false,"jetpack_post_was_ever_published":false,"_jetpack_newsletter_access":"","_jetpack_dont_email_post_to_subs":false,"_jetpack_newsletter_tier_id":0,"_jetpack_memberships_contains_paywalled_content":false,"_jetpack_memberships_contains_paid_content":false,"footnotes":"","jetpack_publicize_message":"","jetpack_publicize_feature_enabled":true,"jetpack_social_post_already_shared":true,"jetpack_social_options":{"image_generator_settings":{"template":"highway","default_image_id":0,"font":"","enabled":false},"version":2}},"categories":[19],"tags":[],"class_list":["post-10555","post","type-post","status-publish","format-standard","has-post-thumbnail","hentry","category-variedades"],"jetpack_publicize_connections":[],"jetpack_featured_media_url":"https:\/\/i0.wp.com\/noticiasribeiraopreto.com.br\/wp-content\/uploads\/2023\/12\/depositphotos-366955058-xl-scaled.jpg?fit=1200%2C638&ssl=1","jetpack-related-posts":[{"id":9239,"url":"https:\/\/noticiasribeiraopreto.com.br\/index.php\/2023\/12\/01\/saiba-o-valor-do-pis-pasep-ano-base-2022-e-quando-voce-vai-receber\/","url_meta":{"origin":10555,"position":0},"title":"Saiba o valor do PIS\/Pasep ano-base 2022 e quando voc\u00ea vai receber","author":"noticiasribeiraopreto.com.br","date":"1 de December de 2023","format":false,"excerpt":"A programa\u00e7\u00e3o do PIS\/Pasep 2024, relativo ao ano-base 2022, est\u00e1 passando por um atraso por causa da pandemia. O que era normalmente um breve intervalo entre o ano-base e o per\u00edodo de pagamento se estendeu para agora abranger dois anos. Em condi\u00e7\u00f5es normais, o calend\u00e1rio PIS para o pr\u00f3ximo ano\u2026","rel":"","context":"In &quot;Variedades&quot;","block_context":{"text":"Variedades","link":"https:\/\/noticiasribeiraopreto.com.br\/index.php\/category\/variedades\/"},"img":{"alt_text":"","src":"https:\/\/i0.wp.com\/noticiasribeiraopreto.com.br\/wp-content\/uploads\/2023\/12\/depositphotos-360181776-xl-scaled-e1701445629624.jpg?fit=1200%2C638&ssl=1&resize=350%2C200","width":350,"height":200,"srcset":"https:\/\/i0.wp.com\/noticiasribeiraopreto.com.br\/wp-content\/uploads\/2023\/12\/depositphotos-360181776-xl-scaled-e1701445629624.jpg?fit=1200%2C638&ssl=1&resize=350%2C200 1x, https:\/\/i0.wp.com\/noticiasribeiraopreto.com.br\/wp-content\/uploads\/2023\/12\/depositphotos-360181776-xl-scaled-e1701445629624.jpg?fit=1200%2C638&ssl=1&resize=525%2C300 1.5x, https:\/\/i0.wp.com\/noticiasribeiraopreto.com.br\/wp-content\/uploads\/2023\/12\/depositphotos-360181776-xl-scaled-e1701445629624.jpg?fit=1200%2C638&ssl=1&resize=700%2C400 2x, https:\/\/i0.wp.com\/noticiasribeiraopreto.com.br\/wp-content\/uploads\/2023\/12\/depositphotos-360181776-xl-scaled-e1701445629624.jpg?fit=1200%2C638&ssl=1&resize=1050%2C600 3x"},"classes":[]},{"id":18640,"url":"https:\/\/noticiasribeiraopreto.com.br\/index.php\/2023\/12\/20\/ainda-ha-beneficio-pis-pasep-esperando-ser-sacado-veja-se-voce-recebe\/","url_meta":{"origin":10555,"position":1},"title":"Ainda h\u00e1 benef\u00edcio PIS\/Pasep esperando ser sacado; veja se voc\u00ea recebe","author":"noticiasribeiraopreto.com.br","date":"20 de December de 2023","format":false,"excerpt":"Quem tem o direito de sacar o PIS\/Pasep 2023, referente ao ano-base 2021, precisa estar ciente de que o prazo para retirar esse dinheiro, que pode chegar a um sal\u00e1rio m\u00ednimo, termina no pr\u00f3ximo m\u00eas de dezembro. Cr\u00e9ditos: Ag\u00eancia Brasil\/Marcello Casal JrAinda h\u00e1 benef\u00edcio PIS\/Pasep esperando ser sacado; veja se\u2026","rel":"","context":"In &quot;Variedades&quot;","block_context":{"text":"Variedades","link":"https:\/\/noticiasribeiraopreto.com.br\/index.php\/category\/variedades\/"},"img":{"alt_text":"","src":"https:\/\/i0.wp.com\/noticiasribeiraopreto.com.br\/wp-content\/uploads\/2023\/12\/veja-quem-tem-direito-ao-pis-pasep-em-julho-e-quando-recebe.jpg?fit=1200%2C638&ssl=1&resize=350%2C200","width":350,"height":200,"srcset":"https:\/\/i0.wp.com\/noticiasribeiraopreto.com.br\/wp-content\/uploads\/2023\/12\/veja-quem-tem-direito-ao-pis-pasep-em-julho-e-quando-recebe.jpg?fit=1200%2C638&ssl=1&resize=350%2C200 1x, https:\/\/i0.wp.com\/noticiasribeiraopreto.com.br\/wp-content\/uploads\/2023\/12\/veja-quem-tem-direito-ao-pis-pasep-em-julho-e-quando-recebe.jpg?fit=1200%2C638&ssl=1&resize=525%2C300 1.5x, https:\/\/i0.wp.com\/noticiasribeiraopreto.com.br\/wp-content\/uploads\/2023\/12\/veja-quem-tem-direito-ao-pis-pasep-em-julho-e-quando-recebe.jpg?fit=1200%2C638&ssl=1&resize=700%2C400 2x, https:\/\/i0.wp.com\/noticiasribeiraopreto.com.br\/wp-content\/uploads\/2023\/12\/veja-quem-tem-direito-ao-pis-pasep-em-julho-e-quando-recebe.jpg?fit=1200%2C638&ssl=1&resize=1050%2C600 3x"},"classes":[]},{"id":16418,"url":"https:\/\/noticiasribeiraopreto.com.br\/index.php\/2023\/12\/15\/voce-pode-ter-mais-de-r-1-mil-para-receber-do-pis-pasep-ainda-este-ano\/","url_meta":{"origin":10555,"position":2},"title":"Voc\u00ea pode ter mais de R$ 1 mil para receber do PIS\/Pasep ainda este ano","author":"noticiasribeiraopreto.com.br","date":"15 de December de 2023","format":false,"excerpt":"Quem tem o direito de sacar o PIS\/Pasep 2023, referente ao ano-base 2021, precisa estar ciente de que o prazo para retirar esse dinheiro, que pode chegar a um sal\u00e1rio m\u00ednimo, termina no pr\u00f3ximo m\u00eas de dezembro. Cr\u00e9ditos: Istock\/gustavomellossaATEN\u00c7\u00c3O! Data limite para saque do PIS\/Pasep 2023 est\u00e1 MUITO pr\u00f3xima Mais\u2026","rel":"","context":"In &quot;Variedades&quot;","block_context":{"text":"Variedades","link":"https:\/\/noticiasribeiraopreto.com.br\/index.php\/category\/variedades\/"},"img":{"alt_text":"","src":"https:\/\/i0.wp.com\/noticiasribeiraopreto.com.br\/wp-content\/uploads\/2023\/12\/1702663282_istock-1359193526.jpg?fit=1200%2C638&ssl=1&resize=350%2C200","width":350,"height":200,"srcset":"https:\/\/i0.wp.com\/noticiasribeiraopreto.com.br\/wp-content\/uploads\/2023\/12\/1702663282_istock-1359193526.jpg?fit=1200%2C638&ssl=1&resize=350%2C200 1x, https:\/\/i0.wp.com\/noticiasribeiraopreto.com.br\/wp-content\/uploads\/2023\/12\/1702663282_istock-1359193526.jpg?fit=1200%2C638&ssl=1&resize=525%2C300 1.5x, https:\/\/i0.wp.com\/noticiasribeiraopreto.com.br\/wp-content\/uploads\/2023\/12\/1702663282_istock-1359193526.jpg?fit=1200%2C638&ssl=1&resize=700%2C400 2x, https:\/\/i0.wp.com\/noticiasribeiraopreto.com.br\/wp-content\/uploads\/2023\/12\/1702663282_istock-1359193526.jpg?fit=1200%2C638&ssl=1&resize=1050%2C600 3x"},"classes":[]},{"id":21416,"url":"https:\/\/noticiasribeiraopreto.com.br\/index.php\/2023\/12\/27\/pis-pasep-prazo-para-sacar-o-abono-acaba-amanha-veja-quem-tem-direito\/","url_meta":{"origin":10555,"position":3},"title":"PIS\/PASEP: Prazo para sacar o abono acaba amanh\u00e3; veja quem tem direito","author":"noticiasribeiraopreto.com.br","date":"27 de December de 2023","format":false,"excerpt":"A data final para o saque do abono salarial PIS\/PASEP est\u00e1 se aproximando. Quem n\u00e3o realizar o saque do abono salarial PIS\/PASEP 2023, ano-base 2021, at\u00e9 a data estabelecida ter\u00e1 os valores retornados ao Fundo de Amparo ao Trabalhador (FAT) e precisar\u00e1 seguir os tr\u00e2mites do programa para recuperar os\u2026","rel":"","context":"In &quot;Vagas de Emprego em Ribeir\u00e3o Preto-SP&quot;","block_context":{"text":"Vagas de Emprego em Ribeir\u00e3o Preto-SP","link":"https:\/\/noticiasribeiraopreto.com.br\/index.php\/category\/empregos-classificados-vagas-trabalho\/vagas-de-empregos-em-ribeirao-preto-regiao-brasil\/"},"img":{"alt_text":"","src":"","width":0,"height":0},"classes":[]},{"id":5993,"url":"https:\/\/noticiasribeiraopreto.com.br\/index.php\/2023\/11\/24\/voce-pode-ter-mais-de-r-1-mil-para-receber-e-nao-sabe\/","url_meta":{"origin":10555,"position":4},"title":"Voc\u00ea pode ter mais de R$ 1 mil para receber e n\u00e3o sabe","author":"noticiasribeiraopreto.com.br","date":"24 de November de 2023","format":false,"excerpt":"Quem tem o direito de sacar o PIS\/Pasep 2023, referente ao ano-base 2021, precisa estar ciente de que o prazo para retirar esse dinheiro, que pode chegar a um sal\u00e1rio m\u00ednimo, termina no pr\u00f3ximo m\u00eas de dezembro. Cr\u00e9ditos: Ag\u00eancia Brasil\/Marcelo CamargoURGENTE! Data limite para saque do PIS\/Pasep 2023 est\u00e1 chegando\u2026","rel":"","context":"In &quot;Variedades&quot;","block_context":{"text":"Variedades","link":"https:\/\/noticiasribeiraopreto.com.br\/index.php\/category\/variedades\/"},"img":{"alt_text":"","src":"https:\/\/i0.wp.com\/noticiasribeiraopreto.com.br\/wp-content\/uploads\/2023\/11\/1700870764_istock-1222011599.jpg?fit=1200%2C638&ssl=1&resize=350%2C200","width":350,"height":200,"srcset":"https:\/\/i0.wp.com\/noticiasribeiraopreto.com.br\/wp-content\/uploads\/2023\/11\/1700870764_istock-1222011599.jpg?fit=1200%2C638&ssl=1&resize=350%2C200 1x, https:\/\/i0.wp.com\/noticiasribeiraopreto.com.br\/wp-content\/uploads\/2023\/11\/1700870764_istock-1222011599.jpg?fit=1200%2C638&ssl=1&resize=525%2C300 1.5x, https:\/\/i0.wp.com\/noticiasribeiraopreto.com.br\/wp-content\/uploads\/2023\/11\/1700870764_istock-1222011599.jpg?fit=1200%2C638&ssl=1&resize=700%2C400 2x, https:\/\/i0.wp.com\/noticiasribeiraopreto.com.br\/wp-content\/uploads\/2023\/11\/1700870764_istock-1222011599.jpg?fit=1200%2C638&ssl=1&resize=1050%2C600 3x"},"classes":[]},{"id":15661,"url":"https:\/\/noticiasribeiraopreto.com.br\/index.php\/2023\/12\/14\/voce-pode-ter-dinheiro-do-pis-pasep-para-sacar-e-nao-sabe-confira\/","url_meta":{"origin":10555,"position":5},"title":"Voc\u00ea pode ter dinheiro do PIS\/Pasep para sacar e n\u00e3o sabe! Confira","author":"noticiasribeiraopreto.com.br","date":"14 de December de 2023","format":false,"excerpt":"Quem tem o direito de sacar o PIS\/Pasep 2023, referente ao ano-base 2021, precisa estar ciente de que o prazo para retirar esse dinheiro, que pode chegar a um sal\u00e1rio m\u00ednimo, termina no pr\u00f3ximo m\u00eas de dezembro. Cr\u00e9ditos: Ag\u00eancia Brasil\/Marcello Casal JrVoc\u00ea pode ter dinheiro do PIS\/Pasep para sacar e\u2026","rel":"","context":"In &quot;Variedades&quot;","block_context":{"text":"Variedades","link":"https:\/\/noticiasribeiraopreto.com.br\/index.php\/category\/variedades\/"},"img":{"alt_text":"","src":"https:\/\/i0.wp.com\/noticiasribeiraopreto.com.br\/wp-content\/uploads\/2023\/12\/novo-saque-do-pis-pasep-sera-liberado-quarta-feira-veja-quem-pode-sacar.png?fit=1200%2C638&ssl=1&resize=350%2C200","width":350,"height":200,"srcset":"https:\/\/i0.wp.com\/noticiasribeiraopreto.com.br\/wp-content\/uploads\/2023\/12\/novo-saque-do-pis-pasep-sera-liberado-quarta-feira-veja-quem-pode-sacar.png?fit=1200%2C638&ssl=1&resize=350%2C200 1x, https:\/\/i0.wp.com\/noticiasribeiraopreto.com.br\/wp-content\/uploads\/2023\/12\/novo-saque-do-pis-pasep-sera-liberado-quarta-feira-veja-quem-pode-sacar.png?fit=1200%2C638&ssl=1&resize=525%2C300 1.5x, https:\/\/i0.wp.com\/noticiasribeiraopreto.com.br\/wp-content\/uploads\/2023\/12\/novo-saque-do-pis-pasep-sera-liberado-quarta-feira-veja-quem-pode-sacar.png?fit=1200%2C638&ssl=1&resize=700%2C400 2x, https:\/\/i0.wp.com\/noticiasribeiraopreto.com.br\/wp-content\/uploads\/2023\/12\/novo-saque-do-pis-pasep-sera-liberado-quarta-feira-veja-quem-pode-sacar.png?fit=1200%2C638&ssl=1&resize=1050%2C600 3x"},"classes":[]}],"jetpack_sharing_enabled":true,"jetpack_shortlink":"https:\/\/wp.me\/peQAOb-2Kf","_links":{"self":[{"href":"https:\/\/noticiasribeiraopreto.com.br\/index.php\/wp-json\/wp\/v2\/posts\/10555","targetHints":{"allow":["GET"]}}],"collection":[{"href":"https:\/\/noticiasribeiraopreto.com.br\/index.php\/wp-json\/wp\/v2\/posts"}],"about":[{"href":"https:\/\/noticiasribeiraopreto.com.br\/index.php\/wp-json\/wp\/v2\/types\/post"}],"author":[{"embeddable":true,"href":"https:\/\/noticiasribeiraopreto.com.br\/index.php\/wp-json\/wp\/v2\/users\/1"}],"replies":[{"embeddable":true,"href":"https:\/\/noticiasribeiraopreto.com.br\/index.php\/wp-json\/wp\/v2\/comments?post=10555"}],"version-history":[{"count":0,"href":"https:\/\/noticiasribeiraopreto.com.br\/index.php\/wp-json\/wp\/v2\/posts\/10555\/revisions"}],"wp:featuredmedia":[{"embeddable":true,"href":"https:\/\/noticiasribeiraopreto.com.br\/index.php\/wp-json\/wp\/v2\/media\/10556"}],"wp:attachment":[{"href":"https:\/\/noticiasribeiraopreto.com.br\/index.php\/wp-json\/wp\/v2\/media?parent=10555"}],"wp:term":[{"taxonomy":"category","embeddable":true,"href":"https:\/\/noticiasribeiraopreto.com.br\/index.php\/wp-json\/wp\/v2\/categories?post=10555"},{"taxonomy":"post_tag","embeddable":true,"href":"https:\/\/noticiasribeiraopreto.com.br\/index.php\/wp-json\/wp\/v2\/tags?post=10555"}],"curies":[{"name":"wp","href":"https:\/\/api.w.org\/{rel}","templated":true}]}}