{"id":10572,"date":"2023-12-04T18:37:56","date_gmt":"2023-12-04T21:37:56","guid":{"rendered":"https:\/\/noticiasribeiraopreto.com.br\/index.php\/2023\/12\/04\/justica-de-minas-gerais-manda-bancoes-suspenderem-cobranca-de-clientes-que-devem-para-a-123-milhas\/"},"modified":"2023-12-04T18:37:56","modified_gmt":"2023-12-04T21:37:56","slug":"justica-de-minas-gerais-manda-bancoes-suspenderem-cobranca-de-clientes-que-devem-para-a-123-milhas","status":"publish","type":"post","link":"https:\/\/noticiasribeiraopreto.com.br\/index.php\/2023\/12\/04\/justica-de-minas-gerais-manda-bancoes-suspenderem-cobranca-de-clientes-que-devem-para-a-123-milhas\/","title":{"rendered":"Justi\u00e7a de Minas Gerais manda banc\u00f5es suspenderem cobran\u00e7a de clientes que devem para a 123 Milhas"},"content":{"rendered":"<div class='code-block code-block-1' style='margin: 8px 0 8px auto; text-align: right; display: block; clear: both;'>\n<p><a href=\"https:\/\/wa.link\/vpicfd\"><img data-recalc-dims=\"1\" class=\"wp-image-4922\" style=\"aspect-ratio: 2.0253164556962027; width: 561px; height: auto;\" src=\"https:\/\/i0.wp.com\/ismaelcolosi.com.br\/wp-content\/uploads\/2023\/11\/grupo-de-empregos-whatsapp-e-facebook-ismael-colosi-vagas.jpg?ssl=1\" alt=\"\" \/><\/a><\/p>\n<!-- \/wp:image -->\n<\/div>\n<p> <br \/>\n<\/p>\n<div id=\"js-first-letter\">\n<p>A <strong>Justi\u00e7a do Estado de Minas Gerais <\/strong>(TJ-MG) intimou cinco bancos \u2014 Bradesco, Nubank, Banco do Brasil, Santander e Ita\u00fa Unibanco \u2014 a suspender a cobran\u00e7a de parcelas de cart\u00e3o de cr\u00e9dito de consumidores que devem \u00e0 <strong>123 Milhas<\/strong>, atualmente em <strong>recupera\u00e7\u00e3o judicial<\/strong>.<\/p>\n<p>A decis\u00e3o \u00e9 do desembargador Alexandre Victor de Carvalho, da 21\u00aa C\u00e2mara C\u00edvel Especializada do TJ-MG, que acatou o pleito do Instituto Defesa Coletiva.<\/p>\n<p>Vale lembrar que a suspens\u00e3o j\u00e1 havia sido determinada judicialmente no dia 23 de novembro, mas n\u00e3o foi cumprida porque as institui\u00e7\u00f5es financeiras n\u00e3o tinham sido intimadas. <\/p>\n<p>Por isso, a Justi\u00e7a pediu para os bancos e o ju\u00edzo competente se manifestarem sobre o n\u00e3o cumprimento da senten\u00e7a anterior.<\/p>\n<h2 class=\"wp-block-heading\" id=\"h-a-suspensao-da-cobranca-para-clientes-da-123-milhas\">A suspens\u00e3o da cobran\u00e7a para clientes da 123 Milhas<\/h2>\n<p>A ordem judicial se refere \u00e0s parcelas remanescentes devidas \u00e0 companhia de viagem apenas para os consumidores que contestaram os valores 10 dias antes do vencimento da fatura e que n\u00e3o tiveram a presta\u00e7\u00e3o de servi\u00e7o. <\/p>\n<div class=\"banner banner-inArticle banner-inArticle--mobile\">\n<div>\n<p>Publicidade<\/p>\n<div class=\"banner-side\">\n<p class=\"borderAD\" style=\"display: none;\">CONTINUA DEPOIS DA PUBLICIDADE<\/p>\n<\/div>\n<\/div>\n<\/div>\n<div class=\"banner banner-inArticle banner-inArticle--desktop\">\n<div>\n<div class=\"banner-side\">\n<p class=\"borderAD\" style=\"display: none;\">CONTINUA DEPOIS DA PUBLICIDADE<\/p>\n<\/div>\n<\/div>\n<\/div>\n<p>O limite do cr\u00e9dito \u00e9 de R$ 20 mil por consumidor. Para cada dia que a empresa n\u00e3o cumprir a determina\u00e7\u00e3o, haver\u00e1 uma multa de R$ 2 mil.<\/p>\n<p>O Instituto Defesa Coletiva alega que as institui\u00e7\u00f5es financeiras e operadoras de cart\u00e3o de cr\u00e9dito devem ser punidas, e n\u00e3o o consumidor. <\/p>\n<p>&#8220;Se algu\u00e9m deve sofrer preju\u00edzos em decorr\u00eancia da n\u00e3o presta\u00e7\u00e3o de servi\u00e7o pela 123 milhas, tal \u00f4nus deve ser imposto \u00e0s institui\u00e7\u00f5es financeiras ou \u00e0 empresa que causou o dano, n\u00e3o podendo o consumidor ser penalizado por tal falha e ser impedido de exercer o seu direito&#8221;, disse o instituto, no recurso enviado \u00e0 Justi\u00e7a.<\/p>\n<figure class=\"wp-block-embed is-type-video is-provider-youtube wp-block-embed-youtube wp-embed-aspect-16-9 wp-has-aspect-ratio\">\n<p>\n<iframe loading=\"lazy\" title=\"&quot;O BOOKING ME DEIXOU NA M\u00c3O&quot;: ALUGUEI UM QUARTO E ELE N\u00c3O EXISTIA! I A DINHEIRISTA\" width=\"500\" height=\"281\" src=\"https:\/\/www.youtube.com\/embed\/_LmQZBkF4mA?feature=oembed\" frameborder=\"0\" allow=\"accelerometer; autoplay; clipboard-write; encrypted-media; gyroscope; picture-in-picture; web-share\" referrerpolicy=\"strict-origin-when-cross-origin\" allowfullscreen><\/iframe>\n<\/p>\n<\/figure>\n<h2 class=\"wp-block-heading\" id=\"h-recuperacao-judicial-da-123-milhas\">Recupera\u00e7\u00e3o judicial da 123 Milhas<\/h2>\n<p>Em agosto, a Justi\u00e7a de Minas Gerais aceitou o pedido de recupera\u00e7\u00e3o judicial da 123 Milhas, mas\u00a0<a href=\"https:\/\/www.seudinheiro.com\/2023\/empresas\/tribunal-suspende-recuperacao-judicial-da-123-milhas-mas-empresa-continua-blindada-contra-cobrancas-de-credores-e-clientes-lvit\/\" target=\"_blank\" rel=\"noreferrer noopener\">ele foi suspenso provisoriamente, ap\u00f3s o Banco do Brasil entrar com um recurso<\/a>.<\/p>\n<p>O banco alegou que a empresa n\u00e3o apresentou todos os documentos exigidos para viabilizar o processamento da recupera\u00e7\u00e3o judicial.<\/p>\n<div class=\"banner banner-inArticle banner-inArticle--mobile\">\n<div>\n<p>Publicidade<\/p>\n<div class=\"banner-side\">\n<p class=\"borderAD\" style=\"display: none;\">CONTINUA DEPOIS DA PUBLICIDADE<\/p>\n<\/div>\n<\/div>\n<\/div>\n<div class=\"banner banner-inArticle banner-inArticle--desktop\">\n<div>\n<div class=\"banner-side\">\n<p class=\"borderAD\" style=\"display: none;\">CONTINUA DEPOIS DA PUBLICIDADE<\/p>\n<\/div>\n<\/div>\n<\/div>\n<p>Tamb\u00e9m em setembro, a Justi\u00e7a estendeu a recupera\u00e7\u00e3o judicial da 123milhas a Maxmilhas e a Lance Hot\u00e9is, outras empresas do grupo econ\u00f4mico. Juntas, as empresas devem mais de R$ 2,5 bilh\u00f5es a credores.<\/p>\n<p>Em meados de outubro, o Tribunal de Justi\u00e7a de Minas Gerais determinou a <a href=\"https:\/\/www.seudinheiro.com\/2023\/empresas\/estornou-compra-na-123-milhas-justica-de-minas-gerais-suspende-estornos-de-cartao-de-credito-feitos-por-clientes-da-companhia-lvit\/\" target=\"_blank\" rel=\"noreferrer noopener\">suspens\u00e3o de estornos de passagens e pacotes adquiridos por meio do cart\u00e3o de cr\u00e9dito para consumidores da 123 Milhas<\/a>.<\/p>\n<p>A suspens\u00e3o tinha car\u00e1ter tempor\u00e1rio e valia para pedidos feitos por falhas nas presta\u00e7\u00e3o de servi\u00e7os antes da recupera\u00e7\u00e3o judicial. Os valores eventualmente bloqueados dever\u00e3o ser liberados para a companhia.<\/p>\n<\/div>\n<p><br \/>\n<br \/><a href=\"https:\/\/www.seudinheiro.com\/2023\/economia\/justica-de-minas-gerais-manda-bancoes-suspenderem-cobranca-de-clientes-que-devem-para-a-123-milhas-miql\/\">Source link <\/a><\/p>\n<!-- CONTENT END 1 -->\n","protected":false},"excerpt":{"rendered":"<p>A Justi\u00e7a do Estado de Minas Gerais (TJ-MG) intimou cinco bancos \u2014 Bradesco, Nubank, Banco do Brasil, Santander e Ita\u00fa Unibanco \u2014 a suspender a&#8230;<\/p>\n","protected":false},"author":1,"featured_media":10573,"comment_status":"open","ping_status":"open","sticky":false,"template":"","format":"standard","meta":{"advanced_seo_description":"","jetpack_seo_html_title":"","jetpack_seo_noindex":false,"jetpack_post_was_ever_published":false,"_jetpack_newsletter_access":"","_jetpack_dont_email_post_to_subs":false,"_jetpack_newsletter_tier_id":0,"_jetpack_memberships_contains_paywalled_content":false,"_jetpack_memberships_contains_paid_content":false,"footnotes":"","jetpack_publicize_message":"","jetpack_publicize_feature_enabled":true,"jetpack_social_post_already_shared":true,"jetpack_social_options":{"image_generator_settings":{"template":"highway","default_image_id":0,"font":"","enabled":false},"version":2}},"categories":[1235],"tags":[],"class_list":["post-10572","post","type-post","status-publish","format-standard","has-post-thumbnail","hentry","category-dinheiro-e-investimento-como-fazer-como-ganhar"],"jetpack_publicize_connections":[],"jetpack_featured_media_url":"https:\/\/i0.wp.com\/noticiasribeiraopreto.com.br\/wp-content\/uploads\/2023\/12\/bitcoin-colocado-em-banho-maria1-715x402.png?fit=715%2C402&ssl=1","jetpack-related-posts":[{"id":17071,"url":"https:\/\/noticiasribeiraopreto.com.br\/index.php\/2023\/12\/17\/giro-corporativo-noticias-sobre-petrobras-braskem-americanas-e-123-milhas-que-podem-mexer-com-seu-bolso-e-seus-investimentos\/","url_meta":{"origin":10572,"position":0},"title":"Giro corporativo: not\u00edcias sobre Petrobras, Braskem, Americanas e 123 Milhas que podem mexer com seu bolso \u2014 e seus investimentos","author":"noticiasribeiraopreto.com.br","date":"17 de December de 2023","format":false,"excerpt":"Restam duas semanas para o fim do ano e o notici\u00e1rio corporativo j\u00e1 come\u00e7ou a perder for\u00e7a. Ainda assim, o Seu Dinheiro separou not\u00edcias envolvendo a Petrobras (PETR4), a Braskem (BRKM5), a Americanas (AMER3) e a 123 Milhas. S\u00e3o informa\u00e7\u00f5es que vieram \u00e0 tona durante o fim de semana e\u2026","rel":"","context":"In &quot;Dinheiro e Investimento&quot;","block_context":{"text":"Dinheiro e Investimento","link":"https:\/\/noticiasribeiraopreto.com.br\/index.php\/category\/dinheiro-e-investimento-como-fazer-como-ganhar\/"},"img":{"alt_text":"","src":"https:\/\/i0.wp.com\/noticiasribeiraopreto.com.br\/wp-content\/uploads\/2023\/12\/petrobras-petr3-petr4-petroleo-715x402.jpg?fit=715%2C402&ssl=1&resize=350%2C200","width":350,"height":200,"srcset":"https:\/\/i0.wp.com\/noticiasribeiraopreto.com.br\/wp-content\/uploads\/2023\/12\/petrobras-petr3-petr4-petroleo-715x402.jpg?fit=715%2C402&ssl=1&resize=350%2C200 1x, https:\/\/i0.wp.com\/noticiasribeiraopreto.com.br\/wp-content\/uploads\/2023\/12\/petrobras-petr3-petr4-petroleo-715x402.jpg?fit=715%2C402&ssl=1&resize=525%2C300 1.5x, https:\/\/i0.wp.com\/noticiasribeiraopreto.com.br\/wp-content\/uploads\/2023\/12\/petrobras-petr3-petr4-petroleo-715x402.jpg?fit=715%2C402&ssl=1&resize=700%2C400 2x"},"classes":[]},{"id":72370,"url":"https:\/\/noticiasribeiraopreto.com.br\/index.php\/2025\/06\/16\/pix-automatico-descubra-como-usar-e-quais-sao-as-regras\/","url_meta":{"origin":10572,"position":1},"title":"Pix autom\u00e1tico: Descubra como usar e quais s\u00e3o as regras","author":"noticiasribeiraopreto.com.br","date":"16 de June de 2025","format":false,"excerpt":"O pix autom\u00e1tico come\u00e7ou a funcionar nesta segunda-feira (16). A nova modalidade permite o pagamento autom\u00e1tico de contas recorrentes diretamente do banco do cliente, sem precisar repetir a opera\u00e7\u00e3o todos os meses. A ferramenta funciona como uma alternativa ao d\u00e9bito autom\u00e1tico tradicional e tamb\u00e9m ao cart\u00e3o de cr\u00e9dito, sendo \u00fatil\u2026","rel":"","context":"In &quot;Not\u00edcias de Ribeir\u00e3o Preto-SP e Regi\u00e3o&quot;","block_context":{"text":"Not\u00edcias de Ribeir\u00e3o Preto-SP e Regi\u00e3o","link":"https:\/\/noticiasribeiraopreto.com.br\/index.php\/category\/noticias-de-ribeirao-preto-sp-e-regiao-ismael-colosi\/"},"img":{"alt_text":"","src":"https:\/\/i0.wp.com\/noticiasribeiraopreto.com.br\/wp-content\/uploads\/2025\/06\/mg_5213_2025-02-27_12-55-31.webp.webp?fit=1170%2C700&ssl=1&resize=350%2C200","width":350,"height":200,"srcset":"https:\/\/i0.wp.com\/noticiasribeiraopreto.com.br\/wp-content\/uploads\/2025\/06\/mg_5213_2025-02-27_12-55-31.webp.webp?fit=1170%2C700&ssl=1&resize=350%2C200 1x, https:\/\/i0.wp.com\/noticiasribeiraopreto.com.br\/wp-content\/uploads\/2025\/06\/mg_5213_2025-02-27_12-55-31.webp.webp?fit=1170%2C700&ssl=1&resize=525%2C300 1.5x, https:\/\/i0.wp.com\/noticiasribeiraopreto.com.br\/wp-content\/uploads\/2025\/06\/mg_5213_2025-02-27_12-55-31.webp.webp?fit=1170%2C700&ssl=1&resize=700%2C400 2x, https:\/\/i0.wp.com\/noticiasribeiraopreto.com.br\/wp-content\/uploads\/2025\/06\/mg_5213_2025-02-27_12-55-31.webp.webp?fit=1170%2C700&ssl=1&resize=1050%2C600 3x"},"classes":[]},{"id":70337,"url":"https:\/\/noticiasribeiraopreto.com.br\/index.php\/2025\/05\/25\/pode-cobrar-multas-por-infracoes-junto-com-taxas-ordinarias\/","url_meta":{"origin":10572,"position":2},"title":"Pode cobrar multas por infra\u00e7\u00f5es junto com taxas ordin\u00e1rias?","author":"noticiasribeiraopreto.com.br","date":"25 de May de 2025","format":false,"excerpt":"A pr\u00e1tica de incluir multas por infra\u00e7\u00f5es condominiais nos mesmos boletos das taxas ordin\u00e1rias tem gerado grande controv\u00e9rsia no meio jur\u00eddico e entre moradores de condom\u00ednios em todo o pa\u00eds. A discuss\u00e3o gira em torno da legalidade dessa cobran\u00e7a conjunta e dos impactos que ela tem sobre os direitos dos\u2026","rel":"","context":"In &quot;Not\u00edcias de Ribeir\u00e3o Preto-SP e Regi\u00e3o&quot;","block_context":{"text":"Not\u00edcias de Ribeir\u00e3o Preto-SP e Regi\u00e3o","link":"https:\/\/noticiasribeiraopreto.com.br\/index.php\/category\/noticias-de-ribeirao-preto-sp-e-regiao-ismael-colosi\/"},"img":{"alt_text":"","src":"https:\/\/i0.wp.com\/noticiasribeiraopreto.com.br\/wp-content\/uploads\/2025\/05\/DR-MARCIO-SPIMPOLO_2025-05-16_17-40-37.webp.webp?fit=997%2C718&ssl=1&resize=350%2C200","width":350,"height":200,"srcset":"https:\/\/i0.wp.com\/noticiasribeiraopreto.com.br\/wp-content\/uploads\/2025\/05\/DR-MARCIO-SPIMPOLO_2025-05-16_17-40-37.webp.webp?fit=997%2C718&ssl=1&resize=350%2C200 1x, https:\/\/i0.wp.com\/noticiasribeiraopreto.com.br\/wp-content\/uploads\/2025\/05\/DR-MARCIO-SPIMPOLO_2025-05-16_17-40-37.webp.webp?fit=997%2C718&ssl=1&resize=525%2C300 1.5x, https:\/\/i0.wp.com\/noticiasribeiraopreto.com.br\/wp-content\/uploads\/2025\/05\/DR-MARCIO-SPIMPOLO_2025-05-16_17-40-37.webp.webp?fit=997%2C718&ssl=1&resize=700%2C400 2x"},"classes":[]},{"id":18481,"url":"https:\/\/noticiasribeiraopreto.com.br\/index.php\/2023\/12\/20\/milhas-tambem-podem-ser-usadas-para-resgate-de-passagens-de-onibus\/","url_meta":{"origin":10572,"position":3},"title":"Milhas tamb\u00e9m podem ser usadas para resgate de passagens de \u00f4nibus","author":"noticiasribeiraopreto.com.br","date":"20 de December de 2023","format":false,"excerpt":"Quando se fala em milhas, o que vem \u00e0 cabe\u00e7a \u00e9 a troca de milhas por bilhetes a\u00e9reos, mas com elas tamb\u00e9m \u00e9 poss\u00edvel resgatar passagens rodovi\u00e1rias. Uma parceria entre a plataforma de vendas de passagens online Mobif\u00e1cil e a Smiles \u2013programa de fidelidade da Gol\u2013 permite o uso de\u2026","rel":"","context":"In &quot;Variedades&quot;","block_context":{"text":"Variedades","link":"https:\/\/noticiasribeiraopreto.com.br\/index.php\/category\/variedades\/"},"img":{"alt_text":"","src":"https:\/\/i0.wp.com\/noticiasribeiraopreto.com.br\/wp-content\/uploads\/2023\/12\/passagem-de-onibus.jpg?fit=1200%2C638&ssl=1&resize=350%2C200","width":350,"height":200,"srcset":"https:\/\/i0.wp.com\/noticiasribeiraopreto.com.br\/wp-content\/uploads\/2023\/12\/passagem-de-onibus.jpg?fit=1200%2C638&ssl=1&resize=350%2C200 1x, https:\/\/i0.wp.com\/noticiasribeiraopreto.com.br\/wp-content\/uploads\/2023\/12\/passagem-de-onibus.jpg?fit=1200%2C638&ssl=1&resize=525%2C300 1.5x, https:\/\/i0.wp.com\/noticiasribeiraopreto.com.br\/wp-content\/uploads\/2023\/12\/passagem-de-onibus.jpg?fit=1200%2C638&ssl=1&resize=700%2C400 2x, https:\/\/i0.wp.com\/noticiasribeiraopreto.com.br\/wp-content\/uploads\/2023\/12\/passagem-de-onibus.jpg?fit=1200%2C638&ssl=1&resize=1050%2C600 3x"},"classes":[]},{"id":14682,"url":"https:\/\/noticiasribeiraopreto.com.br\/index.php\/2023\/12\/12\/justica-nega-pedido-do-safra-para-anular-assembleia-de-credores-da-americanas\/","url_meta":{"origin":10572,"position":4},"title":"Justi\u00e7a nega pedido do Safra para anular assembleia de credores da Americanas","author":"noticiasribeiraopreto.com.br","date":"12 de December de 2023","format":false,"excerpt":"A Justi\u00e7a do Rio de Janeiro negou o pedido do Banco Safra para anular a assembleia geral de credores que vai discutir o Plano de Recupera\u00e7\u00e3o Judicial da Americanas. Na peti\u00e7\u00e3o, o banco denunciava cinco tentativas de fraude no acordo e questionava a data da assembleia de credores. Para os\u2026","rel":"","context":"In &quot;Dinheiro e Investimento&quot;","block_context":{"text":"Dinheiro e Investimento","link":"https:\/\/noticiasribeiraopreto.com.br\/index.php\/category\/dinheiro-e-investimento-como-fazer-como-ganhar\/"},"img":{"alt_text":"","src":"https:\/\/i0.wp.com\/noticiasribeiraopreto.com.br\/wp-content\/uploads\/2023\/12\/Americanas-Foto-2021-Credito-Divulgacao-scaled-1-715x402.jpg?fit=715%2C402&ssl=1&resize=350%2C200","width":350,"height":200,"srcset":"https:\/\/i0.wp.com\/noticiasribeiraopreto.com.br\/wp-content\/uploads\/2023\/12\/Americanas-Foto-2021-Credito-Divulgacao-scaled-1-715x402.jpg?fit=715%2C402&ssl=1&resize=350%2C200 1x, https:\/\/i0.wp.com\/noticiasribeiraopreto.com.br\/wp-content\/uploads\/2023\/12\/Americanas-Foto-2021-Credito-Divulgacao-scaled-1-715x402.jpg?fit=715%2C402&ssl=1&resize=525%2C300 1.5x, https:\/\/i0.wp.com\/noticiasribeiraopreto.com.br\/wp-content\/uploads\/2023\/12\/Americanas-Foto-2021-Credito-Divulgacao-scaled-1-715x402.jpg?fit=715%2C402&ssl=1&resize=700%2C400 2x"},"classes":[]},{"id":35383,"url":"https:\/\/noticiasribeiraopreto.com.br\/index.php\/2024\/02\/06\/qual-banco-tem-a-taxa-do-pix-mais-barata-para-empresas\/","url_meta":{"origin":10572,"position":5},"title":"Qual banco tem a taxa do pix mais barata para empresas?","author":"noticiasribeiraopreto.com.br","date":"6 de February de 2024","format":false,"excerpt":"A taxa do pix para CNPJ \u00e9 um fator que os empreendedores devem analisar no momento de incluir os pagamentos instant\u00e2neos no seu estabelecimento.\u00a0Em um mundo cada vez mais digital, as transa\u00e7\u00f5es financeiras est\u00e3o passando por uma revolu\u00e7\u00e3o, e o PIX se tornou uma das estrelas dessa transforma\u00e7\u00e3o. Esse sistema\u2026","rel":"","context":"In &quot;Dinheiro e Investimento&quot;","block_context":{"text":"Dinheiro e Investimento","link":"https:\/\/noticiasribeiraopreto.com.br\/index.php\/category\/dinheiro-e-investimento-como-fazer-como-ganhar\/"},"img":{"alt_text":"","src":"https:\/\/i0.wp.com\/noticiasribeiraopreto.com.br\/wp-content\/uploads\/2024\/02\/7.png?fit=750%2C500&ssl=1&resize=350%2C200","width":350,"height":200,"srcset":"https:\/\/i0.wp.com\/noticiasribeiraopreto.com.br\/wp-content\/uploads\/2024\/02\/7.png?fit=750%2C500&ssl=1&resize=350%2C200 1x, https:\/\/i0.wp.com\/noticiasribeiraopreto.com.br\/wp-content\/uploads\/2024\/02\/7.png?fit=750%2C500&ssl=1&resize=525%2C300 1.5x, https:\/\/i0.wp.com\/noticiasribeiraopreto.com.br\/wp-content\/uploads\/2024\/02\/7.png?fit=750%2C500&ssl=1&resize=700%2C400 2x"},"classes":[]}],"jetpack_sharing_enabled":true,"jetpack_shortlink":"https:\/\/wp.me\/peQAOb-2Kw","_links":{"self":[{"href":"https:\/\/noticiasribeiraopreto.com.br\/index.php\/wp-json\/wp\/v2\/posts\/10572","targetHints":{"allow":["GET"]}}],"collection":[{"href":"https:\/\/noticiasribeiraopreto.com.br\/index.php\/wp-json\/wp\/v2\/posts"}],"about":[{"href":"https:\/\/noticiasribeiraopreto.com.br\/index.php\/wp-json\/wp\/v2\/types\/post"}],"author":[{"embeddable":true,"href":"https:\/\/noticiasribeiraopreto.com.br\/index.php\/wp-json\/wp\/v2\/users\/1"}],"replies":[{"embeddable":true,"href":"https:\/\/noticiasribeiraopreto.com.br\/index.php\/wp-json\/wp\/v2\/comments?post=10572"}],"version-history":[{"count":0,"href":"https:\/\/noticiasribeiraopreto.com.br\/index.php\/wp-json\/wp\/v2\/posts\/10572\/revisions"}],"wp:featuredmedia":[{"embeddable":true,"href":"https:\/\/noticiasribeiraopreto.com.br\/index.php\/wp-json\/wp\/v2\/media\/10573"}],"wp:attachment":[{"href":"https:\/\/noticiasribeiraopreto.com.br\/index.php\/wp-json\/wp\/v2\/media?parent=10572"}],"wp:term":[{"taxonomy":"category","embeddable":true,"href":"https:\/\/noticiasribeiraopreto.com.br\/index.php\/wp-json\/wp\/v2\/categories?post=10572"},{"taxonomy":"post_tag","embeddable":true,"href":"https:\/\/noticiasribeiraopreto.com.br\/index.php\/wp-json\/wp\/v2\/tags?post=10572"}],"curies":[{"name":"wp","href":"https:\/\/api.w.org\/{rel}","templated":true}]}}