{"id":10578,"date":"2023-12-04T18:52:08","date_gmt":"2023-12-04T21:52:08","guid":{"rendered":"https:\/\/noticiasribeiraopreto.com.br\/index.php\/2023\/12\/04\/campanha-alerta-para-riscos-do-glaucoma-e-importancia-da-prevencao\/"},"modified":"2023-12-04T18:52:08","modified_gmt":"2023-12-04T21:52:08","slug":"campanha-alerta-para-riscos-do-glaucoma-e-importancia-da-prevencao","status":"publish","type":"post","link":"https:\/\/noticiasribeiraopreto.com.br\/index.php\/2023\/12\/04\/campanha-alerta-para-riscos-do-glaucoma-e-importancia-da-prevencao\/","title":{"rendered":"Campanha alerta para riscos do glaucoma e import\u00e2ncia da preven\u00e7\u00e3o \u2013 Folha de Ribeir\u00e3o"},"content":{"rendered":"<div class='code-block code-block-1' style='margin: 8px 0 8px auto; text-align: right; display: block; clear: both;'>\n<p><a href=\"https:\/\/wa.link\/vpicfd\"><img data-recalc-dims=\"1\" class=\"wp-image-4922\" style=\"aspect-ratio: 2.0253164556962027; width: 561px; height: auto;\" src=\"https:\/\/i0.wp.com\/ismaelcolosi.com.br\/wp-content\/uploads\/2023\/11\/grupo-de-empregos-whatsapp-e-facebook-ismael-colosi-vagas.jpg?ssl=1\" alt=\"\" \/><\/a><\/p>\n<!-- \/wp:image -->\n<\/div>\n<p> <br \/>\n<\/p>\n<div>\n<p>Entre\u00a0os dias 7 e 15 de dezembro, quem for aos cinemas de 125 cidades do Brasil assistir\u00e1\u00a0a\u00a0filme de 29 segundos com\u00a0alerta sobre os riscos do glaucoma, causa mais comum da cegueira irrevers\u00edvel no mundo. A campanha da Sociedade Brasileira de Glaucoma (SBG) quer mostrar a import\u00e2ncia dos exames\u00a0preventivos com oftalmologista. \u00a0\u00a0<img data-recalc-dims=\"1\" decoding=\"async\" src=\"https:\/\/i0.wp.com\/agenciabrasil.ebc.com.br\/ebc.gif?ssl=1\"\/><\/p>\n<p>A ideia da campanha\u00a0nos cinemas \u00e9\u00a0mostrar o que pode se perder ao deixar a doen\u00e7a\u00a0avan\u00e7ar.\u00a0\u201cInfelizmente, no glaucoma a perda de vis\u00e3o \u00e9 definitiva. No cinema, que \u00e9 uma arte t\u00e3o querida por todos, onde vemos imagens bel\u00edssimas, o paciente com a vis\u00e3o ruim, n\u00e3o consegue aproveitar. Ent\u00e3o quisemos chocar as pessoas. Quase 150 mil pessoas ser\u00e3o impactadas por essa a\u00e7\u00e3o e o objetivo \u00e9 informar que existe essa doen\u00e7a e fazer com que as pessoas procurem o oftalmologista para iniciar o tratamento o mais cedo poss\u00edvel\u201d, disse o presidente da Sociedade Brasileira de Glaucoma (SBG), Roberto Galv\u00e3o Filho.<\/p>\n<p>Apesar de ser a mais comum causa de cegueira o glaucoma ainda \u00e9 desconhecido por grande parte da popula\u00e7\u00e3o. Segundo uma pesquisa realizada por oftalmologistas ligados \u00e0 SBG, com 1.636 indiv\u00edduos, 90% ignoravam que j\u00e1 apresentavam sinais de risco da doen\u00e7a. As estimativas da SBG mostram que 2,5 milh\u00f5es de pessoas vivem com a doen\u00e7a no pa\u00eds.<\/p>\n<p>Segundo a SBG, no mundo, h\u00e1 pelo menos 3,6 milh\u00f5es de cegos e 4,1 milh\u00f5es de indiv\u00edduos com defici\u00eancia visual moderada a grave devido ao glaucoma. Estima-se que 2040, o n\u00famero de pessoas com glaucoma em todo o planeta chegar\u00e1 a 114 milh\u00f5es. De 1% a\u00a02% da popula\u00e7\u00e3o ter\u00e1 a doen\u00e7a. Quando se considera os indiv\u00edduos acima dos 70 anos,\u00a0esse percentual sobe para 6% a\u00a07%.<\/p>\n<p>Os dados do dossi\u00ea elaborado pela SBG, indicam que em 2022 foram realizadas 10.805.942 consultas oftalmol\u00f3gicas pelo SUS, em todo o Brasil. Como o SUS atende 76% da popula\u00e7\u00e3o (24% t\u00eam cobertura de planos de sa\u00fade), o que corresponde a cerca de 163 milh\u00f5es de brasileiros, o percentual de indiv\u00edduos que visitaram o oftalmologista uma vez por ano fica em torno de 6,7%.<\/p>\n<p>\u201cPor isso, os casos no Brasil s\u00e3o descobertos t\u00e3o tarde. E o glaucoma descoberto tardiamente \u00e9 mais dif\u00edcil e mais caro para tratar. \u00c9 quatro vezes mais caro tratar um glaucoma avan\u00e7ado do que um inicial. Al\u00e9m disso, os pacientes sofrem mais porque os defeitos visuais s\u00e3o irrevers\u00edveis. E isso implica em mais acidente de tr\u00e2nsito, mais quedas e mais custo para o estado\u201d, enfatizou Galv\u00e3o.<\/p>\n<h2>Sintomas e tratamento<\/h2>\n<p>O glaucoma n\u00e3o tem cura, mas, com diagn\u00f3stico precoce, \u00e9 poss\u00edvel conter o avan\u00e7o da doen\u00e7a. Por isso, a consulta anual ao oftalmologista \u00e9 t\u00e3o importante. A doen\u00e7a afeta a vis\u00e3o das laterais para o centro do olho e por isso o indiv\u00edduo n\u00e3o percebe que h\u00e1 algo errado, podendo se dar conta apenas quando at\u00e9 60% do nervo \u00f3tico j\u00e1 estiver destru\u00eddo. \u201cAs pessoas simplesmente n\u00e3o percebem que a vis\u00e3o est\u00e1 sumindo. Elas s\u00f3 percebem quando come\u00e7am a bater no carro, esbarrar nas pessoas, na lateral de m\u00f3vel, isso quando o campo visual perif\u00e9rico est\u00e1 danificado\u201d, explicou.<\/p>\n<p>A doen\u00e7a pode atingir pessoas de qualquer idade e normalmente \u00e9 causada pelo aumento da\u00a0 press\u00e3o intraocular, que tamb\u00e9m passa desapercebida pelo paciente. \u201cO glaucoma n\u00e3o tem sintomas, mas tem sinais. Quando eu vejo o paciente no consult\u00f3rio, um dos primeiros sinais de glaucoma \u00e9 a press\u00e3o intraocular elevada\u201d. Outros aspectos que tamb\u00e9m podem ser observados em um exame no consult\u00f3rio s\u00e3o defeitos no nervo \u00f3tico e no fundo de olho, como aumento da escava\u00e7\u00e3o, sangramento e assimetrias de escava\u00e7\u00e3o. Ao notar esses sinais, o m\u00e9dico deve pedir exames mais detalhados.<\/p>\n<p>Segundo o m\u00e9dico, o glaucoma n\u00e3o tem um tratamento espec\u00edfico e definitivo, e \u00e9 muito dif\u00edcil controlar, mas \u00e9 poss\u00edvel estacionar a doen\u00e7a e a perda de campo visual. Al\u00e9m da press\u00e3o intraocular elevada, s\u00e3o fatores de risco o diabetes, a hipertens\u00e3o arterial e miopia. Pessoas negras tamb\u00e9m precisam ficar atentas, pois t\u00eam maior predisposi\u00e7\u00e3o a desenvolver o glaucoma. \u00a0\u201cSe a pessoa tem um desses fatores de risco presentes, precisa ir ao oftalmologista uma vez ao ano\u201d, disse Galv\u00e3o.<\/p>\n<p>O presidente da SBG enfatizou ainda que todo o tratamento para o glaucoma est\u00e1 dispon\u00edvel no SUS para pacientes de qualquer localidade do Brasil. \u201cSe prescrito por um m\u00e9dico, o paciente tem a possibilidade de fazer o tratamento no SUS, incluindo desde os col\u00edrios que alguns estados at\u00e9 fornecem gratuitamente, at\u00e9 o tratamento com laser e cirurgias\u201d, finalizou.<\/p>\n<\/p><\/div>\n<p><br \/>\n<br \/><a href=\"https:\/\/folhaderibeirao.com.br\/2023\/12\/04\/campanha-alerta-para-riscos-do-glaucoma-e-importancia-da-prevencao\/\">Source link <\/a><\/p>\n<!-- CONTENT END 1 -->\n","protected":false},"excerpt":{"rendered":"<p>Entre\u00a0os dias 7 e 15 de dezembro, quem for aos cinemas de 125 cidades do Brasil assistir\u00e1\u00a0a\u00a0filme de 29 segundos com\u00a0alerta sobre os riscos do&#8230;<\/p>\n","protected":false},"author":1,"featured_media":10579,"comment_status":"open","ping_status":"open","sticky":false,"template":"","format":"standard","meta":{"advanced_seo_description":"","jetpack_seo_html_title":"","jetpack_seo_noindex":false,"jetpack_post_was_ever_published":false,"_jetpack_newsletter_access":"","_jetpack_dont_email_post_to_subs":false,"_jetpack_newsletter_tier_id":0,"_jetpack_memberships_contains_paywalled_content":false,"_jetpack_memberships_contains_paid_content":false,"footnotes":"","jetpack_publicize_message":"","jetpack_publicize_feature_enabled":true,"jetpack_social_post_already_shared":true,"jetpack_social_options":{"image_generator_settings":{"template":"highway","default_image_id":0,"font":"","enabled":false},"version":2}},"categories":[11],"tags":[163,832,753,1391,1443,71,1444,26,1390],"class_list":["post-10578","post","type-post","status-publish","format-standard","has-post-thumbnail","hentry","category-noticias-de-ribeirao-preto-sp-e-regiao-ismael-colosi","tag-alerta","tag-campanha","tag-folha","tag-glaucoma","tag-importancia","tag-para","tag-prevencao","tag-ribeirao","tag-riscos"],"jetpack_publicize_connections":[],"jetpack_featured_media_url":"https:\/\/i0.wp.com\/noticiasribeiraopreto.com.br\/wp-content\/uploads\/2023\/12\/1701726730_ebc.png?fit=1%2C1&ssl=1","jetpack-related-posts":[{"id":10288,"url":"https:\/\/noticiasribeiraopreto.com.br\/index.php\/2023\/12\/04\/campanha-alerta-para-riscos-do-glaucoma-2\/","url_meta":{"origin":10578,"position":0},"title":"Campanha alerta para riscos do glaucoma","author":"noticiasribeiraopreto.com.br","date":"4 de December de 2023","format":false,"excerpt":"Entre\u00a0os dias 7 e 15 de dezembro, quem for aos cinemas de 125 cidades do Brasil assistir\u00e1\u00a0a\u00a0filme de 29 segundos com\u00a0alerta sobre os riscos do glaucoma, causa mais comum da cegueira irrevers\u00edvel no mundo. A campanha da Sociedade Brasileira de Glaucoma (SBG) quer mostrar a import\u00e2ncia dos exames\u00a0preventivos com oftalmologista.\u2026","rel":"","context":"In &quot;Not\u00edcias de Ribeir\u00e3o Preto-SP e Regi\u00e3o&quot;","block_context":{"text":"Not\u00edcias de Ribeir\u00e3o Preto-SP e Regi\u00e3o","link":"https:\/\/noticiasribeiraopreto.com.br\/index.php\/category\/noticias-de-ribeirao-preto-sp-e-regiao-ismael-colosi\/"},"img":{"alt_text":"","src":"https:\/\/i0.wp.com\/noticiasribeiraopreto.com.br\/wp-content\/uploads\/2023\/12\/glaucoma-scaled.jpg?fit=1000%2C598&ssl=1&resize=350%2C200","width":350,"height":200,"srcset":"https:\/\/i0.wp.com\/noticiasribeiraopreto.com.br\/wp-content\/uploads\/2023\/12\/glaucoma-scaled.jpg?fit=1000%2C598&ssl=1&resize=350%2C200 1x, https:\/\/i0.wp.com\/noticiasribeiraopreto.com.br\/wp-content\/uploads\/2023\/12\/glaucoma-scaled.jpg?fit=1000%2C598&ssl=1&resize=525%2C300 1.5x, https:\/\/i0.wp.com\/noticiasribeiraopreto.com.br\/wp-content\/uploads\/2023\/12\/glaucoma-scaled.jpg?fit=1000%2C598&ssl=1&resize=700%2C400 2x"},"classes":[]},{"id":10100,"url":"https:\/\/noticiasribeiraopreto.com.br\/index.php\/2023\/12\/03\/campanha-alerta-para-riscos-do-glaucoma\/","url_meta":{"origin":10578,"position":1},"title":"Campanha alerta para riscos do glaucoma","author":"noticiasribeiraopreto.com.br","date":"3 de December de 2023","format":false,"excerpt":"A Sociedade Brasileira de Glaucoma (SBG) lan\u00e7ou uma campanha de conscientiza\u00e7\u00e3o sobre a doen\u00e7a, que \u00e9 a causa mais comum da cegueira irrevers\u00edvel no mundo. A campanha, que vai at\u00e9 o dia 15 de dezembro, inclui um filme de 29 segundos que ser\u00e1 exibido nos cinemas de 125 cidades brasileiras.\u2026","rel":"","context":"In &quot;Variedades&quot;","block_context":{"text":"Variedades","link":"https:\/\/noticiasribeiraopreto.com.br\/index.php\/category\/variedades\/"},"img":{"alt_text":"","src":"https:\/\/i0.wp.com\/noticiasribeiraopreto.com.br\/wp-content\/uploads\/2023\/12\/istock-522550606-2.jpg?fit=1200%2C638&ssl=1&resize=350%2C200","width":350,"height":200,"srcset":"https:\/\/i0.wp.com\/noticiasribeiraopreto.com.br\/wp-content\/uploads\/2023\/12\/istock-522550606-2.jpg?fit=1200%2C638&ssl=1&resize=350%2C200 1x, https:\/\/i0.wp.com\/noticiasribeiraopreto.com.br\/wp-content\/uploads\/2023\/12\/istock-522550606-2.jpg?fit=1200%2C638&ssl=1&resize=525%2C300 1.5x, https:\/\/i0.wp.com\/noticiasribeiraopreto.com.br\/wp-content\/uploads\/2023\/12\/istock-522550606-2.jpg?fit=1200%2C638&ssl=1&resize=700%2C400 2x, https:\/\/i0.wp.com\/noticiasribeiraopreto.com.br\/wp-content\/uploads\/2023\/12\/istock-522550606-2.jpg?fit=1200%2C638&ssl=1&resize=1050%2C600 3x"},"classes":[]},{"id":65625,"url":"https:\/\/noticiasribeiraopreto.com.br\/index.php\/2025\/03\/22\/jornal-da-franca-unimed-franca-tem-prevencao-do-cancer-de-intestino-aos-clientes-com-mais-de-45-anos\/","url_meta":{"origin":10578,"position":2},"title":"Jornal da Franca &#8211; Unimed Franca tem preven\u00e7\u00e3o do c\u00e2ncer de intestino aos clientes com mais de 45 anos","author":"noticiasribeiraopreto.com.br","date":"22 de March de 2025","format":false,"excerpt":"Campanha realizada pela Unimed Franca em mar\u00e7o est\u00e1 oferecendo exames gratuitos para ampliar o diagn\u00f3stico precoce A Unimed Franca e o S\u00e3o Joaquim Hospital e Maternidade promovem, ao longo de mar\u00e7o, uma s\u00e9rie de a\u00e7\u00f5es para refor\u00e7ar a conscientiza\u00e7\u00e3o e ampliar o acesso a exames de preven\u00e7\u00e3o ao c\u00e2ncer de\u2026","rel":"","context":"In &quot;Not\u00edcias de Franca-SP&quot;","block_context":{"text":"Not\u00edcias de Franca-SP","link":"https:\/\/noticiasribeiraopreto.com.br\/index.php\/category\/noticias-de-ribeirao-preto-sp-e-regiao-ismael-colosi\/noticias-franca-sp\/"},"img":{"alt_text":"","src":"https:\/\/i0.wp.com\/noticiasribeiraopreto.com.br\/wp-content\/uploads\/2025\/03\/sao-joaquim.jpg?fit=984%2C546&ssl=1&resize=350%2C200","width":350,"height":200,"srcset":"https:\/\/i0.wp.com\/noticiasribeiraopreto.com.br\/wp-content\/uploads\/2025\/03\/sao-joaquim.jpg?fit=984%2C546&ssl=1&resize=350%2C200 1x, https:\/\/i0.wp.com\/noticiasribeiraopreto.com.br\/wp-content\/uploads\/2025\/03\/sao-joaquim.jpg?fit=984%2C546&ssl=1&resize=525%2C300 1.5x, https:\/\/i0.wp.com\/noticiasribeiraopreto.com.br\/wp-content\/uploads\/2025\/03\/sao-joaquim.jpg?fit=984%2C546&ssl=1&resize=700%2C400 2x"},"classes":[]},{"id":68998,"url":"https:\/\/noticiasribeiraopreto.com.br\/index.php\/2025\/05\/01\/jornal-da-franca-alta-dos-casos-de-diabetes-compromete-a-visao-de-brasileiros\/","url_meta":{"origin":10578,"position":3},"title":"Jornal da Franca &#8211; Alta dos casos de diabetes compromete a vis\u00e3o de brasileiros","author":"noticiasribeiraopreto.com.br","date":"1 de May de 2025","format":false,"excerpt":"compartilhar no whatsapp compartilhar no telegram compartilhar no facebook compartilhar no linkedin Brasil ocupa a sexta posi\u00e7\u00e3o no mundo em diabetes que aumenta o risco de graves doen\u00e7as nos olhos Diabetes pode causar altera\u00e7\u00f5es na sa\u00fade ocular \u2013 foto Arquivo \u00a0 O Brasil tem 16,6 milh\u00f5es de diab\u00e9ticos e ocupa\u2026","rel":"","context":"In &quot;Not\u00edcias de Franca-SP&quot;","block_context":{"text":"Not\u00edcias de Franca-SP","link":"https:\/\/noticiasribeiraopreto.com.br\/index.php\/category\/noticias-de-ribeirao-preto-sp-e-regiao-ismael-colosi\/noticias-franca-sp\/"},"img":{"alt_text":"","src":"https:\/\/i0.wp.com\/noticiasribeiraopreto.com.br\/wp-content\/uploads\/2025\/05\/diabetes-scaled.jpg?fit=1200%2C800&ssl=1&resize=350%2C200","width":350,"height":200,"srcset":"https:\/\/i0.wp.com\/noticiasribeiraopreto.com.br\/wp-content\/uploads\/2025\/05\/diabetes-scaled.jpg?fit=1200%2C800&ssl=1&resize=350%2C200 1x, https:\/\/i0.wp.com\/noticiasribeiraopreto.com.br\/wp-content\/uploads\/2025\/05\/diabetes-scaled.jpg?fit=1200%2C800&ssl=1&resize=525%2C300 1.5x, https:\/\/i0.wp.com\/noticiasribeiraopreto.com.br\/wp-content\/uploads\/2025\/05\/diabetes-scaled.jpg?fit=1200%2C800&ssl=1&resize=700%2C400 2x, https:\/\/i0.wp.com\/noticiasribeiraopreto.com.br\/wp-content\/uploads\/2025\/05\/diabetes-scaled.jpg?fit=1200%2C800&ssl=1&resize=1050%2C600 3x"},"classes":[]},{"id":61074,"url":"https:\/\/noticiasribeiraopreto.com.br\/index.php\/2024\/12\/03\/geriatra-alerta-para-crescente-numero-de-casos-de-hiv-entre-idosos\/","url_meta":{"origin":10578,"position":4},"title":"Geriatra Alerta para Crescente N\u00famero de Casos de HIV entre Idosos","author":"noticiasribeiraopreto.com.br","date":"3 de December de 2024","format":false,"excerpt":"O aumento de casos de HIV entre idosos tem chamado a aten\u00e7\u00e3o de especialistas da \u00e1rea da sa\u00fade no Brasil. Segundo dados apresentados em um evento nacional de sa\u00fade p\u00fablica, a popula\u00e7\u00e3o acima dos 60 anos tem registrado uma alta significativa no n\u00famero de diagn\u00f3sticos nos \u00faltimos anos. A geriatra\u2026","rel":"","context":"In &quot;Not\u00edcias de Ribeir\u00e3o Preto-SP e Regi\u00e3o&quot;","block_context":{"text":"Not\u00edcias de Ribeir\u00e3o Preto-SP e Regi\u00e3o","link":"https:\/\/noticiasribeiraopreto.com.br\/index.php\/category\/noticias-de-ribeirao-preto-sp-e-regiao-ismael-colosi\/"},"img":{"alt_text":"","src":"https:\/\/i0.wp.com\/noticiasribeiraopreto.com.br\/wp-content\/uploads\/2024\/12\/cartilha-vacinahiv.webp.webp?fit=1170%2C700&ssl=1&resize=350%2C200","width":350,"height":200,"srcset":"https:\/\/i0.wp.com\/noticiasribeiraopreto.com.br\/wp-content\/uploads\/2024\/12\/cartilha-vacinahiv.webp.webp?fit=1170%2C700&ssl=1&resize=350%2C200 1x, https:\/\/i0.wp.com\/noticiasribeiraopreto.com.br\/wp-content\/uploads\/2024\/12\/cartilha-vacinahiv.webp.webp?fit=1170%2C700&ssl=1&resize=525%2C300 1.5x, https:\/\/i0.wp.com\/noticiasribeiraopreto.com.br\/wp-content\/uploads\/2024\/12\/cartilha-vacinahiv.webp.webp?fit=1170%2C700&ssl=1&resize=700%2C400 2x, https:\/\/i0.wp.com\/noticiasribeiraopreto.com.br\/wp-content\/uploads\/2024\/12\/cartilha-vacinahiv.webp.webp?fit=1170%2C700&ssl=1&resize=1050%2C600 3x"},"classes":[]},{"id":60031,"url":"https:\/\/noticiasribeiraopreto.com.br\/index.php\/2024\/11\/04\/ribeirao-preto-aprova-campanha-permanente-de-incentivo-a-doacao-de-leite-materno\/","url_meta":{"origin":10578,"position":5},"title":"Ribeir\u00e3o Preto Aprova Campanha Permanente de Incentivo \u00e0 Doa\u00e7\u00e3o de Leite Materno","author":"noticiasribeiraopreto.com.br","date":"4 de November de 2024","format":false,"excerpt":"A C\u00e2mara Municipal de Ribeir\u00e3o Preto aprovou um projeto de lei que institui uma campanha permanente de incentivo \u00e0 doa\u00e7\u00e3o de leite materno na cidade. A medida visa promover a conscientiza\u00e7\u00e3o da popula\u00e7\u00e3o sobre a import\u00e2ncia dessa doa\u00e7\u00e3o, essencial para a sa\u00fade de rec\u00e9m-nascidos prematuros e beb\u00eas internados em unidades\u2026","rel":"","context":"In &quot;Not\u00edcias de Ribeir\u00e3o Preto-SP e Regi\u00e3o&quot;","block_context":{"text":"Not\u00edcias de Ribeir\u00e3o Preto-SP e Regi\u00e3o","link":"https:\/\/noticiasribeiraopreto.com.br\/index.php\/category\/noticias-de-ribeirao-preto-sp-e-regiao-ismael-colosi\/"},"img":{"alt_text":"","src":"https:\/\/i0.wp.com\/noticiasribeiraopreto.com.br\/wp-content\/uploads\/2024\/11\/DSC8272-scaled.jpg?fit=1200%2C800&ssl=1&resize=350%2C200","width":350,"height":200,"srcset":"https:\/\/i0.wp.com\/noticiasribeiraopreto.com.br\/wp-content\/uploads\/2024\/11\/DSC8272-scaled.jpg?fit=1200%2C800&ssl=1&resize=350%2C200 1x, https:\/\/i0.wp.com\/noticiasribeiraopreto.com.br\/wp-content\/uploads\/2024\/11\/DSC8272-scaled.jpg?fit=1200%2C800&ssl=1&resize=525%2C300 1.5x, https:\/\/i0.wp.com\/noticiasribeiraopreto.com.br\/wp-content\/uploads\/2024\/11\/DSC8272-scaled.jpg?fit=1200%2C800&ssl=1&resize=700%2C400 2x, https:\/\/i0.wp.com\/noticiasribeiraopreto.com.br\/wp-content\/uploads\/2024\/11\/DSC8272-scaled.jpg?fit=1200%2C800&ssl=1&resize=1050%2C600 3x"},"classes":[]}],"jetpack_sharing_enabled":true,"jetpack_shortlink":"https:\/\/wp.me\/peQAOb-2KC","_links":{"self":[{"href":"https:\/\/noticiasribeiraopreto.com.br\/index.php\/wp-json\/wp\/v2\/posts\/10578","targetHints":{"allow":["GET"]}}],"collection":[{"href":"https:\/\/noticiasribeiraopreto.com.br\/index.php\/wp-json\/wp\/v2\/posts"}],"about":[{"href":"https:\/\/noticiasribeiraopreto.com.br\/index.php\/wp-json\/wp\/v2\/types\/post"}],"author":[{"embeddable":true,"href":"https:\/\/noticiasribeiraopreto.com.br\/index.php\/wp-json\/wp\/v2\/users\/1"}],"replies":[{"embeddable":true,"href":"https:\/\/noticiasribeiraopreto.com.br\/index.php\/wp-json\/wp\/v2\/comments?post=10578"}],"version-history":[{"count":0,"href":"https:\/\/noticiasribeiraopreto.com.br\/index.php\/wp-json\/wp\/v2\/posts\/10578\/revisions"}],"wp:featuredmedia":[{"embeddable":true,"href":"https:\/\/noticiasribeiraopreto.com.br\/index.php\/wp-json\/wp\/v2\/media\/10579"}],"wp:attachment":[{"href":"https:\/\/noticiasribeiraopreto.com.br\/index.php\/wp-json\/wp\/v2\/media?parent=10578"}],"wp:term":[{"taxonomy":"category","embeddable":true,"href":"https:\/\/noticiasribeiraopreto.com.br\/index.php\/wp-json\/wp\/v2\/categories?post=10578"},{"taxonomy":"post_tag","embeddable":true,"href":"https:\/\/noticiasribeiraopreto.com.br\/index.php\/wp-json\/wp\/v2\/tags?post=10578"}],"curies":[{"name":"wp","href":"https:\/\/api.w.org\/{rel}","templated":true}]}}