{"id":10612,"date":"2023-12-04T19:59:36","date_gmt":"2023-12-04T22:59:36","guid":{"rendered":"https:\/\/noticiasribeiraopreto.com.br\/index.php\/2023\/12\/04\/endividamento-atinge-766-das-familias-brasileiras\/"},"modified":"2023-12-04T19:59:36","modified_gmt":"2023-12-04T22:59:36","slug":"endividamento-atinge-766-das-familias-brasileiras","status":"publish","type":"post","link":"https:\/\/noticiasribeiraopreto.com.br\/index.php\/2023\/12\/04\/endividamento-atinge-766-das-familias-brasileiras\/","title":{"rendered":"Endividamento atinge 76,6% das fam\u00edlias brasileiras"},"content":{"rendered":"<div class='code-block code-block-1' style='margin: 8px 0 8px auto; text-align: right; display: block; clear: both;'>\n<p><a href=\"https:\/\/wa.link\/vpicfd\"><img data-recalc-dims=\"1\" class=\"wp-image-4922\" style=\"aspect-ratio: 2.0253164556962027; width: 561px; height: auto;\" src=\"https:\/\/i0.wp.com\/ismaelcolosi.com.br\/wp-content\/uploads\/2023\/11\/grupo-de-empregos-whatsapp-e-facebook-ismael-colosi-vagas.jpg?ssl=1\" alt=\"\" \/><\/a><\/p>\n<!-- \/wp:image -->\n<\/div>\n<p> <br \/>\n<\/p>\n<div>\n<p>Ainda que em trajet\u00f3ria de queda pelo quinto m\u00eas consecutivo, o endividamento ainda alcan\u00e7a cerca de 76,6% das fam\u00edlias brasileiras, que t\u00eam d\u00edvidas a vencer em cart\u00e3o de cr\u00e9dito, cheque especial, carn\u00ea de loja, cr\u00e9dito consignado, empr\u00e9stimo pessoal, cheque pr\u00e9-datado e presta\u00e7\u00f5es de carro e da casa. O percentual referente ao m\u00eas de novembro representa um recuo de 0,5% no n\u00famero de endividados, em rela\u00e7\u00e3o ao m\u00eas anterior.<noscript><img data-recalc-dims=\"1\" decoding=\"async\" src=\"https:\/\/i0.wp.com\/agenciabrasil.ebc.com.br\/ebc.png?ssl=1\"\/><\/noscript><img data-recalc-dims=\"1\" decoding=\"async\" src=\"https:\/\/i0.wp.com\/agenciabrasil.ebc.com.br\/ebc.gif?ssl=1\" class=\"lazyload\"\/><noscript><img data-recalc-dims=\"1\" decoding=\"async\" src=\"https:\/\/i0.wp.com\/agenciabrasil.ebc.com.br\/ebc.gif?ssl=1\"\/><\/noscript><\/p>\n<p>Os dados fazem parte da Pesquisa de Endividamento e Inadimpl\u00eancia do Consumidor (Peic), divulgada nesta segunda-feira (4), pela Confedera\u00e7\u00e3o Nacional do Com\u00e9rcio de Bens, Servi\u00e7os e Turismo (CNC).<\/p>\n<p>A sensa\u00e7\u00e3o de melhora nas condi\u00e7\u00f5es econ\u00f4micas do pa\u00eds, segundo o presidente da CNC, Jos\u00e9 Roberto Tadros, pode estar por tr\u00e1s dessa queda. \u201cO progresso do mercado de trabalho, mesmo em menor escala, com a maior contrata\u00e7\u00e3o esperada neste per\u00edodo de fim de ano, vem favorecendo os or\u00e7amentos dom\u00e9sticos, indicando que menos pessoas est\u00e3o recorrendo ao cr\u00e9dito, pois est\u00e3o conseguindo arcar com as d\u00edvidas correntes\u201d, comentou.<\/p>\n<p><strong>Inadimpl\u00eancia<\/strong> \u2013 O \u00edndice de fam\u00edlias inadimplentes ficou em 29% e foi outro \u00edndice que apresentou queda em novembro. A redu\u00e7\u00e3o \u00e9 na compara\u00e7\u00e3o ao m\u00eas anterior, quando ficou em 29,7% e tamb\u00e9m ao mesmo m\u00eas do ano passado, de 30,3). De acordo com o economista-chefe da CNC e respons\u00e1vel pela pesquisa, Felipe Tavares, \u00e9 o menor patamar desde junho de 2022.<\/p>\n<p>Embora permane\u00e7a acima do n\u00edvel de novembro do ano passado, que registrou 10,9%, o n\u00famero de pessoas que relataram falta de condi\u00e7\u00f5es para pagar d\u00edvidas de meses anteriores caiu para 12,5%, enquanto em outubro era 13%. \u201cA queda, embora ainda pequena, traz um importante ind\u00edcio de efic\u00e1cia do programa Desenrola\u201d, avalia o economista.<\/p>\n<p>Dentro do n\u00famero geral de endividados, que apresentou queda, a faixa de renda m\u00e9dia, entre cinco e dez sal\u00e1rios m\u00ednimos, fez movimento contr\u00e1rio e teve alta do volume de pessoas endividadas, voltando aos n\u00edveis observados em novembro de 2022. Ainda assim, boa parte desses consumidores (35%) se considera \u201cpouco endividada\u201d. O grupo registrou tamb\u00e9m a quarta eleva\u00e7\u00e3o seguida de d\u00edvidas em atraso, chegando a 24,2%, o mais alto n\u00edvel da s\u00e9rie.<\/p>\n<p>O maior percentual de d\u00edvidas em atraso (36,6%) ficou com os consumidores de baixa renda, com at\u00e9 tr\u00eas sal\u00e1rios m\u00ednimos. Conforme o economista, esses consumidores s\u00e3o os que t\u00eam maior probabilidade de n\u00e3o conseguir arcar com essas d\u00edvidas, representando 17,2%. \u201cAgravando a situa\u00e7\u00e3o de inadimpl\u00eancia, esses consumidores t\u00eam uma alta depend\u00eancia de d\u00edvidas, comprometendo 31,9% de sua renda\u201d, completou.<\/p>\n<p>O cart\u00e3o de cr\u00e9dito ainda \u00e9 o mais usado pelos endividados, e atingiu 87,7% do total de devedores, o que significou aumento significativo na compara\u00e7\u00e3o com o mesmo per\u00edodo do ano anterior, quando ficou em 86,4%.<\/p>\n<p>Houve avan\u00e7os tamb\u00e9m no cr\u00e9dito consignado, de 0,5 ponto percentual (p.p.), e no financiamento imobili\u00e1rio, de 0,4 ponto percentual. As outras modalidades perderam representatividade na carteira de cr\u00e9dito dos consumidores.<\/p>\n<p><strong>G\u00eanero<\/strong> \u2013 A pesquisa mostrou ainda que embora a propor\u00e7\u00e3o de consumidores endividados em 1 ano tenha reduzido nos dois grupos de g\u00eanero, entre as mulheres o recuo foi mais expressivo, de 3,4 p.p., em rela\u00e7\u00e3o aos homens, de 1,5p.p..<\/p>\n<p>O total de mulheres endividadas permaneceu com a tend\u00eancia de queda na compara\u00e7\u00e3o ao m\u00eas de outubro. Em comportamento diferente, o endividamento entre os homens teve pequeno aumento, de 0,4 p.p.. As mulheres s\u00e3o tamb\u00e9m as que mais relataram dificuldades de quitar todas as d\u00edvidas em dia. Elas alcan\u00e7aram 30,1%, enquanto os homens chegaram a 28%.<\/p>\n<\/div>\n<p><br \/>\n<br \/><a href=\"https:\/\/www.tribunaribeirao.com.br\/site\/endividamento-atinge-766-das-familias-brasileiras\/\">Source link <\/a><\/p>\n<!-- CONTENT END 1 -->\n","protected":false},"excerpt":{"rendered":"<p>Ainda que em trajet\u00f3ria de queda pelo quinto m\u00eas consecutivo, o endividamento ainda alcan\u00e7a cerca de 76,6% das fam\u00edlias brasileiras, que t\u00eam d\u00edvidas a vencer&#8230;<\/p>\n","protected":false},"author":1,"featured_media":10613,"comment_status":"open","ping_status":"open","sticky":false,"template":"","format":"standard","meta":{"advanced_seo_description":"","jetpack_seo_html_title":"","jetpack_seo_noindex":false,"jetpack_post_was_ever_published":false,"_jetpack_newsletter_access":"","_jetpack_dont_email_post_to_subs":false,"_jetpack_newsletter_tier_id":0,"_jetpack_memberships_contains_paywalled_content":false,"_jetpack_memberships_contains_paid_content":false,"footnotes":"","jetpack_publicize_message":"","jetpack_publicize_feature_enabled":true,"jetpack_social_post_already_shared":true,"jetpack_social_options":{"image_generator_settings":{"template":"highway","default_image_id":0,"font":"","enabled":false},"version":2}},"categories":[11],"tags":[66,1455,429,1453,1454],"class_list":["post-10612","post","type-post","status-publish","format-standard","has-post-thumbnail","hentry","category-noticias-de-ribeirao-preto-sp-e-regiao-ismael-colosi","tag-atinge","tag-brasileiras","tag-das","tag-endividamento","tag-familias"],"jetpack_publicize_connections":[],"jetpack_featured_media_url":"https:\/\/i0.wp.com\/noticiasribeiraopreto.com.br\/wp-content\/uploads\/2023\/12\/457555b5-1f15-4a68-9852-23b8de23c77f-scaled.jpg?fit=1000%2C598&ssl=1","jetpack-related-posts":[{"id":35978,"url":"https:\/\/noticiasribeiraopreto.com.br\/index.php\/2024\/02\/08\/juro-do-rotativo-sobe-a-4408\/","url_meta":{"origin":10612,"position":0},"title":"Juro do rotativo sobe a 440,8%\u00a0","author":"noticiasribeiraopreto.com.br","date":"8 de February de 2024","format":false,"excerpt":"Em meio ao processo de queda da Selic, a taxa m\u00e9dia de juros no cr\u00e9dito livre mostrou nova redu\u00e7\u00e3o em dezembro ante novembro. O percentual passou de 41,9% para 40,8% ao ano, informou nesta ter\u00e7a-feira, 6 de fevereiro, o Banco Central. No \u00faltimo m\u00eas de 2022, a taxa estava em\u2026","rel":"","context":"In &quot;Not\u00edcias de Ribeir\u00e3o Preto-SP e Regi\u00e3o&quot;","block_context":{"text":"Not\u00edcias de Ribeir\u00e3o Preto-SP e Regi\u00e3o","link":"https:\/\/noticiasribeiraopreto.com.br\/index.php\/category\/noticias-de-ribeirao-preto-sp-e-regiao-ismael-colosi\/"},"img":{"alt_text":"","src":"https:\/\/i0.wp.com\/noticiasribeiraopreto.com.br\/wp-content\/uploads\/2024\/02\/Cartao-Marcello-Casal-Jr.-Ag.Br_-scaled.jpg?fit=1000%2C598&ssl=1&resize=350%2C200","width":350,"height":200,"srcset":"https:\/\/i0.wp.com\/noticiasribeiraopreto.com.br\/wp-content\/uploads\/2024\/02\/Cartao-Marcello-Casal-Jr.-Ag.Br_-scaled.jpg?fit=1000%2C598&ssl=1&resize=350%2C200 1x, https:\/\/i0.wp.com\/noticiasribeiraopreto.com.br\/wp-content\/uploads\/2024\/02\/Cartao-Marcello-Casal-Jr.-Ag.Br_-scaled.jpg?fit=1000%2C598&ssl=1&resize=525%2C300 1.5x, https:\/\/i0.wp.com\/noticiasribeiraopreto.com.br\/wp-content\/uploads\/2024\/02\/Cartao-Marcello-Casal-Jr.-Ag.Br_-scaled.jpg?fit=1000%2C598&ssl=1&resize=700%2C400 2x"},"classes":[]},{"id":45368,"url":"https:\/\/noticiasribeiraopreto.com.br\/index.php\/2024\/04\/03\/juro-do-rotativo-recua-a-4125\/","url_meta":{"origin":10612,"position":1},"title":"Juro do rotativo recua a 412,5%\u00a0","author":"noticiasribeiraopreto.com.br","date":"3 de April de 2024","format":false,"excerpt":"O juro m\u00e9dio total cobrado pelos bancos no rotativo do cart\u00e3o de cr\u00e9dito caiu 6,8 pontos percentuais (p.p.) de janeiro para fevereiro, informou nesta ter\u00e7a-feira, 2 de abril o Banco Central (BC). A taxa caiu de 419,3% para 412,5% ao ano. No caso do parcelado, passou de 187,8% para 184,5%\u2026","rel":"","context":"In &quot;Not\u00edcias de Ribeir\u00e3o Preto-SP e Regi\u00e3o&quot;","block_context":{"text":"Not\u00edcias de Ribeir\u00e3o Preto-SP e Regi\u00e3o","link":"https:\/\/noticiasribeiraopreto.com.br\/index.php\/category\/noticias-de-ribeirao-preto-sp-e-regiao-ismael-colosi\/"},"img":{"alt_text":"","src":"https:\/\/i0.wp.com\/noticiasribeiraopreto.com.br\/wp-content\/uploads\/2024\/04\/Juros-Marcello-Casal-Jr.-Ag.Br_.jpg?fit=800%2C479&ssl=1&resize=350%2C200","width":350,"height":200,"srcset":"https:\/\/i0.wp.com\/noticiasribeiraopreto.com.br\/wp-content\/uploads\/2024\/04\/Juros-Marcello-Casal-Jr.-Ag.Br_.jpg?fit=800%2C479&ssl=1&resize=350%2C200 1x, https:\/\/i0.wp.com\/noticiasribeiraopreto.com.br\/wp-content\/uploads\/2024\/04\/Juros-Marcello-Casal-Jr.-Ag.Br_.jpg?fit=800%2C479&ssl=1&resize=525%2C300 1.5x, https:\/\/i0.wp.com\/noticiasribeiraopreto.com.br\/wp-content\/uploads\/2024\/04\/Juros-Marcello-Casal-Jr.-Ag.Br_.jpg?fit=800%2C479&ssl=1&resize=700%2C400 2x"},"classes":[]},{"id":41613,"url":"https:\/\/noticiasribeiraopreto.com.br\/index.php\/2024\/03\/09\/juro-do-rotativo-recua-a-4153\/","url_meta":{"origin":10612,"position":2},"title":"Juro do rotativo recua a 415,3%\u00a0","author":"noticiasribeiraopreto.com.br","date":"9 de March de 2024","format":false,"excerpt":"O juro m\u00e9dio total cobrado pelos bancos no rotativo do cart\u00e3o de cr\u00e9dito caiu 26,8 pontos percentuais de dezembro para janeiro. A taxa passou de 442,1% para 415,3% ao ano. No caso do parcelado, recuou de 196,9% para 187,8% ao ano entre dezembro e janeiro. \u00a0\u00a0Considerando o juro total do\u2026","rel":"","context":"In &quot;Not\u00edcias de Ribeir\u00e3o Preto-SP e Regi\u00e3o&quot;","block_context":{"text":"Not\u00edcias de Ribeir\u00e3o Preto-SP e Regi\u00e3o","link":"https:\/\/noticiasribeiraopreto.com.br\/index.php\/category\/noticias-de-ribeirao-preto-sp-e-regiao-ismael-colosi\/"},"img":{"alt_text":"","src":"https:\/\/i0.wp.com\/noticiasribeiraopreto.com.br\/wp-content\/uploads\/2024\/03\/Juros-TV-Brasil.png?fit=1000%2C598&ssl=1&resize=350%2C200","width":350,"height":200,"srcset":"https:\/\/i0.wp.com\/noticiasribeiraopreto.com.br\/wp-content\/uploads\/2024\/03\/Juros-TV-Brasil.png?fit=1000%2C598&ssl=1&resize=350%2C200 1x, https:\/\/i0.wp.com\/noticiasribeiraopreto.com.br\/wp-content\/uploads\/2024\/03\/Juros-TV-Brasil.png?fit=1000%2C598&ssl=1&resize=525%2C300 1.5x, https:\/\/i0.wp.com\/noticiasribeiraopreto.com.br\/wp-content\/uploads\/2024\/03\/Juros-TV-Brasil.png?fit=1000%2C598&ssl=1&resize=700%2C400 2x"},"classes":[]},{"id":34540,"url":"https:\/\/noticiasribeiraopreto.com.br\/index.php\/2024\/02\/02\/inadimplencia-de-familias-e-a-menor-em-dois-anos\/","url_meta":{"origin":10612,"position":3},"title":"Inadimpl\u00eancia de fam\u00edlias \u00e9 a menor em dois anos\u00a0","author":"noticiasribeiraopreto.com.br","date":"2 de February de 2024","format":false,"excerpt":"2 de fevereiro de 2024 | 12:302 de fevereiro de 2024 | 10:41 0O percentual de fam\u00edlias com d\u00edvidas, em atraso ou n\u00e3o, ficou em 78,1% em janeiro deste ano. A taxa ficou acima dos 77,6% de dezembro e dos 78% de janeiro de 2023. Dados s\u00e3o da Pesquisa de\u2026","rel":"","context":"In &quot;Not\u00edcias de Ribeir\u00e3o Preto-SP e Regi\u00e3o&quot;","block_context":{"text":"Not\u00edcias de Ribeir\u00e3o Preto-SP e Regi\u00e3o","link":"https:\/\/noticiasribeiraopreto.com.br\/index.php\/category\/noticias-de-ribeirao-preto-sp-e-regiao-ismael-colosi\/"},"img":{"alt_text":"","src":"https:\/\/i0.wp.com\/noticiasribeiraopreto.com.br\/wp-content\/uploads\/2024\/02\/calculadora-calcular-inadimplencia-scaled.jpg?fit=1000%2C500&ssl=1&resize=350%2C200","width":350,"height":200,"srcset":"https:\/\/i0.wp.com\/noticiasribeiraopreto.com.br\/wp-content\/uploads\/2024\/02\/calculadora-calcular-inadimplencia-scaled.jpg?fit=1000%2C500&ssl=1&resize=350%2C200 1x, https:\/\/i0.wp.com\/noticiasribeiraopreto.com.br\/wp-content\/uploads\/2024\/02\/calculadora-calcular-inadimplencia-scaled.jpg?fit=1000%2C500&ssl=1&resize=525%2C300 1.5x, https:\/\/i0.wp.com\/noticiasribeiraopreto.com.br\/wp-content\/uploads\/2024\/02\/calculadora-calcular-inadimplencia-scaled.jpg?fit=1000%2C500&ssl=1&resize=700%2C400 2x"},"classes":[]},{"id":70983,"url":"https:\/\/noticiasribeiraopreto.com.br\/index.php\/2025\/06\/01\/educacao-financeira-precisa-ser-levada-a-serio\/","url_meta":{"origin":10612,"position":4},"title":"Educa\u00e7\u00e3o financeira precisa ser levada a s\u00e9rio\u00a0","author":"noticiasribeiraopreto.com.br","date":"1 de June de 2025","format":false,"excerpt":"Por Adriana Cristofoli\u00a0 \u00a0 O endividamento das fam\u00edlias brasileiras \u00e9 um fen\u00f4meno que transcende as finan\u00e7as pessoais, afetando diretamente a economia nacional. Quando as fam\u00edlias comprometem uma parcela significativa de sua renda com d\u00edvidas, h\u00e1 uma redu\u00e7\u00e3o no consumo, o que impacta negativamente a demanda agregada e pode levar \u00e0\u2026","rel":"","context":"In &quot;Not\u00edcias de Ribeir\u00e3o Preto-SP e Regi\u00e3o&quot;","block_context":{"text":"Not\u00edcias de Ribeir\u00e3o Preto-SP e Regi\u00e3o","link":"https:\/\/noticiasribeiraopreto.com.br\/index.php\/category\/noticias-de-ribeirao-preto-sp-e-regiao-ismael-colosi\/"},"img":{"alt_text":"","src":"https:\/\/i0.wp.com\/noticiasribeiraopreto.com.br\/wp-content\/uploads\/2025\/06\/3-Capa-Agencia-Brasil.jpeg?fit=1170%2C700&ssl=1&resize=350%2C200","width":350,"height":200,"srcset":"https:\/\/i0.wp.com\/noticiasribeiraopreto.com.br\/wp-content\/uploads\/2025\/06\/3-Capa-Agencia-Brasil.jpeg?fit=1170%2C700&ssl=1&resize=350%2C200 1x, https:\/\/i0.wp.com\/noticiasribeiraopreto.com.br\/wp-content\/uploads\/2025\/06\/3-Capa-Agencia-Brasil.jpeg?fit=1170%2C700&ssl=1&resize=525%2C300 1.5x, https:\/\/i0.wp.com\/noticiasribeiraopreto.com.br\/wp-content\/uploads\/2025\/06\/3-Capa-Agencia-Brasil.jpeg?fit=1170%2C700&ssl=1&resize=700%2C400 2x, https:\/\/i0.wp.com\/noticiasribeiraopreto.com.br\/wp-content\/uploads\/2025\/06\/3-Capa-Agencia-Brasil.jpeg?fit=1170%2C700&ssl=1&resize=1050%2C600 3x"},"classes":[]},{"id":42572,"url":"https:\/\/noticiasribeiraopreto.com.br\/index.php\/2024\/03\/15\/bancos-fazem-mutirao-de-negociacao-de-dividas-a-partir-desta-sexta\/","url_meta":{"origin":10612,"position":5},"title":"Bancos fazem mutir\u00e3o de negocia\u00e7\u00e3o de d\u00edvidas a partir desta sexta","author":"noticiasribeiraopreto.com.br","date":"15 de March de 2024","format":false,"excerpt":"15 de mar\u00e7o de 2024 | 12:0015 de mar\u00e7o de 2024 | 11:57 0A Federa\u00e7\u00e3o Brasileira de Bancos (Febraban) iniciou, nesta sexta-feira (15), um mutir\u00e3o de negocia\u00e7\u00e3o de d\u00edvidas. A campanha nacional segue at\u00e9 15 de abril e \u00e9 realizada em parceria com o Banco Central, a Secretaria Nacional do\u2026","rel":"","context":"In &quot;Not\u00edcias de Ribeir\u00e3o Preto-SP e Regi\u00e3o&quot;","block_context":{"text":"Not\u00edcias de Ribeir\u00e3o Preto-SP e Regi\u00e3o","link":"https:\/\/noticiasribeiraopreto.com.br\/index.php\/category\/noticias-de-ribeirao-preto-sp-e-regiao-ismael-colosi\/"},"img":{"alt_text":"","src":"https:\/\/i0.wp.com\/noticiasribeiraopreto.com.br\/wp-content\/uploads\/2024\/03\/d3eaf9e9-d231-4bac-a114-8467109bd8ff.jpg?fit=750%2C375&ssl=1&resize=350%2C200","width":350,"height":200,"srcset":"https:\/\/i0.wp.com\/noticiasribeiraopreto.com.br\/wp-content\/uploads\/2024\/03\/d3eaf9e9-d231-4bac-a114-8467109bd8ff.jpg?fit=750%2C375&ssl=1&resize=350%2C200 1x, https:\/\/i0.wp.com\/noticiasribeiraopreto.com.br\/wp-content\/uploads\/2024\/03\/d3eaf9e9-d231-4bac-a114-8467109bd8ff.jpg?fit=750%2C375&ssl=1&resize=525%2C300 1.5x, https:\/\/i0.wp.com\/noticiasribeiraopreto.com.br\/wp-content\/uploads\/2024\/03\/d3eaf9e9-d231-4bac-a114-8467109bd8ff.jpg?fit=750%2C375&ssl=1&resize=700%2C400 2x"},"classes":[]}],"jetpack_sharing_enabled":true,"jetpack_shortlink":"https:\/\/wp.me\/peQAOb-2La","_links":{"self":[{"href":"https:\/\/noticiasribeiraopreto.com.br\/index.php\/wp-json\/wp\/v2\/posts\/10612","targetHints":{"allow":["GET"]}}],"collection":[{"href":"https:\/\/noticiasribeiraopreto.com.br\/index.php\/wp-json\/wp\/v2\/posts"}],"about":[{"href":"https:\/\/noticiasribeiraopreto.com.br\/index.php\/wp-json\/wp\/v2\/types\/post"}],"author":[{"embeddable":true,"href":"https:\/\/noticiasribeiraopreto.com.br\/index.php\/wp-json\/wp\/v2\/users\/1"}],"replies":[{"embeddable":true,"href":"https:\/\/noticiasribeiraopreto.com.br\/index.php\/wp-json\/wp\/v2\/comments?post=10612"}],"version-history":[{"count":0,"href":"https:\/\/noticiasribeiraopreto.com.br\/index.php\/wp-json\/wp\/v2\/posts\/10612\/revisions"}],"wp:featuredmedia":[{"embeddable":true,"href":"https:\/\/noticiasribeiraopreto.com.br\/index.php\/wp-json\/wp\/v2\/media\/10613"}],"wp:attachment":[{"href":"https:\/\/noticiasribeiraopreto.com.br\/index.php\/wp-json\/wp\/v2\/media?parent=10612"}],"wp:term":[{"taxonomy":"category","embeddable":true,"href":"https:\/\/noticiasribeiraopreto.com.br\/index.php\/wp-json\/wp\/v2\/categories?post=10612"},{"taxonomy":"post_tag","embeddable":true,"href":"https:\/\/noticiasribeiraopreto.com.br\/index.php\/wp-json\/wp\/v2\/tags?post=10612"}],"curies":[{"name":"wp","href":"https:\/\/api.w.org\/{rel}","templated":true}]}}