{"id":10858,"date":"2023-12-05T07:55:13","date_gmt":"2023-12-05T10:55:13","guid":{"rendered":"https:\/\/noticiasribeiraopreto.com.br\/index.php\/2023\/12\/05\/ia-pode-ser-usada-para-combater-lavagem-de-dinheiro-diz-campos-neto\/"},"modified":"2023-12-05T07:55:13","modified_gmt":"2023-12-05T10:55:13","slug":"ia-pode-ser-usada-para-combater-lavagem-de-dinheiro-diz-campos-neto","status":"publish","type":"post","link":"https:\/\/noticiasribeiraopreto.com.br\/index.php\/2023\/12\/05\/ia-pode-ser-usada-para-combater-lavagem-de-dinheiro-diz-campos-neto\/","title":{"rendered":"IA pode ser usada para combater lavagem de dinheiro, diz Campos Neto \u2013 Folha de Ribeir\u00e3o"},"content":{"rendered":"<div class='code-block code-block-1' style='margin: 8px 0 8px auto; text-align: right; display: block; clear: both;'>\n<p><a href=\"https:\/\/wa.link\/vpicfd\"><img data-recalc-dims=\"1\" class=\"wp-image-4922\" style=\"aspect-ratio: 2.0253164556962027; width: 561px; height: auto;\" src=\"https:\/\/i0.wp.com\/ismaelcolosi.com.br\/wp-content\/uploads\/2023\/11\/grupo-de-empregos-whatsapp-e-facebook-ismael-colosi-vagas.jpg?ssl=1\" alt=\"\" \/><\/a><\/p>\n<!-- \/wp:image -->\n<\/div>\n<p> <br \/>\n<\/p>\n<div>\n<p>Ao mesmo tempo em que imp\u00f5e desafios, a intelig\u00eancia artificial (IA) traz oportunidades no combate \u00e0 lavagem de dinheiro e ao financiamento do terrorismo, disse nesta segunda-feira (4) o presidente do Banco Central (BC), Roberto Campos Neto. Ele participou de um semin\u00e1rio que celebra os 25 anos da lei de combate a esse tipo de crime.<img data-recalc-dims=\"1\" decoding=\"async\" src=\"https:\/\/i0.wp.com\/agenciabrasil.ebc.com.br\/ebc.gif?ssl=1\"\/><\/p>\n<blockquote>\n<p>\u201cAntevemos, por exemplo, o uso de intelig\u00eancia artificial como ferramenta auxiliar nesse trabalho [de combate \u00e0 lavagem de dinheiro], mas h\u00e1 desafios, pois as novas tecnologias tamb\u00e9m podem ser usadas para opera\u00e7\u00f5es il\u00edcitas\u201d, disse o presidente do BC em cerim\u00f4nia promovida pelo Conselho de Controle de Atividades Financeiras (Coaf).<\/p>\n<\/blockquote>\n<p>Sobre as tecnologias atuais, Campos Neto disse que o Brasil tem se aperfei\u00e7oado no rastreamento da origem de recursos ilegais. \u201cTemos avan\u00e7ado em uma ampla agenda de novas tecnologias que t\u00eam o potencial de elevar a rastreabilidade das opera\u00e7\u00f5es e tornar o combate e a preven\u00e7\u00e3o dessas atividades il\u00edcitas ainda mais efetivo\u201d, afirmou.<\/p>\n<p>Em discurso, o presidente do BC fez um balan\u00e7o sobre os avan\u00e7os do Brasil nas duas \u00e1reas: combate \u00e0 lavagem de dinheiro e ao repasse de dinheiro ao terrorismo. Como principais marcos, Campos Neto citou o alinhamento do pa\u00eds a diretrizes da Organiza\u00e7\u00e3o das Na\u00e7\u00f5es Unidas (ONU) e do Grupo de A\u00e7\u00e3o Financeira da Organiza\u00e7\u00e3o para a Coopera\u00e7\u00e3o e Desenvolvimento Econ\u00f4mico (OCDE). Ele disse que o Brasil manter\u00e1 o compromisso de reprimir os crimes financeiros e que o BC continuar\u00e1 a colaborar com os \u00f3rg\u00e3os de controle.<\/p>\n<blockquote>\n<p>\u201cPosso afirmar que essa coopera\u00e7\u00e3o tem gerado muitos bons resultados. A atua\u00e7\u00e3o do Banco Central tem contribu\u00eddo para viabilizar importantes opera\u00e7\u00f5es conduzidas pela Pol\u00edcia Federal, pelo Minist\u00e9rio P\u00fablico e demais \u00f3rg\u00e3os de controle\u201d, declarou. Desde que a lei entrou em vigor, disse Campos Neto, o Banco Central fez 33 milh\u00f5es de comunica\u00e7\u00f5es ao Coaf, das quais 5,5 milh\u00f5es apenas no ano passado.<\/p>\n<\/blockquote>\n<h2>Fun\u00e7\u00f5es<\/h2>\n<p>Criado em 3 de mar\u00e7o de 1998, o Coaf monitora opera\u00e7\u00f5es financeiras suspeitas. As institui\u00e7\u00f5es financeiras s\u00e3o obrigadas a repassar ao \u00f3rg\u00e3o os dados de transa\u00e7\u00f5es acima de R$ 10 mil por pessoas f\u00edsicas e empresas, caso os recursos tenham origem duvidosa ou n\u00e3o comprovada. Al\u00e9m disso, as institui\u00e7\u00f5es devem informar qualquer saque ou dep\u00f3sito em esp\u00e9cie a partir de R$ 100 mil, mesmo se n\u00e3o houver suspeita sobre o dinheiro.<\/p>\n<p>Historicamente vinculado ao Minist\u00e9rio da Fazenda, o Coaf foi transferido ao Banco Central em 2019, no governo anterior. Na ocasi\u00e3o, o conselho chegou a ter o nome alterado para Unidade de Intelig\u00eancia Financeira, mas o Congresso Nacional resgatou o nome original.<\/p>\n<\/p><\/div>\n<p><br \/>\n<br \/><a href=\"https:\/\/folhaderibeirao.com.br\/2023\/12\/05\/ia-pode-ser-usada-para-combater-lavagem-de-dinheiro-diz-campos-neto\/\">Source link <\/a><\/p>\n<!-- CONTENT END 1 -->\n","protected":false},"excerpt":{"rendered":"<p>Ao mesmo tempo em que imp\u00f5e desafios, a intelig\u00eancia artificial (IA) traz oportunidades no combate \u00e0 lavagem de dinheiro e ao financiamento do terrorismo, disse&#8230;<\/p>\n","protected":false},"author":1,"featured_media":10859,"comment_status":"open","ping_status":"open","sticky":false,"template":"","format":"standard","meta":{"advanced_seo_description":"","jetpack_seo_html_title":"","jetpack_seo_noindex":false,"jetpack_post_was_ever_published":false,"_jetpack_newsletter_access":"","_jetpack_dont_email_post_to_subs":false,"_jetpack_newsletter_tier_id":0,"_jetpack_memberships_contains_paywalled_content":false,"_jetpack_memberships_contains_paid_content":false,"footnotes":"","jetpack_publicize_message":"","jetpack_publicize_feature_enabled":true,"jetpack_social_post_already_shared":true,"jetpack_social_options":{"image_generator_settings":{"template":"highway","default_image_id":0,"font":"","enabled":false},"version":2}},"categories":[11],"tags":[1499,1496,926,1498,753,1497,1500,71,217,26,845,1495],"class_list":["post-10858","post","type-post","status-publish","format-standard","has-post-thumbnail","hentry","category-noticias-de-ribeirao-preto-sp-e-regiao-ismael-colosi","tag-campos","tag-combater","tag-dinheiro","tag-diz","tag-folha","tag-lavagem","tag-neto","tag-para","tag-pode","tag-ribeirao","tag-ser","tag-usada"],"jetpack_publicize_connections":[],"jetpack_featured_media_url":"https:\/\/i0.wp.com\/noticiasribeiraopreto.com.br\/wp-content\/uploads\/2023\/12\/1701773715_ebc.png?fit=1%2C1&ssl=1","jetpack-related-posts":[{"id":78268,"url":"https:\/\/noticiasribeiraopreto.com.br\/index.php\/2025\/10\/07\/postos-de-ribeirao-e-regiao-estao-sob-investigacao-por-suspeita-de-lavagem-de-dinheiro-para-o-pcc\/","url_meta":{"origin":10858,"position":0},"title":"Postos de Ribeir\u00e3o e regi\u00e3o est\u00e3o sob investiga\u00e7\u00e3o por suspeita de lavagem de dinheiro para o PCC","author":"noticiasribeiraopreto.com.br","date":"7 de October de 2025","format":false,"excerpt":"Ribeir\u00e3o Preto e Franca t\u00eam ao menos cinco postos de combust\u00edveis com s\u00f3cios investigados na Opera\u00e7\u00e3o Carbono Oculto, deflagrada em agosto, que apura um esquema de lavagem de dinheiro no setor envolvendo integrantes do PCC (Primeiro Comando da Capital). De acordo com o Tribunal de Justi\u00e7a de S\u00e3o Paulo, quinze\u2026","rel":"","context":"In &quot;Not\u00edcias de Ribeir\u00e3o Preto-SP e Regi\u00e3o&quot;","block_context":{"text":"Not\u00edcias de Ribeir\u00e3o Preto-SP e Regi\u00e3o","link":"https:\/\/noticiasribeiraopreto.com.br\/index.php\/category\/noticias-de-ribeirao-preto-sp-e-regiao-ismael-colosi\/"},"img":{"alt_text":"","src":"https:\/\/i0.wp.com\/noticiasribeiraopreto.com.br\/wp-content\/uploads\/2025\/10\/Copia-de-Copia-de-Copia-de-TAMANHO-EXATO-PARA-FOTOS-NO-SISTEMA-NOVO-2024-11-28T212549.032_2024-11-29_00-26-03_png_2024-11-29_00-26-03.webp.webp?fit=1200%2C675&ssl=1&resize=350%2C200","width":350,"height":200,"srcset":"https:\/\/i0.wp.com\/noticiasribeiraopreto.com.br\/wp-content\/uploads\/2025\/10\/Copia-de-Copia-de-Copia-de-TAMANHO-EXATO-PARA-FOTOS-NO-SISTEMA-NOVO-2024-11-28T212549.032_2024-11-29_00-26-03_png_2024-11-29_00-26-03.webp.webp?fit=1200%2C675&ssl=1&resize=350%2C200 1x, https:\/\/i0.wp.com\/noticiasribeiraopreto.com.br\/wp-content\/uploads\/2025\/10\/Copia-de-Copia-de-Copia-de-TAMANHO-EXATO-PARA-FOTOS-NO-SISTEMA-NOVO-2024-11-28T212549.032_2024-11-29_00-26-03_png_2024-11-29_00-26-03.webp.webp?fit=1200%2C675&ssl=1&resize=525%2C300 1.5x, https:\/\/i0.wp.com\/noticiasribeiraopreto.com.br\/wp-content\/uploads\/2025\/10\/Copia-de-Copia-de-Copia-de-TAMANHO-EXATO-PARA-FOTOS-NO-SISTEMA-NOVO-2024-11-28T212549.032_2024-11-29_00-26-03_png_2024-11-29_00-26-03.webp.webp?fit=1200%2C675&ssl=1&resize=700%2C400 2x, https:\/\/i0.wp.com\/noticiasribeiraopreto.com.br\/wp-content\/uploads\/2025\/10\/Copia-de-Copia-de-Copia-de-TAMANHO-EXATO-PARA-FOTOS-NO-SISTEMA-NOVO-2024-11-28T212549.032_2024-11-29_00-26-03_png_2024-11-29_00-26-03.webp.webp?fit=1200%2C675&ssl=1&resize=1050%2C600 3x"},"classes":[]},{"id":27086,"url":"https:\/\/noticiasribeiraopreto.com.br\/index.php\/2024\/01\/11\/servidores-do-banco-central-fazem-paralisacao-de-24-horas\/","url_meta":{"origin":10858,"position":1},"title":"Servidores do Banco Central fazem paralisa\u00e7\u00e3o de 24 horas \u2013 Folha de Ribeir\u00e3o","author":"noticiasribeiraopreto.com.br","date":"11 de January de 2024","format":false,"excerpt":"Os servidores do Banco Central (BC) fazem\u00a0hoje (11) uma greve de 24 horas. Segundo o Sindicato Nacional dos Funcion\u00e1rios do Banco Central (Sinal), mais de 70% dos funcion\u00e1rios devem aderir \u00e0 paralisa\u00e7\u00e3o. Os trabalhadores reivindicam melhorias na carreira, como a equipara\u00e7\u00e3o com outras categorias\u00a0semelhantes.\u00a0 O Sinal disse que a paralisa\u00e7\u00e3o\u2026","rel":"","context":"In &quot;Not\u00edcias de Ribeir\u00e3o Preto-SP e Regi\u00e3o&quot;","block_context":{"text":"Not\u00edcias de Ribeir\u00e3o Preto-SP e Regi\u00e3o","link":"https:\/\/noticiasribeiraopreto.com.br\/index.php\/category\/noticias-de-ribeirao-preto-sp-e-regiao-ismael-colosi\/"},"img":{"alt_text":"","src":"","width":0,"height":0},"classes":[]},{"id":58914,"url":"https:\/\/noticiasribeiraopreto.com.br\/index.php\/2024\/10\/09\/operacoes-contra-lavagem-de-dinheiro-miram-faccoes-na-regiao-de-ribeirao\/","url_meta":{"origin":10858,"position":2},"title":"Opera\u00e7\u00f5es contra lavagem de dinheiro miram fac\u00e7\u00f5es na regi\u00e3o de Ribeir\u00e3o","author":"noticiasribeiraopreto.com.br","date":"9 de October de 2024","format":false,"excerpt":"Duas opera\u00e7\u00f5es nacionais deflagradas nesta quarta-feira (9) cumprem mandados de pris\u00e3o e de busca e apreens\u00e3o em Franca, cidade a aproximadamente 80 quil\u00f4metros de Ribeir\u00e3o Preto. As a\u00e7\u00f5es, batizadas Privilege e Alca\u00e7aria, t\u00eam o objetivo de desarticular uma rede de lavagem de dinheiro ligada a fac\u00e7\u00f5es criminosas. A For\u00e7a-Tarefa de\u2026","rel":"","context":"In &quot;Not\u00edcias de Ribeir\u00e3o Preto-SP e Regi\u00e3o&quot;","block_context":{"text":"Not\u00edcias de Ribeir\u00e3o Preto-SP e Regi\u00e3o","link":"https:\/\/noticiasribeiraopreto.com.br\/index.php\/category\/noticias-de-ribeirao-preto-sp-e-regiao-ismael-colosi\/"},"img":{"alt_text":"","src":"https:\/\/i0.wp.com\/noticiasribeiraopreto.com.br\/wp-content\/uploads\/2024\/10\/OPERACAO_2024-10-09_13-24-29_jpg_2024-10-09_13-24-29.webp.webp?fit=1200%2C774&ssl=1&resize=350%2C200","width":350,"height":200,"srcset":"https:\/\/i0.wp.com\/noticiasribeiraopreto.com.br\/wp-content\/uploads\/2024\/10\/OPERACAO_2024-10-09_13-24-29_jpg_2024-10-09_13-24-29.webp.webp?fit=1200%2C774&ssl=1&resize=350%2C200 1x, https:\/\/i0.wp.com\/noticiasribeiraopreto.com.br\/wp-content\/uploads\/2024\/10\/OPERACAO_2024-10-09_13-24-29_jpg_2024-10-09_13-24-29.webp.webp?fit=1200%2C774&ssl=1&resize=525%2C300 1.5x, https:\/\/i0.wp.com\/noticiasribeiraopreto.com.br\/wp-content\/uploads\/2024\/10\/OPERACAO_2024-10-09_13-24-29_jpg_2024-10-09_13-24-29.webp.webp?fit=1200%2C774&ssl=1&resize=700%2C400 2x, https:\/\/i0.wp.com\/noticiasribeiraopreto.com.br\/wp-content\/uploads\/2024\/10\/OPERACAO_2024-10-09_13-24-29_jpg_2024-10-09_13-24-29.webp.webp?fit=1200%2C774&ssl=1&resize=1050%2C600 3x"},"classes":[]},{"id":73533,"url":"https:\/\/noticiasribeiraopreto.com.br\/index.php\/2025\/07\/04\/identificado-homem-morto-em-operacao-contra-o-trafico-e-lavagem-de-dinheiro-em-ribeirao-preto\/","url_meta":{"origin":10858,"position":3},"title":"Identificado homem morto em opera\u00e7\u00e3o contra o tr\u00e1fico e lavagem de dinheiro em Ribeir\u00e3o Preto","author":"noticiasribeiraopreto.com.br","date":"4 de July de 2025","format":false,"excerpt":"O homem morto nesta quinta-feira (3) durante a opera\u00e7\u00e3o Cash Out contra o tr\u00e1fico de drogas\u00a0e lavagem de dinheiro, deflagrada pelo\u00a0Gaeco (Grupo de Atua\u00e7\u00e3o Especial de Combate ao Crime Organizado) com apoio da PM (Pol\u00edcia Militar), foi identificado. Segundo o boletim de ocorr\u00eancia (BO), C\u00edcero Anderson Amorim Moreira estava em\u2026","rel":"","context":"In &quot;Not\u00edcias de Ribeir\u00e3o Preto-SP e Regi\u00e3o&quot;","block_context":{"text":"Not\u00edcias de Ribeir\u00e3o Preto-SP e Regi\u00e3o","link":"https:\/\/noticiasribeiraopreto.com.br\/index.php\/category\/noticias-de-ribeirao-preto-sp-e-regiao-ismael-colosi\/"},"img":{"alt_text":"","src":"https:\/\/i0.wp.com\/noticiasribeiraopreto.com.br\/wp-content\/uploads\/2025\/07\/OPERACAO_2025-07-04_12-31-03.webp.webp?fit=1200%2C691&ssl=1&resize=350%2C200","width":350,"height":200,"srcset":"https:\/\/i0.wp.com\/noticiasribeiraopreto.com.br\/wp-content\/uploads\/2025\/07\/OPERACAO_2025-07-04_12-31-03.webp.webp?fit=1200%2C691&ssl=1&resize=350%2C200 1x, https:\/\/i0.wp.com\/noticiasribeiraopreto.com.br\/wp-content\/uploads\/2025\/07\/OPERACAO_2025-07-04_12-31-03.webp.webp?fit=1200%2C691&ssl=1&resize=525%2C300 1.5x, https:\/\/i0.wp.com\/noticiasribeiraopreto.com.br\/wp-content\/uploads\/2025\/07\/OPERACAO_2025-07-04_12-31-03.webp.webp?fit=1200%2C691&ssl=1&resize=700%2C400 2x, https:\/\/i0.wp.com\/noticiasribeiraopreto.com.br\/wp-content\/uploads\/2025\/07\/OPERACAO_2025-07-04_12-31-03.webp.webp?fit=1200%2C691&ssl=1&resize=1050%2C600 3x"},"classes":[]},{"id":73481,"url":"https:\/\/noticiasribeiraopreto.com.br\/index.php\/2025\/07\/03\/operacao-contra-o-trafico-e-lavagem-de-dinheiro-deixa-um-morto-em-ribeirao-preto\/","url_meta":{"origin":10858,"position":4},"title":"Opera\u00e7\u00e3o contra o tr\u00e1fico e lavagem de dinheiro deixa um morto em Ribeir\u00e3o Preto","author":"noticiasribeiraopreto.com.br","date":"3 de July de 2025","format":false,"excerpt":"Uma opera\u00e7\u00e3o do Gaeco (Grupo de Atua\u00e7\u00e3o Especial de Combate ao Crime Organizado) contra o tr\u00e1fico de drogas\u00a0e lavagem de dinheiro, com apoio da PM (Pol\u00edcia Militar), deixou um morto na manh\u00e3 desta quinta-feira (3), em Ribeir\u00e3o Preto. Segundo o Gaeco, durante a opera\u00e7\u00e3o, batizada Cash Out, foram cumpridos seis\u2026","rel":"","context":"In &quot;Not\u00edcias de Ribeir\u00e3o Preto-SP e Regi\u00e3o&quot;","block_context":{"text":"Not\u00edcias de Ribeir\u00e3o Preto-SP e Regi\u00e3o","link":"https:\/\/noticiasribeiraopreto.com.br\/index.php\/category\/noticias-de-ribeirao-preto-sp-e-regiao-ismael-colosi\/"},"img":{"alt_text":"","src":"https:\/\/i0.wp.com\/noticiasribeiraopreto.com.br\/wp-content\/uploads\/2025\/07\/WhatsApp-Image-2025-07-03-at-09.48.27_2025-07-03_12-49-49.webp.webp?fit=1200%2C675&ssl=1&resize=350%2C200","width":350,"height":200,"srcset":"https:\/\/i0.wp.com\/noticiasribeiraopreto.com.br\/wp-content\/uploads\/2025\/07\/WhatsApp-Image-2025-07-03-at-09.48.27_2025-07-03_12-49-49.webp.webp?fit=1200%2C675&ssl=1&resize=350%2C200 1x, https:\/\/i0.wp.com\/noticiasribeiraopreto.com.br\/wp-content\/uploads\/2025\/07\/WhatsApp-Image-2025-07-03-at-09.48.27_2025-07-03_12-49-49.webp.webp?fit=1200%2C675&ssl=1&resize=525%2C300 1.5x, https:\/\/i0.wp.com\/noticiasribeiraopreto.com.br\/wp-content\/uploads\/2025\/07\/WhatsApp-Image-2025-07-03-at-09.48.27_2025-07-03_12-49-49.webp.webp?fit=1200%2C675&ssl=1&resize=700%2C400 2x, https:\/\/i0.wp.com\/noticiasribeiraopreto.com.br\/wp-content\/uploads\/2025\/07\/WhatsApp-Image-2025-07-03-at-09.48.27_2025-07-03_12-49-49.webp.webp?fit=1200%2C675&ssl=1&resize=1050%2C600 3x"},"classes":[]},{"id":60856,"url":"https:\/\/noticiasribeiraopreto.com.br\/index.php\/2024\/11\/27\/megaoperacao-contra-o-trafico-e-lavagem-de-dinheiro-de-faccao-mira-empresa-em-ribeirao-preto\/","url_meta":{"origin":10858,"position":5},"title":"Megaopera\u00e7\u00e3o contra o tr\u00e1fico e lavagem de dinheiro de fac\u00e7\u00e3o mira empresa em Ribeir\u00e3o Preto","author":"noticiasribeiraopreto.com.br","date":"27 de November de 2024","format":false,"excerpt":"Uma for\u00e7a-tarefa, composta pelo Gaeco (Grupo de Atua\u00e7\u00e3o Especial de Combate ao Crime Organizado) de Minas Gerais e for\u00e7as policiais, deflagrou nesta quarta-feira (27) a opera\u00e7\u00e3o \u00caxodo contra o tr\u00e1fico de drogas e lavagem de dinheiro da fac\u00e7\u00e3o Terceiro Comando Puro (TCP), com atua\u00e7\u00e3o no estado mineiro. Segundo o Gaeco,\u2026","rel":"","context":"In &quot;Not\u00edcias de Ribeir\u00e3o Preto-SP e Regi\u00e3o&quot;","block_context":{"text":"Not\u00edcias de Ribeir\u00e3o Preto-SP e Regi\u00e3o","link":"https:\/\/noticiasribeiraopreto.com.br\/index.php\/category\/noticias-de-ribeirao-preto-sp-e-regiao-ismael-colosi\/"},"img":{"alt_text":"","src":"https:\/\/i0.wp.com\/noticiasribeiraopreto.com.br\/wp-content\/uploads\/2024\/11\/1732718272_sao_carlos_500x320_03082019163914.jpg?fit=500%2C322&ssl=1&resize=350%2C200","width":350,"height":200},"classes":[]}],"jetpack_sharing_enabled":true,"jetpack_shortlink":"https:\/\/wp.me\/peQAOb-2P8","_links":{"self":[{"href":"https:\/\/noticiasribeiraopreto.com.br\/index.php\/wp-json\/wp\/v2\/posts\/10858","targetHints":{"allow":["GET"]}}],"collection":[{"href":"https:\/\/noticiasribeiraopreto.com.br\/index.php\/wp-json\/wp\/v2\/posts"}],"about":[{"href":"https:\/\/noticiasribeiraopreto.com.br\/index.php\/wp-json\/wp\/v2\/types\/post"}],"author":[{"embeddable":true,"href":"https:\/\/noticiasribeiraopreto.com.br\/index.php\/wp-json\/wp\/v2\/users\/1"}],"replies":[{"embeddable":true,"href":"https:\/\/noticiasribeiraopreto.com.br\/index.php\/wp-json\/wp\/v2\/comments?post=10858"}],"version-history":[{"count":0,"href":"https:\/\/noticiasribeiraopreto.com.br\/index.php\/wp-json\/wp\/v2\/posts\/10858\/revisions"}],"wp:featuredmedia":[{"embeddable":true,"href":"https:\/\/noticiasribeiraopreto.com.br\/index.php\/wp-json\/wp\/v2\/media\/10859"}],"wp:attachment":[{"href":"https:\/\/noticiasribeiraopreto.com.br\/index.php\/wp-json\/wp\/v2\/media?parent=10858"}],"wp:term":[{"taxonomy":"category","embeddable":true,"href":"https:\/\/noticiasribeiraopreto.com.br\/index.php\/wp-json\/wp\/v2\/categories?post=10858"},{"taxonomy":"post_tag","embeddable":true,"href":"https:\/\/noticiasribeiraopreto.com.br\/index.php\/wp-json\/wp\/v2\/tags?post=10858"}],"curies":[{"name":"wp","href":"https:\/\/api.w.org\/{rel}","templated":true}]}}