{"id":10864,"date":"2023-12-05T08:13:17","date_gmt":"2023-12-05T11:13:17","guid":{"rendered":"https:\/\/noticiasribeiraopreto.com.br\/index.php\/2023\/12\/05\/vamos-la-transerp\/"},"modified":"2023-12-05T08:13:17","modified_gmt":"2023-12-05T11:13:17","slug":"vamos-la-transerp","status":"publish","type":"post","link":"https:\/\/noticiasribeiraopreto.com.br\/index.php\/2023\/12\/05\/vamos-la-transerp\/","title":{"rendered":"Vamos l\u00e1, Transerp\u00a0 &#8211; Jornal Tribuna Ribeir\u00e3o"},"content":{"rendered":"<div class='code-block code-block-1' style='margin: 8px 0 8px auto; text-align: right; display: block; clear: both;'>\n<p><a href=\"https:\/\/wa.link\/vpicfd\"><img data-recalc-dims=\"1\" class=\"wp-image-4922\" style=\"aspect-ratio: 2.0253164556962027; width: 561px; height: auto;\" src=\"https:\/\/i0.wp.com\/ismaelcolosi.com.br\/wp-content\/uploads\/2023\/11\/grupo-de-empregos-whatsapp-e-facebook-ismael-colosi-vagas.jpg?ssl=1\" alt=\"\" \/><\/a><\/p>\n<!-- \/wp:image -->\n<\/div>\n<p> <br \/>\n<\/p>\n<div>\n<p><b><i><span data-contrast=\"auto\">Feres Sabino *<\/span><\/i><\/b><br \/><b><i><span data-contrast=\"auto\">advogadoferessabino.wordpress.com<\/span><\/i><\/b><\/p>\n<p><span data-contrast=\"none\">A Lei de Acesso \u00e0 Informa\u00e7\u00e3o (Lei n\u00ba 12.527\/2011), \u201cpossibilita, a qualquer pessoa, f\u00edsica ou jur\u00eddica, sem necessidade de apresentar motivo, o recebimento de informa\u00e7\u00f5es p\u00fablicas dos \u00f3rg\u00e3os e entidades\u201d.\u00c9 um direito consagrado pela Constitui\u00e7\u00e3o do Brasil, ali\u00e1s, de pouco uso pela cidadania. Seguramente, n\u00e3o \u00e9 por falta de leis que governos conseguem ser ineficientes, ou pensam ser eficientes, vendendo o patrim\u00f4nio p\u00fablico com a avidez que causa estranheza, porque s\u00f3 desossa a arquitetura do Estado.<\/span><\/p>\n<p><span data-contrast=\"none\">Se individualmente exercido esse direito se converte em instrumento de participa\u00e7\u00e3o nos neg\u00f3cios p\u00fablicos, sup\u00f5e-se a consci\u00eancia dele, se massificada, e seu efeito moralizador sobre qualquer administra\u00e7\u00e3o p\u00fablica. Com o exerc\u00edcio desse direito fundamental conferido \u00e0 cidadania, ter-se-ia a efetiva\u00e7\u00e3o do dever da transpar\u00eancia. <\/span><\/p>\n<p><span data-contrast=\"none\">Uma quest\u00e3o t\u00e9cnica a ser esclarecida em Ribeir\u00e3o Preto prende-se \u00e0 instala\u00e7\u00e3o dos sem\u00e1foros, sendo que o pen\u00faltimo deles foi ali no Jardim Macedo. Verifica-se que os sem\u00e1foros antigos continuam a ser instalados como se um dia tivesse havido o que \u00e9 legalmente imposs\u00edvel, ou seja, uma licita\u00e7\u00e3o vital\u00edcia.\u00a0 Assim aqueles sem\u00e1foros do passado, sem indicar o tempo de espera ou de passagem do ve\u00edculo est\u00e3o em pleno e igual destaque, s\u00e3o antigos como s\u00e3o atuais, na instala\u00e7\u00e3o. S\u00f3 que para a Administra\u00e7\u00e3o P\u00fablica o tempo contratual resultante da licita\u00e7\u00e3o s\u00e3o fixados em at\u00e9 cinco anos.<\/span><\/p>\n<p><span data-contrast=\"none\">O superintendente da Transerp, respons\u00e1vel pelo tr\u00e2nsito e pelo transporte locais, e cujo nome novo, doravante, ser\u00e1 RP Mobi, mudan\u00e7a em que est\u00e1 implicada a \u201cmudan\u00e7a do sistema semaf\u00f3rico\u201d, (o superintendente) pode responder a essa respeitosa indaga\u00e7\u00e3o e esclarecer aqui no jornal Tim-Tim-por-Tim-Tim o que todos t\u00eam o direito de saber.\u00a0\u00a0 <\/span><\/p>\n<p><span data-contrast=\"none\">Afinal, por que isso acontece j\u00e1 que a cidade jamais foi hostil \u00e0 modernidade? Afinal, h\u00e1 alguma dificuldade t\u00e9cnica, a homogeneidade de aparelhos iguais exige a perpetua\u00e7\u00e3o para todo o sempre de aparelhos que n\u00e3o podem ser distintos do que se tem desde o antigamente antigo? O que significa a \u201cmudan\u00e7a do sistema semaf\u00f3rico\u201d<\/span><span data-ccp-props=\"{&quot;201341983&quot;:0,&quot;335559739&quot;:200,&quot;335559740&quot;:276}\">\u00a0<\/span><\/p>\n<p><span data-contrast=\"none\">Essa \u00e9 um primeiro assunto. O outro assunto decorre do registro de uma senten\u00e7a judicial, em que a Transerp queria sair da rela\u00e7\u00e3o processual, mesmo com as responsabilidades que lhes cabem na rela\u00e7\u00e3o negocial, objeto do processo judicial. Essa a\u00e7\u00e3o judicial foi aquela provocada pelo vereador Narcos Papa, que se insurgiu contra o repasse que a Prefeitura Municipal realizou, com a aprova\u00e7\u00e3o da maioria dos vereadores da nossa C\u00e2mara, ao Cons\u00f3rcio do Transporte Urbano, no valor de R$ 17.000.000,00 (dezessete milh\u00f5es arredondados) \u00e0 empresa de transporte urbano, sob o pretexto de restabelecer o equil\u00edbrio econ\u00f4mico-financeiro do contrato de concess\u00e3o.<\/span><\/p>\n<p><span data-contrast=\"none\">Sabe-se que o interesse p\u00fablico \u00e9 indispon\u00edvel, e que se torna intoler\u00e1vel qualquer transig\u00eancia que o agente p\u00fablico fa\u00e7a, diante da natureza desse interesse. Pois ent\u00e3o, a Transerp defendeu a sua sa\u00edda liminar do processo, ou seja, antes de qualquer decis\u00e3o definitiva. Ela queria fosse julgada parte ileg\u00edtima, pois, achava n\u00e3o ter nada que ver com a hist\u00f3ria do repasse da vultuosa quantia.<\/span><\/p>\n<p><span data-contrast=\"none\">Mas, a senten\u00e7a exarada pela dra. Lucilene Aparecida Canella de Melo constitui verdadeira censura \u00e0 atitude processual da Transerp. Ela diz:<\/span><\/p>\n<p><span data-contrast=\"none\">\u201cCom dito, sendo a Transerp a entidade controladora e fiscalizadora do servi\u00e7o, competia-lhe participar ativamente da produ\u00e7\u00e3o da prova pericial, trazendo aos autos os documentos necess\u00e1rios, averiguar os documentos emitidos pela concession\u00e1ria e no m\u00ednimo ter apresentado parecer t\u00e9cnico espec\u00edfico sobre os c\u00e1lculos.<\/span><\/p>\n<p><span data-contrast=\"none\">\u201cV\u00ea-se que sequer se manifestou (a Transerp) sobre a observ\u00e2ncia da perita no sentido de que \u2018pelas informa\u00e7\u00f5es da concession\u00e1ria, verifica-se que havia frota com idade superior o que pode gerar maiores gastos para a manuten\u00e7\u00e3o da frita\u2019 (fls.4066). Essa era uma quest\u00e3o de suma import\u00e2ncia que deveria ter sido abordada e explicada pela Transerp, por isso que a se raciocinar que o silencio n\u00e3o pode ser erigido em concord\u00e2ncia com o que foi unilateralmente assentado (pela perita) at\u00e9 porque \u00e9 sabido que em quest\u00f5es do alto interesse p\u00fablico, como no caso, n\u00e3o pode prevalecer a regra da concord\u00e2ncia t\u00e1cita, aplic\u00e1vel em direitos dispon\u00edveis\u201d.<\/span><\/p>\n<p><span data-contrast=\"none\">O m\u00ednimo que se pode dizer \u00e9 que h\u00e1 omiss\u00e3o da entidade parestatal na defesa do interesse p\u00fablico. E tal omiss\u00e3o \u00e9 insuport\u00e1vel diante dos deveres e obriga\u00e7\u00f5es da empresa, uma verdadeira agress\u00e3o aos direitos da cidadania.<\/span><\/p>\n<p><b><i><span data-contrast=\"none\">* Procurador-geral do Estado no governo de Andr\u00e9 Franco Montoro e membro da Academia Ribeir\u00e3opretana de Letras<\/span><\/i><\/b><span data-ccp-props=\"{&quot;201341983&quot;:0,&quot;335559739&quot;:200,&quot;335559740&quot;:276}\">\u00a0<\/span><\/p>\n<p><span data-ccp-props=\"{&quot;201341983&quot;:0,&quot;335559739&quot;:200,&quot;335559740&quot;:276}\">\u00a0<\/span><\/p>\n<p><span data-ccp-props=\"{&quot;201341983&quot;:0,&quot;335559739&quot;:200,&quot;335559740&quot;:276}\">\u00a0<\/span><\/p>\n<p><span data-ccp-props=\"{&quot;201341983&quot;:0,&quot;335559739&quot;:200,&quot;335559740&quot;:276}\">\u00a0<\/span><\/p>\n<p><span data-ccp-props=\"{&quot;201341983&quot;:0,&quot;335559739&quot;:200,&quot;335559740&quot;:276}\">\u00a0<\/span><\/p>\n<\/div>\n<p><br \/>\n<br \/><a href=\"https:\/\/www.tribunaribeirao.com.br\/site\/vamos-la-transerp\/\">Source link <\/a><\/p>\n<!-- CONTENT END 1 -->\n","protected":false},"excerpt":{"rendered":"<p>Feres Sabino *advogadoferessabino.wordpress.com A Lei de Acesso \u00e0 Informa\u00e7\u00e3o (Lei n\u00ba 12.527\/2011), \u201cpossibilita, a qualquer pessoa, f\u00edsica ou jur\u00eddica, sem necessidade de apresentar motivo, o&#8230;<\/p>\n","protected":false},"author":1,"featured_media":10865,"comment_status":"open","ping_status":"open","sticky":false,"template":"","format":"standard","meta":{"advanced_seo_description":"","jetpack_seo_html_title":"","jetpack_seo_noindex":false,"jetpack_post_was_ever_published":false,"_jetpack_newsletter_access":"","_jetpack_dont_email_post_to_subs":false,"_jetpack_newsletter_tier_id":0,"_jetpack_memberships_contains_paywalled_content":false,"_jetpack_memberships_contains_paid_content":false,"footnotes":"","jetpack_publicize_message":"","jetpack_publicize_feature_enabled":true,"jetpack_social_post_already_shared":true,"jetpack_social_options":{"image_generator_settings":{"template":"highway","default_image_id":0,"font":"","enabled":false},"version":2}},"categories":[11],"tags":[785,1502,26,1503,786,1501],"class_list":["post-10864","post","type-post","status-publish","format-standard","has-post-thumbnail","hentry","category-noticias-de-ribeirao-preto-sp-e-regiao-ismael-colosi","tag-jornal","tag-la","tag-ribeirao","tag-transerp","tag-tribuna","tag-vamos"],"jetpack_publicize_connections":[],"jetpack_featured_media_url":"https:\/\/i0.wp.com\/noticiasribeiraopreto.com.br\/wp-content\/uploads\/2023\/12\/feressabino.jpg?fit=700%2C450&ssl=1","jetpack-related-posts":[{"id":44561,"url":"https:\/\/noticiasribeiraopreto.com.br\/index.php\/2024\/03\/28\/camara-aprova-loteria-municipal\/","url_meta":{"origin":10864,"position":0},"title":"C\u00e2mara aprova loteria municipal\u00a0 &#8211; Jornal Tribuna Ribeir\u00e3o","author":"noticiasribeiraopreto.com.br","date":"28 de March de 2024","format":false,"excerpt":"28 de mar\u00e7o de 2024 | 14:0028 de mar\u00e7o de 2024 | 12:01 0 A C\u00e2mara de Vereadores aprovou, na sess\u00e3o da \u00faltima ter\u00e7a-feira, 26 de mar\u00e7o, projeto de lei que pretende quer criar, em Ribeir\u00e3o Preto, o servi\u00e7o p\u00fablico de loteria municipal. Apesar da aprova\u00e7\u00e3o, a lei precisa ser\u2026","rel":"","context":"In &quot;Not\u00edcias de Ribeir\u00e3o Preto-SP e Regi\u00e3o&quot;","block_context":{"text":"Not\u00edcias de Ribeir\u00e3o Preto-SP e Regi\u00e3o","link":"https:\/\/noticiasribeiraopreto.com.br\/index.php\/category\/noticias-de-ribeirao-preto-sp-e-regiao-ismael-colosi\/"},"img":{"alt_text":"","src":"https:\/\/i0.wp.com\/noticiasribeiraopreto.com.br\/wp-content\/uploads\/2024\/03\/Loteria-Thaisa-Coroado-Camara.jpg?fit=750%2C500&ssl=1&resize=350%2C200","width":350,"height":200,"srcset":"https:\/\/i0.wp.com\/noticiasribeiraopreto.com.br\/wp-content\/uploads\/2024\/03\/Loteria-Thaisa-Coroado-Camara.jpg?fit=750%2C500&ssl=1&resize=350%2C200 1x, https:\/\/i0.wp.com\/noticiasribeiraopreto.com.br\/wp-content\/uploads\/2024\/03\/Loteria-Thaisa-Coroado-Camara.jpg?fit=750%2C500&ssl=1&resize=525%2C300 1.5x, https:\/\/i0.wp.com\/noticiasribeiraopreto.com.br\/wp-content\/uploads\/2024\/03\/Loteria-Thaisa-Coroado-Camara.jpg?fit=750%2C500&ssl=1&resize=700%2C400 2x"},"classes":[]},{"id":77070,"url":"https:\/\/noticiasribeiraopreto.com.br\/index.php\/2025\/09\/11\/vereadores-aprovam-projeto-antifarra-tribuna-ribeirao\/","url_meta":{"origin":10864,"position":1},"title":"Vereadores aprovam \u2018projeto antifarra\u2019\u2028 &#8211; Tribuna Ribeir\u00e3o","author":"noticiasribeiraopreto.com.br","date":"11 de September de 2025","format":false,"excerpt":"Projeto responsabiliza estabelecimentos que contribu\u00edrem para a realiza\u00e7\u00e3o de atividades prejudiciais \u00e0 sa\u00fade p\u00fablica, ao sossego e aos bons costumes; multa pode chegar a R$ 10 mil\u2028\u2028 A C\u00e2mara de Vereadores aprovou, na sess\u00e3o desta quarta-feira, 10 de setembro, projeto de lei do prefeito Ricardo Silva (PSD) que responsabiliza estabelecimentos\u2026","rel":"","context":"In &quot;Not\u00edcias de Ribeir\u00e3o Preto-SP e Regi\u00e3o&quot;","block_context":{"text":"Not\u00edcias de Ribeir\u00e3o Preto-SP e Regi\u00e3o","link":"https:\/\/noticiasribeiraopreto.com.br\/index.php\/category\/noticias-de-ribeirao-preto-sp-e-regiao-ismael-colosi\/"},"img":{"alt_text":"","src":"https:\/\/i0.wp.com\/noticiasribeiraopreto.com.br\/wp-content\/uploads\/2025\/09\/Adega-Alfredo-Risk-Arquivo-scaled.jpg?fit=1170%2C780&ssl=1&resize=350%2C200","width":350,"height":200,"srcset":"https:\/\/i0.wp.com\/noticiasribeiraopreto.com.br\/wp-content\/uploads\/2025\/09\/Adega-Alfredo-Risk-Arquivo-scaled.jpg?fit=1170%2C780&ssl=1&resize=350%2C200 1x, https:\/\/i0.wp.com\/noticiasribeiraopreto.com.br\/wp-content\/uploads\/2025\/09\/Adega-Alfredo-Risk-Arquivo-scaled.jpg?fit=1170%2C780&ssl=1&resize=525%2C300 1.5x, https:\/\/i0.wp.com\/noticiasribeiraopreto.com.br\/wp-content\/uploads\/2025\/09\/Adega-Alfredo-Risk-Arquivo-scaled.jpg?fit=1170%2C780&ssl=1&resize=700%2C400 2x, https:\/\/i0.wp.com\/noticiasribeiraopreto.com.br\/wp-content\/uploads\/2025\/09\/Adega-Alfredo-Risk-Arquivo-scaled.jpg?fit=1170%2C780&ssl=1&resize=1050%2C600 3x"},"classes":[]},{"id":68533,"url":"https:\/\/noticiasribeiraopreto.com.br\/index.php\/2025\/04\/26\/projeto-da-reforma-administrativa-deve-ficar-pronto-em-maio\/","url_meta":{"origin":10864,"position":2},"title":"Projeto da Reforma Administrativa deve ficar pronto em maio\u00a0","author":"noticiasribeiraopreto.com.br","date":"26 de April de 2025","format":false,"excerpt":"26 de abril de 2025 09:3025 de abril de 2025 19:569 Compartilhar0 A prefeitura de Ribeir\u00e3o Preto est\u00e1 finalizando a reforma administrativa determinada pelo Tribunal de Justi\u00e7a de S\u00e3o Paulo (TJSP). O projeto de lei est\u00e1 sendo feito com a assessoria da Funda\u00e7\u00e3o Instituto de Pesquisas Econ\u00f4micas (Fipe), organiza\u00e7\u00e3o de\u2026","rel":"","context":"In &quot;Not\u00edcias de Ribeir\u00e3o Preto-SP e Regi\u00e3o&quot;","block_context":{"text":"Not\u00edcias de Ribeir\u00e3o Preto-SP e Regi\u00e3o","link":"https:\/\/noticiasribeiraopreto.com.br\/index.php\/category\/noticias-de-ribeirao-preto-sp-e-regiao-ismael-colosi\/"},"img":{"alt_text":"","src":"https:\/\/i0.wp.com\/noticiasribeiraopreto.com.br\/wp-content\/uploads\/2025\/04\/Prefeitura-de-RP-Foto-CCS-scaled-1.jpeg?fit=970%2C645&ssl=1&resize=350%2C200","width":350,"height":200,"srcset":"https:\/\/i0.wp.com\/noticiasribeiraopreto.com.br\/wp-content\/uploads\/2025\/04\/Prefeitura-de-RP-Foto-CCS-scaled-1.jpeg?fit=970%2C645&ssl=1&resize=350%2C200 1x, https:\/\/i0.wp.com\/noticiasribeiraopreto.com.br\/wp-content\/uploads\/2025\/04\/Prefeitura-de-RP-Foto-CCS-scaled-1.jpeg?fit=970%2C645&ssl=1&resize=525%2C300 1.5x, https:\/\/i0.wp.com\/noticiasribeiraopreto.com.br\/wp-content\/uploads\/2025\/04\/Prefeitura-de-RP-Foto-CCS-scaled-1.jpeg?fit=970%2C645&ssl=1&resize=700%2C400 2x"},"classes":[]},{"id":71949,"url":"https:\/\/noticiasribeiraopreto.com.br\/index.php\/2025\/06\/11\/prefeitura-sanciona-lei-que-garante-a-presenca-de-fisioterapeutas-em-maternidades-de-ribeirao\/","url_meta":{"origin":10864,"position":3},"title":"Prefeitura sanciona lei que garante a presen\u00e7a de fisioterapeutas em maternidades de Ribeir\u00e3o","author":"noticiasribeiraopreto.com.br","date":"11 de June de 2025","format":false,"excerpt":"O prefeito de Ribeir\u00e3o Preto, Ricardo Silva (PSD), sancionou a lei que assegura a perman\u00eancia de fisioterapeutas em maternidades p\u00fablicas e privadas do munic\u00edpio. A Lei n\u00ba 15.084\/2025 foi publicada no Di\u00e1rio Oficial desta ter\u00e7a-feira (10) e j\u00e1 est\u00e1 em vigor. A proposta, de autoria do vereador Matheus Moreno (MDB),\u2026","rel":"","context":"In &quot;Not\u00edcias de Ribeir\u00e3o Preto-SP e Regi\u00e3o&quot;","block_context":{"text":"Not\u00edcias de Ribeir\u00e3o Preto-SP e Regi\u00e3o","link":"https:\/\/noticiasribeiraopreto.com.br\/index.php\/category\/noticias-de-ribeirao-preto-sp-e-regiao-ismael-colosi\/"},"img":{"alt_text":"","src":"https:\/\/i0.wp.com\/noticiasribeiraopreto.com.br\/wp-content\/uploads\/2025\/05\/maternidade_2025-05-26_15-43-25.webp.webp?fit=1200%2C800&ssl=1&resize=350%2C200","width":350,"height":200,"srcset":"https:\/\/i0.wp.com\/noticiasribeiraopreto.com.br\/wp-content\/uploads\/2025\/05\/maternidade_2025-05-26_15-43-25.webp.webp?fit=1200%2C800&ssl=1&resize=350%2C200 1x, https:\/\/i0.wp.com\/noticiasribeiraopreto.com.br\/wp-content\/uploads\/2025\/05\/maternidade_2025-05-26_15-43-25.webp.webp?fit=1200%2C800&ssl=1&resize=525%2C300 1.5x, https:\/\/i0.wp.com\/noticiasribeiraopreto.com.br\/wp-content\/uploads\/2025\/05\/maternidade_2025-05-26_15-43-25.webp.webp?fit=1200%2C800&ssl=1&resize=700%2C400 2x, https:\/\/i0.wp.com\/noticiasribeiraopreto.com.br\/wp-content\/uploads\/2025\/05\/maternidade_2025-05-26_15-43-25.webp.webp?fit=1200%2C800&ssl=1&resize=1050%2C600 3x"},"classes":[]},{"id":12542,"url":"https:\/\/noticiasribeiraopreto.com.br\/index.php\/2023\/12\/08\/o-controle-social-dos-orcamentos-publicos\/","url_meta":{"origin":10864,"position":4},"title":"O controle social dos or\u00e7amentos p\u00fablicos \u00a0","author":"noticiasribeiraopreto.com.br","date":"8 de December de 2023","format":false,"excerpt":"A efetividade e a legitimidade da participa\u00e7\u00e3o popular no processo legislativo or\u00e7ament\u00e1rio Dimas Ramalho*\u00a0[email\u00a0protected]Alguns estudiosos de direito financeiro costumam criticar a falta de planejamento na elabora\u00e7\u00e3o dos or\u00e7amentos p\u00fablicos, denominando-os de \u201cpe\u00e7as de fic\u00e7\u00e3o\u201d. Essa express\u00e3o refere-se ao fato de que a lei or\u00e7ament\u00e1ria, salvo raras exce\u00e7\u00f5es, cumpriria a fun\u00e7\u00e3o\u2026","rel":"","context":"In &quot;Not\u00edcias de Ribeir\u00e3o Preto-SP e Regi\u00e3o&quot;","block_context":{"text":"Not\u00edcias de Ribeir\u00e3o Preto-SP e Regi\u00e3o","link":"https:\/\/noticiasribeiraopreto.com.br\/index.php\/category\/noticias-de-ribeirao-preto-sp-e-regiao-ismael-colosi\/"},"img":{"alt_text":"","src":"https:\/\/i0.wp.com\/noticiasribeiraopreto.com.br\/wp-content\/uploads\/2023\/12\/dimasramalho.jpg?fit=700%2C450&ssl=1&resize=350%2C200","width":350,"height":200,"srcset":"https:\/\/i0.wp.com\/noticiasribeiraopreto.com.br\/wp-content\/uploads\/2023\/12\/dimasramalho.jpg?fit=700%2C450&ssl=1&resize=350%2C200 1x, https:\/\/i0.wp.com\/noticiasribeiraopreto.com.br\/wp-content\/uploads\/2023\/12\/dimasramalho.jpg?fit=700%2C450&ssl=1&resize=525%2C300 1.5x, https:\/\/i0.wp.com\/noticiasribeiraopreto.com.br\/wp-content\/uploads\/2023\/12\/dimasramalho.jpg?fit=700%2C450&ssl=1&resize=700%2C400 2x"},"classes":[]},{"id":65874,"url":"https:\/\/noticiasribeiraopreto.com.br\/index.php\/2025\/03\/25\/jornal-da-franca-vereadores-votam-projeto-com-objetivo-de-tornar-obras-publicas-mais-transparentes\/","url_meta":{"origin":10864,"position":5},"title":"Jornal da Franca &#8211; Vereadores votam projeto com objetivo de tornar obras p\u00fablicas mais transparentes","author":"noticiasribeiraopreto.com.br","date":"25 de March de 2025","format":false,"excerpt":"compartilhar no whatsapp compartilhar no telegram compartilhar no facebook compartilhar no linkedin Projeto estabelece monitoramento por v\u00eddeo nas obras bancadas com dinheiro p\u00fablico Na sess\u00e3o da C\u00e2mara desta ter\u00e7a-feira estar\u00e1 em pauta o Projeto de Lei Ordin\u00e1ria n\u00ba 21\/2025, de autoria da vereadora Mar\u00edlia Martins (PSOL). A proposta visa instituir\u2026","rel":"","context":"In &quot;Not\u00edcias de Franca-SP&quot;","block_context":{"text":"Not\u00edcias de Franca-SP","link":"https:\/\/noticiasribeiraopreto.com.br\/index.php\/category\/noticias-de-ribeirao-preto-sp-e-regiao-ismael-colosi\/noticias-franca-sp\/"},"img":{"alt_text":"","src":"https:\/\/i0.wp.com\/noticiasribeiraopreto.com.br\/wp-content\/uploads\/2025\/03\/obra-NGA-setembro-24-scaled.jpg?fit=1200%2C795&ssl=1&resize=350%2C200","width":350,"height":200,"srcset":"https:\/\/i0.wp.com\/noticiasribeiraopreto.com.br\/wp-content\/uploads\/2025\/03\/obra-NGA-setembro-24-scaled.jpg?fit=1200%2C795&ssl=1&resize=350%2C200 1x, https:\/\/i0.wp.com\/noticiasribeiraopreto.com.br\/wp-content\/uploads\/2025\/03\/obra-NGA-setembro-24-scaled.jpg?fit=1200%2C795&ssl=1&resize=525%2C300 1.5x, https:\/\/i0.wp.com\/noticiasribeiraopreto.com.br\/wp-content\/uploads\/2025\/03\/obra-NGA-setembro-24-scaled.jpg?fit=1200%2C795&ssl=1&resize=700%2C400 2x, https:\/\/i0.wp.com\/noticiasribeiraopreto.com.br\/wp-content\/uploads\/2025\/03\/obra-NGA-setembro-24-scaled.jpg?fit=1200%2C795&ssl=1&resize=1050%2C600 3x"},"classes":[]}],"jetpack_sharing_enabled":true,"jetpack_shortlink":"https:\/\/wp.me\/peQAOb-2Pe","_links":{"self":[{"href":"https:\/\/noticiasribeiraopreto.com.br\/index.php\/wp-json\/wp\/v2\/posts\/10864","targetHints":{"allow":["GET"]}}],"collection":[{"href":"https:\/\/noticiasribeiraopreto.com.br\/index.php\/wp-json\/wp\/v2\/posts"}],"about":[{"href":"https:\/\/noticiasribeiraopreto.com.br\/index.php\/wp-json\/wp\/v2\/types\/post"}],"author":[{"embeddable":true,"href":"https:\/\/noticiasribeiraopreto.com.br\/index.php\/wp-json\/wp\/v2\/users\/1"}],"replies":[{"embeddable":true,"href":"https:\/\/noticiasribeiraopreto.com.br\/index.php\/wp-json\/wp\/v2\/comments?post=10864"}],"version-history":[{"count":0,"href":"https:\/\/noticiasribeiraopreto.com.br\/index.php\/wp-json\/wp\/v2\/posts\/10864\/revisions"}],"wp:featuredmedia":[{"embeddable":true,"href":"https:\/\/noticiasribeiraopreto.com.br\/index.php\/wp-json\/wp\/v2\/media\/10865"}],"wp:attachment":[{"href":"https:\/\/noticiasribeiraopreto.com.br\/index.php\/wp-json\/wp\/v2\/media?parent=10864"}],"wp:term":[{"taxonomy":"category","embeddable":true,"href":"https:\/\/noticiasribeiraopreto.com.br\/index.php\/wp-json\/wp\/v2\/categories?post=10864"},{"taxonomy":"post_tag","embeddable":true,"href":"https:\/\/noticiasribeiraopreto.com.br\/index.php\/wp-json\/wp\/v2\/tags?post=10864"}],"curies":[{"name":"wp","href":"https:\/\/api.w.org\/{rel}","templated":true}]}}