{"id":10872,"date":"2023-12-05T08:32:12","date_gmt":"2023-12-05T11:32:12","guid":{"rendered":"https:\/\/noticiasribeiraopreto.com.br\/index.php\/2023\/12\/05\/instituto-federal-de-santa-catarina-abre-vagas-em-cursos-gratuitos-de-especializacao\/"},"modified":"2023-12-05T08:32:12","modified_gmt":"2023-12-05T11:32:12","slug":"instituto-federal-de-santa-catarina-abre-vagas-em-cursos-gratuitos-de-especializacao","status":"publish","type":"post","link":"https:\/\/noticiasribeiraopreto.com.br\/index.php\/2023\/12\/05\/instituto-federal-de-santa-catarina-abre-vagas-em-cursos-gratuitos-de-especializacao\/","title":{"rendered":"Instituto Federal de Santa Catarina abre vagas em cursos gratuitos de especializa\u00e7\u00e3o"},"content":{"rendered":"<div class='code-block code-block-1' style='margin: 8px 0 8px auto; text-align: right; display: block; clear: both;'>\n<p><a href=\"https:\/\/wa.link\/vpicfd\"><img data-recalc-dims=\"1\" class=\"wp-image-4922\" style=\"aspect-ratio: 2.0253164556962027; width: 561px; height: auto;\" src=\"https:\/\/i0.wp.com\/ismaelcolosi.com.br\/wp-content\/uploads\/2023\/11\/grupo-de-empregos-whatsapp-e-facebook-ismael-colosi-vagas.jpg?ssl=1\" alt=\"\" \/><\/a><\/p>\n<!-- \/wp:image -->\n<\/div>\n<p> <br \/>\n<\/p>\n<p>As vagas s\u00e3o para os cursos de Ensino de L\u00edngua Estrangeira para a Educa\u00e7\u00e3o B\u00e1sica, Tecnologias para a Educa\u00e7\u00e3o Profissional e Tecnol\u00f3gica \u2013ambos na modalidade a dist\u00e2ncia (EaD) e Educa\u00e7\u00e3o Ambiental com \u00canfase na Forma\u00e7\u00e3o de Professores (curso presencial no campus S\u00e3o Jos\u00e9).<\/p>\n<div data-attachment-id=\"2316220\">\n<div class=\"position-relative d-inline-block\"><img data-recalc-dims=\"1\" data-portal-copyright=\"Divulga\u00e7\u00e3o\/iFSC\" fetchpriority=\"high\" decoding=\"async\" class=\"aligncenter size-full wp-image-2316220\" src=\"https:\/\/i0.wp.com\/catracalivre.com.br\/wp-content\/uploads\/2023\/12\/cursos-gratuitos-ifsc.jpg?resize=911%2C580&#038;ssl=1\" alt=\"\" width=\"911\" height=\"580\" srcset=\"https:\/\/catracalivre.com.br\/wp-content\/uploads\/2023\/12\/cursos-gratuitos-ifsc.jpg 911w, https:\/\/catracalivre.com.br\/wp-content\/uploads\/2023\/12\/cursos-gratuitos-ifsc-450x286.jpg 450w, https:\/\/catracalivre.com.br\/wp-content\/uploads\/2023\/12\/cursos-gratuitos-ifsc-768x489.jpg 768w\" sizes=\"(max-width: 911px) 100vw, 911px\"\/><\/p>\n<p>Cr\u00e9ditos: Divulga\u00e7\u00e3o\/iFSC<\/p>\n<\/div>\n<\/div>\n<p>O processo seletivo para os tr\u00eas cursos ser\u00e1 por sorteio p\u00fablico, realizado em 21 de dezembro. A divulga\u00e7\u00e3o dos selecionados em primeira chamada ser\u00e1 em 22.\u00a0Todos os cursos iniciam as aulas em 2024.<\/p>\n<p>Para se inscrever pelo\u00a0<a href=\"https:\/\/www.ifsc.edu.br\/inscricoes-e-acompanhamento\" target=\"_blank\" rel=\"noopener\">Portal de Inscri\u00e7\u00f5es<\/a> (Editais 17 e 18), os candidatos devem seguir o passo a passo:<\/p>\n<p>Para se inscrever no\u00a0<a href=\"https:\/\/certame.ifsc.edu.br\/sigcertame\/public\/candidato\/index.jsf\" target=\"_blank\" rel=\"noopener\">SIG Certame<\/a>\u00a0(Edital 19), os candidatos devem seguir o passo a passo:<\/p>\n<p>O IFC tamb\u00e9m est\u00e1 com inscri\u00e7\u00f5es abertas at\u00e9 o dia 4 de janeiro de 2024 para o curso de Mestrado Profissional em Educa\u00e7\u00e3o Profissional e Tecnol\u00f3gica (ProfEPT), que tem vagas em todo o pa\u00eds, sendo 24 ofertadas pelo campus Florian\u00f3polis do IFSC.<\/p>\n<p>O processo seletivo ser\u00e1 por meio de uma prova objetiva, realizada em 25 de fevereiro de 2024. A divulga\u00e7\u00e3o dos selecionados ser\u00e1 em 13 de mar\u00e7o e as aulas iniciam a partir de 2 de abril.<\/p>\n<p><script>\n\t\t! function(f, b, e, v, n, t, s) {\n\t\t\tif (f.fbq) return;\n\t\t\tn = f.fbq = function() {\n\t\t\t\tn.callMethod ?\n\t\t\t\t\tn.callMethod.apply(n, arguments) : n.queue.push(arguments)\n\t\t\t};\n\t\t\tif (!f._fbq) f._fbq = n;\n\t\t\tn.push = n;\n\t\t\tn.loaded = !0;\n\t\t\tn.version = '2.0';\n\t\t\tn.queue = [];\n\t\t\tt = b.createElement(e);\n\t\t\tt.async = !0;\n\t\t\tt.src = v;\n\t\t\ts = b.getElementsByTagName(e)[0];\n\t\t\ts.parentNode.insertBefore(t, s)\n\t\t}(window, document, 'script',\n\t\t\t'https:\/\/connect.facebook.net\/en_US\/fbevents.js');\n\t\tfbq('init', '338315473262380');\n\t\tfbq('track', 'PageView');\n\t<\/script><br \/>\n<br \/><br \/>\n<br \/><a href=\"https:\/\/catracalivre.com.br\/educacao\/instituto-federal-de-santa-catarina-abre-vagas-em-cursos-gratuitos-de-especializacao\/\">Source link <\/a><\/p>\n<!-- CONTENT END 1 -->\n","protected":false},"excerpt":{"rendered":"<p>As vagas s\u00e3o para os cursos de Ensino de L\u00edngua Estrangeira para a Educa\u00e7\u00e3o B\u00e1sica, Tecnologias para a Educa\u00e7\u00e3o Profissional e Tecnol\u00f3gica \u2013ambos na modalidade&#8230;<\/p>\n","protected":false},"author":1,"featured_media":10873,"comment_status":"open","ping_status":"open","sticky":false,"template":"","format":"standard","meta":{"advanced_seo_description":"","jetpack_seo_html_title":"","jetpack_seo_noindex":false,"jetpack_post_was_ever_published":false,"_jetpack_newsletter_access":"","_jetpack_dont_email_post_to_subs":false,"_jetpack_newsletter_tier_id":0,"_jetpack_memberships_contains_paywalled_content":false,"_jetpack_memberships_contains_paid_content":false,"footnotes":"","jetpack_publicize_message":"","jetpack_publicize_feature_enabled":true,"jetpack_social_post_already_shared":true,"jetpack_social_options":{"image_generator_settings":{"template":"highway","default_image_id":0,"font":"","enabled":false},"version":2}},"categories":[19],"tags":[],"class_list":["post-10872","post","type-post","status-publish","format-standard","has-post-thumbnail","hentry","category-variedades"],"jetpack_publicize_connections":[],"jetpack_featured_media_url":"https:\/\/i0.wp.com\/noticiasribeiraopreto.com.br\/wp-content\/uploads\/2023\/12\/cursos-gratuitos-ifsc.jpg?fit=1200%2C638&ssl=1","jetpack-related-posts":[{"id":11603,"url":"https:\/\/noticiasribeiraopreto.com.br\/index.php\/2023\/12\/06\/instituto-federal-oferece-cursos-gratuitos-presenciais-e-na-modalidade-ead-certificado\/","url_meta":{"origin":10872,"position":0},"title":"Instituto Federal oferece cursos gratuitos presenciais e na modalidade EAD + certificado!\u00a0","author":"noticiasribeiraopreto.com.br","date":"6 de December de 2023","format":false,"excerpt":"Foto: Freepik O Instituto Federal de Santa Catarina (IFSC) est\u00e1 com inscri\u00e7\u00f5es abertas at\u00e9 o dia 20 de dezembro para tr\u00eas cursos gratuitos EAD de p\u00f3s-gradua\u00e7\u00e3o lato sensu. As vagas s\u00e3o para os cursos de Ensino de L\u00edngua Estrangeira para a Educa\u00e7\u00e3o B\u00e1sica, Tecnologias para a Educa\u00e7\u00e3o Profissional e Tecnol\u00f3gica,\u2026","rel":"","context":"In &quot;Vagas de Emprego em Ribeir\u00e3o Preto-SP&quot;","block_context":{"text":"Vagas de Emprego em Ribeir\u00e3o Preto-SP","link":"https:\/\/noticiasribeiraopreto.com.br\/index.php\/category\/empregos-classificados-vagas-trabalho\/vagas-de-empregos-em-ribeirao-preto-regiao-brasil\/"},"img":{"alt_text":"","src":"https:\/\/i0.wp.com\/noticiasribeiraopreto.com.br\/wp-content\/uploads\/2023\/12\/Instituto-Federal-oferece-cursos-gratuitos-presenciais-e-na-modalidade-EAD-certificado-830x450.jpg?fit=830%2C450&ssl=1&resize=350%2C200","width":350,"height":200,"srcset":"https:\/\/i0.wp.com\/noticiasribeiraopreto.com.br\/wp-content\/uploads\/2023\/12\/Instituto-Federal-oferece-cursos-gratuitos-presenciais-e-na-modalidade-EAD-certificado-830x450.jpg?fit=830%2C450&ssl=1&resize=350%2C200 1x, https:\/\/i0.wp.com\/noticiasribeiraopreto.com.br\/wp-content\/uploads\/2023\/12\/Instituto-Federal-oferece-cursos-gratuitos-presenciais-e-na-modalidade-EAD-certificado-830x450.jpg?fit=830%2C450&ssl=1&resize=525%2C300 1.5x, https:\/\/i0.wp.com\/noticiasribeiraopreto.com.br\/wp-content\/uploads\/2023\/12\/Instituto-Federal-oferece-cursos-gratuitos-presenciais-e-na-modalidade-EAD-certificado-830x450.jpg?fit=830%2C450&ssl=1&resize=700%2C400 2x"},"classes":[]},{"id":7783,"url":"https:\/\/noticiasribeiraopreto.com.br\/index.php\/2023\/11\/28\/ufsm-esta-com-vagas-abertas-para-cursos-gratuitos-e-online-veja-a-lista\/","url_meta":{"origin":10872,"position":1},"title":"UFSM est\u00e1 com vagas abertas para cursos gratuitos e online; veja a lista","author":"noticiasribeiraopreto.com.br","date":"28 de November de 2023","format":false,"excerpt":"Amplie seu conhecimento com os cursos gratuitos e com certifica\u00e7\u00e3o da UFSM; veja os cursos dispon\u00edveis e como se inscrever 28 de novembro de 2023 \u00e0s 20:01 Por: Reda\u00e7\u00e3o A Universidade Federal de Santa Maria (UFSM) inaugurou o Portal de Cursos Livres e Abertos, um espa\u00e7o destinado \u00e0 oferta de\u2026","rel":"","context":"In &quot;Variedades&quot;","block_context":{"text":"Variedades","link":"https:\/\/noticiasribeiraopreto.com.br\/index.php\/category\/variedades\/"},"img":{"alt_text":"","src":"https:\/\/i0.wp.com\/noticiasribeiraopreto.com.br\/wp-content\/uploads\/2023\/11\/fotos-catraca-2023-11-28t154023003.png?fit=1200%2C638&ssl=1&resize=350%2C200","width":350,"height":200,"srcset":"https:\/\/i0.wp.com\/noticiasribeiraopreto.com.br\/wp-content\/uploads\/2023\/11\/fotos-catraca-2023-11-28t154023003.png?fit=1200%2C638&ssl=1&resize=350%2C200 1x, https:\/\/i0.wp.com\/noticiasribeiraopreto.com.br\/wp-content\/uploads\/2023\/11\/fotos-catraca-2023-11-28t154023003.png?fit=1200%2C638&ssl=1&resize=525%2C300 1.5x, https:\/\/i0.wp.com\/noticiasribeiraopreto.com.br\/wp-content\/uploads\/2023\/11\/fotos-catraca-2023-11-28t154023003.png?fit=1200%2C638&ssl=1&resize=700%2C400 2x, https:\/\/i0.wp.com\/noticiasribeiraopreto.com.br\/wp-content\/uploads\/2023\/11\/fotos-catraca-2023-11-28t154023003.png?fit=1200%2C638&ssl=1&resize=1050%2C600 3x"},"classes":[]},{"id":10848,"url":"https:\/\/noticiasribeiraopreto.com.br\/index.php\/2023\/12\/05\/centro-de-educacao-profissional-de-campinas-abre-vagas-em-cursos-tecnicos-gratuitos\/","url_meta":{"origin":10872,"position":2},"title":"Centro de Educa\u00e7\u00e3o Profissional de Campinas abre vagas em cursos t\u00e9cnicos gratuitos","author":"noticiasribeiraopreto.com.br","date":"5 de December de 2023","format":false,"excerpt":"O Centro de Educa\u00e7\u00e3o Profissional de Campinas (Ceprocamp), vinculado \u00e0 Funda\u00e7\u00e3o Municipal para a Educa\u00e7\u00e3o Comunit\u00e1ria (Fumec), abre 150 vagas para cursos t\u00e9cnicos gratuitos em n\u00edvel m\u00e9dio para o primeiro semestre de 2024. As inscri\u00e7\u00f5es come\u00e7am nesta segunda-feira, 4, \u00e0s 9h, e podem ser feitas, exclusivamente, pela internet (fumec.sp.gov.br\/ceprocamp), at\u00e9\u2026","rel":"","context":"In &quot;Variedades&quot;","block_context":{"text":"Variedades","link":"https:\/\/noticiasribeiraopreto.com.br\/index.php\/category\/variedades\/"},"img":{"alt_text":"","src":"https:\/\/i0.wp.com\/noticiasribeiraopreto.com.br\/wp-content\/uploads\/2023\/12\/curso-gratuito-ceprocamp.jpg?fit=1200%2C638&ssl=1&resize=350%2C200","width":350,"height":200,"srcset":"https:\/\/i0.wp.com\/noticiasribeiraopreto.com.br\/wp-content\/uploads\/2023\/12\/curso-gratuito-ceprocamp.jpg?fit=1200%2C638&ssl=1&resize=350%2C200 1x, https:\/\/i0.wp.com\/noticiasribeiraopreto.com.br\/wp-content\/uploads\/2023\/12\/curso-gratuito-ceprocamp.jpg?fit=1200%2C638&ssl=1&resize=525%2C300 1.5x, https:\/\/i0.wp.com\/noticiasribeiraopreto.com.br\/wp-content\/uploads\/2023\/12\/curso-gratuito-ceprocamp.jpg?fit=1200%2C638&ssl=1&resize=700%2C400 2x, https:\/\/i0.wp.com\/noticiasribeiraopreto.com.br\/wp-content\/uploads\/2023\/12\/curso-gratuito-ceprocamp.jpg?fit=1200%2C638&ssl=1&resize=1050%2C600 3x"},"classes":[]},{"id":7948,"url":"https:\/\/noticiasribeiraopreto.com.br\/index.php\/2023\/11\/29\/seduc-do-para-abre-vagas-em-cursos-gratuitos-de-especializacao\/","url_meta":{"origin":10872,"position":3},"title":"Seduc do Par\u00e1 abre vagas em cursos gratuitos de especializa\u00e7\u00e3o","author":"noticiasribeiraopreto.com.br","date":"29 de November de 2023","format":false,"excerpt":"A Secretaria de Estado de Educa\u00e7\u00e3o do Par\u00e1 (Seduc), em parceria com o Instituto \u00c2nima, segue com inscri\u00e7\u00f5es abertas para cursos gratuitos at\u00e9 12 de dezembro. As vagas s\u00e3o para cursos de especializa\u00e7\u00e3o em Educa\u00e7\u00e3o Ambiental (fa\u00e7a sua inscri\u00e7\u00e3o aqui) e em Coordena\u00e7\u00e3o Pedag\u00f3gica (clique aqui). Cr\u00e9ditos: Daniel Guimar\u00e3es\/Ascom SeducSeduc\u2026","rel":"","context":"In &quot;Variedades&quot;","block_context":{"text":"Variedades","link":"https:\/\/noticiasribeiraopreto.com.br\/index.php\/category\/variedades\/"},"img":{"alt_text":"","src":"https:\/\/i0.wp.com\/noticiasribeiraopreto.com.br\/wp-content\/uploads\/2023\/11\/seduc-pa-cursos-gratuitos.jpg?fit=1200%2C638&ssl=1&resize=350%2C200","width":350,"height":200,"srcset":"https:\/\/i0.wp.com\/noticiasribeiraopreto.com.br\/wp-content\/uploads\/2023\/11\/seduc-pa-cursos-gratuitos.jpg?fit=1200%2C638&ssl=1&resize=350%2C200 1x, https:\/\/i0.wp.com\/noticiasribeiraopreto.com.br\/wp-content\/uploads\/2023\/11\/seduc-pa-cursos-gratuitos.jpg?fit=1200%2C638&ssl=1&resize=525%2C300 1.5x, https:\/\/i0.wp.com\/noticiasribeiraopreto.com.br\/wp-content\/uploads\/2023\/11\/seduc-pa-cursos-gratuitos.jpg?fit=1200%2C638&ssl=1&resize=700%2C400 2x, https:\/\/i0.wp.com\/noticiasribeiraopreto.com.br\/wp-content\/uploads\/2023\/11\/seduc-pa-cursos-gratuitos.jpg?fit=1200%2C638&ssl=1&resize=1050%2C600 3x"},"classes":[]},{"id":7475,"url":"https:\/\/noticiasribeiraopreto.com.br\/index.php\/2023\/11\/28\/faetec-abre-quase-7-mil-vagas-cursos-gratuitos-veja-lista\/","url_meta":{"origin":10872,"position":4},"title":"Faetec abre quase 7 mil vagas cursos gratuitos; veja lista","author":"noticiasribeiraopreto.com.br","date":"28 de November de 2023","format":false,"excerpt":"A Funda\u00e7\u00e3o de Apoio \u00e0 Escola T\u00e9cnica (Faetec) est\u00e1 com inscri\u00e7\u00f5es abertas cursos gratuitos, que v\u00e3o da educa\u00e7\u00e3o infantil ao ensino superior e tamb\u00e9m t\u00e9cnico. Ao todo, s\u00e3o 6.993 vagas no processo seletivo para ingresso em 2024. As inscri\u00e7\u00f5es ficam abertas at\u00e9 o dia 20 de dezembro e devem ser\u2026","rel":"","context":"In &quot;Variedades&quot;","block_context":{"text":"Variedades","link":"https:\/\/noticiasribeiraopreto.com.br\/index.php\/category\/variedades\/"},"img":{"alt_text":"","src":"https:\/\/i0.wp.com\/noticiasribeiraopreto.com.br\/wp-content\/uploads\/2023\/11\/faetec-rj-cursos-gratuitos.jpg?fit=1200%2C638&ssl=1&resize=350%2C200","width":350,"height":200,"srcset":"https:\/\/i0.wp.com\/noticiasribeiraopreto.com.br\/wp-content\/uploads\/2023\/11\/faetec-rj-cursos-gratuitos.jpg?fit=1200%2C638&ssl=1&resize=350%2C200 1x, https:\/\/i0.wp.com\/noticiasribeiraopreto.com.br\/wp-content\/uploads\/2023\/11\/faetec-rj-cursos-gratuitos.jpg?fit=1200%2C638&ssl=1&resize=525%2C300 1.5x, https:\/\/i0.wp.com\/noticiasribeiraopreto.com.br\/wp-content\/uploads\/2023\/11\/faetec-rj-cursos-gratuitos.jpg?fit=1200%2C638&ssl=1&resize=700%2C400 2x, https:\/\/i0.wp.com\/noticiasribeiraopreto.com.br\/wp-content\/uploads\/2023\/11\/faetec-rj-cursos-gratuitos.jpg?fit=1200%2C638&ssl=1&resize=1050%2C600 3x"},"classes":[]},{"id":6579,"url":"https:\/\/noticiasribeiraopreto.com.br\/index.php\/2023\/11\/26\/ifpe-oferece-5-414-vagas-em-132-cursos-gratuitos-confira\/","url_meta":{"origin":10872,"position":5},"title":"IFPE oferece 5.414 vagas em 132 cursos gratuitos; confira","author":"noticiasribeiraopreto.com.br","date":"26 de November de 2023","format":false,"excerpt":"O Instituto Federal de Educa\u00e7\u00e3o, Ci\u00eancia e Tecnologia de Pernambuco (IFPE) est\u00e1 com inscri\u00e7\u00f5es abertas cursos gratuitos nas modalidades presencial e a dist\u00e2ncia (EaD). S\u00e3o oferecidas ao todo 5.414 vagas. Do total de vagas disponibilizadas, 1.435 s\u00e3o para cursos de gradua\u00e7\u00e3o; 1.885 para cursos t\u00e9cnicos integrados ao ensino m\u00e9dio; 2.059\u2026","rel":"","context":"In &quot;Variedades&quot;","block_context":{"text":"Variedades","link":"https:\/\/noticiasribeiraopreto.com.br\/index.php\/category\/variedades\/"},"img":{"alt_text":"","src":"https:\/\/i0.wp.com\/noticiasribeiraopreto.com.br\/wp-content\/uploads\/2023\/11\/cursos-tecnicos-gratuitos-if-sertao-pe.png?fit=1200%2C638&ssl=1&resize=350%2C200","width":350,"height":200,"srcset":"https:\/\/i0.wp.com\/noticiasribeiraopreto.com.br\/wp-content\/uploads\/2023\/11\/cursos-tecnicos-gratuitos-if-sertao-pe.png?fit=1200%2C638&ssl=1&resize=350%2C200 1x, https:\/\/i0.wp.com\/noticiasribeiraopreto.com.br\/wp-content\/uploads\/2023\/11\/cursos-tecnicos-gratuitos-if-sertao-pe.png?fit=1200%2C638&ssl=1&resize=525%2C300 1.5x, https:\/\/i0.wp.com\/noticiasribeiraopreto.com.br\/wp-content\/uploads\/2023\/11\/cursos-tecnicos-gratuitos-if-sertao-pe.png?fit=1200%2C638&ssl=1&resize=700%2C400 2x, https:\/\/i0.wp.com\/noticiasribeiraopreto.com.br\/wp-content\/uploads\/2023\/11\/cursos-tecnicos-gratuitos-if-sertao-pe.png?fit=1200%2C638&ssl=1&resize=1050%2C600 3x"},"classes":[]}],"jetpack_sharing_enabled":true,"jetpack_shortlink":"https:\/\/wp.me\/peQAOb-2Pm","_links":{"self":[{"href":"https:\/\/noticiasribeiraopreto.com.br\/index.php\/wp-json\/wp\/v2\/posts\/10872","targetHints":{"allow":["GET"]}}],"collection":[{"href":"https:\/\/noticiasribeiraopreto.com.br\/index.php\/wp-json\/wp\/v2\/posts"}],"about":[{"href":"https:\/\/noticiasribeiraopreto.com.br\/index.php\/wp-json\/wp\/v2\/types\/post"}],"author":[{"embeddable":true,"href":"https:\/\/noticiasribeiraopreto.com.br\/index.php\/wp-json\/wp\/v2\/users\/1"}],"replies":[{"embeddable":true,"href":"https:\/\/noticiasribeiraopreto.com.br\/index.php\/wp-json\/wp\/v2\/comments?post=10872"}],"version-history":[{"count":0,"href":"https:\/\/noticiasribeiraopreto.com.br\/index.php\/wp-json\/wp\/v2\/posts\/10872\/revisions"}],"wp:featuredmedia":[{"embeddable":true,"href":"https:\/\/noticiasribeiraopreto.com.br\/index.php\/wp-json\/wp\/v2\/media\/10873"}],"wp:attachment":[{"href":"https:\/\/noticiasribeiraopreto.com.br\/index.php\/wp-json\/wp\/v2\/media?parent=10872"}],"wp:term":[{"taxonomy":"category","embeddable":true,"href":"https:\/\/noticiasribeiraopreto.com.br\/index.php\/wp-json\/wp\/v2\/categories?post=10872"},{"taxonomy":"post_tag","embeddable":true,"href":"https:\/\/noticiasribeiraopreto.com.br\/index.php\/wp-json\/wp\/v2\/tags?post=10872"}],"curies":[{"name":"wp","href":"https:\/\/api.w.org\/{rel}","templated":true}]}}