{"id":10880,"date":"2023-12-05T08:46:17","date_gmt":"2023-12-05T11:46:17","guid":{"rendered":"https:\/\/noticiasribeiraopreto.com.br\/index.php\/2023\/12\/05\/as-10-maiores-bilheterias-de-2023-e-em-qual-streaming-assistir\/"},"modified":"2023-12-05T08:46:17","modified_gmt":"2023-12-05T11:46:17","slug":"as-10-maiores-bilheterias-de-2023-e-em-qual-streaming-assistir","status":"publish","type":"post","link":"https:\/\/noticiasribeiraopreto.com.br\/index.php\/2023\/12\/05\/as-10-maiores-bilheterias-de-2023-e-em-qual-streaming-assistir\/","title":{"rendered":"As 10 maiores bilheterias de 2023 e em qual streaming assistir"},"content":{"rendered":"<div class='code-block code-block-1' style='margin: 8px 0 8px auto; text-align: right; display: block; clear: both;'>\n<p><a href=\"https:\/\/wa.link\/vpicfd\"><img data-recalc-dims=\"1\" class=\"wp-image-4922\" style=\"aspect-ratio: 2.0253164556962027; width: 561px; height: auto;\" src=\"https:\/\/i0.wp.com\/ismaelcolosi.com.br\/wp-content\/uploads\/2023\/11\/grupo-de-empregos-whatsapp-e-facebook-ismael-colosi-vagas.jpg?ssl=1\" alt=\"\" \/><\/a><\/p>\n<!-- \/wp:image -->\n<\/div>\n<p> <br \/>\n<\/p>\n<div>\n<div id=\"attachment_2314724\" class=\"wp-caption alignnone\">\n<div class=\"d-flex justify-content-center\" data-attachment-id=\"2314724\">\n<div class=\"position-relative d-inline-block\"><img data-recalc-dims=\"1\" data-portal-copyright=\"iStock\/FilippoBacci\" fetchpriority=\"high\" decoding=\"async\" class=\"size-full wp-image-2314724\" src=\"https:\/\/i0.wp.com\/catracalivre.com.br\/wp-content\/uploads\/2023\/11\/istock-1495141481-1.jpg?resize=1253%2C836&#038;ssl=1\" alt=\"Veja as maiores bilheterias de 2023\" width=\"1253\" height=\"836\" srcset=\"https:\/\/catracalivre.com.br\/wp-content\/uploads\/2023\/11\/istock-1495141481-1.jpg 1253w, https:\/\/catracalivre.com.br\/wp-content\/uploads\/2023\/11\/istock-1495141481-1-450x300.jpg 450w, https:\/\/catracalivre.com.br\/wp-content\/uploads\/2023\/11\/istock-1495141481-1-768x512.jpg 768w\" sizes=\"(max-width: 1253px) 100vw, 1253px\"\/><\/p>\n<p>Cr\u00e9ditos: iStock\/FilippoBacci<\/p>\n<\/div>\n<\/div>\n<p><span class=\"post-imagem__legenda\">Veja as maiores bilheterias de 2023<\/span><\/p>\n<\/div>\n<p>N\u00e3o se pode negar que 2023 ficou marcado por <a href=\"https:\/\/catracalivre.com.br\/entretenimento\/estes-filmes-nacionais-estreiam-ainda-em-2023-nos-cinemas-e-voce-precisa-ver\/\" target=\"_blank\" rel=\"noopener\">grandes estreias nos cinemas<\/a>. Ent\u00e3o, chegou a hora de iniciar a retrospectiva e verificar quais foram os <a href=\"https:\/\/catracalivre.com.br\/entretenimento\/este-filme-se-tornou-a-maior-bilheteria-nacional-de-2023-e-voce-ainda-nao-viu\/\" target=\"_blank\" rel=\"noopener\">filmes<\/a> com as maiores bilheterias do ano (at\u00e9 agora).<\/p>\n<p>Obviamente, o <a href=\"https:\/\/catracalivre.com.br\/agenda\/desconto-cinesala-sp\/\" target=\"_blank\" rel=\"noopener\">fen\u00f4meno da internet<\/a> \u201cBarbenheimer\u201d, que come\u00e7ou pelo fato dos longas \u201c<a href=\"https:\/\/catracalivre.com.br\/entretenimento\/quais-versoes-da-barbie-aparecem-no-filme-conheca-todos-os-personagens\/\" target=\"_blank\" rel=\"noopener\">Barbie<\/a>\u201d e \u201c<a href=\"https:\/\/catracalivre.com.br\/entretenimento\/cillian-murphy-revela-incomodo-ao-gravar-esta-cena-de-oppenheimer\/\" target=\"_blank\" rel=\"noopener\">Oppenheimer<\/a>\u201d serem lan\u00e7ados no mesmo dia, aparece na lista.<\/p>\n<p>Al\u00e9m disso, a <a href=\"https:\/\/catracalivre.com.br\/entretenimento\/ludmilla-confirma-participacao-no-filme-velozes-e-furiosos-10-assista-ao-video\/\" target=\"_blank\" rel=\"noopener\">nova sequ\u00eancia<\/a> de \u201cVelozes e Furiosos\u201d, o live-action de \u201c<a href=\"https:\/\/catracalivre.com.br\/entretenimento\/detalhe-chocante-revelado-por-atriz-de-a-pequena-sereia\/\" target=\"_blank\" rel=\"noopener\">A Pequena Sereia<\/a>\u201d e \u201c<a href=\"https:\/\/catracalivre.com.br\/entretenimento\/qual-personagem-de-super-mario-bros-que-ficou-de-fora-do-filme\/\" target=\"_blank\" rel=\"noopener\">Super Mario Bros. O Filme<\/a>\u201c, que \u00e9 baseado no videogame de 1985, tamb\u00e9m foram sucessos de p\u00fablico e de cr\u00edtica, angariando enorme bilheteria global.<\/p>\n<p>Finalmente, confira abaixo os filmes de maior bilheteria de 2023 e em quais streamings voc\u00ea pode assistir.<\/p>\n<h2>10\u00ba \u2013 \u201cMiss\u00e3o: Imposs\u00edvel \u2013 Acerto De Contas Parte 1\u201d<\/h2>\n<p><strong>Data de estreia:<\/strong> 13 de julho de 2023<br \/><strong>Dire\u00e7\u00e3o:<\/strong> Christopher McQuarrie<br \/><strong>Elenco: <\/strong>Tom Cruise, Hayley Atwell, Ving Rhames, Vanessa Kirby<strong><br \/>Bilheteria:<\/strong>\u00a0US$ 567,5\u00a0milh\u00f5es<br \/><strong>Or\u00e7amento para produ\u00e7\u00e3o:<\/strong> US$ 291\u00a0milh\u00f5es<\/p>\n<p><strong>Onde assistir:<\/strong> <a href=\"https:\/\/www.primevideo.com\/\" target=\"_blank\" rel=\"noopener\">Amazon Prime Video<\/a><\/p>\n<p class=\"embed-responsive embed-responsive-16by9 mb-3 d-block\"><iframe loading=\"lazy\" title=\"Miss\u00e3o: Imposs\u00edvel \u2013 Acerto De Contas Parte 1 | Trailer 2 Oficial | LEG | Paramount Pictures Brasil\" width=\"500\" height=\"281\" src=\"https:\/\/www.youtube.com\/embed\/BLX5g-nPGXI?feature=oembed\" frameborder=\"0\" allow=\"accelerometer; autoplay; clipboard-write; encrypted-media; gyroscope; picture-in-picture; web-share\" referrerpolicy=\"strict-origin-when-cross-origin\" allowfullscreen><\/iframe><\/p>\n<h2>9\u00ba \u2013 \u201cA Pequena Sereia\u201d<\/h2>\n<p><strong>Data de estreia:<\/strong>\u00a025 de maio de 2023<br \/><strong>Dire\u00e7\u00e3o:<\/strong> Rob Marshall<br \/><strong>Elenco:\u00a0<\/strong><a href=\"https:\/\/catracalivre.com.br\/entretenimento\/a-pequena-sereia-tera-grande-mudanca-com-relacao-ao-filme-original\/\" target=\"_blank\" rel=\"noopener\">Halle Bailey<\/a>,\u00a0Jonah Hauer-King,\u00a0Melissa McCarthy<br \/><strong>Bilheteria:<\/strong> US$ 569,6\u00a0milh\u00f5es<br \/><strong>Or\u00e7amento para produ\u00e7\u00e3o:<\/strong> US$ 297 milh\u00f5es<\/p>\n<p><strong>Onde assistir:<\/strong> Disney+<\/p>\n<p class=\"embed-responsive embed-responsive-16by9 mb-3 d-block\"><iframe loading=\"lazy\" title=\"A Pequena Sereia | Trailer Oficial Dublado em Portugu\u00e9s\" width=\"500\" height=\"281\" src=\"https:\/\/www.youtube.com\/embed\/Bgrl2hzduuU?feature=oembed\" frameborder=\"0\" allow=\"accelerometer; autoplay; clipboard-write; encrypted-media; gyroscope; picture-in-picture; web-share\" referrerpolicy=\"strict-origin-when-cross-origin\" allowfullscreen><\/iframe><\/p>\n<h2>8\u00ba \u2013 \u201cTerra \u00e0 Deriva 2\u201d<\/h2>\n<p><strong>Data de estreia:<\/strong> 20 de janeiro de 2023<br \/><strong>Dire\u00e7\u00e3o:<\/strong> Frant Gwo<br \/><strong>Elenco: <\/strong>Andy Lau, Wu Jing, Ng Man-tat, Wang Zhi<strong><br \/>Bilheteria:<\/strong>\u00a0US$ 604,4 milh\u00f5es<br \/><strong>Or\u00e7amento para produ\u00e7\u00e3o:<\/strong> n\u00e3o informado<\/p>\n<p><strong>Onde assistir:<\/strong> n\u00e3o est\u00e1 dispon\u00edvel em nenhum streaming!<\/p>\n<p class=\"embed-responsive embed-responsive-16by9 mb-3 d-block\"><iframe loading=\"lazy\" title=\"Terra \u00e0 Deriva II 2023 Trailer Internacional Legendado\" width=\"500\" height=\"281\" src=\"https:\/\/www.youtube.com\/embed\/wVjUfvIvtIs?feature=oembed\" frameborder=\"0\" allow=\"accelerometer; autoplay; clipboard-write; encrypted-media; gyroscope; picture-in-picture; web-share\" referrerpolicy=\"strict-origin-when-cross-origin\" allowfullscreen><\/iframe><\/p>\n<h2>7\u00ba \u2013 \u201cMan Jiang Hong\u201d<\/h2>\n<p><strong>Data de estreia:<\/strong> 22 de janeiro de 2023<br \/><strong>Dire\u00e7\u00e3o:<\/strong> Zhang Yimou<br \/><strong>Elenco: <\/strong>Shen Teng, Jackson Yee, Zhang Yi, Lei Jiayi<strong><br \/>Bilheteria:<\/strong> US$ 673,5\u00a0milh\u00f5es<br \/><strong>Or\u00e7amento para produ\u00e7\u00e3o:<\/strong> CN\u00a5\u00a0500 milh\u00f5es<\/p>\n<p><strong>Onde assistir:<\/strong> n\u00e3o est\u00e1 dispon\u00edvel em nenhum streaming!<\/p>\n<p class=\"embed-responsive embed-responsive-16by9 mb-3 d-block\"><iframe loading=\"lazy\" title=\"Man Jiang Hong  (Full River Red) 4K Teaser\" width=\"500\" height=\"281\" src=\"https:\/\/www.youtube.com\/embed\/PeFY1Hw1ifk?feature=oembed\" frameborder=\"0\" allow=\"accelerometer; autoplay; clipboard-write; encrypted-media; gyroscope; picture-in-picture; web-share\" referrerpolicy=\"strict-origin-when-cross-origin\" allowfullscreen><\/iframe><\/p>\n<h2>6\u00ba \u2013 \u201cHomem-Aranha: Atrav\u00e9s do Aranhaverso\u201d<\/h2>\n<p><strong>Data de estreia:<\/strong> 1\u00ba de junho de 2023<br \/><strong>Dire\u00e7\u00e3o:<\/strong> Joaquim Dos Santos, Justin K. Thompson e Kemp Powers<br \/><strong>Elenco: <\/strong>Oscar Isaac, Hailee Steinfeld, Jason Schwartzman, Shameik Moore<strong><br \/><\/strong><strong>Bilheteria:<\/strong> US$ 690,5\u00a0milh\u00f5es<br \/><strong>Or\u00e7amento para produ\u00e7\u00e3o:<\/strong> US$ 100 milh\u00f5es<\/p>\n<p><strong>Onde assistir:<\/strong> HBO Max e Amazon Prime Video<\/p>\n<p class=\"embed-responsive embed-responsive-16by9 mb-3 d-block\"><iframe loading=\"lazy\" title=\"Homem-Aranha: Atrav\u00e9s do AranhaVerso | Trailer Oficial Dublado\" width=\"500\" height=\"281\" src=\"https:\/\/www.youtube.com\/embed\/LZBlXkDvhh4?feature=oembed\" frameborder=\"0\" allow=\"accelerometer; autoplay; clipboard-write; encrypted-media; gyroscope; picture-in-picture; web-share\" referrerpolicy=\"strict-origin-when-cross-origin\" allowfullscreen><\/iframe><\/p>\n<h2>5\u00ba \u2013 \u201cVelozes e Furiosos 10\u201d<\/h2>\n<p><strong>Data de estreia:<\/strong> 19 de maio de 2023<br \/><strong>Dire\u00e7\u00e3o:<\/strong> Louis Leterrier<br \/><strong>Elenco: <\/strong><a href=\"https:\/\/catracalivre.com.br\/entretenimento\/o-que-acontece-no-final-de-velozes-furiosos-10\/\" target=\"_blank\" rel=\"noopener\">Vin Diesel<\/a>,\u00a0Michelle Rodriguez,\u00a0Jason Momoa<strong><br \/>Bilheteria:<\/strong> US$ 714,1\u00a0milh\u00f5es<br \/><strong>Or\u00e7amento para produ\u00e7\u00e3o:<\/strong> US$ 340\u00a0milh\u00f5es<\/p>\n<p><strong>Onde assistir:<\/strong> dispon\u00edvel para aluguel no Prime Video, YouTube e Apple TV+<\/p>\n<p class=\"embed-responsive embed-responsive-16by9 mb-3 d-block\"><iframe loading=\"lazy\" title=\"VELOZES E FURIOSOS 10 | Trailer Oficial (Universal Studios) - HD\" width=\"500\" height=\"281\" src=\"https:\/\/www.youtube.com\/embed\/a1w9x5U88jU?feature=oembed\" frameborder=\"0\" allow=\"accelerometer; autoplay; clipboard-write; encrypted-media; gyroscope; picture-in-picture; web-share\" referrerpolicy=\"strict-origin-when-cross-origin\" allowfullscreen><\/iframe><\/p>\n<h2>4\u00ba \u2013 \u201cGuardi\u00f5es da Gal\u00e1xia Vol. 3\u201d<\/h2>\n<p><strong>Data de estreia:<\/strong> 4 de maio de 2023<br \/><strong>Dire\u00e7\u00e3o:<\/strong> James Gunn<br \/><strong>Elenco:\u00a0<\/strong><a href=\"https:\/\/catracalivre.com.br\/entretenimento\/o-que-acontece-na-cena-pos-credito-de-guardioes-da-galaxia-3\/\" target=\"_blank\" rel=\"noopener\">Chris Pratt<\/a>,\u00a0Zoe Saldana,\u00a0Dave Bautista<br \/><strong>Bilheteria:<\/strong> US$ 845,6\u00a0milh\u00f5es<br \/><strong>Or\u00e7amento para produ\u00e7\u00e3o:<\/strong> US$ 250\u00a0milh\u00f5es<\/p>\n<p><strong>Onde assistir:<\/strong> Disney+<\/p>\n<p class=\"embed-responsive embed-responsive-16by9 mb-3 d-block\"><iframe loading=\"lazy\" title=\"Guardi\u00f5es da Gal\u00e1xia: Volume 3 | Marvel Studios | Trailer Oficial 2 Dublado\" width=\"500\" height=\"281\" src=\"https:\/\/www.youtube.com\/embed\/d1yNc9skssk?feature=oembed\" frameborder=\"0\" allow=\"accelerometer; autoplay; clipboard-write; encrypted-media; gyroscope; picture-in-picture; web-share\" referrerpolicy=\"strict-origin-when-cross-origin\" allowfullscreen><\/iframe><\/p>\n<h2>3\u00ba \u2013 \u201cOppenheimer\u201d<\/h2>\n<p><strong>Data de estreia:<\/strong> 20 de julho de 2023<br \/><strong>Dire\u00e7\u00e3o:<\/strong> <a href=\"https:\/\/catracalivre.com.br\/entretenimento\/por-que-o-neto-do-fisico-j-robert-oppenheimer-criticou-o-filme\/\" target=\"_blank\" rel=\"noopener\">Christopher Nolan<\/a><br \/><strong>Elenco:\u00a0<\/strong>Cillian Murphy, Emily Blunt, Matt Damon, Florence Pugh<br \/><strong>Bilheteria:<\/strong> US$ 950,2\u00a0milh\u00f5es<br \/><strong>Or\u00e7amento para produ\u00e7\u00e3o:<\/strong> US$ 100\u00a0milh\u00f5es<\/p>\n<p><strong>Onde assistir: <\/strong>dispon\u00edvel para aluguel no Prime Video, YouTube e Apple TV+<\/p>\n<p class=\"embed-responsive embed-responsive-16by9 mb-3 d-block\"><iframe loading=\"lazy\" title=\"OPPENHEIMER - Novo Trailer (Universal Studios) \u2013 HD\" width=\"500\" height=\"281\" src=\"https:\/\/www.youtube.com\/embed\/F3OxA9Cz17A?feature=oembed\" frameborder=\"0\" allow=\"accelerometer; autoplay; clipboard-write; encrypted-media; gyroscope; picture-in-picture; web-share\" referrerpolicy=\"strict-origin-when-cross-origin\" allowfullscreen><\/iframe><\/p>\n<h2>2\u00ba \u2013 \u201cSuper Mario Bros. O Filme\u201d<\/h2>\n<p><strong>Data de estreia:<\/strong> 5 de abril de 2023<br \/><strong>Dire\u00e7\u00e3o:\u00a0<\/strong><a href=\"https:\/\/catracalivre.com.br\/entretenimento\/9-curiosidades-sobre-o-filme-super-mario-bros\/\" target=\"_blank\" rel=\"noopener\">Aaron Horvath e Michael Jelenic<\/a><br \/><strong>Elenco:\u00a0<\/strong>Chris Pratt, Anya Taylor-Joy, Jack Black, Charlie Day<br \/><strong>Bilheteria:<\/strong> US$ 1,36\u00a0bilh\u00e3o<br \/><strong>Or\u00e7amento para produ\u00e7\u00e3o:<\/strong> US$ 100\u00a0milh\u00f5es<\/p>\n<p><strong>Onde assistir:<\/strong> dispon\u00edvel para aluguel no Prime Video, YouTube e Apple TV+<\/p>\n<p class=\"embed-responsive embed-responsive-16by9 mb-3 d-block\"><iframe loading=\"lazy\" title=\"SUPER MARIO BROS - O FILME | Trailer Oficial (Universal Pictures) HD\" width=\"500\" height=\"281\" src=\"https:\/\/www.youtube.com\/embed\/Cb4WV4aXBpk?feature=oembed\" frameborder=\"0\" allow=\"accelerometer; autoplay; clipboard-write; encrypted-media; gyroscope; picture-in-picture; web-share\" referrerpolicy=\"strict-origin-when-cross-origin\" allowfullscreen><\/iframe><\/p>\n<h2>1\u00ba \u2013 \u201cBarbie\u201d<\/h2>\n<p><strong>Data de estreia:<\/strong> 20 de julho de 2023<br \/><strong>Dire\u00e7\u00e3o:<\/strong> <a href=\"https:\/\/catracalivre.com.br\/entretenimento\/afinal-vai-ter-barbie-2-greta-gerwig-diretora-do-filme-responde\/\" target=\"_blank\" rel=\"noopener\">Greta Gerwig<\/a><br \/><strong>Elenco:\u00a0<\/strong><a href=\"https:\/\/catracalivre.com.br\/entretenimento\/margot-robbie-revela-sua-referencia-preferida-no-filme-barbie\/\" target=\"_blank\" rel=\"noopener\">Margot Robbie<\/a>,\u00a0Ryan Gosling,\u00a0America Ferrera<br \/><strong>Bilheteria:<\/strong> US$ 1,44 bilh\u00e3o<br \/><strong>Or\u00e7amento para produ\u00e7\u00e3o:<\/strong> US$ 145 milh\u00f5es<\/p>\n<p><strong>Onde assistir:\u00a0<\/strong>dispon\u00edvel para aluguel no Prime Video, YouTube e Apple TV+<\/p>\n<p class=\"embed-responsive embed-responsive-16by9 mb-3 d-block\"><iframe loading=\"lazy\" title=\"Barbie | Trailer Dublado\" width=\"500\" height=\"281\" src=\"https:\/\/www.youtube.com\/embed\/Ujs1Ud7k49M?feature=oembed\" frameborder=\"0\" allow=\"accelerometer; autoplay; clipboard-write; encrypted-media; gyroscope; picture-in-picture; web-share\" referrerpolicy=\"strict-origin-when-cross-origin\" allowfullscreen><\/iframe><\/p>\n<\/div>\n<p><script>\n\t\t! function(f, b, e, v, n, t, s) {\n\t\t\tif (f.fbq) return;\n\t\t\tn = f.fbq = function() {\n\t\t\t\tn.callMethod ?\n\t\t\t\t\tn.callMethod.apply(n, arguments) : n.queue.push(arguments)\n\t\t\t};\n\t\t\tif (!f._fbq) f._fbq = n;\n\t\t\tn.push = n;\n\t\t\tn.loaded = !0;\n\t\t\tn.version = '2.0';\n\t\t\tn.queue = [];\n\t\t\tt = b.createElement(e);\n\t\t\tt.async = !0;\n\t\t\tt.src = v;\n\t\t\ts = b.getElementsByTagName(e)[0];\n\t\t\ts.parentNode.insertBefore(t, s)\n\t\t}(window, document, 'script',\n\t\t\t'https:\/\/connect.facebook.net\/en_US\/fbevents.js');\n\t\tfbq('init', '338315473262380');\n\t\tfbq('track', 'PageView');\n\t<\/script><br \/>\n<br \/><br \/>\n<br \/><a href=\"https:\/\/catracalivre.com.br\/entretenimento\/as-10-maiores-bilheterias-de-2023-e-em-qual-streaming-assistir\/\">Source link <\/a><\/p>\n<!-- CONTENT END 1 -->\n","protected":false},"excerpt":{"rendered":"<p>Cr\u00e9ditos: iStock\/FilippoBacci Veja as maiores bilheterias de 2023 N\u00e3o se pode negar que 2023 ficou marcado por grandes estreias nos cinemas. Ent\u00e3o, chegou a hora&#8230;<\/p>\n","protected":false},"author":1,"featured_media":10881,"comment_status":"open","ping_status":"open","sticky":false,"template":"","format":"standard","meta":{"advanced_seo_description":"","jetpack_seo_html_title":"","jetpack_seo_noindex":false,"jetpack_post_was_ever_published":false,"_jetpack_newsletter_access":"","_jetpack_dont_email_post_to_subs":false,"_jetpack_newsletter_tier_id":0,"_jetpack_memberships_contains_paywalled_content":false,"_jetpack_memberships_contains_paid_content":false,"footnotes":"","jetpack_publicize_message":"","jetpack_publicize_feature_enabled":true,"jetpack_social_post_already_shared":true,"jetpack_social_options":{"image_generator_settings":{"template":"highway","default_image_id":0,"font":"","enabled":false},"version":2}},"categories":[19],"tags":[],"class_list":["post-10880","post","type-post","status-publish","format-standard","has-post-thumbnail","hentry","category-variedades"],"jetpack_publicize_connections":[],"jetpack_featured_media_url":"https:\/\/i0.wp.com\/noticiasribeiraopreto.com.br\/wp-content\/uploads\/2023\/12\/istock-1495141481-1.jpg?fit=1200%2C638&ssl=1","jetpack-related-posts":[{"id":22387,"url":"https:\/\/noticiasribeiraopreto.com.br\/index.php\/2023\/12\/29\/saiba-onde-assistir-o-filme-nacional-de-maior-bilheteria-de-2023\/","url_meta":{"origin":10880,"position":0},"title":"Saiba onde assistir o filme nacional de maior bilheteria de 2023","author":"noticiasribeiraopreto.com.br","date":"29 de December de 2023","format":false,"excerpt":"Cr\u00e9ditos: divulga\u00e7\u00e3o\/Manequim FilmesDescubra onde assistir o filme de maior bilheteria do ano O filme \u201cNosso Sonho\u201d, estrelado por Juan Paiva e Lucas Penteado, foi a maior bilheteria do cinema nacional em 2023.\u00a0 A produ\u00e7\u00e3o chegou \u00e0s telonas em setembro e fez grande sucesso, principalmente entre os f\u00e3s da dupla de\u2026","rel":"","context":"In &quot;Variedades&quot;","block_context":{"text":"Variedades","link":"https:\/\/noticiasribeiraopreto.com.br\/index.php\/category\/variedades\/"},"img":{"alt_text":"","src":"https:\/\/i0.wp.com\/noticiasribeiraopreto.com.br\/wp-content\/uploads\/2023\/12\/fotos-catraca-2023-12-20t013513434.png?fit=1200%2C638&ssl=1&resize=350%2C200","width":350,"height":200,"srcset":"https:\/\/i0.wp.com\/noticiasribeiraopreto.com.br\/wp-content\/uploads\/2023\/12\/fotos-catraca-2023-12-20t013513434.png?fit=1200%2C638&ssl=1&resize=350%2C200 1x, https:\/\/i0.wp.com\/noticiasribeiraopreto.com.br\/wp-content\/uploads\/2023\/12\/fotos-catraca-2023-12-20t013513434.png?fit=1200%2C638&ssl=1&resize=525%2C300 1.5x, https:\/\/i0.wp.com\/noticiasribeiraopreto.com.br\/wp-content\/uploads\/2023\/12\/fotos-catraca-2023-12-20t013513434.png?fit=1200%2C638&ssl=1&resize=700%2C400 2x, https:\/\/i0.wp.com\/noticiasribeiraopreto.com.br\/wp-content\/uploads\/2023\/12\/fotos-catraca-2023-12-20t013513434.png?fit=1200%2C638&ssl=1&resize=1050%2C600 3x"},"classes":[]},{"id":19611,"url":"https:\/\/noticiasribeiraopreto.com.br\/index.php\/2023\/12\/22\/10-filmes-que-foram-sucesso-de-bilheteria-em-2023-meu-valor-digital\/","url_meta":{"origin":10880,"position":1},"title":"10 filmes que foram sucesso de bilheteria em 2023 &#8211; Meu Valor Digital","author":"noticiasribeiraopreto.com.br","date":"22 de December de 2023","format":false,"excerpt":"Chegamos no final do ano e come\u00e7am a surgir as retrospectivas do ano. No que diz respeito ao cinema, muitos filmes fizeram sucesso neste ano, por\u00e9m um dos campe\u00f5es de bilheteria, sem d\u00favida, \u00e9 \u201cBarbie\u201d. O filme conseguiu arrecadar mais de US$ 1,4 bilh\u00e3o desde que chegou aos cinemas em\u2026","rel":"","context":"In &quot;Vagas de Emprego em Ribeir\u00e3o Preto-SP&quot;","block_context":{"text":"Vagas de Emprego em Ribeir\u00e3o Preto-SP","link":"https:\/\/noticiasribeiraopreto.com.br\/index.php\/category\/empregos-classificados-vagas-trabalho\/vagas-de-empregos-em-ribeirao-preto-regiao-brasil\/"},"img":{"alt_text":"","src":"https:\/\/i0.wp.com\/noticiasribeiraopreto.com.br\/wp-content\/uploads\/2023\/12\/Missao-Impossivel-%E2%80%93-Acerto-de-Contas-Parte-Um-1.jpg?fit=1200%2C774&ssl=1&resize=350%2C200","width":350,"height":200,"srcset":"https:\/\/i0.wp.com\/noticiasribeiraopreto.com.br\/wp-content\/uploads\/2023\/12\/Missao-Impossivel-%E2%80%93-Acerto-de-Contas-Parte-Um-1.jpg?fit=1200%2C774&ssl=1&resize=350%2C200 1x, https:\/\/i0.wp.com\/noticiasribeiraopreto.com.br\/wp-content\/uploads\/2023\/12\/Missao-Impossivel-%E2%80%93-Acerto-de-Contas-Parte-Um-1.jpg?fit=1200%2C774&ssl=1&resize=525%2C300 1.5x, https:\/\/i0.wp.com\/noticiasribeiraopreto.com.br\/wp-content\/uploads\/2023\/12\/Missao-Impossivel-%E2%80%93-Acerto-de-Contas-Parte-Um-1.jpg?fit=1200%2C774&ssl=1&resize=700%2C400 2x, https:\/\/i0.wp.com\/noticiasribeiraopreto.com.br\/wp-content\/uploads\/2023\/12\/Missao-Impossivel-%E2%80%93-Acerto-de-Contas-Parte-Um-1.jpg?fit=1200%2C774&ssl=1&resize=1050%2C600 3x"},"classes":[]},{"id":22901,"url":"https:\/\/noticiasribeiraopreto.com.br\/index.php\/2023\/12\/31\/de-barbie-a-o-som-da-liberdade-as-10-maiores-bilheterias-do-cinema-de-2023-os-fracassos-e-as-surpresas-do-ano\/","url_meta":{"origin":10880,"position":2},"title":"De Barbie a O Som da Liberdade: as 10 maiores bilheterias do cinema de 2023, os fracassos e as surpresas do ano","author":"noticiasribeiraopreto.com.br","date":"31 de December de 2023","format":false,"excerpt":"Se o ano de 2023 fosse um filme, o final n\u00e3o seria dos mais felizes para a ind\u00fastria do cinema. Afinal, foram poucos os sucessos \"arrasa-quarteir\u00e3o\", como os fen\u00f4menos de Barbie e Oppenheimer. Como se n\u00e3o bastasse, as novas produ\u00e7\u00f5es passaram meses paradas em raz\u00e3o das greves dos atores e\u2026","rel":"","context":"In &quot;Dinheiro e Investimento&quot;","block_context":{"text":"Dinheiro e Investimento","link":"https:\/\/noticiasribeiraopreto.com.br\/index.php\/category\/dinheiro-e-investimento-como-fazer-como-ganhar\/"},"img":{"alt_text":"","src":"https:\/\/i0.wp.com\/noticiasribeiraopreto.com.br\/wp-content\/uploads\/2023\/12\/Barbie-e-Oppenheimer-Barbieheimer-715x402.jpg?fit=715%2C402&ssl=1&resize=350%2C200","width":350,"height":200,"srcset":"https:\/\/i0.wp.com\/noticiasribeiraopreto.com.br\/wp-content\/uploads\/2023\/12\/Barbie-e-Oppenheimer-Barbieheimer-715x402.jpg?fit=715%2C402&ssl=1&resize=350%2C200 1x, https:\/\/i0.wp.com\/noticiasribeiraopreto.com.br\/wp-content\/uploads\/2023\/12\/Barbie-e-Oppenheimer-Barbieheimer-715x402.jpg?fit=715%2C402&ssl=1&resize=525%2C300 1.5x, https:\/\/i0.wp.com\/noticiasribeiraopreto.com.br\/wp-content\/uploads\/2023\/12\/Barbie-e-Oppenheimer-Barbieheimer-715x402.jpg?fit=715%2C402&ssl=1&resize=700%2C400 2x"},"classes":[]},{"id":48654,"url":"https:\/\/noticiasribeiraopreto.com.br\/index.php\/2024\/05\/05\/kung-fu-panda-4-com-um-mes-em-cartaz-filme-ja-arrecadou-r-38-milhoes-em-bilheteria\/","url_meta":{"origin":10880,"position":3},"title":"Kung Fu Panda 4: com um m\u00eas em cartaz, filme j\u00e1 arrecadou R$ 38 milh\u00f5es em bilheteria","author":"noticiasribeiraopreto.com.br","date":"5 de May de 2024","format":false,"excerpt":"Casa \/ Cinema \/ Kung Fu Panda 4: com um m\u00eas em cartaz, filme j\u00e1 arrecadou R$ 38 milh\u00f5es em bilheteriaKung Fu Panda 4: com um m\u00eas em cartaz, filme j\u00e1 arrecadou R$ 38 milh\u00f5es em bilheteriaA sequ\u00eancia da Universal Pictures levou aproximadamente 2 milh\u00f5es de espectadores aos cinemas para\u2026","rel":"","context":"In &quot;Not\u00edcias de Ribeir\u00e3o Preto-SP e Regi\u00e3o&quot;","block_context":{"text":"Not\u00edcias de Ribeir\u00e3o Preto-SP e Regi\u00e3o","link":"https:\/\/noticiasribeiraopreto.com.br\/index.php\/category\/noticias-de-ribeirao-preto-sp-e-regiao-ismael-colosi\/"},"img":{"alt_text":"","src":"https:\/\/i0.wp.com\/noticiasribeiraopreto.com.br\/wp-content\/uploads\/2024\/05\/kungfupanda_bloghiperion.jpg?fit=1200%2C771&ssl=1&resize=350%2C200","width":350,"height":200,"srcset":"https:\/\/i0.wp.com\/noticiasribeiraopreto.com.br\/wp-content\/uploads\/2024\/05\/kungfupanda_bloghiperion.jpg?fit=1200%2C771&ssl=1&resize=350%2C200 1x, https:\/\/i0.wp.com\/noticiasribeiraopreto.com.br\/wp-content\/uploads\/2024\/05\/kungfupanda_bloghiperion.jpg?fit=1200%2C771&ssl=1&resize=525%2C300 1.5x, https:\/\/i0.wp.com\/noticiasribeiraopreto.com.br\/wp-content\/uploads\/2024\/05\/kungfupanda_bloghiperion.jpg?fit=1200%2C771&ssl=1&resize=700%2C400 2x, https:\/\/i0.wp.com\/noticiasribeiraopreto.com.br\/wp-content\/uploads\/2024\/05\/kungfupanda_bloghiperion.jpg?fit=1200%2C771&ssl=1&resize=1050%2C600 3x"},"classes":[]},{"id":62405,"url":"https:\/\/noticiasribeiraopreto.com.br\/index.php\/2025\/01\/13\/ingressos-para-botafogo-x-sao-paulo-estao-a-venda-nas-bilheterias-veja-como-comprar\/","url_meta":{"origin":10880,"position":4},"title":"Ingressos para Botafogo x S\u00e3o Paulo est\u00e3o \u00e0 venda nas bilheterias; veja como comprar","author":"noticiasribeiraopreto.com.br","date":"13 de January de 2025","format":false,"excerpt":"Os ingressos para o duelo entre Botafogo e S\u00e3o Paulo, v\u00e1lido pela segunda rodada do Campeonato Paulista, come\u00e7aram a ser vendidos nas bilheterias do Est\u00e1dio Santa Cruz a partir de hoje, 13 de janeiro, uma semana antes da partida, que acontecer\u00e1 no dia 20 de janeiro, \u00e0s 20h, na Arena\u2026","rel":"","context":"In &quot;Not\u00edcias de Ribeir\u00e3o Preto-SP e Regi\u00e3o&quot;","block_context":{"text":"Not\u00edcias de Ribeir\u00e3o Preto-SP e Regi\u00e3o","link":"https:\/\/noticiasribeiraopreto.com.br\/index.php\/category\/noticias-de-ribeirao-preto-sp-e-regiao-ismael-colosi\/"},"img":{"alt_text":"","src":"https:\/\/i0.wp.com\/noticiasribeiraopreto.com.br\/wp-content\/uploads\/2024\/04\/Botafogo-6.webp.webp?fit=1200%2C800&ssl=1&resize=350%2C200","width":350,"height":200,"srcset":"https:\/\/i0.wp.com\/noticiasribeiraopreto.com.br\/wp-content\/uploads\/2024\/04\/Botafogo-6.webp.webp?fit=1200%2C800&ssl=1&resize=350%2C200 1x, https:\/\/i0.wp.com\/noticiasribeiraopreto.com.br\/wp-content\/uploads\/2024\/04\/Botafogo-6.webp.webp?fit=1200%2C800&ssl=1&resize=525%2C300 1.5x, https:\/\/i0.wp.com\/noticiasribeiraopreto.com.br\/wp-content\/uploads\/2024\/04\/Botafogo-6.webp.webp?fit=1200%2C800&ssl=1&resize=700%2C400 2x, https:\/\/i0.wp.com\/noticiasribeiraopreto.com.br\/wp-content\/uploads\/2024\/04\/Botafogo-6.webp.webp?fit=1200%2C800&ssl=1&resize=1050%2C600 3x"},"classes":[]},{"id":46464,"url":"https:\/\/noticiasribeiraopreto.com.br\/index.php\/2024\/04\/11\/bb-anuncia-pre-venda-de-novas-datas-da-turne-caetanobethania\/","url_meta":{"origin":10880,"position":5},"title":"BB anuncia pr\u00e9-venda de novas datas da turn\u00ea Caetano&#038;Beth\u00e2nia","author":"noticiasribeiraopreto.com.br","date":"11 de April de 2024","format":false,"excerpt":"BB anuncia pr\u00e9-venda de novas datas da turn\u00ea Caetano&Beth\u00e2niaDevido \u00e0 alta demanda e para maior conforto do p\u00fablico, show de Bel\u00e9m ser\u00e1 em novo e maior local (Est\u00e1dio Mangueir\u00e3o) e ser\u00e1 transferido de um domingo para um s\u00e1bado (28\/9) Atendendo aos pedidos dos f\u00e3s, a turn\u00ea Caetano&Beth\u00e2nia, patrocinada pelo Banco\u2026","rel":"","context":"In &quot;Not\u00edcias de Ribeir\u00e3o Preto-SP e Regi\u00e3o&quot;","block_context":{"text":"Not\u00edcias de Ribeir\u00e3o Preto-SP e Regi\u00e3o","link":"https:\/\/noticiasribeiraopreto.com.br\/index.php\/category\/noticias-de-ribeirao-preto-sp-e-regiao-ismael-colosi\/"},"img":{"alt_text":"","src":"https:\/\/i0.wp.com\/noticiasribeiraopreto.com.br\/wp-content\/uploads\/2024\/04\/Maria-Bethania-e-Caetano-Veloso.jpg?fit=1200%2C675&ssl=1&resize=350%2C200","width":350,"height":200,"srcset":"https:\/\/i0.wp.com\/noticiasribeiraopreto.com.br\/wp-content\/uploads\/2024\/04\/Maria-Bethania-e-Caetano-Veloso.jpg?fit=1200%2C675&ssl=1&resize=350%2C200 1x, https:\/\/i0.wp.com\/noticiasribeiraopreto.com.br\/wp-content\/uploads\/2024\/04\/Maria-Bethania-e-Caetano-Veloso.jpg?fit=1200%2C675&ssl=1&resize=525%2C300 1.5x, https:\/\/i0.wp.com\/noticiasribeiraopreto.com.br\/wp-content\/uploads\/2024\/04\/Maria-Bethania-e-Caetano-Veloso.jpg?fit=1200%2C675&ssl=1&resize=700%2C400 2x, https:\/\/i0.wp.com\/noticiasribeiraopreto.com.br\/wp-content\/uploads\/2024\/04\/Maria-Bethania-e-Caetano-Veloso.jpg?fit=1200%2C675&ssl=1&resize=1050%2C600 3x"},"classes":[]}],"jetpack_sharing_enabled":true,"jetpack_shortlink":"https:\/\/wp.me\/peQAOb-2Pu","_links":{"self":[{"href":"https:\/\/noticiasribeiraopreto.com.br\/index.php\/wp-json\/wp\/v2\/posts\/10880","targetHints":{"allow":["GET"]}}],"collection":[{"href":"https:\/\/noticiasribeiraopreto.com.br\/index.php\/wp-json\/wp\/v2\/posts"}],"about":[{"href":"https:\/\/noticiasribeiraopreto.com.br\/index.php\/wp-json\/wp\/v2\/types\/post"}],"author":[{"embeddable":true,"href":"https:\/\/noticiasribeiraopreto.com.br\/index.php\/wp-json\/wp\/v2\/users\/1"}],"replies":[{"embeddable":true,"href":"https:\/\/noticiasribeiraopreto.com.br\/index.php\/wp-json\/wp\/v2\/comments?post=10880"}],"version-history":[{"count":0,"href":"https:\/\/noticiasribeiraopreto.com.br\/index.php\/wp-json\/wp\/v2\/posts\/10880\/revisions"}],"wp:featuredmedia":[{"embeddable":true,"href":"https:\/\/noticiasribeiraopreto.com.br\/index.php\/wp-json\/wp\/v2\/media\/10881"}],"wp:attachment":[{"href":"https:\/\/noticiasribeiraopreto.com.br\/index.php\/wp-json\/wp\/v2\/media?parent=10880"}],"wp:term":[{"taxonomy":"category","embeddable":true,"href":"https:\/\/noticiasribeiraopreto.com.br\/index.php\/wp-json\/wp\/v2\/categories?post=10880"},{"taxonomy":"post_tag","embeddable":true,"href":"https:\/\/noticiasribeiraopreto.com.br\/index.php\/wp-json\/wp\/v2\/tags?post=10880"}],"curies":[{"name":"wp","href":"https:\/\/api.w.org\/{rel}","templated":true}]}}