{"id":10894,"date":"2023-12-05T09:29:18","date_gmt":"2023-12-05T12:29:18","guid":{"rendered":"https:\/\/noticiasribeiraopreto.com.br\/index.php\/2023\/12\/05\/de-graca-globoplay-lanca-canais-para-exibir-estas-7-novelas-de-sucesso\/"},"modified":"2023-12-05T09:29:18","modified_gmt":"2023-12-05T12:29:18","slug":"de-graca-globoplay-lanca-canais-para-exibir-estas-7-novelas-de-sucesso","status":"publish","type":"post","link":"https:\/\/noticiasribeiraopreto.com.br\/index.php\/2023\/12\/05\/de-graca-globoplay-lanca-canais-para-exibir-estas-7-novelas-de-sucesso\/","title":{"rendered":"De gra\u00e7a! Globoplay lan\u00e7a canais para exibir estas 7 novelas de sucesso"},"content":{"rendered":"<div class='code-block code-block-1' style='margin: 8px 0 8px auto; text-align: right; display: block; clear: both;'>\n<p><a href=\"https:\/\/wa.link\/vpicfd\"><img data-recalc-dims=\"1\" class=\"wp-image-4922\" style=\"aspect-ratio: 2.0253164556962027; width: 561px; height: auto;\" src=\"https:\/\/i0.wp.com\/ismaelcolosi.com.br\/wp-content\/uploads\/2023\/11\/grupo-de-empregos-whatsapp-e-facebook-ismael-colosi-vagas.jpg?ssl=1\" alt=\"\" \/><\/a><\/p>\n<!-- \/wp:image -->\n<\/div>\n<p> <br \/>\n<\/p>\n<div>\n<p>A <a href=\"https:\/\/www.instagram.com\/tvglobo\/\" target=\"_blank\" rel=\"noopener\">Globo<\/a> lan\u00e7ou na segunda-feira, 27, dois canais do tipo FAST (Free Ad Supported Streaming Television), focados na exibi\u00e7\u00f5es de novelas das d\u00e9cadas de 1970 e 1980.<\/p>\n<p>Os novos canais, intitulados Viva 70 e Viva 80 Fast, est\u00e3o <a href=\"https:\/\/catracalivre.com.br\/entretenimento\/sem-pagar-6-producoes-de-graca-para-voce-assistir-no-globoplay\/\" target=\"_blank\" rel=\"noopener\">dispon\u00edveis de gra\u00e7a<\/a> e podem ser encontrados na aba Agora, dedicada aos conte\u00fados ao vivo do <a href=\"https:\/\/catracalivre.com.br\/entretenimento\/rebelde-ritmo-de-natal-e-mais-17-producoes-chegam-ao-globoplay-neste-mes\/\" target=\"_blank\" rel=\"noopener\">Globoplay<\/a>.<\/p>\n<div id=\"attachment_2315092\" class=\"wp-caption alignnone\">\n<div class=\"d-flex justify-content-center\" data-attachment-id=\"2315092\">\n<div class=\"position-relative d-inline-block\"><img data-recalc-dims=\"1\" data-portal-copyright=\"Depositphotos\/BrendaRochaBlossom\" fetchpriority=\"high\" decoding=\"async\" class=\"size-full wp-image-2315092\" src=\"https:\/\/i0.wp.com\/catracalivre.com.br\/wp-content\/uploads\/2023\/11\/depositphotos-477862990-xl-scaled.jpg?resize=2560%2C1707&#038;ssl=1\" alt=\"Globoplay lan\u00e7a dois canais para exibir novelas\" width=\"2560\" height=\"1707\" srcset=\"https:\/\/catracalivre.com.br\/wp-content\/uploads\/2023\/11\/depositphotos-477862990-xl-scaled.jpg 2560w, https:\/\/catracalivre.com.br\/wp-content\/uploads\/2023\/11\/depositphotos-477862990-xl-450x300.jpg 450w, https:\/\/catracalivre.com.br\/wp-content\/uploads\/2023\/11\/depositphotos-477862990-xl-768x512.jpg 768w\" sizes=\"(max-width: 2560px) 100vw, 2560px\"\/><\/p>\n<p>Cr\u00e9ditos: Depositphotos\/BrendaRochaBlossom<\/p>\n<\/div>\n<\/div>\n<p><span class=\"post-imagem__legenda\">Globoplay lan\u00e7a dois canais para exibir novelas<\/span><\/p>\n<\/div>\n<h2>Quais novelas o Globoplay vai exibir nos canais?<\/h2>\n<p>No Viva 70 Fast, a programa\u00e7\u00e3o vai exibir tr\u00eas t\u00edtulos simult\u00e2neos, s\u00e3o eles:<\/p>\n<ul>\n<li>\u201cA Sucessora\u201d (1979);<\/li>\n<li>\u201cLocomotivas\u201d (1977);<\/li>\n<li>\u201cDancin Days\u201d (1978).<\/li>\n<\/ul>\n<p>J\u00e1 no Viva 80 Fast, o canal prev\u00ea quatro t\u00edtulos:<\/p>\n<ul>\n<li>\u201cBaila Comigo\u201d (1981);<\/li>\n<li>\u201cSassaricando\u201d (1988);<\/li>\n<li>\u201cAmor com Amor se Paga\u201d (1984);<\/li>\n<li>\u201cFera Radical\u201d (1988).<\/li>\n<\/ul>\n<p>Cinco epis\u00f3dios de cada novela ser\u00e3o exibidos por semana, de segunda a sexta-feira. Isso com rebatidas a cada tr\u00eas horas durante os dias \u00fateis e maratona aos finais de semana.<\/p>\n<h2>Mais uma forma de rever as novelas da Globo<\/h2>\n<p>A cria\u00e7\u00e3o dos dois canais \u00e9 mais um meio para reprisar as novelas da emissora. Os <a href=\"https:\/\/catracalivre.com.br\/entretenimento\/serie-do-globoplay-mostra-realidade-de-quem-vive-com-doenca-rara\/\" target=\"_blank\" rel=\"noopener\">canais chegaram<\/a>, oficialmente, na segunda-feira na <a href=\"https:\/\/catracalivre.com.br\/entretenimento\/plataforma-do-globoplay-agora-oferece-acesso-ao-star\/\" target=\"_blank\" rel=\"noopener\">plataforma de streaming<\/a>.<\/p>\n<p>Al\u00e9m disso, a Globo planeja investir em um p\u00fablico mais jovem, criando outros dois canais nichados em breve.<\/p>\n<p>\u201cOs canais FAST s\u00e3o uma tend\u00eancia no mundo e o Brasil tem tido destaque, especialmente quando olhamos para o consumo em TVs Conectadas. At\u00e9 o fim do ano, vamos mirar no p\u00fablico infantojuvenil, com mais dois canais que trar\u00e3o \u2018Malha\u00e7\u00e3o\u2019 e \u2018D.P.A \u2013 Detetives do Pr\u00e9dio Azul&#8217;\u201d, afirmou em nota Raphael Corr\u00eaa Netto, diretor de canais da Globo.<\/p>\n<p>Vale destacar que, desde dezembro de 2022, o Globoplay j\u00e1 possui os canais Receitas fast e o Ge fast, voltados para gastronomia e esportes.<\/p>\n<\/div>\n<p><script>\n\t\t! function(f, b, e, v, n, t, s) {\n\t\t\tif (f.fbq) return;\n\t\t\tn = f.fbq = function() {\n\t\t\t\tn.callMethod ?\n\t\t\t\t\tn.callMethod.apply(n, arguments) : n.queue.push(arguments)\n\t\t\t};\n\t\t\tif (!f._fbq) f._fbq = n;\n\t\t\tn.push = n;\n\t\t\tn.loaded = !0;\n\t\t\tn.version = '2.0';\n\t\t\tn.queue = [];\n\t\t\tt = b.createElement(e);\n\t\t\tt.async = !0;\n\t\t\tt.src = v;\n\t\t\ts = b.getElementsByTagName(e)[0];\n\t\t\ts.parentNode.insertBefore(t, s)\n\t\t}(window, document, 'script',\n\t\t\t'https:\/\/connect.facebook.net\/en_US\/fbevents.js');\n\t\tfbq('init', '338315473262380');\n\t\tfbq('track', 'PageView');\n\t<\/script><script async src=\"\/\/www.instagram.com\/embed.js\"><\/script><br \/>\n<br \/><br \/>\n<br \/><a href=\"https:\/\/catracalivre.com.br\/entretenimento\/de-graca-globoplay-lanca-canais-para-exibir-estas-7-novelas-de-sucesso\/\">Source link <\/a><\/p>\n<!-- CONTENT END 1 -->\n","protected":false},"excerpt":{"rendered":"<p>A Globo lan\u00e7ou na segunda-feira, 27, dois canais do tipo FAST (Free Ad Supported Streaming Television), focados na exibi\u00e7\u00f5es de novelas das d\u00e9cadas de 1970&#8230;<\/p>\n","protected":false},"author":1,"featured_media":10895,"comment_status":"open","ping_status":"open","sticky":false,"template":"","format":"standard","meta":{"advanced_seo_description":"","jetpack_seo_html_title":"","jetpack_seo_noindex":false,"jetpack_post_was_ever_published":false,"_jetpack_newsletter_access":"","_jetpack_dont_email_post_to_subs":false,"_jetpack_newsletter_tier_id":0,"_jetpack_memberships_contains_paywalled_content":false,"_jetpack_memberships_contains_paid_content":false,"footnotes":"","jetpack_publicize_message":"","jetpack_publicize_feature_enabled":true,"jetpack_social_post_already_shared":true,"jetpack_social_options":{"image_generator_settings":{"template":"highway","default_image_id":0,"font":"","enabled":false},"version":2}},"categories":[19],"tags":[],"class_list":["post-10894","post","type-post","status-publish","format-standard","has-post-thumbnail","hentry","category-variedades"],"jetpack_publicize_connections":[],"jetpack_featured_media_url":"https:\/\/i0.wp.com\/noticiasribeiraopreto.com.br\/wp-content\/uploads\/2023\/12\/depositphotos-477862990-xl-scaled.jpg?fit=1200%2C638&ssl=1","jetpack-related-posts":[{"id":69211,"url":"https:\/\/noticiasribeiraopreto.com.br\/index.php\/2025\/05\/03\/nao-vai-ao-show-veja-como-assistir-apresentacao-de-lady-gaga-de-casa\/","url_meta":{"origin":10894,"position":0},"title":"N\u00e3o vai ao show? Veja como assistir apresenta\u00e7\u00e3o de Lady Gaga de casa","author":"noticiasribeiraopreto.com.br","date":"3 de May de 2025","format":false,"excerpt":"A cantora, compositora e atriz Lady Gaga far\u00e1 um show gratuito neste s\u00e1bado (3), na praia de Copacabana, no Rio de Janeiro. De acordo com a prefeitura da cidade, s\u00e3o esperadas cerca de 1,6 milh\u00f5es de pessoas. Este deve ser o maior show da carreira da artista. As atra\u00e7\u00f5es de\u2026","rel":"","context":"In &quot;Not\u00edcias de Ribeir\u00e3o Preto-SP e Regi\u00e3o&quot;","block_context":{"text":"Not\u00edcias de Ribeir\u00e3o Preto-SP e Regi\u00e3o","link":"https:\/\/noticiasribeiraopreto.com.br\/index.php\/category\/noticias-de-ribeirao-preto-sp-e-regiao-ismael-colosi\/"},"img":{"alt_text":"","src":"https:\/\/i0.wp.com\/noticiasribeiraopreto.com.br\/wp-content\/uploads\/2025\/05\/lady-gaga-no-oscar-750x450-1_2025-05-03_13-41-00.webp.webp?fit=750%2C450&ssl=1&resize=350%2C200","width":350,"height":200,"srcset":"https:\/\/i0.wp.com\/noticiasribeiraopreto.com.br\/wp-content\/uploads\/2025\/05\/lady-gaga-no-oscar-750x450-1_2025-05-03_13-41-00.webp.webp?fit=750%2C450&ssl=1&resize=350%2C200 1x, https:\/\/i0.wp.com\/noticiasribeiraopreto.com.br\/wp-content\/uploads\/2025\/05\/lady-gaga-no-oscar-750x450-1_2025-05-03_13-41-00.webp.webp?fit=750%2C450&ssl=1&resize=525%2C300 1.5x, https:\/\/i0.wp.com\/noticiasribeiraopreto.com.br\/wp-content\/uploads\/2025\/05\/lady-gaga-no-oscar-750x450-1_2025-05-03_13-41-00.webp.webp?fit=750%2C450&ssl=1&resize=700%2C400 2x"},"classes":[]},{"id":15074,"url":"https:\/\/noticiasribeiraopreto.com.br\/index.php\/2023\/12\/13\/22-producoes-chegam-ao-catalogo-do-globoplay-em-dezembro-veja-a-lista\/","url_meta":{"origin":10894,"position":1},"title":"22 produ\u00e7\u00f5es chegam ao cat\u00e1logo do Globoplay em dezembro; veja a lista","author":"noticiasribeiraopreto.com.br","date":"13 de December de 2023","format":false,"excerpt":"Cr\u00e9ditos: divulga\u00e7\u00e3o\/GloboplayO que chega no Globoplay em dezembro de 2023? O Globoplay ter\u00e1 novela, filme, s\u00e9rie e tudo o que voc\u00ea precisa para se distrair neste m\u00eas de dezembro. O ano de 2023 vai fechar com chave de ouro no streaming da Globo. Entre os lan\u00e7amentos em destaque, os assinantes\u2026","rel":"","context":"In &quot;Variedades&quot;","block_context":{"text":"Variedades","link":"https:\/\/noticiasribeiraopreto.com.br\/index.php\/category\/variedades\/"},"img":{"alt_text":"","src":"https:\/\/i0.wp.com\/noticiasribeiraopreto.com.br\/wp-content\/uploads\/2023\/12\/fotos-catraca-2023-12-08t224810101.png?fit=1200%2C638&ssl=1&resize=350%2C200","width":350,"height":200,"srcset":"https:\/\/i0.wp.com\/noticiasribeiraopreto.com.br\/wp-content\/uploads\/2023\/12\/fotos-catraca-2023-12-08t224810101.png?fit=1200%2C638&ssl=1&resize=350%2C200 1x, https:\/\/i0.wp.com\/noticiasribeiraopreto.com.br\/wp-content\/uploads\/2023\/12\/fotos-catraca-2023-12-08t224810101.png?fit=1200%2C638&ssl=1&resize=525%2C300 1.5x, https:\/\/i0.wp.com\/noticiasribeiraopreto.com.br\/wp-content\/uploads\/2023\/12\/fotos-catraca-2023-12-08t224810101.png?fit=1200%2C638&ssl=1&resize=700%2C400 2x, https:\/\/i0.wp.com\/noticiasribeiraopreto.com.br\/wp-content\/uploads\/2023\/12\/fotos-catraca-2023-12-08t224810101.png?fit=1200%2C638&ssl=1&resize=1050%2C600 3x"},"classes":[]},{"id":17419,"url":"https:\/\/noticiasribeiraopreto.com.br\/index.php\/2023\/12\/18\/atriz-da-globo-e-afastada-de-gravacoes-apos-diagnostico-de-doenca-mortal-estado-de-saude-e-exposto\/","url_meta":{"origin":10894,"position":2},"title":"Atriz da Globo \u00e9 afastada de grava\u00e7\u00f5es ap\u00f3s diagn\u00f3stico de doen\u00e7a mortal; estado de sa\u00fade \u00e9 exposto","author":"noticiasribeiraopreto.com.br","date":"18 de December de 2023","format":false,"excerpt":"A atriz Juliana Paiva \u00e9 bastante conhecida entre o seu p\u00fablico, sendo uma das favoritas da emissora Globo e aparecendo em diversas produ\u00e7\u00f5es do canal. E de maneira recente, ela passou por um susto, ao ser diagnosticada com pneumonia, de acordo com canais de comunica\u00e7\u00e3o.A pneumonia \u00e9 uma inflama\u00e7\u00e3o nos\u2026","rel":"","context":"In &quot;Blog&quot;","block_context":{"text":"Blog","link":"https:\/\/noticiasribeiraopreto.com.br\/index.php\/category\/blog\/"},"img":{"alt_text":"","src":"https:\/\/i0.wp.com\/noticiasribeiraopreto.com.br\/wp-content\/uploads\/2023\/12\/postimg-6580426205c252679.jpg?fit=1200%2C628&ssl=1&resize=350%2C200","width":350,"height":200,"srcset":"https:\/\/i0.wp.com\/noticiasribeiraopreto.com.br\/wp-content\/uploads\/2023\/12\/postimg-6580426205c252679.jpg?fit=1200%2C628&ssl=1&resize=350%2C200 1x, https:\/\/i0.wp.com\/noticiasribeiraopreto.com.br\/wp-content\/uploads\/2023\/12\/postimg-6580426205c252679.jpg?fit=1200%2C628&ssl=1&resize=525%2C300 1.5x, https:\/\/i0.wp.com\/noticiasribeiraopreto.com.br\/wp-content\/uploads\/2023\/12\/postimg-6580426205c252679.jpg?fit=1200%2C628&ssl=1&resize=700%2C400 2x, https:\/\/i0.wp.com\/noticiasribeiraopreto.com.br\/wp-content\/uploads\/2023\/12\/postimg-6580426205c252679.jpg?fit=1200%2C628&ssl=1&resize=1050%2C600 3x"},"classes":[]},{"id":22445,"url":"https:\/\/noticiasribeiraopreto.com.br\/index.php\/2023\/12\/29\/5-novelas-que-a-globo-nunca-reprisou-meu-valor-digital\/","url_meta":{"origin":10894,"position":3},"title":"5 novelas que a Globo nunca reprisou &#8211; Meu Valor Digital","author":"noticiasribeiraopreto.com.br","date":"29 de December de 2023","format":false,"excerpt":"A Globo \u00e9 com certeza uma das maiores produtoras de novelas do pa\u00eds. Tem um arquivo invej\u00e1vel que nenhuma outra emissora no Brasil possui. A l\u00edder de audi\u00eancia pode decidir o que vai reprisar na sua sess\u00e3o Vale a Pena Ver de Novo. No entanto, outras tramas nunca foram reprisadas\u2026","rel":"","context":"In &quot;Vagas de Emprego em Ribeir\u00e3o Preto-SP&quot;","block_context":{"text":"Vagas de Emprego em Ribeir\u00e3o Preto-SP","link":"https:\/\/noticiasribeiraopreto.com.br\/index.php\/category\/empregos-classificados-vagas-trabalho\/vagas-de-empregos-em-ribeirao-preto-regiao-brasil\/"},"img":{"alt_text":"","src":"https:\/\/i0.wp.com\/noticiasribeiraopreto.com.br\/wp-content\/uploads\/2023\/12\/novelas-que-a-Globo-nunca-reprisou.jpg?fit=1200%2C800&ssl=1&resize=350%2C200","width":350,"height":200,"srcset":"https:\/\/i0.wp.com\/noticiasribeiraopreto.com.br\/wp-content\/uploads\/2023\/12\/novelas-que-a-Globo-nunca-reprisou.jpg?fit=1200%2C800&ssl=1&resize=350%2C200 1x, https:\/\/i0.wp.com\/noticiasribeiraopreto.com.br\/wp-content\/uploads\/2023\/12\/novelas-que-a-Globo-nunca-reprisou.jpg?fit=1200%2C800&ssl=1&resize=525%2C300 1.5x, https:\/\/i0.wp.com\/noticiasribeiraopreto.com.br\/wp-content\/uploads\/2023\/12\/novelas-que-a-Globo-nunca-reprisou.jpg?fit=1200%2C800&ssl=1&resize=700%2C400 2x, https:\/\/i0.wp.com\/noticiasribeiraopreto.com.br\/wp-content\/uploads\/2023\/12\/novelas-que-a-Globo-nunca-reprisou.jpg?fit=1200%2C800&ssl=1&resize=1050%2C600 3x"},"classes":[]},{"id":19220,"url":"https:\/\/noticiasribeiraopreto.com.br\/index.php\/2023\/12\/22\/9-series-brasileiras-que-talvez-voce-nao-viu-ainda-meu-valor-digital\/","url_meta":{"origin":10894,"position":4},"title":"9 s\u00e9ries brasileiras que talvez voc\u00ea n\u00e3o viu ainda &#8211; Meu Valor Digital","author":"noticiasribeiraopreto.com.br","date":"22 de December de 2023","format":false,"excerpt":"O streaming tem conseguido despertar uma nova forma de assistirmos hist\u00f3rias que n\u00e3o sejam s\u00f3 novelas. As s\u00e9ries brasileiras est\u00e3o come\u00e7ando a ganhar for\u00e7a. Gra\u00e7as ao Star+, a Prime Video e a Netflix. Muitas produ\u00e7\u00f5es nacionais come\u00e7aram a ter uma boa aceita\u00e7\u00e3o do p\u00fablico. Isso abriu caminho para uma produ\u00e7\u00e3o\u2026","rel":"","context":"In &quot;Vagas de Emprego em Ribeir\u00e3o Preto-SP&quot;","block_context":{"text":"Vagas de Emprego em Ribeir\u00e3o Preto-SP","link":"https:\/\/noticiasribeiraopreto.com.br\/index.php\/category\/empregos-classificados-vagas-trabalho\/vagas-de-empregos-em-ribeirao-preto-regiao-brasil\/"},"img":{"alt_text":"","src":"https:\/\/i0.wp.com\/noticiasribeiraopreto.com.br\/wp-content\/uploads\/2023\/12\/Novela-1.jpg?fit=1200%2C774&ssl=1&resize=350%2C200","width":350,"height":200,"srcset":"https:\/\/i0.wp.com\/noticiasribeiraopreto.com.br\/wp-content\/uploads\/2023\/12\/Novela-1.jpg?fit=1200%2C774&ssl=1&resize=350%2C200 1x, https:\/\/i0.wp.com\/noticiasribeiraopreto.com.br\/wp-content\/uploads\/2023\/12\/Novela-1.jpg?fit=1200%2C774&ssl=1&resize=525%2C300 1.5x, https:\/\/i0.wp.com\/noticiasribeiraopreto.com.br\/wp-content\/uploads\/2023\/12\/Novela-1.jpg?fit=1200%2C774&ssl=1&resize=700%2C400 2x, https:\/\/i0.wp.com\/noticiasribeiraopreto.com.br\/wp-content\/uploads\/2023\/12\/Novela-1.jpg?fit=1200%2C774&ssl=1&resize=1050%2C600 3x"},"classes":[]},{"id":48626,"url":"https:\/\/noticiasribeiraopreto.com.br\/index.php\/2024\/05\/04\/madonna-fas-do-interior-de-sp-vao-curtir-show-no-rio-de-janeiro\/","url_meta":{"origin":10894,"position":5},"title":"Madonna: F\u00e3s do interior de SP v\u00e3o curtir show no Rio de Janeiro","author":"noticiasribeiraopreto.com.br","date":"4 de May de 2024","format":false,"excerpt":"Ap\u00f3s 12 anos, a rainha do pop, Madonna retorna ao Brasil para o show de encerramento da sua turn\u00ea \u2018The Celebration Tour\u2019, que comemora quatro d\u00e9cadas de sua carreira. A apresenta\u00e7\u00e3o ser\u00e1 na noite deste s\u00e1bado (4), na Praia de Copacabana, no Rio de Janeiro. A estimativa de p\u00fablico \u00e9\u2026","rel":"","context":"In &quot;Not\u00edcias de Ribeir\u00e3o Preto-SP e Regi\u00e3o&quot;","block_context":{"text":"Not\u00edcias de Ribeir\u00e3o Preto-SP e Regi\u00e3o","link":"https:\/\/noticiasribeiraopreto.com.br\/index.php\/category\/noticias-de-ribeirao-preto-sp-e-regiao-ismael-colosi\/"},"img":{"alt_text":"","src":"https:\/\/i0.wp.com\/noticiasribeiraopreto.com.br\/wp-content\/uploads\/2024\/05\/RICK_2024-05-04_17-38-47_jpg_2024-05-04_17-38-47.webp.webp?fit=820%2C366&ssl=1&resize=350%2C200","width":350,"height":200,"srcset":"https:\/\/i0.wp.com\/noticiasribeiraopreto.com.br\/wp-content\/uploads\/2024\/05\/RICK_2024-05-04_17-38-47_jpg_2024-05-04_17-38-47.webp.webp?fit=820%2C366&ssl=1&resize=350%2C200 1x, https:\/\/i0.wp.com\/noticiasribeiraopreto.com.br\/wp-content\/uploads\/2024\/05\/RICK_2024-05-04_17-38-47_jpg_2024-05-04_17-38-47.webp.webp?fit=820%2C366&ssl=1&resize=525%2C300 1.5x, https:\/\/i0.wp.com\/noticiasribeiraopreto.com.br\/wp-content\/uploads\/2024\/05\/RICK_2024-05-04_17-38-47_jpg_2024-05-04_17-38-47.webp.webp?fit=820%2C366&ssl=1&resize=700%2C400 2x"},"classes":[]}],"jetpack_sharing_enabled":true,"jetpack_shortlink":"https:\/\/wp.me\/peQAOb-2PI","_links":{"self":[{"href":"https:\/\/noticiasribeiraopreto.com.br\/index.php\/wp-json\/wp\/v2\/posts\/10894","targetHints":{"allow":["GET"]}}],"collection":[{"href":"https:\/\/noticiasribeiraopreto.com.br\/index.php\/wp-json\/wp\/v2\/posts"}],"about":[{"href":"https:\/\/noticiasribeiraopreto.com.br\/index.php\/wp-json\/wp\/v2\/types\/post"}],"author":[{"embeddable":true,"href":"https:\/\/noticiasribeiraopreto.com.br\/index.php\/wp-json\/wp\/v2\/users\/1"}],"replies":[{"embeddable":true,"href":"https:\/\/noticiasribeiraopreto.com.br\/index.php\/wp-json\/wp\/v2\/comments?post=10894"}],"version-history":[{"count":0,"href":"https:\/\/noticiasribeiraopreto.com.br\/index.php\/wp-json\/wp\/v2\/posts\/10894\/revisions"}],"wp:featuredmedia":[{"embeddable":true,"href":"https:\/\/noticiasribeiraopreto.com.br\/index.php\/wp-json\/wp\/v2\/media\/10895"}],"wp:attachment":[{"href":"https:\/\/noticiasribeiraopreto.com.br\/index.php\/wp-json\/wp\/v2\/media?parent=10894"}],"wp:term":[{"taxonomy":"category","embeddable":true,"href":"https:\/\/noticiasribeiraopreto.com.br\/index.php\/wp-json\/wp\/v2\/categories?post=10894"},{"taxonomy":"post_tag","embeddable":true,"href":"https:\/\/noticiasribeiraopreto.com.br\/index.php\/wp-json\/wp\/v2\/tags?post=10894"}],"curies":[{"name":"wp","href":"https:\/\/api.w.org\/{rel}","templated":true}]}}