{"id":10910,"date":"2023-12-05T10:04:08","date_gmt":"2023-12-05T13:04:08","guid":{"rendered":"https:\/\/noticiasribeiraopreto.com.br\/index.php\/2023\/12\/05\/conmebol-anuncia-estadios-da-copa-america-de-2024\/"},"modified":"2023-12-05T10:04:08","modified_gmt":"2023-12-05T13:04:08","slug":"conmebol-anuncia-estadios-da-copa-america-de-2024","status":"publish","type":"post","link":"https:\/\/noticiasribeiraopreto.com.br\/index.php\/2023\/12\/05\/conmebol-anuncia-estadios-da-copa-america-de-2024\/","title":{"rendered":"Conmebol anuncia est\u00e1dios da Copa Am\u00e9rica de 2024 \u2013 Folha de Ribeir\u00e3o"},"content":{"rendered":"<div class='code-block code-block-1' style='margin: 8px 0 8px auto; text-align: right; display: block; clear: both;'>\n<p><a href=\"https:\/\/wa.link\/vpicfd\"><img data-recalc-dims=\"1\" class=\"wp-image-4922\" style=\"aspect-ratio: 2.0253164556962027; width: 561px; height: auto;\" src=\"https:\/\/i0.wp.com\/ismaelcolosi.com.br\/wp-content\/uploads\/2023\/11\/grupo-de-empregos-whatsapp-e-facebook-ismael-colosi-vagas.jpg?ssl=1\" alt=\"\" \/><\/a><\/p>\n<!-- \/wp:image -->\n<\/div>\n<p> <br \/>\n<\/p>\n<div>\n<p>A Conmebol (Confedera\u00e7\u00e3o Sul-Americana de Futebol) anunciou nesta segunda-feira (4) a rela\u00e7\u00e3o de est\u00e1dios e cidades-sede da pr\u00f3xima edi\u00e7\u00e3o da Copa Am\u00e9rica, que ser\u00e1 disputada nos Estados Unidos em 2024.<img data-recalc-dims=\"1\" decoding=\"async\" src=\"https:\/\/i0.wp.com\/agenciabrasil.ebc.com.br\/ebc.gif?ssl=1\"\/><\/p>\n<p>A fase de grupos da competi\u00e7\u00e3o, que ter\u00e1 a participa\u00e7\u00e3o de 10 sele\u00e7\u00f5es da Conmebol e de 6 sele\u00e7\u00f5es convidadas da Concacaf (Confedera\u00e7\u00e3o de Futebol da Am\u00e9rica do Norte, Central e Caribe), ser\u00e1 disputada entre 20 de junho e 2 de julho de 2024. As partidas das quartas de final ser\u00e3o nos dias 4 e 6 de julho, as semifinais nos dias 9 e 10 de julho, o jogo que definir\u00e1 o terceiro lugar no dia 13 de julho, enquanto a grande final est\u00e1 marcada para 14 de julho.<\/p>\n<p>\u201cTeremos uma Copa Am\u00e9rica inesquec\u00edvel, sentindo as emo\u00e7\u00f5es do melhor futebol do mundo em 14 magn\u00edficos est\u00e1dios. A paix\u00e3o do futebol percorrer\u00e1 este enorme pa\u00eds de leste a oeste e de norte a sul, levando vibra\u00e7\u00e3o e divers\u00e3o a centenas de torcedores nas sedes e outros milh\u00f5es de espectadores em todo o mundo\u201d, afirmou o presidente da Conmebol, Alejandro Dom\u00ednguez.<\/p>\n<h2>Est\u00e1dios que receber\u00e3o a Copa Am\u00e9rica 2024:<\/h2>\n<p>Allegiant Stadium, Las Vegas, Nevada<br \/>AT&amp;T Stadium, Arlington, Texas<br \/>Bank of America Stadium, Charlotte, North Carolina<br \/>Children\u2019s Mercy Park, Kansas City, Kansas<br \/>Exploria Stadium, Orlando, Fl\u00f3rida<br \/>GEHA Field at Arrowhead Stadium, Kansas City, Missouri<br \/>Hard Rock Stadium, Miami Gardens, Fl\u00f3rida<br \/>Levi\u2019s Stadium, Santa Clara, Calif\u00f3rnia<br \/>Mercedes-Benz Stadium, Atlanta, Georgia<br \/>MetLife Stadium, East Rutherford, New Jersey<br \/>NRG Stadium, Houston, Texas<br \/>Q2 Stadium, Austin, Texas<br \/>SoFi Stadium, Inglewood, Calif\u00f3rnia<br \/>State Farm Stadium, Glendale, Arizona<\/p>\n<\/p><\/div>\n<p><br \/>\n<br \/><a href=\"https:\/\/folhaderibeirao.com.br\/2023\/12\/05\/conmebol-anuncia-estadios-da-copa-america-de-2024\/\">Source link <\/a><\/p>\n<!-- CONTENT END 1 -->\n","protected":false},"excerpt":{"rendered":"<p>A Conmebol (Confedera\u00e7\u00e3o Sul-Americana de Futebol) anunciou nesta segunda-feira (4) a rela\u00e7\u00e3o de est\u00e1dios e cidades-sede da pr\u00f3xima edi\u00e7\u00e3o da Copa Am\u00e9rica, que ser\u00e1 disputada&#8230;<\/p>\n","protected":false},"author":1,"featured_media":10911,"comment_status":"open","ping_status":"open","sticky":false,"template":"","format":"standard","meta":{"advanced_seo_description":"","jetpack_seo_html_title":"","jetpack_seo_noindex":false,"jetpack_post_was_ever_published":false,"_jetpack_newsletter_access":"","_jetpack_dont_email_post_to_subs":false,"_jetpack_newsletter_tier_id":0,"_jetpack_memberships_contains_paywalled_content":false,"_jetpack_memberships_contains_paid_content":false,"footnotes":"","jetpack_publicize_message":"","jetpack_publicize_feature_enabled":true,"jetpack_social_post_already_shared":true,"jetpack_social_options":{"image_generator_settings":{"template":"highway","default_image_id":0,"font":"","enabled":false},"version":2}},"categories":[11],"tags":[204,175,1513,707,1514,753,26],"class_list":["post-10910","post","type-post","status-publish","format-standard","has-post-thumbnail","hentry","category-noticias-de-ribeirao-preto-sp-e-regiao-ismael-colosi","tag-america","tag-anuncia","tag-conmebol","tag-copa","tag-estadios","tag-folha","tag-ribeirao"],"jetpack_publicize_connections":[],"jetpack_featured_media_url":"https:\/\/i0.wp.com\/noticiasribeiraopreto.com.br\/wp-content\/uploads\/2023\/12\/1701781450_ebc.png?fit=1%2C1&ssl=1","jetpack-related-posts":[{"id":15512,"url":"https:\/\/noticiasribeiraopreto.com.br\/index.php\/2023\/12\/13\/brasil-conhece-adversarios-da-copa-ouro-de-futebol-feminino\/","url_meta":{"origin":10910,"position":0},"title":"Brasil conhece advers\u00e1rios da Copa Ouro de futebol feminino \u2013 Folha de Ribeir\u00e3o","author":"noticiasribeiraopreto.com.br","date":"13 de December de 2023","format":false,"excerpt":"A sele\u00e7\u00e3o brasileira conheceu nesta ter\u00e7a-feira (12) os seus advers\u00e1rios na fase de grupos da primeira edi\u00e7\u00e3o da Copa Ouro de futebol feminino, que ser\u00e1 disputada entre 17 de fevereiro e 10 de mar\u00e7o de 2024 nos Estados Unidos. O Brasil caiu no Grupo B, que tem sede no Snapdragon\u2026","rel":"","context":"In &quot;Not\u00edcias de Ribeir\u00e3o Preto-SP e Regi\u00e3o&quot;","block_context":{"text":"Not\u00edcias de Ribeir\u00e3o Preto-SP e Regi\u00e3o","link":"https:\/\/noticiasribeiraopreto.com.br\/index.php\/category\/noticias-de-ribeirao-preto-sp-e-regiao-ismael-colosi\/"},"img":{"alt_text":"","src":"","width":0,"height":0},"classes":[]},{"id":84174,"url":"https:\/\/noticiasribeiraopreto.com.br\/index.php\/2026\/04\/03\/fifa-altera-horario-da-segunda-partida-do-brasil\/","url_meta":{"origin":10910,"position":1},"title":"Fifa altera hor\u00e1rio da segunda partida do Brasil","author":"noticiasribeiraopreto.com.br","date":"3 de April de 2026","format":false,"excerpt":"A Fifa alterou o hor\u00e1rio da segunda partida do Brasil na Copa do Mundo, que ser\u00e1 disputada no M\u00e9xico, no Canad\u00e1 e nos Estados Unidos. O confronto da sele\u00e7\u00e3o com o Haiti, que estava marcado para as 22h (hor\u00e1rio de Bras\u00edlia) do dia 19 de junho no Lincoln Financial Field,\u2026","rel":"","context":"In &quot;Not\u00edcias de Ribeir\u00e3o Preto-SP e Regi\u00e3o&quot;","block_context":{"text":"Not\u00edcias de Ribeir\u00e3o Preto-SP e Regi\u00e3o","link":"https:\/\/noticiasribeiraopreto.com.br\/index.php\/category\/noticias-de-ribeirao-preto-sp-e-regiao-ismael-colosi\/"},"img":{"alt_text":"","src":"https:\/\/i0.wp.com\/noticiasribeiraopreto.com.br\/wp-content\/uploads\/2026\/04\/2026-04-01t010855z_692319970_mt1usatoday28630983_rtrmadp_3_soccer-international-mens-friendly-croatia-at-brazil.jpg?fit=1170%2C700&ssl=1&resize=350%2C200","width":350,"height":200,"srcset":"https:\/\/i0.wp.com\/noticiasribeiraopreto.com.br\/wp-content\/uploads\/2026\/04\/2026-04-01t010855z_692319970_mt1usatoday28630983_rtrmadp_3_soccer-international-mens-friendly-croatia-at-brazil.jpg?fit=1170%2C700&ssl=1&resize=350%2C200 1x, https:\/\/i0.wp.com\/noticiasribeiraopreto.com.br\/wp-content\/uploads\/2026\/04\/2026-04-01t010855z_692319970_mt1usatoday28630983_rtrmadp_3_soccer-international-mens-friendly-croatia-at-brazil.jpg?fit=1170%2C700&ssl=1&resize=525%2C300 1.5x, https:\/\/i0.wp.com\/noticiasribeiraopreto.com.br\/wp-content\/uploads\/2026\/04\/2026-04-01t010855z_692319970_mt1usatoday28630983_rtrmadp_3_soccer-international-mens-friendly-croatia-at-brazil.jpg?fit=1170%2C700&ssl=1&resize=700%2C400 2x, https:\/\/i0.wp.com\/noticiasribeiraopreto.com.br\/wp-content\/uploads\/2026\/04\/2026-04-01t010855z_692319970_mt1usatoday28630983_rtrmadp_3_soccer-international-mens-friendly-croatia-at-brazil.jpg?fit=1170%2C700&ssl=1&resize=1050%2C600 3x"},"classes":[]},{"id":50738,"url":"https:\/\/noticiasribeiraopreto.com.br\/index.php\/2024\/05\/18\/veja-quando-acontece-o-classico-come-fogo-na-copa-paulista-2024\/","url_meta":{"origin":10910,"position":2},"title":"Veja quando acontece o cl\u00e1ssico Come-Fogo na Copa Paulista 2024","author":"noticiasribeiraopreto.com.br","date":"18 de May de 2024","format":false,"excerpt":"O cl\u00e1ssico de Ribeir\u00e3o Preto Come-Fogo j\u00e1 tem data para acontecer na Copa Paulista 2024. A FPF (Federa\u00e7\u00e3o Paulista de Futebol) definiu que o primeiro confronto entre Comercial e Botafogo ser\u00e1 realizado no dia 7 de julho, a partir das 10h, no est\u00e1dio Santa Cruz\/Arena Nicnet. O segundo jogo do\u2026","rel":"","context":"In &quot;Not\u00edcias de Ribeir\u00e3o Preto-SP e Regi\u00e3o&quot;","block_context":{"text":"Not\u00edcias de Ribeir\u00e3o Preto-SP e Regi\u00e3o","link":"https:\/\/noticiasribeiraopreto.com.br\/index.php\/category\/noticias-de-ribeirao-preto-sp-e-regiao-ismael-colosi\/"},"img":{"alt_text":"","src":"https:\/\/i0.wp.com\/noticiasribeiraopreto.com.br\/wp-content\/uploads\/2024\/04\/come-fogo.webp.webp?fit=979%2C648&ssl=1&resize=350%2C200","width":350,"height":200,"srcset":"https:\/\/i0.wp.com\/noticiasribeiraopreto.com.br\/wp-content\/uploads\/2024\/04\/come-fogo.webp.webp?fit=979%2C648&ssl=1&resize=350%2C200 1x, https:\/\/i0.wp.com\/noticiasribeiraopreto.com.br\/wp-content\/uploads\/2024\/04\/come-fogo.webp.webp?fit=979%2C648&ssl=1&resize=525%2C300 1.5x, https:\/\/i0.wp.com\/noticiasribeiraopreto.com.br\/wp-content\/uploads\/2024\/04\/come-fogo.webp.webp?fit=979%2C648&ssl=1&resize=700%2C400 2x"},"classes":[]},{"id":50747,"url":"https:\/\/noticiasribeiraopreto.com.br\/index.php\/2024\/05\/18\/veja-quando-acontece-o-classico-come-fogo-na-copa-paulista-2024-2\/","url_meta":{"origin":10910,"position":3},"title":"Veja quando acontece o cl\u00e1ssico Come-Fogo na Copa Paulista 2024","author":"noticiasribeiraopreto.com.br","date":"18 de May de 2024","format":false,"excerpt":"O cl\u00e1ssico de Ribeir\u00e3o Preto Come-Fogo j\u00e1 tem data para acontecer na Copa Paulista 2024. A FPF (Federa\u00e7\u00e3o Paulista de Futebol) definiu que o primeiro confronto entre Comercial e Botafogo ser\u00e1 realizado no dia 7 de julho, a partir das 10h, no est\u00e1dio Santa Cruz\/Arena Nicnet. O segundo jogo do\u2026","rel":"","context":"In &quot;Not\u00edcias de Ribeir\u00e3o Preto-SP e Regi\u00e3o&quot;","block_context":{"text":"Not\u00edcias de Ribeir\u00e3o Preto-SP e Regi\u00e3o","link":"https:\/\/noticiasribeiraopreto.com.br\/index.php\/category\/noticias-de-ribeirao-preto-sp-e-regiao-ismael-colosi\/"},"img":{"alt_text":"","src":"https:\/\/i0.wp.com\/noticiasribeiraopreto.com.br\/wp-content\/uploads\/2024\/04\/come-fogo.webp.webp?fit=979%2C648&ssl=1&resize=350%2C200","width":350,"height":200,"srcset":"https:\/\/i0.wp.com\/noticiasribeiraopreto.com.br\/wp-content\/uploads\/2024\/04\/come-fogo.webp.webp?fit=979%2C648&ssl=1&resize=350%2C200 1x, https:\/\/i0.wp.com\/noticiasribeiraopreto.com.br\/wp-content\/uploads\/2024\/04\/come-fogo.webp.webp?fit=979%2C648&ssl=1&resize=525%2C300 1.5x, https:\/\/i0.wp.com\/noticiasribeiraopreto.com.br\/wp-content\/uploads\/2024\/04\/come-fogo.webp.webp?fit=979%2C648&ssl=1&resize=700%2C400 2x"},"classes":[]},{"id":83523,"url":"https:\/\/noticiasribeiraopreto.com.br\/index.php\/2026\/03\/19\/conmebol-sorteia-grupos-da-libertadores-e-da-sul-americana\/","url_meta":{"origin":10910,"position":4},"title":"Conmebol sorteia grupos da Libertadores e da Sul-Americana","author":"noticiasribeiraopreto.com.br","date":"19 de March de 2026","format":false,"excerpt":"A Conmebol definiu, em sorteio realizado nesta quinta-feira (19), na cidade de Luque, no Paraguai, os componentes dos grupos da edi\u00e7\u00e3o de 2026 da Copa Libertadores. Corinthians e Palmeiras s\u00e3o os representantes dos grandes paulistas na competi\u00e7\u00e3o. Por ser o atual campe\u00e3o, o Flamengo foi alocado diretamente no Grupo A.\u2026","rel":"","context":"In &quot;Not\u00edcias de Ribeir\u00e3o Preto-SP e Regi\u00e3o&quot;","block_context":{"text":"Not\u00edcias de Ribeir\u00e3o Preto-SP e Regi\u00e3o","link":"https:\/\/noticiasribeiraopreto.com.br\/index.php\/category\/noticias-de-ribeirao-preto-sp-e-regiao-ismael-colosi\/"},"img":{"alt_text":"","src":"https:\/\/i0.wp.com\/noticiasribeiraopreto.com.br\/wp-content\/uploads\/2026\/03\/2-Trofeus-Libertadores-e-Sul-Americana-Divulgacao.jpg?fit=860%2C575&ssl=1&resize=350%2C200","width":350,"height":200,"srcset":"https:\/\/i0.wp.com\/noticiasribeiraopreto.com.br\/wp-content\/uploads\/2026\/03\/2-Trofeus-Libertadores-e-Sul-Americana-Divulgacao.jpg?fit=860%2C575&ssl=1&resize=350%2C200 1x, https:\/\/i0.wp.com\/noticiasribeiraopreto.com.br\/wp-content\/uploads\/2026\/03\/2-Trofeus-Libertadores-e-Sul-Americana-Divulgacao.jpg?fit=860%2C575&ssl=1&resize=525%2C300 1.5x, https:\/\/i0.wp.com\/noticiasribeiraopreto.com.br\/wp-content\/uploads\/2026\/03\/2-Trofeus-Libertadores-e-Sul-Americana-Divulgacao.jpg?fit=860%2C575&ssl=1&resize=700%2C400 2x"},"classes":[]},{"id":84750,"url":"https:\/\/noticiasribeiraopreto.com.br\/index.php\/2026\/04\/15\/estadio-de-ribeirao-preto-e-selecionado-como-ct-para-copa-do-mundo-feminina\/","url_meta":{"origin":10910,"position":5},"title":"Est\u00e1dio de Ribeir\u00e3o Preto \u00e9 selecionado como CT para Copa do Mundo Feminina","author":"noticiasribeiraopreto.com.br","date":"15 de April de 2026","format":false,"excerpt":"Ler o resumo da not\u00edcia Est\u00e1dio Santa Cruz\/Arena Nicnet, em Ribeir\u00e3o Preto, foi aprovado pela Fifa como Centro de Treinamento para a Copa do Mundo Feminina de 2027. O Mundial ser\u00e1 realizado no Brasil entre 24 de junho e 25 de julho de 2027; a lista com 38 centros foi\u2026","rel":"","context":"In &quot;Not\u00edcias de Ribeir\u00e3o Preto-SP e Regi\u00e3o&quot;","block_context":{"text":"Not\u00edcias de Ribeir\u00e3o Preto-SP e Regi\u00e3o","link":"https:\/\/noticiasribeiraopreto.com.br\/index.php\/category\/noticias-de-ribeirao-preto-sp-e-regiao-ismael-colosi\/"},"img":{"alt_text":"","src":"https:\/\/i0.wp.com\/noticiasribeiraopreto.com.br\/wp-content\/uploads\/2026\/04\/estadio-santa-cruz_2026-04-15_15-07-24.webp.webp?fit=960%2C539&ssl=1&resize=350%2C200","width":350,"height":200,"srcset":"https:\/\/i0.wp.com\/noticiasribeiraopreto.com.br\/wp-content\/uploads\/2026\/04\/estadio-santa-cruz_2026-04-15_15-07-24.webp.webp?fit=960%2C539&ssl=1&resize=350%2C200 1x, https:\/\/i0.wp.com\/noticiasribeiraopreto.com.br\/wp-content\/uploads\/2026\/04\/estadio-santa-cruz_2026-04-15_15-07-24.webp.webp?fit=960%2C539&ssl=1&resize=525%2C300 1.5x, https:\/\/i0.wp.com\/noticiasribeiraopreto.com.br\/wp-content\/uploads\/2026\/04\/estadio-santa-cruz_2026-04-15_15-07-24.webp.webp?fit=960%2C539&ssl=1&resize=700%2C400 2x"},"classes":[]}],"jetpack_sharing_enabled":true,"jetpack_shortlink":"https:\/\/wp.me\/peQAOb-2PY","_links":{"self":[{"href":"https:\/\/noticiasribeiraopreto.com.br\/index.php\/wp-json\/wp\/v2\/posts\/10910","targetHints":{"allow":["GET"]}}],"collection":[{"href":"https:\/\/noticiasribeiraopreto.com.br\/index.php\/wp-json\/wp\/v2\/posts"}],"about":[{"href":"https:\/\/noticiasribeiraopreto.com.br\/index.php\/wp-json\/wp\/v2\/types\/post"}],"author":[{"embeddable":true,"href":"https:\/\/noticiasribeiraopreto.com.br\/index.php\/wp-json\/wp\/v2\/users\/1"}],"replies":[{"embeddable":true,"href":"https:\/\/noticiasribeiraopreto.com.br\/index.php\/wp-json\/wp\/v2\/comments?post=10910"}],"version-history":[{"count":0,"href":"https:\/\/noticiasribeiraopreto.com.br\/index.php\/wp-json\/wp\/v2\/posts\/10910\/revisions"}],"wp:featuredmedia":[{"embeddable":true,"href":"https:\/\/noticiasribeiraopreto.com.br\/index.php\/wp-json\/wp\/v2\/media\/10911"}],"wp:attachment":[{"href":"https:\/\/noticiasribeiraopreto.com.br\/index.php\/wp-json\/wp\/v2\/media?parent=10910"}],"wp:term":[{"taxonomy":"category","embeddable":true,"href":"https:\/\/noticiasribeiraopreto.com.br\/index.php\/wp-json\/wp\/v2\/categories?post=10910"},{"taxonomy":"post_tag","embeddable":true,"href":"https:\/\/noticiasribeiraopreto.com.br\/index.php\/wp-json\/wp\/v2\/tags?post=10910"}],"curies":[{"name":"wp","href":"https:\/\/api.w.org\/{rel}","templated":true}]}}