{"id":10914,"date":"2023-12-05T10:15:22","date_gmt":"2023-12-05T13:15:22","guid":{"rendered":"https:\/\/noticiasribeiraopreto.com.br\/index.php\/2023\/12\/05\/conheca-a-bebida-saudavel-que-viralizou-no-tiktok\/"},"modified":"2023-12-05T10:15:22","modified_gmt":"2023-12-05T13:15:22","slug":"conheca-a-bebida-saudavel-que-viralizou-no-tiktok","status":"publish","type":"post","link":"https:\/\/noticiasribeiraopreto.com.br\/index.php\/2023\/12\/05\/conheca-a-bebida-saudavel-que-viralizou-no-tiktok\/","title":{"rendered":"conhe\u00e7a a bebida saud\u00e1vel que viralizou no TikTok"},"content":{"rendered":"<div class='code-block code-block-1' style='margin: 8px 0 8px auto; text-align: right; display: block; clear: both;'>\n<p><a href=\"https:\/\/wa.link\/vpicfd\"><img data-recalc-dims=\"1\" class=\"wp-image-4922\" style=\"aspect-ratio: 2.0253164556962027; width: 561px; height: auto;\" src=\"https:\/\/i0.wp.com\/ismaelcolosi.com.br\/wp-content\/uploads\/2023\/11\/grupo-de-empregos-whatsapp-e-facebook-ismael-colosi-vagas.jpg?ssl=1\" alt=\"\" \/><\/a><\/p>\n<!-- \/wp:image -->\n<\/div>\n<p> <br \/>\n<\/p>\n<div>\n<p>Encontrar uma maneira saud\u00e1vel de aliviar a <a href=\"https:\/\/catracalivre.com.br\/saude-bem-estar\/5-habitos-para-colocar-em-pratica-ja-e-acabar-com-a-constipacao\/\">constipa\u00e7\u00e3o<\/a> n\u00e3o \u00e9 uma tarefa f\u00e1cil, mas os usu\u00e1rios do <a href=\"https:\/\/catracalivre.com.br\/saude-bem-estar\/homem-descobre-tumor-apos-ser-alertado-no-tiktok\/\">TikTok<\/a> est\u00e3o apostando em uma nova solu\u00e7\u00e3o: uma bebida conhecida como internal shower, ou \u201cducha interna\u201d.<\/p>\n<p>A bebida <a href=\"https:\/\/catracalivre.com.br\/saude-bem-estar\/as-melhores-bebidas-para-desintoxicacao-e-limpeza-do-figado\/\">desintoxicante<\/a> leva apenas 3 ingredientes.<\/p>\n<p>A popularidade mete\u00f3rica da receita nas \u00faltimas semanas se deve ao suposto \u201cinventor\u201d, <a href=\"https:\/\/www.instagram.com\/drdarylgioffre\/\" target=\"_blank\" rel=\"noopener\">Daryl Gioffre<\/a>, um nutricionista famoso, autor de best sellers, como \u201cGet Off Your Acid\u201d.<\/p>\n<div id=\"attachment_2318891\" class=\"wp-caption alignnone\">\n<div class=\"d-flex justify-content-center\" data-attachment-id=\"2318891\">\n<div class=\"position-relative d-inline-block\"><img data-recalc-dims=\"1\" data-portal-copyright=\"Cibreo-Editors\/istock\" fetchpriority=\"high\" decoding=\"async\" class=\"wp-image-2318891 size-large\" src=\"https:\/\/i0.wp.com\/catracalivre.com.br\/wp-content\/uploads\/2023\/12\/istock-487126879-910x601.jpg?resize=910%2C601&#038;ssl=1\" alt=\"Aprenda a fazer a bebida conhecia como \u201cducha interna\u201d\" width=\"910\" height=\"601\" srcset=\"https:\/\/catracalivre.com.br\/wp-content\/uploads\/2023\/12\/istock-487126879-910x601.jpg 910w, https:\/\/catracalivre.com.br\/wp-content\/uploads\/2023\/12\/istock-487126879-450x297.jpg 450w, https:\/\/catracalivre.com.br\/wp-content\/uploads\/2023\/12\/istock-487126879-768x507.jpg 768w\" sizes=\"(max-width: 910px) 100vw, 910px\"\/><\/p>\n<p>Cr\u00e9ditos: Cibreo-Editors\/istock<\/p>\n<\/div>\n<\/div>\n<p><span class=\"post-imagem__legenda\">Aprenda a fazer a bebida conhecia como \u201cducha interna\u201d<\/span><\/p>\n<\/div>\n<p>Ele compartilhou a receita e explicando que ela soluciona problemas digestivos e constipa\u00e7\u00e3o.<\/p>\n<p>\u201cSe voc\u00ea beber isso com o est\u00f4mago vazio, \u00e9 literalmente como um banho interno \u2013 ela penetra em todos os cantos e recantos do seu intestino como uma lavagem interna\u201d, disse Gioffre.<\/p>\n<h2>Como fazer a bebida<\/h2>\n<ol>\n<li>Adicione 2 colheres de sopa de sementes de chia a um copo cheio de \u00e1gua;<\/li>\n<li>Adicione suco de lim\u00e3o espremido na hora a gosto; at\u00e9 1 lim\u00e3o inteiro<\/li>\n<li>Opcionalmente, adicione 1\/8 colher de ch\u00e1 de sal marinho<\/li>\n<li>Mexa e deixe as sementes de chia absorverem \u00e1gua; depois de at\u00e9 15 minutos, mexa mais uma vez e beba.<\/li>\n<\/ol>\n<p>Em muitos dos v\u00eddeos de rea\u00e7\u00e3o compartilhados na plataforma, os usu\u00e1rios do TikTok observam que \u00e9 necess\u00e1rio mexer bastante a bebida para evitar o ac\u00famulo de sementes e uma textura gelatinosa desagrad\u00e1vel.<\/p>\n<h2>Mas realmente funciona?<\/h2>\n<p>As sementes de chia s\u00e3o ricas em fibras, o que pode ajudar a reduzir o colesterol ruim (LDL) ao longo do tempo, al\u00e9m de manter o a\u00e7\u00facar no sangue mais est\u00e1vel, promover a sa\u00fade digestiva, alimentar bact\u00e9rias intestinais boas e ajudar no controle de peso.<\/p>\n<p>Chia tamb\u00e9m cont\u00e9m gorduras \u00f4mega-3 saud\u00e1veis \u200b\u200bpara o cora\u00e7\u00e3o, prote\u00ednas e \u00e9 rica em m\u00faltiplas fontes antioxidantes e minerais.<\/p>\n<p>Apenas duas colheres de sopa cont\u00eam metade da ingest\u00e3o di\u00e1ria recomendada de fibras em uma dieta balanceada.<\/p>\n<p>Embora as sementes de chia sejam realmente ben\u00e9ficas em uma dieta balanceada, seu papel na melhoria da sa\u00fade intestinal e digestiva do corpo pode ser mal interpretado pelos usu\u00e1rios do TikTok.<\/p>\n<p>Introduzir muita fibra na dieta em apenas alguns dias pode resultar no efeito oposto no que diz respeito \u00e0 sa\u00fade gastrointestinal.<\/p>\n<p>Para ter o benef\u00edcio sem o risco de sofrer com pris\u00e3o de ventre ou diarreia, \u00e9 preciso introduzir a bebida lentamente em quantidades menores, em vez de beber v\u00e1rias por\u00e7\u00f5es por dia.<\/p>\n<\/div>\n<p><script>\n\t\t! function(f, b, e, v, n, t, s) {\n\t\t\tif (f.fbq) return;\n\t\t\tn = f.fbq = function() {\n\t\t\t\tn.callMethod ?\n\t\t\t\t\tn.callMethod.apply(n, arguments) : n.queue.push(arguments)\n\t\t\t};\n\t\t\tif (!f._fbq) f._fbq = n;\n\t\t\tn.push = n;\n\t\t\tn.loaded = !0;\n\t\t\tn.version = '2.0';\n\t\t\tn.queue = [];\n\t\t\tt = b.createElement(e);\n\t\t\tt.async = !0;\n\t\t\tt.src = v;\n\t\t\ts = b.getElementsByTagName(e)[0];\n\t\t\ts.parentNode.insertBefore(t, s)\n\t\t}(window, document, 'script',\n\t\t\t'https:\/\/connect.facebook.net\/en_US\/fbevents.js');\n\t\tfbq('init', '338315473262380');\n\t\tfbq('track', 'PageView');\n\t<\/script><script async src=\"\/\/www.instagram.com\/embed.js\"><\/script><br \/>\n<br \/><br \/>\n<br \/><a href=\"https:\/\/catracalivre.com.br\/saude-bem-estar\/ducha-interna-conheca-a-bebida-saudavel-que-viralizou-no-tiktok\/\">Source link <\/a><\/p>\n<!-- CONTENT END 1 -->\n","protected":false},"excerpt":{"rendered":"<p>Encontrar uma maneira saud\u00e1vel de aliviar a constipa\u00e7\u00e3o n\u00e3o \u00e9 uma tarefa f\u00e1cil, mas os usu\u00e1rios do TikTok est\u00e3o apostando em uma nova solu\u00e7\u00e3o: uma&#8230;<\/p>\n","protected":false},"author":1,"featured_media":10915,"comment_status":"open","ping_status":"open","sticky":false,"template":"","format":"standard","meta":{"advanced_seo_description":"","jetpack_seo_html_title":"","jetpack_seo_noindex":false,"jetpack_post_was_ever_published":false,"_jetpack_newsletter_access":"","_jetpack_dont_email_post_to_subs":false,"_jetpack_newsletter_tier_id":0,"_jetpack_memberships_contains_paywalled_content":false,"_jetpack_memberships_contains_paid_content":false,"footnotes":"","jetpack_publicize_message":"","jetpack_publicize_feature_enabled":true,"jetpack_social_post_already_shared":true,"jetpack_social_options":{"image_generator_settings":{"template":"highway","default_image_id":0,"font":"","enabled":false},"version":2}},"categories":[19],"tags":[],"class_list":["post-10914","post","type-post","status-publish","format-standard","has-post-thumbnail","hentry","category-variedades"],"jetpack_publicize_connections":[],"jetpack_featured_media_url":"https:\/\/i0.wp.com\/noticiasribeiraopreto.com.br\/wp-content\/uploads\/2023\/12\/istock-487126879.jpg?fit=1200%2C638&ssl=1","jetpack-related-posts":[{"id":66206,"url":"https:\/\/noticiasribeiraopreto.com.br\/index.php\/2025\/03\/29\/jornal-da-franca-saiba-quais-sao-as-3-bebidas-que-aceleram-o-envelhecimento-da-sua-pele\/","url_meta":{"origin":10914,"position":0},"title":"Jornal da Franca &#8211; Saiba quais s\u00e3o as 3 bebidas que aceleram o envelhecimento da sua pele!","author":"noticiasribeiraopreto.com.br","date":"29 de March de 2025","format":false,"excerpt":"compartilhar no whatsapp compartilhar no telegram compartilhar no facebook compartilhar no linkedin Para garantir uma pele saud\u00e1vel e com aspecto jovial, \u00e9 essencial evitar o consumo excessivo dessas bebidas e manter uma rotina de cuidados Al\u00e9m dos h\u00e1bitos di\u00e1rios, \u00e9 preciso cuidar da pele atrav\u00e9s da alimenta\u00e7\u00e3o \u2013 foto Arquivo\u2026","rel":"","context":"In &quot;Not\u00edcias de Franca-SP&quot;","block_context":{"text":"Not\u00edcias de Franca-SP","link":"https:\/\/noticiasribeiraopreto.com.br\/index.php\/category\/noticias-de-ribeirao-preto-sp-e-regiao-ismael-colosi\/noticias-franca-sp\/"},"img":{"alt_text":"","src":"https:\/\/i0.wp.com\/noticiasribeiraopreto.com.br\/wp-content\/uploads\/2025\/03\/envelhecimento.jpg?fit=945%2C630&ssl=1&resize=350%2C200","width":350,"height":200,"srcset":"https:\/\/i0.wp.com\/noticiasribeiraopreto.com.br\/wp-content\/uploads\/2025\/03\/envelhecimento.jpg?fit=945%2C630&ssl=1&resize=350%2C200 1x, https:\/\/i0.wp.com\/noticiasribeiraopreto.com.br\/wp-content\/uploads\/2025\/03\/envelhecimento.jpg?fit=945%2C630&ssl=1&resize=525%2C300 1.5x, https:\/\/i0.wp.com\/noticiasribeiraopreto.com.br\/wp-content\/uploads\/2025\/03\/envelhecimento.jpg?fit=945%2C630&ssl=1&resize=700%2C400 2x"},"classes":[]},{"id":6315,"url":"https:\/\/noticiasribeiraopreto.com.br\/index.php\/2023\/11\/25\/bebidas-que-voce-deve-consumir-todas-as-manhas-para-evitar-o-colesterol-alto\/","url_meta":{"origin":10914,"position":1},"title":"Bebidas que voc\u00ea deve consumir todas as manh\u00e3s para evitar o colesterol alto","author":"noticiasribeiraopreto.com.br","date":"25 de November de 2023","format":false,"excerpt":"Cr\u00e9ditos: isa-7777\/istockBebidas como o ch\u00e1 verde cont\u00e9m catequinas, compostos associados \u00e0 redu\u00e7\u00e3o do colesterol \u2013 iStock\/Getty Images O colesterol \u00e9 uma subst\u00e2ncia cerosa semelhante \u00e0 gordura encontrada no sangue, usado pelo organismo para produzir novas c\u00e9lulas e horm\u00f4nios. Existem dois tipos principais de colesterol: lipoprote\u00edna de alta densidade (HDL) e\u2026","rel":"","context":"In &quot;Variedades&quot;","block_context":{"text":"Variedades","link":"https:\/\/noticiasribeiraopreto.com.br\/index.php\/category\/variedades\/"},"img":{"alt_text":"","src":"https:\/\/i0.wp.com\/noticiasribeiraopreto.com.br\/wp-content\/uploads\/2023\/11\/istock-471942753.jpg?fit=1200%2C638&ssl=1&resize=350%2C200","width":350,"height":200,"srcset":"https:\/\/i0.wp.com\/noticiasribeiraopreto.com.br\/wp-content\/uploads\/2023\/11\/istock-471942753.jpg?fit=1200%2C638&ssl=1&resize=350%2C200 1x, https:\/\/i0.wp.com\/noticiasribeiraopreto.com.br\/wp-content\/uploads\/2023\/11\/istock-471942753.jpg?fit=1200%2C638&ssl=1&resize=525%2C300 1.5x, https:\/\/i0.wp.com\/noticiasribeiraopreto.com.br\/wp-content\/uploads\/2023\/11\/istock-471942753.jpg?fit=1200%2C638&ssl=1&resize=700%2C400 2x, https:\/\/i0.wp.com\/noticiasribeiraopreto.com.br\/wp-content\/uploads\/2023\/11\/istock-471942753.jpg?fit=1200%2C638&ssl=1&resize=1050%2C600 3x"},"classes":[]},{"id":4598,"url":"https:\/\/noticiasribeiraopreto.com.br\/index.php\/2023\/11\/21\/pesquisa-indica-as-3-bebidas-comuns-que-aumentam-o-risco-de-demencia\/","url_meta":{"origin":10914,"position":2},"title":"Pesquisa indica as 3 bebidas comuns que aumentam o risco de dem\u00eancia","author":"noticiasribeiraopreto.com.br","date":"21 de November de 2023","format":false,"excerpt":"Cr\u00e9ditos: iStock\/NaeblysBebidas que podem aumentar o risco de dem\u00eancia Recentemente, pesquisadores da Alemanha divulgaram um estudo que comprovou a influ\u00eancia do consumo de bebidas a\u00e7ucaradas na incid\u00eancia de dem\u00eancia. O trabalho demonstrou que, ao contr\u00e1rio do que muitos pensam, a bebida \u00e9 t\u00e3o importante quanto a comida, especialmente quando se\u2026","rel":"","context":"In &quot;Variedades&quot;","block_context":{"text":"Variedades","link":"https:\/\/noticiasribeiraopreto.com.br\/index.php\/category\/variedades\/"},"img":{"alt_text":"","src":"https:\/\/i0.wp.com\/noticiasribeiraopreto.com.br\/wp-content\/uploads\/2023\/11\/istock-1454702282-scaled-e1700596958104.jpg?fit=1200%2C638&ssl=1&resize=350%2C200","width":350,"height":200,"srcset":"https:\/\/i0.wp.com\/noticiasribeiraopreto.com.br\/wp-content\/uploads\/2023\/11\/istock-1454702282-scaled-e1700596958104.jpg?fit=1200%2C638&ssl=1&resize=350%2C200 1x, https:\/\/i0.wp.com\/noticiasribeiraopreto.com.br\/wp-content\/uploads\/2023\/11\/istock-1454702282-scaled-e1700596958104.jpg?fit=1200%2C638&ssl=1&resize=525%2C300 1.5x, https:\/\/i0.wp.com\/noticiasribeiraopreto.com.br\/wp-content\/uploads\/2023\/11\/istock-1454702282-scaled-e1700596958104.jpg?fit=1200%2C638&ssl=1&resize=700%2C400 2x, https:\/\/i0.wp.com\/noticiasribeiraopreto.com.br\/wp-content\/uploads\/2023\/11\/istock-1454702282-scaled-e1700596958104.jpg?fit=1200%2C638&ssl=1&resize=1050%2C600 3x"},"classes":[]},{"id":71867,"url":"https:\/\/noticiasribeiraopreto.com.br\/index.php\/2025\/06\/10\/jornal-da-franca-alimentos-e-bebidas-zero-sao-realmente-saudaveis-descubra-a-resposta\/","url_meta":{"origin":10914,"position":3},"title":"Jornal da Franca &#8211; Alimentos e bebidas &#8220;zero&#8221; s\u00e3o realmente saud\u00e1veis? Descubra a resposta!","author":"noticiasribeiraopreto.com.br","date":"10 de June de 2025","format":false,"excerpt":"compartilhar no whatsapp compartilhar no telegram compartilhar no facebook compartilhar no linkedin Especialista avalia se produtos \u201czero a\u00e7\u00facar\u201d e \u201czero \u00e1lcool\u201d s\u00e3o op\u00e7\u00f5es ben\u00e9ficas para a sa\u00fade e d\u00e1 dicas de como fazer escolhas inteligentes para dieta Alimentos zero a\u00e7\u00facar, zero calorias e zero \u00e1lcool s\u00e3o realmente saud\u00e1veis? Foto Arquivo\u2026","rel":"","context":"In &quot;Not\u00edcias de Franca-SP&quot;","block_context":{"text":"Not\u00edcias de Franca-SP","link":"https:\/\/noticiasribeiraopreto.com.br\/index.php\/category\/noticias-de-ribeirao-preto-sp-e-regiao-ismael-colosi\/noticias-franca-sp\/"},"img":{"alt_text":"","src":"https:\/\/i0.wp.com\/noticiasribeiraopreto.com.br\/wp-content\/uploads\/2025\/06\/mulher-com-suco-na-mao-supermercado-freepik-scaled.jpg?fit=1200%2C800&ssl=1&resize=350%2C200","width":350,"height":200,"srcset":"https:\/\/i0.wp.com\/noticiasribeiraopreto.com.br\/wp-content\/uploads\/2025\/06\/mulher-com-suco-na-mao-supermercado-freepik-scaled.jpg?fit=1200%2C800&ssl=1&resize=350%2C200 1x, https:\/\/i0.wp.com\/noticiasribeiraopreto.com.br\/wp-content\/uploads\/2025\/06\/mulher-com-suco-na-mao-supermercado-freepik-scaled.jpg?fit=1200%2C800&ssl=1&resize=525%2C300 1.5x, https:\/\/i0.wp.com\/noticiasribeiraopreto.com.br\/wp-content\/uploads\/2025\/06\/mulher-com-suco-na-mao-supermercado-freepik-scaled.jpg?fit=1200%2C800&ssl=1&resize=700%2C400 2x, https:\/\/i0.wp.com\/noticiasribeiraopreto.com.br\/wp-content\/uploads\/2025\/06\/mulher-com-suco-na-mao-supermercado-freepik-scaled.jpg?fit=1200%2C800&ssl=1&resize=1050%2C600 3x"},"classes":[]},{"id":21508,"url":"https:\/\/noticiasribeiraopreto.com.br\/index.php\/2023\/12\/27\/segundo-a-oms-estes-sao-os-alimentos-que-definem-uma-dieta-saudavel\/","url_meta":{"origin":10914,"position":4},"title":"Segundo a OMS, estes s\u00e3o os alimentos que definem uma dieta saud\u00e1vel","author":"noticiasribeiraopreto.com.br","date":"27 de December de 2023","format":false,"excerpt":"Cr\u00e9ditos: iStock\/@monticellloGr\u00e3os e cereais s\u00e3o alimentos fundamentais para a manuten\u00e7\u00e3o de uma dieta saud\u00e1vel \u2013 iStock\/Getty Images A Organiza\u00e7\u00e3o Mundial da Sa\u00fade (OMS) definiu as quantidades de carboidrato e gorduras a serem consumidas de acordo com a faixa et\u00e1ria. De gr\u00e3os integrais a vegetais, a nova recomenda\u00e7\u00e3o alimentar prev\u00ea que\u2026","rel":"","context":"In &quot;Variedades&quot;","block_context":{"text":"Variedades","link":"https:\/\/noticiasribeiraopreto.com.br\/index.php\/category\/variedades\/"},"img":{"alt_text":"","src":"https:\/\/i0.wp.com\/noticiasribeiraopreto.com.br\/wp-content\/uploads\/2023\/12\/graos-de-molho-1.jpg?fit=1200%2C638&ssl=1&resize=350%2C200","width":350,"height":200,"srcset":"https:\/\/i0.wp.com\/noticiasribeiraopreto.com.br\/wp-content\/uploads\/2023\/12\/graos-de-molho-1.jpg?fit=1200%2C638&ssl=1&resize=350%2C200 1x, https:\/\/i0.wp.com\/noticiasribeiraopreto.com.br\/wp-content\/uploads\/2023\/12\/graos-de-molho-1.jpg?fit=1200%2C638&ssl=1&resize=525%2C300 1.5x, https:\/\/i0.wp.com\/noticiasribeiraopreto.com.br\/wp-content\/uploads\/2023\/12\/graos-de-molho-1.jpg?fit=1200%2C638&ssl=1&resize=700%2C400 2x, https:\/\/i0.wp.com\/noticiasribeiraopreto.com.br\/wp-content\/uploads\/2023\/12\/graos-de-molho-1.jpg?fit=1200%2C638&ssl=1&resize=1050%2C600 3x"},"classes":[]},{"id":15455,"url":"https:\/\/noticiasribeiraopreto.com.br\/index.php\/2023\/12\/13\/estas-bebidas-elevam-risco-de-morte-por-cancer-de-figado-alerta-estudo\/","url_meta":{"origin":10914,"position":5},"title":"Estas bebidas elevam risco de morte por c\u00e2ncer de f\u00edgado, alerta estudo","author":"noticiasribeiraopreto.com.br","date":"13 de December de 2023","format":false,"excerpt":"Cr\u00e9ditos: Depositphotos\/TharakornConsumo de bebidas ado\u00e7adas leva ao aumento do risco de desenvolver c\u00e2ncer de f\u00edgado E l\u00e1 vamos n\u00f3s com uma not\u00edcia que vai mexer com o h\u00e1bito de muita gente. Sabe aquele refrigerante geladinho ou suco industrializado que costuma acompanhar o almo\u00e7o? Pois bem, um estudo trouxe dados alarmantes\u2026","rel":"","context":"In &quot;Variedades&quot;","block_context":{"text":"Variedades","link":"https:\/\/noticiasribeiraopreto.com.br\/index.php\/category\/variedades\/"},"img":{"alt_text":"","src":"https:\/\/i0.wp.com\/noticiasribeiraopreto.com.br\/wp-content\/uploads\/2023\/12\/depositphotos-640743160-xl-scaled.jpg?fit=1200%2C638&ssl=1&resize=350%2C200","width":350,"height":200,"srcset":"https:\/\/i0.wp.com\/noticiasribeiraopreto.com.br\/wp-content\/uploads\/2023\/12\/depositphotos-640743160-xl-scaled.jpg?fit=1200%2C638&ssl=1&resize=350%2C200 1x, https:\/\/i0.wp.com\/noticiasribeiraopreto.com.br\/wp-content\/uploads\/2023\/12\/depositphotos-640743160-xl-scaled.jpg?fit=1200%2C638&ssl=1&resize=525%2C300 1.5x, https:\/\/i0.wp.com\/noticiasribeiraopreto.com.br\/wp-content\/uploads\/2023\/12\/depositphotos-640743160-xl-scaled.jpg?fit=1200%2C638&ssl=1&resize=700%2C400 2x, https:\/\/i0.wp.com\/noticiasribeiraopreto.com.br\/wp-content\/uploads\/2023\/12\/depositphotos-640743160-xl-scaled.jpg?fit=1200%2C638&ssl=1&resize=1050%2C600 3x"},"classes":[]}],"jetpack_sharing_enabled":true,"jetpack_shortlink":"https:\/\/wp.me\/peQAOb-2Q2","_links":{"self":[{"href":"https:\/\/noticiasribeiraopreto.com.br\/index.php\/wp-json\/wp\/v2\/posts\/10914","targetHints":{"allow":["GET"]}}],"collection":[{"href":"https:\/\/noticiasribeiraopreto.com.br\/index.php\/wp-json\/wp\/v2\/posts"}],"about":[{"href":"https:\/\/noticiasribeiraopreto.com.br\/index.php\/wp-json\/wp\/v2\/types\/post"}],"author":[{"embeddable":true,"href":"https:\/\/noticiasribeiraopreto.com.br\/index.php\/wp-json\/wp\/v2\/users\/1"}],"replies":[{"embeddable":true,"href":"https:\/\/noticiasribeiraopreto.com.br\/index.php\/wp-json\/wp\/v2\/comments?post=10914"}],"version-history":[{"count":0,"href":"https:\/\/noticiasribeiraopreto.com.br\/index.php\/wp-json\/wp\/v2\/posts\/10914\/revisions"}],"wp:featuredmedia":[{"embeddable":true,"href":"https:\/\/noticiasribeiraopreto.com.br\/index.php\/wp-json\/wp\/v2\/media\/10915"}],"wp:attachment":[{"href":"https:\/\/noticiasribeiraopreto.com.br\/index.php\/wp-json\/wp\/v2\/media?parent=10914"}],"wp:term":[{"taxonomy":"category","embeddable":true,"href":"https:\/\/noticiasribeiraopreto.com.br\/index.php\/wp-json\/wp\/v2\/categories?post=10914"},{"taxonomy":"post_tag","embeddable":true,"href":"https:\/\/noticiasribeiraopreto.com.br\/index.php\/wp-json\/wp\/v2\/tags?post=10914"}],"curies":[{"name":"wp","href":"https:\/\/api.w.org\/{rel}","templated":true}]}}