{"id":10918,"date":"2023-12-05T10:22:54","date_gmt":"2023-12-05T13:22:54","guid":{"rendered":"https:\/\/noticiasribeiraopreto.com.br\/index.php\/2023\/12\/05\/regiao-tera-147-mil-alunos-no-saresp\/"},"modified":"2023-12-05T10:22:54","modified_gmt":"2023-12-05T13:22:54","slug":"regiao-tera-147-mil-alunos-no-saresp","status":"publish","type":"post","link":"https:\/\/noticiasribeiraopreto.com.br\/index.php\/2023\/12\/05\/regiao-tera-147-mil-alunos-no-saresp\/","title":{"rendered":"Regi\u00e3o ter\u00e1 14,7 mil\u00a0alunos no Saresp\u00a0"},"content":{"rendered":"<div class='code-block code-block-1' style='margin: 8px 0 8px auto; text-align: right; display: block; clear: both;'>\n<p><a href=\"https:\/\/wa.link\/vpicfd\"><img data-recalc-dims=\"1\" class=\"wp-image-4922\" style=\"aspect-ratio: 2.0253164556962027; width: 561px; height: auto;\" src=\"https:\/\/i0.wp.com\/ismaelcolosi.com.br\/wp-content\/uploads\/2023\/11\/grupo-de-empregos-whatsapp-e-facebook-ismael-colosi-vagas.jpg?ssl=1\" alt=\"\" \/><\/a><\/p>\n<!-- \/wp:image -->\n<\/div>\n<p> <br \/>\n<\/p>\n<div id=\"\">\n<p> <span class=\"entry-meta-item penci-posted-on\"><i class=\"fa fa-clock-o\"\/><time class=\"entry-date published\" datetime=\"2023-12-05T10:00:57-03:00\">5 de dezembro de 2023 | 10:00<\/time><time class=\"updated\" datetime=\"2023-12-05T09:22:51-03:00\">5 de dezembro de 2023 | 9:22<\/time><\/span><\/p>\n<p> <span class=\"penci-social-buttons penci-social-share-footer\"><a href=\"#\" class=\"penci-post-like penci_post-meta_item  single-like-button penci-social-item like\" data-post_id=\"366222\" title=\"Like\" data-like=\"Like\" data-unlike=\"Unlike\"><i class=\"fa fa-thumbs-o-up\"\/><span class=\"penci-share-number\">0<\/span><\/a><i class=\"fa fa-facebook\"\/><a class=\"penci-social-item twitter\" target=\"_blank\" rel=\"noopener\" title=\"\" href=\"https:\/\/twitter.com\/intent\/tweet?text=Regi\u00e3o%20ter\u00e1%2014,7%20mil\u00a0alunos%20no%20Saresp\u00a0%20-%20https:\/\/www.tribunaribeirao.com.br\/site\/regiao-tera-147-mil-alunos-no-saresp\/\"><i class=\"fa fa-twitter\"\/><\/a><i class=\"fa fa-whatsapp\"\/><\/span><\/div>\n<div>\n<p><span data-contrast=\"auto\">A Secretaria Estadual da Educa\u00e7\u00e3o (Seduc-SP) aplica nesta ter\u00e7a-feira, 5 de dezembro, a edi\u00e7\u00e3o 2023 do Sistema de Avalia\u00e7\u00e3o de Rendimento Escolar do Estado de S\u00e3o Paulo (Saresp). A expectativa \u00e9 que 14,7 mil estudantes dos 2\u00ba, 5\u00ba e 9\u00ba anos do ensino fundamental da rede estadual na regi\u00e3o de Ribeir\u00e3o Preto participem dos exames. <\/span><\/p>\n<p><span data-contrast=\"auto\">O hor\u00e1rio das provas \u00e9 o mesmo em que os alunos est\u00e3o matriculados nas escolas.\u00a0 Neste ano, pela primeira vez, estudantes dos 9\u00ba anos ter\u00e3o o desempenho avaliado nas quatro \u00e1reas do conhecimento previsto no curr\u00edculo da etapa: Linguagens, Matem\u00e1tica, Ci\u00eancias da Natureza e Ci\u00eancias Humanas. <\/span><\/p>\n<p><span data-contrast=\"auto\">Por causa da amplia\u00e7\u00e3o do conte\u00fado, a Seduc-SP dividiu as provas do 9\u00ba ano em duas datas: no dia 5 \u00e9 a vez das quest\u00f5es de Linguagens e Ci\u00eancias da Natureza; j\u00e1 no dia 6, os estudantes respondem aos itens de Matem\u00e1tica e Ci\u00eancias Humanas.<\/span><\/p>\n<p><span data-contrast=\"auto\">Outra novidade para o 9\u00ba ano \u00e9 o formato digital das provas. A aplica\u00e7\u00e3o pode ser no desktop, notebook ou tablet. Para o 2\u00ba e 5\u00ba do ensino fundamental seguem com os cadernos de quest\u00f5es impressos. A dura\u00e7\u00e3o dos exames \u00e9 de 3h30 (tr\u00eas horas e meia). Alunos com defici\u00eancia ter\u00e3o, ainda, o direito a permanecer uma hora a mais para a realiza\u00e7\u00e3o do Saresp.<\/span><\/p>\n<p><span data-contrast=\"auto\">O Saresp tamb\u00e9m \u00e9 aberto \u00e0s redes municipais e particulares. A ades\u00e3o depende da manifesta\u00e7\u00e3o pr\u00e9via dessas institui\u00e7\u00f5es. Os resultados das provas, junto com os dados de fluxo escolar dos estudantes (taxas de aprova\u00e7\u00e3o, reprova\u00e7\u00e3o e abandono), comp\u00f5em o \u00cdndice de Desenvolvimento da Educa\u00e7\u00e3o de S\u00e3o Paulo (Idesp). <\/span><\/p>\n<p><span data-contrast=\"auto\">O Idesp \u00e9 divulgado todos os anos pela Seduc-SP e serve de term\u00f4metro para as pol\u00edticas p\u00fablicas e planejamento das unidades de ensino.\u00a0 Al\u00e9m das mudan\u00e7as para as classes do 9\u00ba ano, a edi\u00e7\u00e3o de 2023 tamb\u00e9m ampliou a participa\u00e7\u00e3o dos estudantes do ensino fundamental e m\u00e9dio. <\/span><\/p>\n<p><span data-contrast=\"auto\">At\u00e9 a edi\u00e7\u00e3o passada, o sistema era destinado apenas aos matriculados nos 2\u00ba, 3\u00ba, 5\u00ba e 9\u00ba anos do ensino fundamental e da 3\u00aa s\u00e9rie do m\u00e9dio. Neste ano, tamb\u00e9m fizeram as provas alunos dos 6\u00ba, 7\u00ba e 8\u00ba anos. A aplica\u00e7\u00e3o para esse grupo foi em novembro. <\/span><\/p>\n<p><span data-contrast=\"auto\">J\u00e1 para o ensino m\u00e9dio, a secretaria instituiu o Prov\u00e3o Paulista Seriado, aberto \u00e0s tr\u00eas s\u00e9ries do m\u00e9dio e finalizado nesta segunda-feira (4). Dessa forma, o contingente de participantes aumentou de 1,3 milh\u00e3o, de 2022, para 2,7 milh\u00f5es agora em 20023.<\/span><\/p>\n<\/div>\n<p><script async src=\"\/\/platform.twitter.com\/widgets.js\" charset=\"utf-8\"><\/script><br \/>\n<br \/><br \/>\n<br \/><a href=\"https:\/\/www.tribunaribeirao.com.br\/site\/regiao-tera-147-mil-alunos-no-saresp\/\">Source link <\/a><\/p>\n<!-- CONTENT END 1 -->\n","protected":false},"excerpt":{"rendered":"<p>5 de dezembro de 2023 | 10:005 de dezembro de 2023 | 9:22 0 A Secretaria Estadual da Educa\u00e7\u00e3o (Seduc-SP) aplica nesta ter\u00e7a-feira, 5 de&#8230;<\/p>\n","protected":false},"author":1,"featured_media":10919,"comment_status":"open","ping_status":"open","sticky":false,"template":"","format":"standard","meta":{"advanced_seo_description":"","jetpack_seo_html_title":"","jetpack_seo_noindex":false,"jetpack_post_was_ever_published":false,"_jetpack_newsletter_access":"","_jetpack_dont_email_post_to_subs":false,"_jetpack_newsletter_tier_id":0,"_jetpack_memberships_contains_paywalled_content":false,"_jetpack_memberships_contains_paid_content":false,"footnotes":"","jetpack_publicize_message":"","jetpack_publicize_feature_enabled":true,"jetpack_social_post_already_shared":true,"jetpack_social_options":{"image_generator_settings":{"template":"highway","default_image_id":0,"font":"","enabled":false},"version":2}},"categories":[11],"tags":[1515,277,1516,679],"class_list":["post-10918","post","type-post","status-publish","format-standard","has-post-thumbnail","hentry","category-noticias-de-ribeirao-preto-sp-e-regiao-ismael-colosi","tag-milalunos","tag-regiao","tag-saresp","tag-tera"],"jetpack_publicize_connections":[],"jetpack_featured_media_url":"https:\/\/i0.wp.com\/noticiasribeiraopreto.com.br\/wp-content\/uploads\/2023\/12\/Saresp-Mastrangelo-Reino-A2IMG-1-scaled.jpg?fit=967%2C645&ssl=1","jetpack-related-posts":[{"id":68246,"url":"https:\/\/noticiasribeiraopreto.com.br\/index.php\/2025\/04\/23\/governo-de-sp-paga-r-121-milhoes-em-bonus-a-26-mil-professores-e-servidores-da-rede-estadual-de-ensino-da-regiao-de-franca\/","url_meta":{"origin":10918,"position":0},"title":"Governo de SP paga R$ 12,1 milh\u00f5es em b\u00f4nus a 2,6 mil professores e servidores da rede estadual de ensino da regi\u00e3o de Franca","author":"noticiasribeiraopreto.com.br","date":"23 de April de 2025","format":false,"excerpt":"O Governo de S\u00e3o Paulo divulgou que agendou para o dia 25\/4 o pagamento, em parcela \u00fanica, do b\u00f4nus a servidores da rede estadual de ensino. O pagamento \u00e9 referente ao desempenho das escolas estaduais no Sistema de Avalia\u00e7\u00e3o de Rendimento Escolar do Estado de S\u00e3o Paulo (Saresp) em 2024.\u2026","rel":"","context":"In &quot;Not\u00edcias de Franca-SP&quot;","block_context":{"text":"Not\u00edcias de Franca-SP","link":"https:\/\/noticiasribeiraopreto.com.br\/index.php\/category\/noticias-de-ribeirao-preto-sp-e-regiao-ismael-colosi\/noticias-franca-sp\/"},"img":{"alt_text":"","src":"https:\/\/i0.wp.com\/noticiasribeiraopreto.com.br\/wp-content\/uploads\/2025\/04\/Saladeaula_itapevi-1000x450-1.jpg?fit=1000%2C450&ssl=1&resize=350%2C200","width":350,"height":200,"srcset":"https:\/\/i0.wp.com\/noticiasribeiraopreto.com.br\/wp-content\/uploads\/2025\/04\/Saladeaula_itapevi-1000x450-1.jpg?fit=1000%2C450&ssl=1&resize=350%2C200 1x, https:\/\/i0.wp.com\/noticiasribeiraopreto.com.br\/wp-content\/uploads\/2025\/04\/Saladeaula_itapevi-1000x450-1.jpg?fit=1000%2C450&ssl=1&resize=525%2C300 1.5x, https:\/\/i0.wp.com\/noticiasribeiraopreto.com.br\/wp-content\/uploads\/2025\/04\/Saladeaula_itapevi-1000x450-1.jpg?fit=1000%2C450&ssl=1&resize=700%2C400 2x"},"classes":[]},{"id":68357,"url":"https:\/\/noticiasribeiraopreto.com.br\/index.php\/2025\/04\/24\/jornal-da-franca-2-691-professores-de-franca-recebem-r-121-milhoes-em-bonus-do-governo-de-sp\/","url_meta":{"origin":10918,"position":1},"title":"Jornal da Franca &#8211; 2.691 professores de Franca recebem R$ 12,1 milh\u00f5es em b\u00f4nus do governo de SP","author":"noticiasribeiraopreto.com.br","date":"24 de April de 2025","format":false,"excerpt":"compartilhar no whatsapp compartilhar no telegram compartilhar no facebook compartilhar no linkedin B\u00f4nus \u00e9 referente ao desempenho das escolas estaduais no Sistema de Avalia\u00e7\u00e3o de Rendimento Escolar do Estado de S\u00e3o Paulo em 2024 O governo de S\u00e3o Paulo deposita nesta sexta-feira, dia 25 de abril, em parcela \u00fanica, o\u2026","rel":"","context":"In &quot;Not\u00edcias de Franca-SP&quot;","block_context":{"text":"Not\u00edcias de Franca-SP","link":"https:\/\/noticiasribeiraopreto.com.br\/index.php\/category\/noticias-de-ribeirao-preto-sp-e-regiao-ismael-colosi\/noticias-franca-sp\/"},"img":{"alt_text":"","src":"https:\/\/i0.wp.com\/noticiasribeiraopreto.com.br\/wp-content\/uploads\/2025\/04\/Ensino-Medio_escola-publica-1024x683-2.jpg?fit=1024%2C683&ssl=1&resize=350%2C200","width":350,"height":200,"srcset":"https:\/\/i0.wp.com\/noticiasribeiraopreto.com.br\/wp-content\/uploads\/2025\/04\/Ensino-Medio_escola-publica-1024x683-2.jpg?fit=1024%2C683&ssl=1&resize=350%2C200 1x, https:\/\/i0.wp.com\/noticiasribeiraopreto.com.br\/wp-content\/uploads\/2025\/04\/Ensino-Medio_escola-publica-1024x683-2.jpg?fit=1024%2C683&ssl=1&resize=525%2C300 1.5x, https:\/\/i0.wp.com\/noticiasribeiraopreto.com.br\/wp-content\/uploads\/2025\/04\/Ensino-Medio_escola-publica-1024x683-2.jpg?fit=1024%2C683&ssl=1&resize=700%2C400 2x"},"classes":[]},{"id":83488,"url":"https:\/\/noticiasribeiraopreto.com.br\/index.php\/2026\/03\/19\/escolas-de-ribeirao-preto-e-regiao-sao-premiadas-por-avancos-na-alfabetizacao\/","url_meta":{"origin":10918,"position":2},"title":"Escolas de Ribeir\u00e3o Preto e regi\u00e3o s\u00e3o premiadas por avan\u00e7os na alfabetiza\u00e7\u00e3o","author":"noticiasribeiraopreto.com.br","date":"19 de March de 2026","format":false,"excerpt":"A escola municipal Professor Jos\u00e9 Rodini Luiz, de Ribeir\u00e3o Preto, est\u00e1 entre as ganhadoras do Pr\u00eamio Excel\u00eancia Educacional, que faz parte do programa Alfabetiza Juntos SP e reconhece o desempenho das redes municipais no Saresp (Sistema de Avalia\u00e7\u00e3o de Rendimento Escolar do Estado de S\u00e3o Paulo).\u00a0 Ao todo, 42 escolas\u2026","rel":"","context":"In &quot;Not\u00edcias de Ribeir\u00e3o Preto-SP e Regi\u00e3o&quot;","block_context":{"text":"Not\u00edcias de Ribeir\u00e3o Preto-SP e Regi\u00e3o","link":"https:\/\/noticiasribeiraopreto.com.br\/index.php\/category\/noticias-de-ribeirao-preto-sp-e-regiao-ismael-colosi\/"},"img":{"alt_text":"","src":"https:\/\/i0.wp.com\/noticiasribeiraopreto.com.br\/wp-content\/uploads\/2026\/03\/premio-excelencia_2026-03-19_14-27-36.webp.webp?fit=1200%2C800&ssl=1&resize=350%2C200","width":350,"height":200,"srcset":"https:\/\/i0.wp.com\/noticiasribeiraopreto.com.br\/wp-content\/uploads\/2026\/03\/premio-excelencia_2026-03-19_14-27-36.webp.webp?fit=1200%2C800&ssl=1&resize=350%2C200 1x, https:\/\/i0.wp.com\/noticiasribeiraopreto.com.br\/wp-content\/uploads\/2026\/03\/premio-excelencia_2026-03-19_14-27-36.webp.webp?fit=1200%2C800&ssl=1&resize=525%2C300 1.5x, https:\/\/i0.wp.com\/noticiasribeiraopreto.com.br\/wp-content\/uploads\/2026\/03\/premio-excelencia_2026-03-19_14-27-36.webp.webp?fit=1200%2C800&ssl=1&resize=700%2C400 2x, https:\/\/i0.wp.com\/noticiasribeiraopreto.com.br\/wp-content\/uploads\/2026\/03\/premio-excelencia_2026-03-19_14-27-36.webp.webp?fit=1200%2C800&ssl=1&resize=1050%2C600 3x"},"classes":[]},{"id":7846,"url":"https:\/\/noticiasribeiraopreto.com.br\/index.php\/2023\/11\/28\/educacao-realiza-avaliacao-diagnostica-e-institucional-da-rede-municipal\/","url_meta":{"origin":10918,"position":3},"title":"Educa\u00e7\u00e3o realiza Avalia\u00e7\u00e3o Diagn\u00f3stica e Institucional da rede municipal","author":"noticiasribeiraopreto.com.br","date":"28 de November de 2023","format":false,"excerpt":"28 de novembro de 2023 | 14:35 0A Secretaria da Educa\u00e7\u00e3o deu in\u00edcio a aplica\u00e7\u00e3o da Avalia\u00e7\u00e3o Diagn\u00f3stica e Institucional, em parceria com a VUNESP, para os 20 mil alunos do ensino fundamental da rede municipal de Ribeir\u00e3o Preto. As provas est\u00e3o sendo aplicadas nesta ter\u00e7a-feira, dia 28 e continuar\u00e3o\u2026","rel":"","context":"In &quot;Not\u00edcias de Ribeir\u00e3o Preto-SP e Regi\u00e3o&quot;","block_context":{"text":"Not\u00edcias de Ribeir\u00e3o Preto-SP e Regi\u00e3o","link":"https:\/\/noticiasribeiraopreto.com.br\/index.php\/category\/noticias-de-ribeirao-preto-sp-e-regiao-ismael-colosi\/"},"img":{"alt_text":"","src":"https:\/\/i0.wp.com\/noticiasribeiraopreto.com.br\/wp-content\/uploads\/2023\/11\/avaliacao.jpeg?fit=1054%2C720&ssl=1&resize=350%2C200","width":350,"height":200,"srcset":"https:\/\/i0.wp.com\/noticiasribeiraopreto.com.br\/wp-content\/uploads\/2023\/11\/avaliacao.jpeg?fit=1054%2C720&ssl=1&resize=350%2C200 1x, https:\/\/i0.wp.com\/noticiasribeiraopreto.com.br\/wp-content\/uploads\/2023\/11\/avaliacao.jpeg?fit=1054%2C720&ssl=1&resize=525%2C300 1.5x, https:\/\/i0.wp.com\/noticiasribeiraopreto.com.br\/wp-content\/uploads\/2023\/11\/avaliacao.jpeg?fit=1054%2C720&ssl=1&resize=700%2C400 2x, https:\/\/i0.wp.com\/noticiasribeiraopreto.com.br\/wp-content\/uploads\/2023\/11\/avaliacao.jpeg?fit=1054%2C720&ssl=1&resize=1050%2C600 3x"},"classes":[]},{"id":68378,"url":"https:\/\/noticiasribeiraopreto.com.br\/index.php\/2025\/04\/24\/com-bonus-que-chega-a-valor-de-r-18-a-ser-pago-na-rede-estadual-de-franca-estado-detalha-calculos-feitos\/","url_meta":{"origin":10918,"position":4},"title":"Com b\u00f4nus que chega a valor de R$ 18 a ser pago na rede estadual de Franca, Estado detalha c\u00e1lculos feitos","author":"noticiasribeiraopreto.com.br","date":"24 de April de 2025","format":false,"excerpt":"O governo de S\u00e3o Paulo deposita neste dia 25\/4, em parcela \u00fanica, o b\u00f4nus a servidores da rede estadual de ensino. Na regi\u00e3o de Franca, 2.691 servidores atingiram a meta do per\u00edodo e receber\u00e3o no total R$ 12.141.596,97. Por\u00e9m, apesar do montante ser consider\u00e1vel, individualmente os valores podem praticamente n\u00e3o\u2026","rel":"","context":"In &quot;Not\u00edcias de Franca-SP&quot;","block_context":{"text":"Not\u00edcias de Franca-SP","link":"https:\/\/noticiasribeiraopreto.com.br\/index.php\/category\/noticias-de-ribeirao-preto-sp-e-regiao-ismael-colosi\/noticias-franca-sp\/"},"img":{"alt_text":"","src":"https:\/\/i0.wp.com\/noticiasribeiraopreto.com.br\/wp-content\/uploads\/2025\/04\/enem-scaled-e1608160233243.jpg?fit=600%2C413&ssl=1&resize=350%2C200","width":350,"height":200,"srcset":"https:\/\/i0.wp.com\/noticiasribeiraopreto.com.br\/wp-content\/uploads\/2025\/04\/enem-scaled-e1608160233243.jpg?fit=600%2C413&ssl=1&resize=350%2C200 1x, https:\/\/i0.wp.com\/noticiasribeiraopreto.com.br\/wp-content\/uploads\/2025\/04\/enem-scaled-e1608160233243.jpg?fit=600%2C413&ssl=1&resize=525%2C300 1.5x"},"classes":[]},{"id":66005,"url":"https:\/\/noticiasribeiraopreto.com.br\/index.php\/2025\/03\/26\/escolas-de-ribeirao-preto-levam-premio-por-avanco-na-alfabetizacao-de-criancas\/","url_meta":{"origin":10918,"position":5},"title":"Escolas de Ribeir\u00e3o Preto levam pr\u00eamio por avan\u00e7o na alfabetiza\u00e7\u00e3o de crian\u00e7as","author":"noticiasribeiraopreto.com.br","date":"26 de March de 2025","format":false,"excerpt":"O Governo do Estado de S\u00e3o Paulo premiou, na ter\u00e7a-feira (25), as escolas que se destacaram na alfabetiza\u00e7\u00e3o de crian\u00e7as, pelo programa Alfabetiza Juntos SP. Com isso, 13 escolas da rede municipal de Ribeir\u00e3o Preto atingiram as metas de avalia\u00e7\u00e3o do Saresp 2024. \u00a0Cada uma vai receber R$ 80 mil\u2026","rel":"","context":"In &quot;Not\u00edcias de Ribeir\u00e3o Preto-SP e Regi\u00e3o&quot;","block_context":{"text":"Not\u00edcias de Ribeir\u00e3o Preto-SP e Regi\u00e3o","link":"https:\/\/noticiasribeiraopreto.com.br\/index.php\/category\/noticias-de-ribeirao-preto-sp-e-regiao-ismael-colosi\/"},"img":{"alt_text":"","src":"https:\/\/i0.wp.com\/noticiasribeiraopreto.com.br\/wp-content\/uploads\/2025\/03\/Escola-municipal-Ribeirao-Preto.jpg?fit=1200%2C800&ssl=1&resize=350%2C200","width":350,"height":200,"srcset":"https:\/\/i0.wp.com\/noticiasribeiraopreto.com.br\/wp-content\/uploads\/2025\/03\/Escola-municipal-Ribeirao-Preto.jpg?fit=1200%2C800&ssl=1&resize=350%2C200 1x, https:\/\/i0.wp.com\/noticiasribeiraopreto.com.br\/wp-content\/uploads\/2025\/03\/Escola-municipal-Ribeirao-Preto.jpg?fit=1200%2C800&ssl=1&resize=525%2C300 1.5x, https:\/\/i0.wp.com\/noticiasribeiraopreto.com.br\/wp-content\/uploads\/2025\/03\/Escola-municipal-Ribeirao-Preto.jpg?fit=1200%2C800&ssl=1&resize=700%2C400 2x, https:\/\/i0.wp.com\/noticiasribeiraopreto.com.br\/wp-content\/uploads\/2025\/03\/Escola-municipal-Ribeirao-Preto.jpg?fit=1200%2C800&ssl=1&resize=1050%2C600 3x"},"classes":[]}],"jetpack_sharing_enabled":true,"jetpack_shortlink":"https:\/\/wp.me\/peQAOb-2Q6","_links":{"self":[{"href":"https:\/\/noticiasribeiraopreto.com.br\/index.php\/wp-json\/wp\/v2\/posts\/10918","targetHints":{"allow":["GET"]}}],"collection":[{"href":"https:\/\/noticiasribeiraopreto.com.br\/index.php\/wp-json\/wp\/v2\/posts"}],"about":[{"href":"https:\/\/noticiasribeiraopreto.com.br\/index.php\/wp-json\/wp\/v2\/types\/post"}],"author":[{"embeddable":true,"href":"https:\/\/noticiasribeiraopreto.com.br\/index.php\/wp-json\/wp\/v2\/users\/1"}],"replies":[{"embeddable":true,"href":"https:\/\/noticiasribeiraopreto.com.br\/index.php\/wp-json\/wp\/v2\/comments?post=10918"}],"version-history":[{"count":0,"href":"https:\/\/noticiasribeiraopreto.com.br\/index.php\/wp-json\/wp\/v2\/posts\/10918\/revisions"}],"wp:featuredmedia":[{"embeddable":true,"href":"https:\/\/noticiasribeiraopreto.com.br\/index.php\/wp-json\/wp\/v2\/media\/10919"}],"wp:attachment":[{"href":"https:\/\/noticiasribeiraopreto.com.br\/index.php\/wp-json\/wp\/v2\/media?parent=10918"}],"wp:term":[{"taxonomy":"category","embeddable":true,"href":"https:\/\/noticiasribeiraopreto.com.br\/index.php\/wp-json\/wp\/v2\/categories?post=10918"},{"taxonomy":"post_tag","embeddable":true,"href":"https:\/\/noticiasribeiraopreto.com.br\/index.php\/wp-json\/wp\/v2\/tags?post=10918"}],"curies":[{"name":"wp","href":"https:\/\/api.w.org\/{rel}","templated":true}]}}