{"id":10964,"date":"2023-12-05T11:59:34","date_gmt":"2023-12-05T14:59:34","guid":{"rendered":"https:\/\/noticiasribeiraopreto.com.br\/index.php\/2023\/12\/05\/prefeito-e-afastado-acusado-de-fraude\/"},"modified":"2023-12-05T11:59:34","modified_gmt":"2023-12-05T14:59:34","slug":"prefeito-e-afastado-acusado-de-fraude","status":"publish","type":"post","link":"https:\/\/noticiasribeiraopreto.com.br\/index.php\/2023\/12\/05\/prefeito-e-afastado-acusado-de-fraude\/","title":{"rendered":"Prefeito \u00e9 afastado\u00a0acusado de fraude\u00a0"},"content":{"rendered":"<div class='code-block code-block-1' style='margin: 8px 0 8px auto; text-align: right; display: block; clear: both;'>\n<p><a href=\"https:\/\/wa.link\/vpicfd\"><img data-recalc-dims=\"1\" class=\"wp-image-4922\" style=\"aspect-ratio: 2.0253164556962027; width: 561px; height: auto;\" src=\"https:\/\/i0.wp.com\/ismaelcolosi.com.br\/wp-content\/uploads\/2023\/11\/grupo-de-empregos-whatsapp-e-facebook-ismael-colosi-vagas.jpg?ssl=1\" alt=\"\" \/><\/a><\/p>\n<!-- \/wp:image -->\n<\/div>\n<p> <br \/>\n<\/p>\n<div id=\"\">\n<p> <span class=\"entry-meta-item penci-posted-on\"><i class=\"fa fa-clock-o\"\/><time class=\"entry-date published\" datetime=\"2023-12-05T11:00:13-03:00\">5 de dezembro de 2023 | 11:00<\/time><time class=\"updated\" datetime=\"2023-12-05T09:30:32-03:00\">5 de dezembro de 2023 | 9:30<\/time><\/span><\/p>\n<p> <span class=\"penci-social-buttons penci-social-share-footer\"><a href=\"#\" class=\"penci-post-like penci_post-meta_item  single-like-button penci-social-item like\" data-post_id=\"366235\" title=\"Like\" data-like=\"Like\" data-unlike=\"Unlike\"><i class=\"fa fa-thumbs-o-up\"\/><span class=\"penci-share-number\">0<\/span><\/a><i class=\"fa fa-facebook\"\/><a class=\"penci-social-item twitter\" target=\"_blank\" rel=\"noopener\" title=\"\" href=\"https:\/\/twitter.com\/intent\/tweet?text=Prefeito%20\u00e9%20afastado\u00a0acusado%20de%20fraude\u00a0%20-%20https:\/\/www.tribunaribeirao.com.br\/site\/prefeito-e-afastado-acusado-de-fraude\/\"><i class=\"fa fa-twitter\"\/><\/a><i class=\"fa fa-whatsapp\"\/><\/span><\/div>\n<div>\n<p><span data-contrast=\"auto\">O prefeito de Pirassununga, Jos\u00e9 Carlos Mantovani (PP); os secret\u00e1rios municipais Luiz Carlos Montagnero Filho (Governo) e Marcos Alecsandro de Oliveira Moraes (Agricultura); o superintendente do Servi\u00e7o de \u00c1gua e Esgoto (Saep), Jeferson Ricardo do Couto; e a pregoeira do setor de licita\u00e7\u00f5es da Secretaria de Administra\u00e7\u00e3o foram afastados de seus cargos.<\/span><\/p>\n<p><span data-contrast=\"auto\">Eles s\u00e3o alvos da Opera\u00e7\u00e3o Calliphora, deflagrada nesta segunda-feira, 4 de dezembro, pelo Setor de Compet\u00eancia Origin\u00e1ria Criminal da Procuradoria-Geral de Justi\u00e7a com apoio do Grupo de Atua\u00e7\u00e3o Especial de Combate ao Crime Organizado (Gaeco). O objetivo \u00e9 desarticular organiza\u00e7\u00e3o criminosa dedicada ao desvio de recursos em contratos do Executivo de Pirassununga.<\/span><\/p>\n<p><span data-contrast=\"auto\">As investiga\u00e7\u00f5es envolvem crimes de fraude em licita\u00e7\u00f5es, peculato, lavagem de dinheiro e corrup\u00e7\u00e3o ativa e passiva. Com apoio do 10\u00ba Batalh\u00e3o de A\u00e7\u00f5es Especiais (Baep) da Pol\u00edcia Militar, houve o cumprimento de 13 mandados de busca e apreens\u00e3o nas cidades paulistas de Pirassununga e S\u00e3o Jos\u00e9 do Rio Preto, assim como na mineira Pouso Alegre.<\/span><\/p>\n<p><span data-contrast=\"auto\">Segundo o apurado pelo Minist\u00e9rio P\u00fablico de S\u00e3o Paulo (MPSP), uma empresa privada de limpeza p\u00fablica teria subornado agentes p\u00fablicos da cidade, incluindo prefeito e secret\u00e1rios municipais, para ser favorecida em contratos de coleta de lixo, varri\u00e7\u00e3o e ro\u00e7ada, recebendo recursos p\u00fablicos em desconformidade com os servi\u00e7os prestados. <\/span><\/p>\n<p><span data-contrast=\"auto\">Parte dos repasses de valores teria acontecido, de acordo com as investiga\u00e7\u00f5es, mediante \u201ctriangula\u00e7\u00e3o financeira\u201d, com envolvimento de terceirizados da empresa e contas banc\u00e1rias de parentes ou pessoas indicadas pelos agentes p\u00fablicos. A investiga\u00e7\u00e3o teve como base an\u00e1lise de diversas provas documentais, intercepta\u00e7\u00f5es das comunica\u00e7\u00f5es telef\u00f4nicas e telem\u00e1ticas, al\u00e9m de dados e informa\u00e7\u00f5es de fontes abertas.<\/span><\/p>\n<p><span data-contrast=\"auto\">O exame do material apreendido e outras dilig\u00eancias dar\u00e3o continuidade \u00e0s apura\u00e7\u00f5es. Al\u00e9m de buscar a responsabiliza\u00e7\u00e3o dos envolvidos no esquema de saque aos cofres p\u00fablicos, o Minist\u00e9rio P\u00fablico de S\u00e3o Paulo atua para que os valores desviados sejam ressarcidos ao er\u00e1rio do munic\u00edpio. O secret\u00e1rio de Administra\u00e7\u00e3o, Kayo Henrique Azevedo, assumiu a gest\u00e3o do munic\u00edpio. A prefeitura de Pirassununga postou uma nota em seu site oficial<\/span><span data-ccp-props=\"{&quot;201341983&quot;:0,&quot;335559739&quot;:200,&quot;335559740&quot;:276}\">\u00a0<\/span><\/p>\n<p><span data-contrast=\"auto\">\u201cConsiderando determina\u00e7\u00e3o judicial de suspens\u00e3o do exerc\u00edcio da fun\u00e7\u00e3o p\u00fablica do prefeito de Pirassununga, de acordo com a Lei Org\u00e2nica Municipal, assume interinamente o secret\u00e1rio municipal de Administra\u00e7\u00e3o, at\u00e9 a efetiva posse pelo presidente da C\u00e2mara dos Vereadores que dever\u00e1 ser oficialmente notificado a faz\u00ea-lo\u201d, diz.<\/span><\/p>\n<p><span data-contrast=\"auto\">\u201cInformamos, por fim que n\u00e3o possu\u00edmos maiores informa\u00e7\u00f5es a respeito dos acontecimentos, considerando que se trata de Processo que corre em Segredo de Justi\u00e7a. O expediente municipal correr\u00e1 normalmente at\u00e9 que toda a situa\u00e7\u00e3o seja resolvida judicialmente\u201d, finaliza a prefeitura no comunicado.<\/span><\/p>\n<\/div>\n<p><script async src=\"\/\/platform.twitter.com\/widgets.js\" charset=\"utf-8\"><\/script><br \/>\n<br \/><br \/>\n<br \/><a href=\"https:\/\/www.tribunaribeirao.com.br\/site\/prefeito-e-afastado-acusado-de-fraude\/\">Source link <\/a><\/p>\n<!-- CONTENT END 1 -->\n","protected":false},"excerpt":{"rendered":"<p>5 de dezembro de 2023 | 11:005 de dezembro de 2023 | 9:30 0 O prefeito de Pirassununga, Jos\u00e9 Carlos Mantovani (PP); os secret\u00e1rios municipais&#8230;<\/p>\n","protected":false},"author":1,"featured_media":10965,"comment_status":"open","ping_status":"open","sticky":false,"template":"","format":"standard","meta":{"advanced_seo_description":"","jetpack_seo_html_title":"","jetpack_seo_noindex":false,"jetpack_post_was_ever_published":false,"_jetpack_newsletter_access":"","_jetpack_dont_email_post_to_subs":false,"_jetpack_newsletter_tier_id":0,"_jetpack_memberships_contains_paywalled_content":false,"_jetpack_memberships_contains_paid_content":false,"footnotes":"","jetpack_publicize_message":"","jetpack_publicize_feature_enabled":true,"jetpack_social_post_already_shared":true,"jetpack_social_options":{"image_generator_settings":{"template":"highway","default_image_id":0,"font":"","enabled":false},"version":2}},"categories":[11],"tags":[1521,1522,1020],"class_list":["post-10964","post","type-post","status-publish","format-standard","has-post-thumbnail","hentry","category-noticias-de-ribeirao-preto-sp-e-regiao-ismael-colosi","tag-afastadoacusado","tag-fraude","tag-prefeito"],"jetpack_publicize_connections":[],"jetpack_featured_media_url":"https:\/\/i0.wp.com\/noticiasribeiraopreto.com.br\/wp-content\/uploads\/2023\/12\/PiraMP-Detalhe-Site-oficial-da-Prefeitura-de-Pirassununga.jpg?fit=300%2C300&ssl=1","jetpack-related-posts":[{"id":10642,"url":"https:\/\/noticiasribeiraopreto.com.br\/index.php\/2023\/12\/04\/prefeito-duarte-nogueira-destaca-acoes-de-ribeirao-preto-na-cop-28-para-enfrentamento-das-mudancas-climaticas\/","url_meta":{"origin":10964,"position":0},"title":"Nogueira destaca a\u00e7\u00f5es de RP na COP 28 para Enfrentamento das Mudan\u00e7as Clim\u00e1ticas","author":"noticiasribeiraopreto.com.br","date":"4 de December de 2023","format":false,"excerpt":"4 de dezembro de 2023 | 17:364 de dezembro de 2023 | 17:36 0No \u00e2mbito da COP 28, realizada entre 30 de novembro e 12 de dezembro, a cidade de Ribeir\u00e3o Preto marcar\u00e1 presen\u00e7a de forma ativa, tendo o prefeito, Duarte Nogueira, como um dos principais palestrantes em dois pain\u00e9is\u2026","rel":"","context":"In &quot;Not\u00edcias de Ribeir\u00e3o Preto-SP e Regi\u00e3o&quot;","block_context":{"text":"Not\u00edcias de Ribeir\u00e3o Preto-SP e Regi\u00e3o","link":"https:\/\/noticiasribeiraopreto.com.br\/index.php\/category\/noticias-de-ribeirao-preto-sp-e-regiao-ismael-colosi\/"},"img":{"alt_text":"","src":"https:\/\/i0.wp.com\/noticiasribeiraopreto.com.br\/wp-content\/uploads\/2023\/12\/prefeito-scaled.jpeg?fit=860%2C645&ssl=1&resize=350%2C200","width":350,"height":200,"srcset":"https:\/\/i0.wp.com\/noticiasribeiraopreto.com.br\/wp-content\/uploads\/2023\/12\/prefeito-scaled.jpeg?fit=860%2C645&ssl=1&resize=350%2C200 1x, https:\/\/i0.wp.com\/noticiasribeiraopreto.com.br\/wp-content\/uploads\/2023\/12\/prefeito-scaled.jpeg?fit=860%2C645&ssl=1&resize=525%2C300 1.5x, https:\/\/i0.wp.com\/noticiasribeiraopreto.com.br\/wp-content\/uploads\/2023\/12\/prefeito-scaled.jpeg?fit=860%2C645&ssl=1&resize=700%2C400 2x"},"classes":[]},{"id":73824,"url":"https:\/\/noticiasribeiraopreto.com.br\/index.php\/2025\/07\/10\/ex-prefeito-e-encontrado-morto-na-regiao-de-ribeirao-preto\/","url_meta":{"origin":10964,"position":1},"title":"Ex-prefeito \u00e9 encontrado morto na regi\u00e3o de Ribeir\u00e3o Preto","author":"noticiasribeiraopreto.com.br","date":"10 de July de 2025","format":false,"excerpt":"O ex-prefeito de Taquaritinga Vanderlei Jos\u00e9 Marsico, de 73 anos, foi encontrado morto nesta quinta-feira (10). Segundo as primeiras informa\u00e7\u00f5es, o pol\u00edtico teria sido achado j\u00e1 sem vida na casa onde morava, no Centro de Taquaritinga, por uma funcion\u00e1ria que trabalha na resid\u00eancia. Equipes de pol\u00edcia est\u00e3o no local, na\u2026","rel":"","context":"In &quot;Not\u00edcias de Ribeir\u00e3o Preto-SP e Regi\u00e3o&quot;","block_context":{"text":"Not\u00edcias de Ribeir\u00e3o Preto-SP e Regi\u00e3o","link":"https:\/\/noticiasribeiraopreto.com.br\/index.php\/category\/noticias-de-ribeirao-preto-sp-e-regiao-ismael-colosi\/"},"img":{"alt_text":"","src":"https:\/\/i0.wp.com\/noticiasribeiraopreto.com.br\/wp-content\/uploads\/2025\/07\/vanderlei_2025-07-10_13-02-22.webp.webp?fit=1200%2C731&ssl=1&resize=350%2C200","width":350,"height":200,"srcset":"https:\/\/i0.wp.com\/noticiasribeiraopreto.com.br\/wp-content\/uploads\/2025\/07\/vanderlei_2025-07-10_13-02-22.webp.webp?fit=1200%2C731&ssl=1&resize=350%2C200 1x, https:\/\/i0.wp.com\/noticiasribeiraopreto.com.br\/wp-content\/uploads\/2025\/07\/vanderlei_2025-07-10_13-02-22.webp.webp?fit=1200%2C731&ssl=1&resize=525%2C300 1.5x, https:\/\/i0.wp.com\/noticiasribeiraopreto.com.br\/wp-content\/uploads\/2025\/07\/vanderlei_2025-07-10_13-02-22.webp.webp?fit=1200%2C731&ssl=1&resize=700%2C400 2x, https:\/\/i0.wp.com\/noticiasribeiraopreto.com.br\/wp-content\/uploads\/2025\/07\/vanderlei_2025-07-10_13-02-22.webp.webp?fit=1200%2C731&ssl=1&resize=1050%2C600 3x"},"classes":[]},{"id":7756,"url":"https:\/\/noticiasribeiraopreto.com.br\/index.php\/2023\/11\/28\/prefeito-de-ribeirao-preto-participa-da-cop28-em-dubai-entenda\/","url_meta":{"origin":10964,"position":2},"title":"Prefeito de Ribeir\u00e3o Preto participa da COP28 em Dubai; Entenda","author":"noticiasribeiraopreto.com.br","date":"28 de November de 2023","format":false,"excerpt":"O prefeito de Ribeir\u00e3o Preto, Duarte Nogueira (PSDB), vai participar da COP28 em Dubai, nos Emirados \u00c1rabes Unidos, que come\u00e7a na pr\u00f3xima quinta-feira (30). Segundo a prefeitura, o chefe do Executivo vai participar de dois pain\u00e9is no Pavilh\u00e3o Brasil e no Pavilh\u00e3o Inova\u00e7\u00e3o. A COP28 \u00e9 a Confer\u00eancia das Na\u00e7\u00f5es\u2026","rel":"","context":"In &quot;Not\u00edcias de Ribeir\u00e3o Preto-SP e Regi\u00e3o&quot;","block_context":{"text":"Not\u00edcias de Ribeir\u00e3o Preto-SP e Regi\u00e3o","link":"https:\/\/noticiasribeiraopreto.com.br\/index.php\/category\/noticias-de-ribeirao-preto-sp-e-regiao-ismael-colosi\/"},"img":{"alt_text":"","src":"https:\/\/i0.wp.com\/noticiasribeiraopreto.com.br\/wp-content\/uploads\/2023\/11\/dubai-scaled.jpg?fit=1200%2C801&ssl=1&resize=350%2C200","width":350,"height":200,"srcset":"https:\/\/i0.wp.com\/noticiasribeiraopreto.com.br\/wp-content\/uploads\/2023\/11\/dubai-scaled.jpg?fit=1200%2C801&ssl=1&resize=350%2C200 1x, https:\/\/i0.wp.com\/noticiasribeiraopreto.com.br\/wp-content\/uploads\/2023\/11\/dubai-scaled.jpg?fit=1200%2C801&ssl=1&resize=525%2C300 1.5x, https:\/\/i0.wp.com\/noticiasribeiraopreto.com.br\/wp-content\/uploads\/2023\/11\/dubai-scaled.jpg?fit=1200%2C801&ssl=1&resize=700%2C400 2x, https:\/\/i0.wp.com\/noticiasribeiraopreto.com.br\/wp-content\/uploads\/2023\/11\/dubai-scaled.jpg?fit=1200%2C801&ssl=1&resize=1050%2C600 3x"},"classes":[]},{"id":38937,"url":"https:\/\/noticiasribeiraopreto.com.br\/index.php\/2024\/02\/22\/saiba-o-estado-de-saude-do-ex-prefeito-de-ribeirao-preto-welson-gasparini\/","url_meta":{"origin":10964,"position":3},"title":"Saiba o estado de sa\u00fade do ex-prefeito de Ribeir\u00e3o Preto Welson Gasparini","author":"noticiasribeiraopreto.com.br","date":"22 de February de 2024","format":false,"excerpt":"O ex-prefeito de Ribeir\u00e3o Preto Welson Gasparini, de 87 anos, segue internado no Hospital da Unimed, em Bonfim Paulista. De acordo com o vereador Maur\u00edcio Gasparini (Uni\u00e3o), filho do ex-prefeito, Welson est\u00e1 passando por \u201cv\u00e1rios exames\u201d. O parlamentar ainda informou que ainda n\u00e3o h\u00e1 previs\u00e3o de alta. O ex-prefeito foi\u2026","rel":"","context":"In &quot;Not\u00edcias de Ribeir\u00e3o Preto-SP e Regi\u00e3o&quot;","block_context":{"text":"Not\u00edcias de Ribeir\u00e3o Preto-SP e Regi\u00e3o","link":"https:\/\/noticiasribeiraopreto.com.br\/index.php\/category\/noticias-de-ribeirao-preto-sp-e-regiao-ismael-colosi\/"},"img":{"alt_text":"","src":"https:\/\/i0.wp.com\/noticiasribeiraopreto.com.br\/wp-content\/uploads\/2024\/02\/gasparini.jpg?fit=1200%2C800&ssl=1&resize=350%2C200","width":350,"height":200,"srcset":"https:\/\/i0.wp.com\/noticiasribeiraopreto.com.br\/wp-content\/uploads\/2024\/02\/gasparini.jpg?fit=1200%2C800&ssl=1&resize=350%2C200 1x, https:\/\/i0.wp.com\/noticiasribeiraopreto.com.br\/wp-content\/uploads\/2024\/02\/gasparini.jpg?fit=1200%2C800&ssl=1&resize=525%2C300 1.5x, https:\/\/i0.wp.com\/noticiasribeiraopreto.com.br\/wp-content\/uploads\/2024\/02\/gasparini.jpg?fit=1200%2C800&ssl=1&resize=700%2C400 2x, https:\/\/i0.wp.com\/noticiasribeiraopreto.com.br\/wp-content\/uploads\/2024\/02\/gasparini.jpg?fit=1200%2C800&ssl=1&resize=1050%2C600 3x"},"classes":[]},{"id":61654,"url":"https:\/\/noticiasribeiraopreto.com.br\/index.php\/2024\/12\/18\/assaltantes-invadem-casa-e-rendem-ex-prefeito-no-interior-de-sp\/","url_meta":{"origin":10964,"position":4},"title":"Assaltantes invadem casa e rendem ex-prefeito no interior de SP","author":"noticiasribeiraopreto.com.br","date":"18 de December de 2024","format":false,"excerpt":"Tr\u00eas assaltantes armados invadiram a resid\u00eancia do ex-prefeito de Barretos Uebe Rezeck, na manh\u00e3 desta quarta-feira (18). O im\u00f3vel fica no Centro de Barretos, cidade a aproximadamente 130 quil\u00f4metros de Ribeir\u00e3o Preto. Segundo a pol\u00edcia, os criminosos pularam o muro do im\u00f3vel e renderam o ex-prefeito, a esposa dele e\u2026","rel":"","context":"In &quot;Not\u00edcias de Ribeir\u00e3o Preto-SP e Regi\u00e3o&quot;","block_context":{"text":"Not\u00edcias de Ribeir\u00e3o Preto-SP e Regi\u00e3o","link":"https:\/\/noticiasribeiraopreto.com.br\/index.php\/category\/noticias-de-ribeirao-preto-sp-e-regiao-ismael-colosi\/"},"img":{"alt_text":"","src":"https:\/\/i0.wp.com\/noticiasribeiraopreto.com.br\/wp-content\/uploads\/2024\/12\/UEBE-REZECK_2024-12-18_16-03-17_jpg_2024-12-18_16-03-17.webp.webp?fit=1200%2C890&ssl=1&resize=350%2C200","width":350,"height":200,"srcset":"https:\/\/i0.wp.com\/noticiasribeiraopreto.com.br\/wp-content\/uploads\/2024\/12\/UEBE-REZECK_2024-12-18_16-03-17_jpg_2024-12-18_16-03-17.webp.webp?fit=1200%2C890&ssl=1&resize=350%2C200 1x, https:\/\/i0.wp.com\/noticiasribeiraopreto.com.br\/wp-content\/uploads\/2024\/12\/UEBE-REZECK_2024-12-18_16-03-17_jpg_2024-12-18_16-03-17.webp.webp?fit=1200%2C890&ssl=1&resize=525%2C300 1.5x, https:\/\/i0.wp.com\/noticiasribeiraopreto.com.br\/wp-content\/uploads\/2024\/12\/UEBE-REZECK_2024-12-18_16-03-17_jpg_2024-12-18_16-03-17.webp.webp?fit=1200%2C890&ssl=1&resize=700%2C400 2x, https:\/\/i0.wp.com\/noticiasribeiraopreto.com.br\/wp-content\/uploads\/2024\/12\/UEBE-REZECK_2024-12-18_16-03-17_jpg_2024-12-18_16-03-17.webp.webp?fit=1200%2C890&ssl=1&resize=1050%2C600 3x"},"classes":[]},{"id":40507,"url":"https:\/\/noticiasribeiraopreto.com.br\/index.php\/2024\/03\/04\/morre-o-ex-prefeito-de-ribeirao-preto-welson-gasparini-aos-87-anos\/","url_meta":{"origin":10964,"position":5},"title":"Morre o ex-prefeito de Ribeir\u00e3o Preto Welson Gasparini, aos 87 anos","author":"noticiasribeiraopreto.com.br","date":"4 de March de 2024","format":false,"excerpt":"Morreu nesta segunda-feira (4), o ex-prefeito de Ribeir\u00e3o Preto, Welson Gasparini, aos 87 anos. Gasparini estava internado no Hospital Unimed, em Bonfim Paulista, h\u00e1 duas semanas. A informa\u00e7\u00e3o foi confirmada pelo vereador Maur\u00edcio Gasparini (Uni\u00e3o), filho do ex-prefeito. Gasparini sofria de problemas card\u00edacos e chegou a passar por uma cirurgia\u2026","rel":"","context":"In &quot;Not\u00edcias de Ribeir\u00e3o Preto-SP e Regi\u00e3o&quot;","block_context":{"text":"Not\u00edcias de Ribeir\u00e3o Preto-SP e Regi\u00e3o","link":"https:\/\/noticiasribeiraopreto.com.br\/index.php\/category\/noticias-de-ribeirao-preto-sp-e-regiao-ismael-colosi\/"},"img":{"alt_text":"","src":"https:\/\/i0.wp.com\/noticiasribeiraopreto.com.br\/wp-content\/uploads\/2024\/03\/gasparini.jpg?fit=1200%2C800&ssl=1&resize=350%2C200","width":350,"height":200,"srcset":"https:\/\/i0.wp.com\/noticiasribeiraopreto.com.br\/wp-content\/uploads\/2024\/03\/gasparini.jpg?fit=1200%2C800&ssl=1&resize=350%2C200 1x, https:\/\/i0.wp.com\/noticiasribeiraopreto.com.br\/wp-content\/uploads\/2024\/03\/gasparini.jpg?fit=1200%2C800&ssl=1&resize=525%2C300 1.5x, https:\/\/i0.wp.com\/noticiasribeiraopreto.com.br\/wp-content\/uploads\/2024\/03\/gasparini.jpg?fit=1200%2C800&ssl=1&resize=700%2C400 2x, https:\/\/i0.wp.com\/noticiasribeiraopreto.com.br\/wp-content\/uploads\/2024\/03\/gasparini.jpg?fit=1200%2C800&ssl=1&resize=1050%2C600 3x"},"classes":[]}],"jetpack_sharing_enabled":true,"jetpack_shortlink":"https:\/\/wp.me\/peQAOb-2QQ","_links":{"self":[{"href":"https:\/\/noticiasribeiraopreto.com.br\/index.php\/wp-json\/wp\/v2\/posts\/10964","targetHints":{"allow":["GET"]}}],"collection":[{"href":"https:\/\/noticiasribeiraopreto.com.br\/index.php\/wp-json\/wp\/v2\/posts"}],"about":[{"href":"https:\/\/noticiasribeiraopreto.com.br\/index.php\/wp-json\/wp\/v2\/types\/post"}],"author":[{"embeddable":true,"href":"https:\/\/noticiasribeiraopreto.com.br\/index.php\/wp-json\/wp\/v2\/users\/1"}],"replies":[{"embeddable":true,"href":"https:\/\/noticiasribeiraopreto.com.br\/index.php\/wp-json\/wp\/v2\/comments?post=10964"}],"version-history":[{"count":0,"href":"https:\/\/noticiasribeiraopreto.com.br\/index.php\/wp-json\/wp\/v2\/posts\/10964\/revisions"}],"wp:featuredmedia":[{"embeddable":true,"href":"https:\/\/noticiasribeiraopreto.com.br\/index.php\/wp-json\/wp\/v2\/media\/10965"}],"wp:attachment":[{"href":"https:\/\/noticiasribeiraopreto.com.br\/index.php\/wp-json\/wp\/v2\/media?parent=10964"}],"wp:term":[{"taxonomy":"category","embeddable":true,"href":"https:\/\/noticiasribeiraopreto.com.br\/index.php\/wp-json\/wp\/v2\/categories?post=10964"},{"taxonomy":"post_tag","embeddable":true,"href":"https:\/\/noticiasribeiraopreto.com.br\/index.php\/wp-json\/wp\/v2\/tags?post=10964"}],"curies":[{"name":"wp","href":"https:\/\/api.w.org\/{rel}","templated":true}]}}