{"id":10969,"date":"2023-12-05T12:02:22","date_gmt":"2023-12-05T15:02:22","guid":{"rendered":"https:\/\/noticiasribeiraopreto.com.br\/index.php\/2023\/12\/05\/pib-volta-a-enganar-analistas-e-fica-acima-do-esperado-saiba-quem-jogou-bem-e-as-decepcoes-da-economia-no-3t23\/"},"modified":"2023-12-05T12:02:22","modified_gmt":"2023-12-05T15:02:22","slug":"pib-volta-a-enganar-analistas-e-fica-acima-do-esperado-saiba-quem-jogou-bem-e-as-decepcoes-da-economia-no-3t23","status":"publish","type":"post","link":"https:\/\/noticiasribeiraopreto.com.br\/index.php\/2023\/12\/05\/pib-volta-a-enganar-analistas-e-fica-acima-do-esperado-saiba-quem-jogou-bem-e-as-decepcoes-da-economia-no-3t23\/","title":{"rendered":"PIB volta a &#8216;enganar&#8217; analistas e fica acima do esperado; saiba quem jogou bem e as decep\u00e7\u00f5es da economia no 3T23"},"content":{"rendered":"<div class='code-block code-block-1' style='margin: 8px 0 8px auto; text-align: right; display: block; clear: both;'>\n<p><a href=\"https:\/\/wa.link\/vpicfd\"><img data-recalc-dims=\"1\" class=\"wp-image-4922\" style=\"aspect-ratio: 2.0253164556962027; width: 561px; height: auto;\" src=\"https:\/\/i0.wp.com\/ismaelcolosi.com.br\/wp-content\/uploads\/2023\/11\/grupo-de-empregos-whatsapp-e-facebook-ismael-colosi-vagas.jpg?ssl=1\" alt=\"\" \/><\/a><\/p>\n<!-- \/wp:image -->\n<\/div>\n<p> <br \/>\n<\/p>\n<div id=\"js-first-letter\">\n<p>O <strong>PIB<\/strong> do Brasil no terceiro trimestre de 2023 \u00e9 uma esp\u00e9cie de empate com sabor de vit\u00f3ria.<\/p>\n<p>Talvez pare\u00e7a exagero. Isso porque a economia brasileira cresceu apenas 0,1% na compara\u00e7\u00e3o com o segundo trimestre e desacelerou de +3,5% para +2,0% na compara\u00e7\u00e3o anual.<\/p>\n<p>Para quem n\u00e3o acompanha futebol, o empate com sabor de vit\u00f3ria \u00e9 aquele no qual um time encontra-se na imin\u00eancia de uma inevit\u00e1vel derrota, mas reage e busca um resultado melhor que o esperado.<\/p>\n<p>Na mediana, os economistas de mercado esperavam queda de 0,2% do PIB na compara\u00e7\u00e3o trimestral e desacelera\u00e7\u00e3o a +1,8% frente ao terceiro trimestre de 2022.<\/p>\n<p>Se Djavan fosse uma fonte apta a comentar economia, poderia afirmar que os mais otimistas queriam 0 a 0, mas o PIB ficou no 1 a 1.<\/p>\n<div class=\"banner banner-inArticle banner-inArticle--mobile\">\n<div>\n<p>Publicidade<\/p>\n<div class=\"banner-side\">\n<p class=\"borderAD\" style=\"display: none;\">CONTINUA DEPOIS DA PUBLICIDADE<\/p>\n<\/div>\n<\/div>\n<\/div>\n<div class=\"banner banner-inArticle banner-inArticle--desktop\">\n<div>\n<div class=\"banner-side\">\n<p class=\"borderAD\" style=\"display: none;\">CONTINUA DEPOIS DA PUBLICIDADE<\/p>\n<\/div>\n<\/div>\n<\/div>\n<h2 class=\"wp-block-heading\" id=\"h-os-economistas-erraram-de-novo\">Os economistas erraram de novo?<\/h2>\n<p>Os erros nas proje\u00e7\u00f5es do PIB brasileiro t\u00eam saltado aos olhos nos \u00faltimos anos.<\/p>\n<p>Desde o rescaldo da pandemia, <a href=\"https:\/\/www.seudinheiro.com\/2023\/economia\/pib-por-que-economistas-erram-previsoes-rsgp\/\">o resultado efetivo da economia nacional tem \u201cenganado\u201d o mercado e ficado consideravelmente acima das estimativas dos economistas<\/a>.<\/p>\n<p>Em compara\u00e7\u00e3o com os \u00faltimos trimestres, eles at\u00e9 que erraram por pouco agora.<\/p>\n<p>Se a expectativa de retra\u00e7\u00e3o trimestral tivesse se confirmado, por exemplo, seria o primeiro resultado negativo desde o segundo trimestre de 2021.<\/p>\n<p>Mais uma vez, entretanto, o desempenho da economia brasileira foi subestimado de antem\u00e3o.<\/p>\n<div class=\"banner banner-inArticle banner-inArticle--mobile\">\n<div>\n<p>Publicidade<\/p>\n<div class=\"banner-side\">\n<p class=\"borderAD\" style=\"display: none;\">CONTINUA DEPOIS DA PUBLICIDADE<\/p>\n<\/div>\n<\/div>\n<\/div>\n<div class=\"banner banner-inArticle banner-inArticle--desktop\">\n<div>\n<div class=\"banner-side\">\n<p class=\"borderAD\" style=\"display: none;\">CONTINUA DEPOIS DA PUBLICIDADE<\/p>\n<\/div>\n<\/div>\n<\/div>\n<p>Na ponta do l\u00e1pis, a economia brasileira gerou R$ 2,74 trilh\u00f5es no terceiro trimestre, de R$ 2,65 trilh\u00f5es no segundo, de acordo com dados do Instituto Brasileiro de Geografia e Estat\u00edsticas (IBGE).<\/p>\n<h2 class=\"wp-block-heading\" id=\"h-as-surpresas-do-pib-brasileiro-no-3t23\">As \u2018surpresas\u2019 do PIB brasileiro no 3T23<\/h2>\n<p>\u00c9 importante ressaltar que n\u00e3o estamos diante de nenhuma esp\u00e9cie de PIB chin\u00eas ou de \u201cespet\u00e1culo do crescimento\u201d de tempos passados.<\/p>\n<p>Lucas Farina, analista da Genial Investimentos, chama a aten\u00e7\u00e3o para a queda nas taxas de investimento (-2,5% no trimestre e -6,4% na compara\u00e7\u00e3o anual). \u201cIsso imp\u00f5e um desafio para 2024\u201d, afirma ele.<\/p>\n<p>Al\u00e9m disso, a desacelera\u00e7\u00e3o econ\u00f4mica \u00e9 evidente.<\/p>\n<p>\u201cO panorama geral \u00e9 que o forte crescimento observado no primeiro semestre do ano chegou ao fim\u201d, avalia William Jackson, economista-chefe de mercados emergentes da Capital Economics.<\/p>\n<div class=\"banner banner-inArticle banner-inArticle--mobile\">\n<div>\n<p>Publicidade<\/p>\n<div class=\"banner-side\">\n<p class=\"borderAD\" style=\"display: none;\">CONTINUA DEPOIS DA PUBLICIDADE<\/p>\n<\/div>\n<\/div>\n<\/div>\n<div class=\"banner banner-inArticle banner-inArticle--desktop\">\n<div>\n<div class=\"banner-side\">\n<p class=\"borderAD\" style=\"display: none;\">CONTINUA DEPOIS DA PUBLICIDADE<\/p>\n<\/div>\n<\/div>\n<\/div>\n<p>Ainda assim, a alta do PIB trouxe surpresas tanto na \u00f3tica da oferta quanto na da demanda.<\/p>\n<h4 class=\"wp-block-heading\" id=\"h-onde-investir-em-dezembro-veja-recomendacoes-gratuitas-em-acoes-fiis-bdrs-e-criptomoedas\"><a href=\"https:\/\/www.youtube.com\/watch?v=uCCxJxG3GoQ\" target=\"_blank\" rel=\"noreferrer noopener\">ONDE INVESTIR EM DEZEMBRO: VEJA RECOMENDA\u00c7\u00d5ES GRATUITAS EM A\u00c7\u00d5ES, FIIS, BDRs E CRIPTOMOEDAS<\/a><\/h4>\n<figure class=\"wp-block-embed is-type-video is-provider-youtube wp-block-embed-youtube wp-embed-aspect-16-9 wp-has-aspect-ratio\">\n<p>\n<iframe loading=\"lazy\" title=\"ONDE INVESTIR EM DEZEMBRO DE 2023: VEJA RECOMENDA\u00c7\u00d5ES GRATUITAS EM A\u00c7\u00d5ES, FIIS, BDRs E CRIPTOMOEDAS\" width=\"500\" height=\"281\" src=\"https:\/\/www.youtube.com\/embed\/uCCxJxG3GoQ?feature=oembed\" frameborder=\"0\" allow=\"accelerometer; autoplay; clipboard-write; encrypted-media; gyroscope; picture-in-picture; web-share\" referrerpolicy=\"strict-origin-when-cross-origin\" allowfullscreen><\/iframe>\n<\/p>\n<\/figure>\n<p>Do lado da produ\u00e7\u00e3o, os setores de ind\u00fastria e servi\u00e7os surpreenderam com crescimento de 0,6% cada.<\/p>\n<p>E, mesmo com uma queda de 3,3% na compara\u00e7\u00e3o trimestral, o agroneg\u00f3cio retraiu-se menos do que se esperava.<\/p>\n<p>O banco BTG Pactual, por exemplo, previa uma queda de 6,1% no PIB do agro. No frigir dos ovos, o resultado medido pelo IBGE levou a uma robusta alta de 8,8% no resultado do setor na compara\u00e7\u00e3o com o terceiro trimestre de 2022.<\/p>\n<p>J\u00e1 no lado da demanda, o destaque ficou por conta da expans\u00e3o do consumo das fam\u00edlias (+1,1% na base trimestral e +3,3% na compara\u00e7\u00e3o anual).<\/p>\n<div class=\"banner banner-inArticle banner-inArticle--mobile\">\n<div>\n<p>Publicidade<\/p>\n<div class=\"banner-side\">\n<p class=\"borderAD\" style=\"display: none;\">CONTINUA DEPOIS DA PUBLICIDADE<\/p>\n<\/div>\n<\/div>\n<\/div>\n<div class=\"banner banner-inArticle banner-inArticle--desktop\">\n<div>\n<div class=\"banner-side\">\n<p class=\"borderAD\" style=\"display: none;\">CONTINUA DEPOIS DA PUBLICIDADE<\/p>\n<\/div>\n<\/div>\n<\/div>\n<p>Na avalia\u00e7\u00e3o do economista Andr\u00e9 Perfeito, isso tem tudo a ver com o crescimento da massa salarial observado na PNAD cont\u00ednua.<\/p>\n<h2 class=\"wp-block-heading\" id=\"h-ibge-revisa-pib-de-trimestres-anteriores\">IBGE revisa PIB de trimestres anteriores<\/h2>\n<p>Al\u00e9m do resultado melhor que o esperado, o IBGE revisou para cima os resultados do PIB de trimestres anteriores \u2014 para cima.<\/p>\n<p>A alta do PIB acumulado de 2022 passou de +2,9% para +3,0%.<\/p>\n<p>J\u00e1 em rela\u00e7\u00e3o ao primeiro semestre de 2023, o PIB de janeiro a mar\u00e7o passou de +4,0% para +4,2% e o de abril a junho foi de +3,4% para +3,5%.<\/p>\n<p>Em rela\u00e7\u00e3o ao PIB acumulado de 2023, o IBGE informou que a economia brasileira cresceu 3,2% de janeiro a setembro na compara\u00e7\u00e3o com o mesmo per\u00edodo do ano anterior.<\/p>\n<div class=\"banner banner-inArticle banner-inArticle--mobile\">\n<div>\n<p>Publicidade<\/p>\n<div class=\"banner-side\">\n<p class=\"borderAD\" style=\"display: none;\">CONTINUA DEPOIS DA PUBLICIDADE<\/p>\n<\/div>\n<\/div>\n<\/div>\n<div class=\"banner banner-inArticle banner-inArticle--desktop\">\n<div>\n<div class=\"banner-side\">\n<p class=\"borderAD\" style=\"display: none;\">CONTINUA DEPOIS DA PUBLICIDADE<\/p>\n<\/div>\n<\/div>\n<\/div>\n<p>J\u00e1 no acumulado em quatro trimestres, a alta \u00e9 de 3,1%.<\/p>\n<p>O fato \u00e9 que os economistas de mercado j\u00e1 come\u00e7aram a revisar \u2014 de novo e para cima \u2014 as proje\u00e7\u00f5es para o resultado final da economia brasileira em 2023.<\/p>\n<\/div>\n<p><br \/>\n<br \/><a href=\"https:\/\/www.seudinheiro.com\/2023\/economia\/pib-brasil-3t23-resultado-rspg\/\">Source link <\/a><\/p>\n<!-- CONTENT END 1 -->\n","protected":false},"excerpt":{"rendered":"<p>O PIB do Brasil no terceiro trimestre de 2023 \u00e9 uma esp\u00e9cie de empate com sabor de vit\u00f3ria. Talvez pare\u00e7a exagero. Isso porque a economia&#8230;<\/p>\n","protected":false},"author":1,"featured_media":10970,"comment_status":"open","ping_status":"open","sticky":false,"template":"","format":"standard","meta":{"advanced_seo_description":"","jetpack_seo_html_title":"","jetpack_seo_noindex":false,"jetpack_post_was_ever_published":false,"_jetpack_newsletter_access":"","_jetpack_dont_email_post_to_subs":false,"_jetpack_newsletter_tier_id":0,"_jetpack_memberships_contains_paywalled_content":false,"_jetpack_memberships_contains_paid_content":false,"footnotes":"","jetpack_publicize_message":"","jetpack_publicize_feature_enabled":true,"jetpack_social_post_already_shared":true,"jetpack_social_options":{"image_generator_settings":{"template":"highway","default_image_id":0,"font":"","enabled":false},"version":2}},"categories":[1235],"tags":[],"class_list":["post-10969","post","type-post","status-publish","format-standard","has-post-thumbnail","hentry","category-dinheiro-e-investimento-como-fazer-como-ganhar"],"jetpack_publicize_connections":[],"jetpack_featured_media_url":"https:\/\/i0.wp.com\/noticiasribeiraopreto.com.br\/wp-content\/uploads\/2023\/12\/Cabine-VAR-graficos-e-pib-creditos-Fifa-site-Shutterstock-montagem-Brenda-Silva-715x402.jpg?fit=715%2C402&ssl=1","jetpack-related-posts":[{"id":19349,"url":"https:\/\/noticiasribeiraopreto.com.br\/index.php\/2023\/12\/22\/esquenta-dos-mercados-inflacao-nos-eua-dita-o-tom-do-pregao-de-hoje-ibovespa-acompanha-reta-final-da-pauta-economica-no-congresso\/","url_meta":{"origin":10969,"position":0},"title":"Esquenta dos mercados: Infla\u00e7\u00e3o nos EUA dita o tom do preg\u00e3o de hoje; Ibovespa acompanha reta final da pauta econ\u00f4mica no Congresso","author":"noticiasribeiraopreto.com.br","date":"22 de December de 2023","format":false,"excerpt":"RESUMO DO DIA: Os neg\u00f3cios amanhecem mistos no exterior no \u00faltimo preg\u00e3o antes do Natal. Enquanto as bolsas de valores da Europa operam pr\u00f3ximas da estabilidade, de olho em indicadores econ\u00f4micos locais, os investidores aguardam com ansiedade um novo dado nos Estados Unidos para ditar o ritmo da sess\u00e3o. Isso\u2026","rel":"","context":"In &quot;Dinheiro e Investimento&quot;","block_context":{"text":"Dinheiro e Investimento","link":"https:\/\/noticiasribeiraopreto.com.br\/index.php\/category\/dinheiro-e-investimento-como-fazer-como-ganhar\/"},"img":{"alt_text":"","src":"https:\/\/i0.wp.com\/noticiasribeiraopreto.com.br\/wp-content\/uploads\/2023\/12\/1703242831_Selo-Mercados-Touro-Alta-ESQUENTA-e1694168533397-715x402.jpg?fit=715%2C402&ssl=1&resize=350%2C200","width":350,"height":200,"srcset":"https:\/\/i0.wp.com\/noticiasribeiraopreto.com.br\/wp-content\/uploads\/2023\/12\/1703242831_Selo-Mercados-Touro-Alta-ESQUENTA-e1694168533397-715x402.jpg?fit=715%2C402&ssl=1&resize=350%2C200 1x, https:\/\/i0.wp.com\/noticiasribeiraopreto.com.br\/wp-content\/uploads\/2023\/12\/1703242831_Selo-Mercados-Touro-Alta-ESQUENTA-e1694168533397-715x402.jpg?fit=715%2C402&ssl=1&resize=525%2C300 1.5x, https:\/\/i0.wp.com\/noticiasribeiraopreto.com.br\/wp-content\/uploads\/2023\/12\/1703242831_Selo-Mercados-Touro-Alta-ESQUENTA-e1694168533397-715x402.jpg?fit=715%2C402&ssl=1&resize=700%2C400 2x"},"classes":[]},{"id":37941,"url":"https:\/\/noticiasribeiraopreto.com.br\/index.php\/2024\/02\/19\/previa-do-pib-registra-crescimento-de-245-na-economia\/","url_meta":{"origin":10969,"position":1},"title":"&#8220;Pr\u00e9via do PIB&#8221; registra crescimento de 2,45% na economia","author":"noticiasribeiraopreto.com.br","date":"19 de February de 2024","format":false,"excerpt":"A economia brasileira avan\u00e7ou 2,45% em 2023, conforme o \u00cdndice de Atividade do Banco Central (IBC-Br), divulgado nesta segunda-feira pela autoridade monet\u00e1ria. O dado do IBC-Br foi melhor que a mediana das expectativas do mercado financeiro coletadas pelo Proje\u00e7\u00f5es Broadcast, de avan\u00e7o de 2,30% no indicador no ano. O intervalo\u2026","rel":"","context":"In &quot;Not\u00edcias de Ribeir\u00e3o Preto-SP e Regi\u00e3o&quot;","block_context":{"text":"Not\u00edcias de Ribeir\u00e3o Preto-SP e Regi\u00e3o","link":"https:\/\/noticiasribeiraopreto.com.br\/index.php\/category\/noticias-de-ribeirao-preto-sp-e-regiao-ismael-colosi\/"},"img":{"alt_text":"","src":"https:\/\/i0.wp.com\/noticiasribeiraopreto.com.br\/wp-content\/uploads\/2024\/02\/2ed6adb1-e26c-4bd1-9956-1707fa311d96.png?fit=768%2C512&ssl=1&resize=350%2C200","width":350,"height":200,"srcset":"https:\/\/i0.wp.com\/noticiasribeiraopreto.com.br\/wp-content\/uploads\/2024\/02\/2ed6adb1-e26c-4bd1-9956-1707fa311d96.png?fit=768%2C512&ssl=1&resize=350%2C200 1x, https:\/\/i0.wp.com\/noticiasribeiraopreto.com.br\/wp-content\/uploads\/2024\/02\/2ed6adb1-e26c-4bd1-9956-1707fa311d96.png?fit=768%2C512&ssl=1&resize=525%2C300 1.5x, https:\/\/i0.wp.com\/noticiasribeiraopreto.com.br\/wp-content\/uploads\/2024\/02\/2ed6adb1-e26c-4bd1-9956-1707fa311d96.png?fit=768%2C512&ssl=1&resize=700%2C400 2x"},"classes":[]},{"id":11565,"url":"https:\/\/noticiasribeiraopreto.com.br\/index.php\/2023\/12\/06\/nem-o-minha-casa-minha-vida-salva-pib-da-construcao-frustra-expectativas-e-setor-ve-veto-de-lula-como-ameaca-em-2024\/","url_meta":{"origin":10969,"position":2},"title":"Nem o Minha Casa Minha Vida salva: PIB da constru\u00e7\u00e3o frustra expectativas e setor v\u00ea veto de Lula como amea\u00e7a em 2024","author":"noticiasribeiraopreto.com.br","date":"6 de December de 2023","format":false,"excerpt":"Apesar das mudan\u00e7as no programa Minha Casa Minha Vida (MCMV) j\u00e1 terem impulsionado o desempenho operacional das construtoras e incorporadoras, a repaginada no programa habitacional ainda n\u00e3o se refletiu na constru\u00e7\u00e3o como um todo. O Produto Interno Bruto (PIB) do setor registrou queda de 3,8% no terceiro trimestre, segundo o\u2026","rel":"","context":"In &quot;Dinheiro e Investimento&quot;","block_context":{"text":"Dinheiro e Investimento","link":"https:\/\/noticiasribeiraopreto.com.br\/index.php\/category\/dinheiro-e-investimento-como-fazer-como-ganhar\/"},"img":{"alt_text":"","src":"https:\/\/i0.wp.com\/noticiasribeiraopreto.com.br\/wp-content\/uploads\/2023\/12\/construction-workers-at-sunset-628x353.jpg?fit=628%2C353&ssl=1&resize=350%2C200","width":350,"height":200,"srcset":"https:\/\/i0.wp.com\/noticiasribeiraopreto.com.br\/wp-content\/uploads\/2023\/12\/construction-workers-at-sunset-628x353.jpg?fit=628%2C353&ssl=1&resize=350%2C200 1x, https:\/\/i0.wp.com\/noticiasribeiraopreto.com.br\/wp-content\/uploads\/2023\/12\/construction-workers-at-sunset-628x353.jpg?fit=628%2C353&ssl=1&resize=525%2C300 1.5x"},"classes":[]},{"id":18934,"url":"https:\/\/noticiasribeiraopreto.com.br\/index.php\/2023\/12\/21\/bolsa-hoje-ibovespa-acelera-ganhos-e-retoma-os-132-mil-pontos-apos-pib-abaixo-do-esperado-nos-eua-dolar-segue-abaixo-de-r-490\/","url_meta":{"origin":10969,"position":3},"title":"Bolsa hoje: Ibovespa acelera ganhos e retoma os 132 mil pontos ap\u00f3s PIB abaixo do esperado nos EUA; d\u00f3lar segue abaixo de R$ 4,90","author":"noticiasribeiraopreto.com.br","date":"21 de December de 2023","format":false,"excerpt":"Bom dia, pessoal. Justamente quando se antecipava que o S&P 500 alcan\u00e7aria uma nova m\u00e1xima hist\u00f3rica, o \u00edndice de a\u00e7\u00f5es norte-americano se voltou para baixo, experimentando uma corre\u00e7\u00e3o natural ap\u00f3s uma s\u00e9rie de altas, conforme discutimos anteriormente. \u00c9 evidente que o \u00edndice estava excessivamente comprado, indicando a necessidade de realizar\u2026","rel":"","context":"In &quot;Dinheiro e Investimento&quot;","block_context":{"text":"Dinheiro e Investimento","link":"https:\/\/noticiasribeiraopreto.com.br\/index.php\/category\/dinheiro-e-investimento-como-fazer-como-ganhar\/"},"img":{"alt_text":"","src":"https:\/\/i0.wp.com\/noticiasribeiraopreto.com.br\/wp-content\/uploads\/2023\/12\/1703168391_Selo-Mercados-Touro-Alta-AGORA-628x353.jpg?fit=628%2C353&ssl=1&resize=350%2C200","width":350,"height":200,"srcset":"https:\/\/i0.wp.com\/noticiasribeiraopreto.com.br\/wp-content\/uploads\/2023\/12\/1703168391_Selo-Mercados-Touro-Alta-AGORA-628x353.jpg?fit=628%2C353&ssl=1&resize=350%2C200 1x, https:\/\/i0.wp.com\/noticiasribeiraopreto.com.br\/wp-content\/uploads\/2023\/12\/1703168391_Selo-Mercados-Touro-Alta-AGORA-628x353.jpg?fit=628%2C353&ssl=1&resize=525%2C300 1.5x"},"classes":[]},{"id":20747,"url":"https:\/\/noticiasribeiraopreto.com.br\/index.php\/2023\/12\/26\/ainda-bem-que-os-economistas-erram-o-brasil-de-hoje-seria-bem-pior-se-eles-tivessem-acertado-as-projecoes-para-2023-na-focus\/","url_meta":{"origin":10969,"position":4},"title":"Ainda bem que os economistas erram \u2014 o Brasil de hoje seria bem pior se eles tivessem acertado as proje\u00e7\u00f5es para 2023 na Focus","author":"noticiasribeiraopreto.com.br","date":"26 de December de 2023","format":false,"excerpt":"Os erros nas estimativas para a economia brasileira t\u00eam chamado a aten\u00e7\u00e3o \u2014 e n\u00e3o \u00e9 de hoje. A mais nova evid\u00eancia dessa constata\u00e7\u00e3o \u00e9 a \u00faltima edi\u00e7\u00e3o da pesquisa Focus. Os principais indicadores macroecon\u00f4micos do Brasil chegam ao fim de 2023 muito melhores do que esperavam os economistas de\u2026","rel":"","context":"In &quot;Dinheiro e Investimento&quot;","block_context":{"text":"Dinheiro e Investimento","link":"https:\/\/noticiasribeiraopreto.com.br\/index.php\/category\/dinheiro-e-investimento-como-fazer-como-ganhar\/"},"img":{"alt_text":"","src":"https:\/\/i0.wp.com\/noticiasribeiraopreto.com.br\/wp-content\/uploads\/2023\/12\/1703604413_Cabine-VAR-graficos-e-pib-creditos-Fifa-site-Shutterstock-montagem-Brenda-Silva-715x402.jpg?fit=715%2C402&ssl=1&resize=350%2C200","width":350,"height":200,"srcset":"https:\/\/i0.wp.com\/noticiasribeiraopreto.com.br\/wp-content\/uploads\/2023\/12\/1703604413_Cabine-VAR-graficos-e-pib-creditos-Fifa-site-Shutterstock-montagem-Brenda-Silva-715x402.jpg?fit=715%2C402&ssl=1&resize=350%2C200 1x, https:\/\/i0.wp.com\/noticiasribeiraopreto.com.br\/wp-content\/uploads\/2023\/12\/1703604413_Cabine-VAR-graficos-e-pib-creditos-Fifa-site-Shutterstock-montagem-Brenda-Silva-715x402.jpg?fit=715%2C402&ssl=1&resize=525%2C300 1.5x, https:\/\/i0.wp.com\/noticiasribeiraopreto.com.br\/wp-content\/uploads\/2023\/12\/1703604413_Cabine-VAR-graficos-e-pib-creditos-Fifa-site-Shutterstock-montagem-Brenda-Silva-715x402.jpg?fit=715%2C402&ssl=1&resize=700%2C400 2x"},"classes":[]},{"id":67017,"url":"https:\/\/noticiasribeiraopreto.com.br\/index.php\/2025\/04\/08\/pib-da-regiao-de-ribeirao-preto-cresce-51-veja-ranking\/","url_meta":{"origin":10969,"position":5},"title":"PIB da regi\u00e3o de Ribeir\u00e3o Preto cresce 5,1%; Veja ranking","author":"noticiasribeiraopreto.com.br","date":"8 de April de 2025","format":false,"excerpt":"O PIB (Produto Interno Bruto) da regi\u00e3o de Ribeir\u00e3o Preto, composta por 25 munic\u00edpios, cresceu 5,1% no comparativo do acumulado de 2024 com o ano anterior, de acordo com levantamento da Funda\u00e7\u00e3o Seade. Em valores correntes, o total acumulado no ano passado foi de R$ 90,9 bilh\u00f5es, frente a R$\u2026","rel":"","context":"In &quot;Not\u00edcias de Ribeir\u00e3o Preto-SP e Regi\u00e3o&quot;","block_context":{"text":"Not\u00edcias de Ribeir\u00e3o Preto-SP e Regi\u00e3o","link":"https:\/\/noticiasribeiraopreto.com.br\/index.php\/category\/noticias-de-ribeirao-preto-sp-e-regiao-ismael-colosi\/"},"img":{"alt_text":"","src":"https:\/\/i0.wp.com\/noticiasribeiraopreto.com.br\/wp-content\/uploads\/2025\/04\/aerea_ribeirao_nove_julho_piton_217_2507.jpg?fit=1200%2C800&ssl=1&resize=350%2C200","width":350,"height":200,"srcset":"https:\/\/i0.wp.com\/noticiasribeiraopreto.com.br\/wp-content\/uploads\/2025\/04\/aerea_ribeirao_nove_julho_piton_217_2507.jpg?fit=1200%2C800&ssl=1&resize=350%2C200 1x, https:\/\/i0.wp.com\/noticiasribeiraopreto.com.br\/wp-content\/uploads\/2025\/04\/aerea_ribeirao_nove_julho_piton_217_2507.jpg?fit=1200%2C800&ssl=1&resize=525%2C300 1.5x, https:\/\/i0.wp.com\/noticiasribeiraopreto.com.br\/wp-content\/uploads\/2025\/04\/aerea_ribeirao_nove_julho_piton_217_2507.jpg?fit=1200%2C800&ssl=1&resize=700%2C400 2x, https:\/\/i0.wp.com\/noticiasribeiraopreto.com.br\/wp-content\/uploads\/2025\/04\/aerea_ribeirao_nove_julho_piton_217_2507.jpg?fit=1200%2C800&ssl=1&resize=1050%2C600 3x"},"classes":[]}],"jetpack_sharing_enabled":true,"jetpack_shortlink":"https:\/\/wp.me\/peQAOb-2QV","_links":{"self":[{"href":"https:\/\/noticiasribeiraopreto.com.br\/index.php\/wp-json\/wp\/v2\/posts\/10969","targetHints":{"allow":["GET"]}}],"collection":[{"href":"https:\/\/noticiasribeiraopreto.com.br\/index.php\/wp-json\/wp\/v2\/posts"}],"about":[{"href":"https:\/\/noticiasribeiraopreto.com.br\/index.php\/wp-json\/wp\/v2\/types\/post"}],"author":[{"embeddable":true,"href":"https:\/\/noticiasribeiraopreto.com.br\/index.php\/wp-json\/wp\/v2\/users\/1"}],"replies":[{"embeddable":true,"href":"https:\/\/noticiasribeiraopreto.com.br\/index.php\/wp-json\/wp\/v2\/comments?post=10969"}],"version-history":[{"count":0,"href":"https:\/\/noticiasribeiraopreto.com.br\/index.php\/wp-json\/wp\/v2\/posts\/10969\/revisions"}],"wp:featuredmedia":[{"embeddable":true,"href":"https:\/\/noticiasribeiraopreto.com.br\/index.php\/wp-json\/wp\/v2\/media\/10970"}],"wp:attachment":[{"href":"https:\/\/noticiasribeiraopreto.com.br\/index.php\/wp-json\/wp\/v2\/media?parent=10969"}],"wp:term":[{"taxonomy":"category","embeddable":true,"href":"https:\/\/noticiasribeiraopreto.com.br\/index.php\/wp-json\/wp\/v2\/categories?post=10969"},{"taxonomy":"post_tag","embeddable":true,"href":"https:\/\/noticiasribeiraopreto.com.br\/index.php\/wp-json\/wp\/v2\/tags?post=10969"}],"curies":[{"name":"wp","href":"https:\/\/api.w.org\/{rel}","templated":true}]}}