{"id":10971,"date":"2023-12-05T12:06:57","date_gmt":"2023-12-05T15:06:57","guid":{"rendered":"https:\/\/noticiasribeiraopreto.com.br\/index.php\/2023\/12\/05\/iremos-lembrar-sempre-do-seu-sorriso-video-do-acidente\/"},"modified":"2023-12-05T12:06:57","modified_gmt":"2023-12-05T15:06:57","slug":"iremos-lembrar-sempre-do-seu-sorriso-video-do-acidente","status":"publish","type":"post","link":"https:\/\/noticiasribeiraopreto.com.br\/index.php\/2023\/12\/05\/iremos-lembrar-sempre-do-seu-sorriso-video-do-acidente\/","title":{"rendered":"&#8220;Iremos lembrar sempre do seu sorriso&#8221;; v\u00eddeo do acidente"},"content":{"rendered":"<div class='code-block code-block-1' style='margin: 8px 0 8px auto; text-align: right; display: block; clear: both;'>\n<p><a href=\"https:\/\/wa.link\/vpicfd\"><img data-recalc-dims=\"1\" class=\"wp-image-4922\" style=\"aspect-ratio: 2.0253164556962027; width: 561px; height: auto;\" src=\"https:\/\/i0.wp.com\/ismaelcolosi.com.br\/wp-content\/uploads\/2023\/11\/grupo-de-empregos-whatsapp-e-facebook-ismael-colosi-vagas.jpg?ssl=1\" alt=\"\" \/><\/a><\/p>\n<!-- \/wp:image -->\n<\/div>\n<p> <br \/>\n<\/p>\n<div itemprop=\"text\">\n<p>Uma mulher perdeu sua vida ap\u00f3s se envolver em um tr\u00e1gico acidente de tr\u00e2nsito na regi\u00e3o de Recife, em Pernambuco. Al\u00e9m dela, um homem tamb\u00e9m n\u00e3o resistiu, devido a gravidade de toda a situa\u00e7\u00e3o.<\/p>\n<p>A v\u00edtima foi identificada pelo nome de Emily Matias, de 25 anos de idade. Ela era ex-produtora de um cantor do g\u00eanero brega da localidade. Al\u00e9m disso, ela tamb\u00e9m era formada em radiologia, mas chegou a trabalhar com o artista Paulinho C\u00e9sar, ex-integrante da banda \u2018Swing do Amor\u2019 e que atualmente faz parte do grupo musical \u2018Nova Swing\u2019.<\/p>\n<p>A jovem atuava como assessora de imprensa de Paulinho. Emily n\u00e3o resistiu ap\u00f3s o ve\u00edculo em que ela estava ter colidido contra um caminh\u00e3o de coleta que estava a servi\u00e7o da prefeitura do Recife.<\/p>\n<p>Por enquanto, n\u00e3o se tem maiores informa\u00e7\u00f5es sobre a identidade do passageiro que morreu. Com isso, mais detalhes devem ser expostos em breve. E neste momento, muitos seguem lamentando a partida de Emily e desejando que ela descanse em paz.<\/p>\n<p><em>\u201cEmilly era uma menina alegre, para cima, desenrolada, prestativa e muito feliz. [\u2026] Iremos lembrar sempre do seu sorriso e da forma divertida de levar a vida. O que nos resta \u00e9 saudade\u201d<\/em>, disse uma nota oficial de Paulinho C\u00e9sar, diante da tr\u00e1gica not\u00edcia do falecimento da jovem.<\/p>\n<p>Um v\u00eddeo que circula nas m\u00eddias mostrou o momento do grave acidente que vitimou Emily e um homem:<\/p>\n<p><a href=\"https:\/\/g1.globo.com\/pe\/pernambuco\/video\/video-mostra-batida-entre-caminhao-e-carro-que-deixou-dois-mortos-no-recife-12166429.ghtml\" target=\"_blank\" rel=\"nofollow noopener\">VEJA O V\u00cdDEO<\/a><\/p>\n<p>O carro da v\u00edtima ficou completamente destru\u00eddo, devido a gravidade da situa\u00e7\u00e3o exposta.<\/p>\n<\/div>\n<p><br \/>\n<br \/><a href=\"https:\/\/fnmais.com\/quem-mulher-que-perdeu-vida-em-tragico-acidente-com-caminhao-coleta-iremos-lembrar-sempre-seu-sorriso-video-acidente\/\">Source link <\/a><\/p>\n<!-- CONTENT END 1 -->\n","protected":false},"excerpt":{"rendered":"<p>Uma mulher perdeu sua vida ap\u00f3s se envolver em um tr\u00e1gico acidente de tr\u00e2nsito na regi\u00e3o de Recife, em Pernambuco. Al\u00e9m dela, um homem tamb\u00e9m&#8230;<\/p>\n","protected":false},"author":1,"featured_media":10972,"comment_status":"open","ping_status":"open","sticky":false,"template":"","format":"standard","meta":{"advanced_seo_description":"","jetpack_seo_html_title":"","jetpack_seo_noindex":false,"jetpack_post_was_ever_published":false,"_jetpack_newsletter_access":"","_jetpack_dont_email_post_to_subs":false,"_jetpack_newsletter_tier_id":0,"_jetpack_memberships_contains_paywalled_content":false,"_jetpack_memberships_contains_paid_content":false,"footnotes":"","jetpack_publicize_message":"","jetpack_publicize_feature_enabled":true,"jetpack_social_post_already_shared":true,"jetpack_social_options":{"image_generator_settings":{"template":"highway","default_image_id":0,"font":"","enabled":false},"version":2}},"categories":[1],"tags":[],"class_list":["post-10971","post","type-post","status-publish","format-standard","has-post-thumbnail","hentry","category-blog"],"jetpack_publicize_connections":[],"jetpack_featured_media_url":"https:\/\/i0.wp.com\/noticiasribeiraopreto.com.br\/wp-content\/uploads\/2023\/12\/postimg-656f36ec9f1603811.jpg?fit=1200%2C628&ssl=1","jetpack-related-posts":[{"id":61773,"url":"https:\/\/noticiasribeiraopreto.com.br\/index.php\/2024\/12\/21\/familia-da-regiao-de-ribeirao-morre-apos-carro-despencar-de-estrada-em-caldas-novas\/","url_meta":{"origin":10971,"position":0},"title":"Fam\u00edlia da regi\u00e3o de Ribeir\u00e3o morre ap\u00f3s carro despencar de estrada em Caldas Novas","author":"noticiasribeiraopreto.com.br","date":"21 de December de 2024","format":false,"excerpt":"Uma fam\u00edlia de Igarapava, cidade na regi\u00e3o de Ribeir\u00e3o Preto, morreu em um acidente de carro na rodovia GO-139, em Caldas Novas-GO, na \u00faltima quinta-feira (19). De acordo com as informa\u00e7\u00f5es da Secretaria de Seguran\u00e7a P\u00fablica de Goi\u00e1s, o carro em que fam\u00edlia estava bateu na cabeceira de uma ponte\u2026","rel":"","context":"In &quot;Not\u00edcias de Ribeir\u00e3o Preto-SP e Regi\u00e3o&quot;","block_context":{"text":"Not\u00edcias de Ribeir\u00e3o Preto-SP e Regi\u00e3o","link":"https:\/\/noticiasribeiraopreto.com.br\/index.php\/category\/noticias-de-ribeirao-preto-sp-e-regiao-ismael-colosi\/"},"img":{"alt_text":"","src":"https:\/\/i0.wp.com\/noticiasribeiraopreto.com.br\/wp-content\/uploads\/2024\/12\/Copia-de-Copia-de-Copia-de-TAMANHO-EXATO-PARA-FOTOS-NO-SISTEMA-NOVO-2024-12-21T125521.783_2024-12-21_16-01-30_png_2024-12-21_16-01-30.webp.webp?fit=1200%2C675&ssl=1&resize=350%2C200","width":350,"height":200,"srcset":"https:\/\/i0.wp.com\/noticiasribeiraopreto.com.br\/wp-content\/uploads\/2024\/12\/Copia-de-Copia-de-Copia-de-TAMANHO-EXATO-PARA-FOTOS-NO-SISTEMA-NOVO-2024-12-21T125521.783_2024-12-21_16-01-30_png_2024-12-21_16-01-30.webp.webp?fit=1200%2C675&ssl=1&resize=350%2C200 1x, https:\/\/i0.wp.com\/noticiasribeiraopreto.com.br\/wp-content\/uploads\/2024\/12\/Copia-de-Copia-de-Copia-de-TAMANHO-EXATO-PARA-FOTOS-NO-SISTEMA-NOVO-2024-12-21T125521.783_2024-12-21_16-01-30_png_2024-12-21_16-01-30.webp.webp?fit=1200%2C675&ssl=1&resize=525%2C300 1.5x, https:\/\/i0.wp.com\/noticiasribeiraopreto.com.br\/wp-content\/uploads\/2024\/12\/Copia-de-Copia-de-Copia-de-TAMANHO-EXATO-PARA-FOTOS-NO-SISTEMA-NOVO-2024-12-21T125521.783_2024-12-21_16-01-30_png_2024-12-21_16-01-30.webp.webp?fit=1200%2C675&ssl=1&resize=700%2C400 2x, https:\/\/i0.wp.com\/noticiasribeiraopreto.com.br\/wp-content\/uploads\/2024\/12\/Copia-de-Copia-de-Copia-de-TAMANHO-EXATO-PARA-FOTOS-NO-SISTEMA-NOVO-2024-12-21T125521.783_2024-12-21_16-01-30_png_2024-12-21_16-01-30.webp.webp?fit=1200%2C675&ssl=1&resize=1050%2C600 3x"},"classes":[]},{"id":15483,"url":"https:\/\/noticiasribeiraopreto.com.br\/index.php\/2023\/12\/13\/famosa-influencer-falece-ao-sofrer-grave-acidente-com-o-pai-seu-ultimo-video-causa-comocao\/","url_meta":{"origin":10971,"position":1},"title":"Famosa influencer falece ao sofrer grave acidente com o pai; seu \u00faltimo v\u00eddeo causa como\u00e7\u00e3o","author":"noticiasribeiraopreto.com.br","date":"13 de December de 2023","format":false,"excerpt":"Nesta \u00faltima quinta-feira, dia 7 de dezembro, uma famosa influencer e youtuber perdeu sua vida ap\u00f3s sofrer um tr\u00e1gico acidente a\u00e9reo. Com a confirma\u00e7\u00e3o de seu falecimento, muitos lamentaram sua morte e buscaram se despedir nas redes sociais.A v\u00edtima foi identificada pelo nome de Jenny Blalock. Ela morreu aos 45\u2026","rel":"","context":"In &quot;Blog&quot;","block_context":{"text":"Blog","link":"https:\/\/noticiasribeiraopreto.com.br\/index.php\/category\/blog\/"},"img":{"alt_text":"","src":"https:\/\/i0.wp.com\/noticiasribeiraopreto.com.br\/wp-content\/uploads\/2023\/12\/postimg-657a2a765cd7b7415.jpg?fit=1200%2C628&ssl=1&resize=350%2C200","width":350,"height":200,"srcset":"https:\/\/i0.wp.com\/noticiasribeiraopreto.com.br\/wp-content\/uploads\/2023\/12\/postimg-657a2a765cd7b7415.jpg?fit=1200%2C628&ssl=1&resize=350%2C200 1x, https:\/\/i0.wp.com\/noticiasribeiraopreto.com.br\/wp-content\/uploads\/2023\/12\/postimg-657a2a765cd7b7415.jpg?fit=1200%2C628&ssl=1&resize=525%2C300 1.5x, https:\/\/i0.wp.com\/noticiasribeiraopreto.com.br\/wp-content\/uploads\/2023\/12\/postimg-657a2a765cd7b7415.jpg?fit=1200%2C628&ssl=1&resize=700%2C400 2x, https:\/\/i0.wp.com\/noticiasribeiraopreto.com.br\/wp-content\/uploads\/2023\/12\/postimg-657a2a765cd7b7415.jpg?fit=1200%2C628&ssl=1&resize=1050%2C600 3x"},"classes":[]},{"id":77854,"url":"https:\/\/noticiasribeiraopreto.com.br\/index.php\/2025\/09\/26\/apos-ficar-internada-morre-adolescente-ferida-em-acidente-de-moto-em-ribeirao\/","url_meta":{"origin":10971,"position":2},"title":"Ap\u00f3s ficar internada, morre adolescente ferida em acidente de moto em Ribeir\u00e3o","author":"noticiasribeiraopreto.com.br","date":"26 de September de 2025","format":false,"excerpt":"A jovem de 17 anos, que ficou ferida em um acidente de moto no \u00faltimo domingo (21), morreu nesta semana no Hospital das Cl\u00ednicas de Ribeir\u00e3o Preto. A informa\u00e7\u00e3o foi confirmada pela assessoria da unidade. O acidente aconteceu ap\u00f3s a motocicleta atingir um poste no Jardim Cristo Redentor, zona Norte\u2026","rel":"","context":"In &quot;Not\u00edcias de Ribeir\u00e3o Preto-SP e Regi\u00e3o&quot;","block_context":{"text":"Not\u00edcias de Ribeir\u00e3o Preto-SP e Regi\u00e3o","link":"https:\/\/noticiasribeiraopreto.com.br\/index.php\/category\/noticias-de-ribeirao-preto-sp-e-regiao-ismael-colosi\/"},"img":{"alt_text":"","src":"https:\/\/i0.wp.com\/noticiasribeiraopreto.com.br\/wp-content\/uploads\/2025\/09\/Copia-de-Copia-de-Copia-de-TAMANHO-EXATO-PARA-FOTOS-NO-SISTEMA-NOVO-2025-09-26T160302.612_2025-09-26_19-03-08.webp.webp?fit=1200%2C675&ssl=1&resize=350%2C200","width":350,"height":200,"srcset":"https:\/\/i0.wp.com\/noticiasribeiraopreto.com.br\/wp-content\/uploads\/2025\/09\/Copia-de-Copia-de-Copia-de-TAMANHO-EXATO-PARA-FOTOS-NO-SISTEMA-NOVO-2025-09-26T160302.612_2025-09-26_19-03-08.webp.webp?fit=1200%2C675&ssl=1&resize=350%2C200 1x, https:\/\/i0.wp.com\/noticiasribeiraopreto.com.br\/wp-content\/uploads\/2025\/09\/Copia-de-Copia-de-Copia-de-TAMANHO-EXATO-PARA-FOTOS-NO-SISTEMA-NOVO-2025-09-26T160302.612_2025-09-26_19-03-08.webp.webp?fit=1200%2C675&ssl=1&resize=525%2C300 1.5x, https:\/\/i0.wp.com\/noticiasribeiraopreto.com.br\/wp-content\/uploads\/2025\/09\/Copia-de-Copia-de-Copia-de-TAMANHO-EXATO-PARA-FOTOS-NO-SISTEMA-NOVO-2025-09-26T160302.612_2025-09-26_19-03-08.webp.webp?fit=1200%2C675&ssl=1&resize=700%2C400 2x, https:\/\/i0.wp.com\/noticiasribeiraopreto.com.br\/wp-content\/uploads\/2025\/09\/Copia-de-Copia-de-Copia-de-TAMANHO-EXATO-PARA-FOTOS-NO-SISTEMA-NOVO-2025-09-26T160302.612_2025-09-26_19-03-08.webp.webp?fit=1200%2C675&ssl=1&resize=1050%2C600 3x"},"classes":[]},{"id":84232,"url":"https:\/\/noticiasribeiraopreto.com.br\/index.php\/2026\/04\/05\/corpo-de-adolescente-de-14-anos-e-localizado-apos-desaparecer-em-rio\/","url_meta":{"origin":10971,"position":3},"title":"Corpo de adolescente de 14 anos \u00e9 localizado ap\u00f3s desaparecer em rio","author":"noticiasribeiraopreto.com.br","date":"5 de April de 2026","format":false,"excerpt":"Ler o resumo da not\u00edcia Corpo de adolescente de 14 anos \u00e9 localizado ap\u00f3s desaparecer em rio O corpo da adolescente Isabelly Silva Pimentel, de 14 anos, foi encontrado na manh\u00e3 deste domingo (5) pelo Corpo de Bombeiros, em Guar\u00e1, no interior de S\u00e3o Paulo. A informa\u00e7\u00e3o foi confirmada pela\u2026","rel":"","context":"In &quot;Not\u00edcias de Ribeir\u00e3o Preto-SP e Regi\u00e3o&quot;","block_context":{"text":"Not\u00edcias de Ribeir\u00e3o Preto-SP e Regi\u00e3o","link":"https:\/\/noticiasribeiraopreto.com.br\/index.php\/category\/noticias-de-ribeirao-preto-sp-e-regiao-ismael-colosi\/"},"img":{"alt_text":"","src":"https:\/\/i0.wp.com\/noticiasribeiraopreto.com.br\/wp-content\/uploads\/2026\/04\/image_2026-04-05_14-55-51.webp.webp?fit=984%2C616&ssl=1&resize=350%2C200","width":350,"height":200,"srcset":"https:\/\/i0.wp.com\/noticiasribeiraopreto.com.br\/wp-content\/uploads\/2026\/04\/image_2026-04-05_14-55-51.webp.webp?fit=984%2C616&ssl=1&resize=350%2C200 1x, https:\/\/i0.wp.com\/noticiasribeiraopreto.com.br\/wp-content\/uploads\/2026\/04\/image_2026-04-05_14-55-51.webp.webp?fit=984%2C616&ssl=1&resize=525%2C300 1.5x, https:\/\/i0.wp.com\/noticiasribeiraopreto.com.br\/wp-content\/uploads\/2026\/04\/image_2026-04-05_14-55-51.webp.webp?fit=984%2C616&ssl=1&resize=700%2C400 2x"},"classes":[]},{"id":26382,"url":"https:\/\/noticiasribeiraopreto.com.br\/index.php\/2024\/01\/09\/morador-da-regiao-de-ribeirao-teve-o-sonho-de-viajar-pela-america-do-sul-interrompido-apos-acidente-na-argentina\/","url_meta":{"origin":10971,"position":4},"title":"Morador da regi\u00e3o de Ribeir\u00e3o teve o sonho de viajar pela Am\u00e9rica do Sul interrompido ap\u00f3s acidente na Argentina","author":"noticiasribeiraopreto.com.br","date":"9 de January de 2024","format":false,"excerpt":"Juliano Antonio Zavatti, morador da cidade de Monte Alto, na regi\u00e3o de Ribeir\u00e3o Preto, estava realizando o sonho de viajar pela Am\u00e9rica do Sul, quando se envolveu em um acidente e acabou morrendo, nesta segunda-feira (8), em uma rodovia na Argentina. A viagem planejada h\u00e1 um ano, teve in\u00edcio em\u2026","rel":"","context":"In &quot;Not\u00edcias de Ribeir\u00e3o Preto-SP e Regi\u00e3o&quot;","block_context":{"text":"Not\u00edcias de Ribeir\u00e3o Preto-SP e Regi\u00e3o","link":"https:\/\/noticiasribeiraopreto.com.br\/index.php\/category\/noticias-de-ribeirao-preto-sp-e-regiao-ismael-colosi\/"},"img":{"alt_text":"","src":"https:\/\/i0.wp.com\/noticiasribeiraopreto.com.br\/wp-content\/uploads\/2024\/01\/1704848086_Copia-de-Copia-de-TAMANHO-EXATO-PARA-FOTOS-NO-SISTEMA-NOVO-7.png?fit=1200%2C675&ssl=1&resize=350%2C200","width":350,"height":200,"srcset":"https:\/\/i0.wp.com\/noticiasribeiraopreto.com.br\/wp-content\/uploads\/2024\/01\/1704848086_Copia-de-Copia-de-TAMANHO-EXATO-PARA-FOTOS-NO-SISTEMA-NOVO-7.png?fit=1200%2C675&ssl=1&resize=350%2C200 1x, https:\/\/i0.wp.com\/noticiasribeiraopreto.com.br\/wp-content\/uploads\/2024\/01\/1704848086_Copia-de-Copia-de-TAMANHO-EXATO-PARA-FOTOS-NO-SISTEMA-NOVO-7.png?fit=1200%2C675&ssl=1&resize=525%2C300 1.5x, https:\/\/i0.wp.com\/noticiasribeiraopreto.com.br\/wp-content\/uploads\/2024\/01\/1704848086_Copia-de-Copia-de-TAMANHO-EXATO-PARA-FOTOS-NO-SISTEMA-NOVO-7.png?fit=1200%2C675&ssl=1&resize=700%2C400 2x, https:\/\/i0.wp.com\/noticiasribeiraopreto.com.br\/wp-content\/uploads\/2024\/01\/1704848086_Copia-de-Copia-de-TAMANHO-EXATO-PARA-FOTOS-NO-SISTEMA-NOVO-7.png?fit=1200%2C675&ssl=1&resize=1050%2C600 3x"},"classes":[]},{"id":64532,"url":"https:\/\/noticiasribeiraopreto.com.br\/index.php\/2025\/03\/09\/cadeirante-morre-apos-ser-atropelada-por-moto-no-interior-de-sp\/","url_meta":{"origin":10971,"position":5},"title":"Cadeirante morre ap\u00f3s ser atropelada por moto no interior de SP","author":"noticiasribeiraopreto.com.br","date":"9 de March de 2025","format":false,"excerpt":"Uma idosa de 95 morreu ap\u00f3s ser atropelada por um motociclista na avenida Brasil, no bairro Vila Aparecida, em Franca, cidade no interior de S\u00e3o Paulo, na noite deste s\u00e1bado (8). De acordo com o boletim de ocorr\u00eancia, Maria Geralda da Silva era cadeirante e estava com a filha no\u2026","rel":"","context":"In &quot;Not\u00edcias de Ribeir\u00e3o Preto-SP e Regi\u00e3o&quot;","block_context":{"text":"Not\u00edcias de Ribeir\u00e3o Preto-SP e Regi\u00e3o","link":"https:\/\/noticiasribeiraopreto.com.br\/index.php\/category\/noticias-de-ribeirao-preto-sp-e-regiao-ismael-colosi\/"},"img":{"alt_text":"","src":"https:\/\/i0.wp.com\/noticiasribeiraopreto.com.br\/wp-content\/uploads\/2025\/03\/1741539306_giroflex_policia_1024x576_23032020103807.jpg?fit=1024%2C576&ssl=1&resize=350%2C200","width":350,"height":200,"srcset":"https:\/\/i0.wp.com\/noticiasribeiraopreto.com.br\/wp-content\/uploads\/2025\/03\/1741539306_giroflex_policia_1024x576_23032020103807.jpg?fit=1024%2C576&ssl=1&resize=350%2C200 1x, https:\/\/i0.wp.com\/noticiasribeiraopreto.com.br\/wp-content\/uploads\/2025\/03\/1741539306_giroflex_policia_1024x576_23032020103807.jpg?fit=1024%2C576&ssl=1&resize=525%2C300 1.5x, https:\/\/i0.wp.com\/noticiasribeiraopreto.com.br\/wp-content\/uploads\/2025\/03\/1741539306_giroflex_policia_1024x576_23032020103807.jpg?fit=1024%2C576&ssl=1&resize=700%2C400 2x"},"classes":[]}],"jetpack_sharing_enabled":true,"jetpack_shortlink":"https:\/\/wp.me\/peQAOb-2QX","_links":{"self":[{"href":"https:\/\/noticiasribeiraopreto.com.br\/index.php\/wp-json\/wp\/v2\/posts\/10971","targetHints":{"allow":["GET"]}}],"collection":[{"href":"https:\/\/noticiasribeiraopreto.com.br\/index.php\/wp-json\/wp\/v2\/posts"}],"about":[{"href":"https:\/\/noticiasribeiraopreto.com.br\/index.php\/wp-json\/wp\/v2\/types\/post"}],"author":[{"embeddable":true,"href":"https:\/\/noticiasribeiraopreto.com.br\/index.php\/wp-json\/wp\/v2\/users\/1"}],"replies":[{"embeddable":true,"href":"https:\/\/noticiasribeiraopreto.com.br\/index.php\/wp-json\/wp\/v2\/comments?post=10971"}],"version-history":[{"count":0,"href":"https:\/\/noticiasribeiraopreto.com.br\/index.php\/wp-json\/wp\/v2\/posts\/10971\/revisions"}],"wp:featuredmedia":[{"embeddable":true,"href":"https:\/\/noticiasribeiraopreto.com.br\/index.php\/wp-json\/wp\/v2\/media\/10972"}],"wp:attachment":[{"href":"https:\/\/noticiasribeiraopreto.com.br\/index.php\/wp-json\/wp\/v2\/media?parent=10971"}],"wp:term":[{"taxonomy":"category","embeddable":true,"href":"https:\/\/noticiasribeiraopreto.com.br\/index.php\/wp-json\/wp\/v2\/categories?post=10971"},{"taxonomy":"post_tag","embeddable":true,"href":"https:\/\/noticiasribeiraopreto.com.br\/index.php\/wp-json\/wp\/v2\/tags?post=10971"}],"curies":[{"name":"wp","href":"https:\/\/api.w.org\/{rel}","templated":true}]}}