{"id":10975,"date":"2023-12-05T12:09:29","date_gmt":"2023-12-05T15:09:29","guid":{"rendered":"https:\/\/noticiasribeiraopreto.com.br\/index.php\/2023\/12\/05\/cidade-na-regiao-de-ribeirao-tem-concurso-publico-com-salarios-de-r-5-mil\/"},"modified":"2023-12-05T12:09:29","modified_gmt":"2023-12-05T15:09:29","slug":"cidade-na-regiao-de-ribeirao-tem-concurso-publico-com-salarios-de-r-5-mil","status":"publish","type":"post","link":"https:\/\/noticiasribeiraopreto.com.br\/index.php\/2023\/12\/05\/cidade-na-regiao-de-ribeirao-tem-concurso-publico-com-salarios-de-r-5-mil\/","title":{"rendered":"Cidade na regi\u00e3o de Ribeir\u00e3o tem concurso p\u00fablico com sal\u00e1rios de R$ 5 mil"},"content":{"rendered":"<div class='code-block code-block-1' style='margin: 8px 0 8px auto; text-align: right; display: block; clear: both;'>\n<p><a href=\"https:\/\/wa.link\/vpicfd\"><img data-recalc-dims=\"1\" class=\"wp-image-4922\" style=\"aspect-ratio: 2.0253164556962027; width: 561px; height: auto;\" src=\"https:\/\/i0.wp.com\/ismaelcolosi.com.br\/wp-content\/uploads\/2023\/11\/grupo-de-empregos-whatsapp-e-facebook-ismael-colosi-vagas.jpg?ssl=1\" alt=\"\" \/><\/a><\/p>\n<!-- \/wp:image -->\n<\/div>\n<p> <br \/>\n<\/p>\n<div data-td-block-uid=\"tdi_104\">\n<div class=\"tdb-block-inner td-fix-index\">\n<p><strong>A <a href=\"https:\/\/www.saosimao.sp.gov.br\/noticias\/todos\/edital-simplificado-concurso-publico-n-0012023\" target=\"_blank\" rel=\"noreferrer noopener nofollow\">Prefeitura de S\u00e3o Sim\u00e3o<\/a>, na regi\u00e3o de Ribeir\u00e3o Preto, abriu as inscri\u00e7\u00f5es de concurso p\u00fablico com 30 oportunidades para cadastro de reserva e quatro para contrata\u00e7\u00e3o imediata.<\/strong> As vagas s\u00e3o de n\u00edvel fundamental, m\u00e9dio, t\u00e9cnico e superior e os sal\u00e1rios variam entre R$ 1,5 mil e R$ 5,9 mil.<\/p>\n<p><mark style=\"background-color:#fcb900\" class=\"has-inline-color has-black-color\">As inscri\u00e7\u00f5es devem ser realizadas at\u00e9 o dia 8 de janeiro de 2024 <\/mark>pela internet <a href=\"https:\/\/www.institutoindec.org.br\/concursos\/publicacoes\/PREFEITURA+DO+MUNIC%C3%8DPIO+DE+S%C3%83O+SIM%C3%83O\/86\" target=\"_blank\" rel=\"noreferrer noopener nofollow\">(clique aqui)<\/a>. O valor da taxa de inscri\u00e7\u00e3o varia entre R$ 50 e R$ 80.<\/p>\n<h4 class=\"wp-block-heading\"><strong>Veja as vagas dispon\u00edveis<\/strong><\/h4>\n<p><strong>N\u00edvel fundamental<\/strong><\/p>\n<ul>\n<li>Ajudante geral, coveiro, servente, agente de controle de endemias, merendeira, monitor de escola, motorista, oficial, operador de bomba d\u2019\u00e1gua, recepcionista.<\/li>\n<\/ul>\n<p><strong>N\u00edvel m\u00e9dio e t\u00e9cnico<\/strong><\/p>\n<ul>\n<li>Assistente administrativo, auxiliar de educa\u00e7\u00e3o, auxiliar de enfermagem, auxiliar de sa\u00fade bucal, fiscal municipal, fiscal tribut\u00e1rio municipal, operador de m\u00e1quina, t\u00e9cnico em inform\u00e1tica.<\/li>\n<\/ul>\n<p><strong>N\u00edvel superior<\/strong><\/p>\n<ul>\n<li>Analista de recursos humanos, analista jur\u00eddico, controlador interno, enfermeiro, fonoaudi\u00f3loga, m\u00e9dico ginecologista, m\u00e9dico oftalmologista, m\u00e9dico otorrinolaringologista, m\u00e9dico pediatra, m\u00e9dico psiquiatra adulto, m\u00e9dico psiquiatra infantil, terapeuta ocupacional.<\/li>\n<\/ul>\n<p>As provas objetivas est\u00e3o previstas para o dia 4 de fevereiro. O edital completo pode ser conferido <a href=\"https:\/\/www.institutoindec.org.br\/concursos\/publicacoes\/PREFEITURA+DO+MUNIC%C3%8DPIO+DE+S%C3%83O+SIM%C3%83O\/86\" target=\"_blank\" rel=\"noreferrer noopener nofollow\">clicando aqui<\/a>.<\/p>\n<p>VEJA TAMB\u00c9M<br \/>Prefeitura de Ribeir\u00e3o Preto rompe contrato com a empresa da obra da Nove de Julho<\/p>\n<h4 class=\"wp-block-heading\"><strong>FIQUE ON<\/strong><\/h4>\n<p>Fique ligado em tudo que acontece em Ribeir\u00e3o Preto e regi\u00e3o. Siga os perfis do<strong> acidade on <\/strong>no <a href=\"https:\/\/www.instagram.com\/acidadeonribeirao\" target=\"_blank\" rel=\"noreferrer noopener nofollow\">Instagram<\/a> e no <a href=\"https:\/\/www.facebook.com\/acidadeonribeirao\" target=\"_blank\" rel=\"noreferrer noopener nofollow\">Facebook<\/a>.<\/p>\n<p>Receba not\u00edcias do<strong> acidade on <\/strong>no WhatsApp. <a href=\"https:\/\/chat.whatsapp.com\/Bnv2w66ZT4VDyZW3oiZ69n\" target=\"_blank\" rel=\"noreferrer noopener nofollow\">Para entrar no grupo, basta clicar aqui.<\/a><\/p>\n<p>Fa\u00e7a uma den\u00fancia ou sugira uma reportagem sobre a Ribeir\u00e3o Preto e regi\u00e3o pelo WhatsApp: (16) 99117 7802.<\/p>\n<p>LEIA MAIS<br \/><a href=\"https:\/\/www.tudoep.com\/tudo-inovacao\/NOT,0,0,1868449,amigo-oculto-saiba-como-fazer-sorteio-online-e-enviar-pelo-whatsapp.aspx\" target=\"_blank\" rel=\"noreferrer noopener nofollow\">Amigo oculto: saiba como fazer sorteio online e enviar pelo WhatsApp<\/a><\/p>\n<p><!-- AI CONTENT END 1 -->\n<\/div>\n<\/div>\n<p><script async src=\"\/\/www.instagram.com\/embed.js\"><\/script><br \/>\n<br \/><br \/>\n<br \/><a href=\"https:\/\/www.acidadeon.com\/ribeiraopreto\/economia\/cidade-na-regiao-de-ribeirao-tem-concurso-publico-com-salarios-de-r-5-mil\/\">Source link <\/a><\/p>\n<!-- CONTENT END 1 -->\n","protected":false},"excerpt":{"rendered":"<p>A Prefeitura de S\u00e3o Sim\u00e3o, na regi\u00e3o de Ribeir\u00e3o Preto, abriu as inscri\u00e7\u00f5es de concurso p\u00fablico com 30 oportunidades para cadastro de reserva e quatro&#8230;<\/p>\n","protected":false},"author":1,"featured_media":10976,"comment_status":"open","ping_status":"open","sticky":false,"template":"","format":"standard","meta":{"advanced_seo_description":"","jetpack_seo_html_title":"","jetpack_seo_noindex":false,"jetpack_post_was_ever_published":false,"_jetpack_newsletter_access":"","_jetpack_dont_email_post_to_subs":false,"_jetpack_newsletter_tier_id":0,"_jetpack_memberships_contains_paywalled_content":false,"_jetpack_memberships_contains_paid_content":false,"footnotes":"","jetpack_publicize_message":"","jetpack_publicize_feature_enabled":true,"jetpack_social_post_already_shared":true,"jetpack_social_options":{"image_generator_settings":{"template":"highway","default_image_id":0,"font":"","enabled":false},"version":2}},"categories":[11],"tags":[273,567,402,282,277,26,768,162],"class_list":["post-10975","post","type-post","status-publish","format-standard","has-post-thumbnail","hentry","category-noticias-de-ribeirao-preto-sp-e-regiao-ismael-colosi","tag-cidade","tag-concurso","tag-mil","tag-publico","tag-regiao","tag-ribeirao","tag-salarios","tag-tem"],"jetpack_publicize_connections":[],"jetpack_featured_media_url":"https:\/\/i0.wp.com\/noticiasribeiraopreto.com.br\/wp-content\/uploads\/2023\/12\/concurso-publico-5.jpg?fit=1500%2C1000&ssl=1","jetpack-related-posts":[{"id":59357,"url":"https:\/\/noticiasribeiraopreto.com.br\/index.php\/2024\/10\/22\/cidade-na-regiao-de-ribeirao-preto-tem-concurso-publico-com-salarios-de-r-4-mil\/","url_meta":{"origin":10975,"position":0},"title":"Cidade na regi\u00e3o de Ribeir\u00e3o Preto tem concurso p\u00fablico com sal\u00e1rios de R$ 4 mil","author":"noticiasribeiraopreto.com.br","date":"22 de October de 2024","format":false,"excerpt":"A Prefeitura de Santo Ant\u00f4nio da Alegria, na regi\u00e3o de Ribeir\u00e3o Preto, est\u00e1 com as inscri\u00e7\u00f5es abertas de concurso p\u00fablico com 14 vagas, al\u00e9m de oportunidades para o cadastro de reserva. Os sal\u00e1rios para os cargos variam entre R$ 1,4 mil e R$ 4,5 mil. As inscri\u00e7\u00f5es devem ser realizadas\u2026","rel":"","context":"In &quot;Not\u00edcias de Ribeir\u00e3o Preto-SP e Regi\u00e3o&quot;","block_context":{"text":"Not\u00edcias de Ribeir\u00e3o Preto-SP e Regi\u00e3o","link":"https:\/\/noticiasribeiraopreto.com.br\/index.php\/category\/noticias-de-ribeirao-preto-sp-e-regiao-ismael-colosi\/"},"img":{"alt_text":"","src":"https:\/\/i0.wp.com\/noticiasribeiraopreto.com.br\/wp-content\/uploads\/2024\/05\/Copia-de-Copia-de-TAMANHO-EXATO-PARA-FOTOS-NO-SISTEMA-NOVO-33_2024-05-23_13-39-05_jpg_2024-05-23_13-39-05.webp.webp?fit=1200%2C675&ssl=1&resize=350%2C200","width":350,"height":200,"srcset":"https:\/\/i0.wp.com\/noticiasribeiraopreto.com.br\/wp-content\/uploads\/2024\/05\/Copia-de-Copia-de-TAMANHO-EXATO-PARA-FOTOS-NO-SISTEMA-NOVO-33_2024-05-23_13-39-05_jpg_2024-05-23_13-39-05.webp.webp?fit=1200%2C675&ssl=1&resize=350%2C200 1x, https:\/\/i0.wp.com\/noticiasribeiraopreto.com.br\/wp-content\/uploads\/2024\/05\/Copia-de-Copia-de-TAMANHO-EXATO-PARA-FOTOS-NO-SISTEMA-NOVO-33_2024-05-23_13-39-05_jpg_2024-05-23_13-39-05.webp.webp?fit=1200%2C675&ssl=1&resize=525%2C300 1.5x, https:\/\/i0.wp.com\/noticiasribeiraopreto.com.br\/wp-content\/uploads\/2024\/05\/Copia-de-Copia-de-TAMANHO-EXATO-PARA-FOTOS-NO-SISTEMA-NOVO-33_2024-05-23_13-39-05_jpg_2024-05-23_13-39-05.webp.webp?fit=1200%2C675&ssl=1&resize=700%2C400 2x, https:\/\/i0.wp.com\/noticiasribeiraopreto.com.br\/wp-content\/uploads\/2024\/05\/Copia-de-Copia-de-TAMANHO-EXATO-PARA-FOTOS-NO-SISTEMA-NOVO-33_2024-05-23_13-39-05_jpg_2024-05-23_13-39-05.webp.webp?fit=1200%2C675&ssl=1&resize=1050%2C600 3x"},"classes":[]},{"id":78041,"url":"https:\/\/noticiasribeiraopreto.com.br\/index.php\/2025\/10\/01\/cidade-na-regiao-de-ribeirao-preto-tem-concurso-publico-com-salarios-de-ate-r-7-mil\/","url_meta":{"origin":10975,"position":1},"title":"Cidade na regi\u00e3o de Ribeir\u00e3o Preto tem concurso p\u00fablico com sal\u00e1rios de at\u00e9 R$ 7 mil","author":"noticiasribeiraopreto.com.br","date":"1 de October de 2025","format":false,"excerpt":"O Saaeb (Servi\u00e7o Aut\u00f4nomo de \u00c1gua e Esgoto de Bebedouro), na regi\u00e3o de Ribeir\u00e3o Preto, publicou edital de concurso p\u00fablico com quatro vagas. As vagas s\u00e3o de n\u00edvel fundamental, m\u00e9dio e superior e os sal\u00e1rios variam entre R$ 2.197,78 e R$ 7.192,72. As inscri\u00e7\u00f5es devem ser realizadas no per\u00edodo entre\u2026","rel":"","context":"In &quot;Not\u00edcias de Ribeir\u00e3o Preto-SP e Regi\u00e3o&quot;","block_context":{"text":"Not\u00edcias de Ribeir\u00e3o Preto-SP e Regi\u00e3o","link":"https:\/\/noticiasribeiraopreto.com.br\/index.php\/category\/noticias-de-ribeirao-preto-sp-e-regiao-ismael-colosi\/"},"img":{"alt_text":"","src":"https:\/\/i0.wp.com\/noticiasribeiraopreto.com.br\/wp-content\/uploads\/2025\/07\/concurso-publico-ribeirao-preto_2024-08-13_10-44-40_jpg_2024-08-13_10-44-40.webp.webp?fit=1200%2C800&ssl=1&resize=350%2C200","width":350,"height":200,"srcset":"https:\/\/i0.wp.com\/noticiasribeiraopreto.com.br\/wp-content\/uploads\/2025\/07\/concurso-publico-ribeirao-preto_2024-08-13_10-44-40_jpg_2024-08-13_10-44-40.webp.webp?fit=1200%2C800&ssl=1&resize=350%2C200 1x, https:\/\/i0.wp.com\/noticiasribeiraopreto.com.br\/wp-content\/uploads\/2025\/07\/concurso-publico-ribeirao-preto_2024-08-13_10-44-40_jpg_2024-08-13_10-44-40.webp.webp?fit=1200%2C800&ssl=1&resize=525%2C300 1.5x, https:\/\/i0.wp.com\/noticiasribeiraopreto.com.br\/wp-content\/uploads\/2025\/07\/concurso-publico-ribeirao-preto_2024-08-13_10-44-40_jpg_2024-08-13_10-44-40.webp.webp?fit=1200%2C800&ssl=1&resize=700%2C400 2x, https:\/\/i0.wp.com\/noticiasribeiraopreto.com.br\/wp-content\/uploads\/2025\/07\/concurso-publico-ribeirao-preto_2024-08-13_10-44-40_jpg_2024-08-13_10-44-40.webp.webp?fit=1200%2C800&ssl=1&resize=1050%2C600 3x"},"classes":[]},{"id":32826,"url":"https:\/\/noticiasribeiraopreto.com.br\/index.php\/2024\/01\/26\/confira-sete-concursos-publicos-em-sp-com-565-vagas-e-salarios-de-r-12-mil\/","url_meta":{"origin":10975,"position":2},"title":"Confira sete concursos p\u00fablicos em SP com 565 vagas e sal\u00e1rios de R$ 12 mil","author":"noticiasribeiraopreto.com.br","date":"26 de January de 2024","format":false,"excerpt":"Al\u00e9m do \u201cEnem dos Concursos\u201d, quem se interessa por oportunidades em concursos p\u00fablicos pode se candidatar por oportunidades em prefeituras do Estado de S\u00e3o Paulo. S\u00e3o 565 vagas dispon\u00edveis em sete editais em cidades como Ribeir\u00e3o Preto, Campinas, Piracicaba e S\u00e3o Bernardo do Campo. Veja os concursos p\u00fablicos Prefeitura de\u2026","rel":"","context":"In &quot;Not\u00edcias de Ribeir\u00e3o Preto-SP e Regi\u00e3o&quot;","block_context":{"text":"Not\u00edcias de Ribeir\u00e3o Preto-SP e Regi\u00e3o","link":"https:\/\/noticiasribeiraopreto.com.br\/index.php\/category\/noticias-de-ribeirao-preto-sp-e-regiao-ismael-colosi\/"},"img":{"alt_text":"","src":"https:\/\/i0.wp.com\/noticiasribeiraopreto.com.br\/wp-content\/uploads\/2024\/01\/concurso-publico-8.jpg?fit=1200%2C800&ssl=1&resize=350%2C200","width":350,"height":200,"srcset":"https:\/\/i0.wp.com\/noticiasribeiraopreto.com.br\/wp-content\/uploads\/2024\/01\/concurso-publico-8.jpg?fit=1200%2C800&ssl=1&resize=350%2C200 1x, https:\/\/i0.wp.com\/noticiasribeiraopreto.com.br\/wp-content\/uploads\/2024\/01\/concurso-publico-8.jpg?fit=1200%2C800&ssl=1&resize=525%2C300 1.5x, https:\/\/i0.wp.com\/noticiasribeiraopreto.com.br\/wp-content\/uploads\/2024\/01\/concurso-publico-8.jpg?fit=1200%2C800&ssl=1&resize=700%2C400 2x, https:\/\/i0.wp.com\/noticiasribeiraopreto.com.br\/wp-content\/uploads\/2024\/01\/concurso-publico-8.jpg?fit=1200%2C800&ssl=1&resize=1050%2C600 3x"},"classes":[]},{"id":59060,"url":"https:\/\/noticiasribeiraopreto.com.br\/index.php\/2024\/10\/13\/veja-cinco-concursos-publicos-com-mais-de-110-vagas-no-interior-de-sp\/","url_meta":{"origin":10975,"position":3},"title":"Veja cinco concursos p\u00fablicos com mais de 110 vagas no interior de SP","author":"noticiasribeiraopreto.com.br","date":"13 de October de 2024","format":false,"excerpt":"Os interessados em concorrer a uma vaga em concurso p\u00fablico contam com mais de 110 oportunidades em cinco editais dispon\u00edveis no interior de S\u00e3o Paulo. As oportunidades s\u00e3o para cargos de n\u00edvel m\u00e9dio, t\u00e9cnico e superior. Os sal\u00e1rios variam entre R$ 2,1 mil e R$ 12,6 mil. Confira a lista\u2026","rel":"","context":"In &quot;Not\u00edcias de Ribeir\u00e3o Preto-SP e Regi\u00e3o&quot;","block_context":{"text":"Not\u00edcias de Ribeir\u00e3o Preto-SP e Regi\u00e3o","link":"https:\/\/noticiasribeiraopreto.com.br\/index.php\/category\/noticias-de-ribeirao-preto-sp-e-regiao-ismael-colosi\/"},"img":{"alt_text":"","src":"https:\/\/i0.wp.com\/noticiasribeiraopreto.com.br\/wp-content\/uploads\/2024\/09\/Copia-de-Copia-de-TAMANHO-EXATO-PARA-FOTOS-NO-SISTEMA-NOVO-22_2024-07-24_20-00-55_jpg_2024-07-24_20-00-55.webp.webp?fit=1200%2C675&ssl=1&resize=350%2C200","width":350,"height":200,"srcset":"https:\/\/i0.wp.com\/noticiasribeiraopreto.com.br\/wp-content\/uploads\/2024\/09\/Copia-de-Copia-de-TAMANHO-EXATO-PARA-FOTOS-NO-SISTEMA-NOVO-22_2024-07-24_20-00-55_jpg_2024-07-24_20-00-55.webp.webp?fit=1200%2C675&ssl=1&resize=350%2C200 1x, https:\/\/i0.wp.com\/noticiasribeiraopreto.com.br\/wp-content\/uploads\/2024\/09\/Copia-de-Copia-de-TAMANHO-EXATO-PARA-FOTOS-NO-SISTEMA-NOVO-22_2024-07-24_20-00-55_jpg_2024-07-24_20-00-55.webp.webp?fit=1200%2C675&ssl=1&resize=525%2C300 1.5x, https:\/\/i0.wp.com\/noticiasribeiraopreto.com.br\/wp-content\/uploads\/2024\/09\/Copia-de-Copia-de-TAMANHO-EXATO-PARA-FOTOS-NO-SISTEMA-NOVO-22_2024-07-24_20-00-55_jpg_2024-07-24_20-00-55.webp.webp?fit=1200%2C675&ssl=1&resize=700%2C400 2x, https:\/\/i0.wp.com\/noticiasribeiraopreto.com.br\/wp-content\/uploads\/2024\/09\/Copia-de-Copia-de-TAMANHO-EXATO-PARA-FOTOS-NO-SISTEMA-NOVO-22_2024-07-24_20-00-55_jpg_2024-07-24_20-00-55.webp.webp?fit=1200%2C675&ssl=1&resize=1050%2C600 3x"},"classes":[]},{"id":45782,"url":"https:\/\/noticiasribeiraopreto.com.br\/index.php\/2024\/04\/07\/veja-quatro-concursos-publicos-com-as-inscricoes-abertas-no-interior-de-sp\/","url_meta":{"origin":10975,"position":4},"title":"Veja quatro concursos p\u00fablicos com as inscri\u00e7\u00f5es abertas no interior de SP","author":"noticiasribeiraopreto.com.br","date":"7 de April de 2024","format":false,"excerpt":"Para quem est\u00e1 em busca de uma oportunidade de emprego no servi\u00e7o p\u00fablico, o acidade on Ribeir\u00e3o separou quatro concursos p\u00fablicos com as inscri\u00e7\u00f5es abertas no interior de S\u00e3o Paulo. S\u00e3o mais de 400 vagas e sal\u00e1rios de at\u00e9 R$ 8 mil. Prefeitura de Ribeir\u00e3o Preto A Prefeitura de Ribeir\u00e3o\u2026","rel":"","context":"In &quot;Not\u00edcias de Ribeir\u00e3o Preto-SP e Regi\u00e3o&quot;","block_context":{"text":"Not\u00edcias de Ribeir\u00e3o Preto-SP e Regi\u00e3o","link":"https:\/\/noticiasribeiraopreto.com.br\/index.php\/category\/noticias-de-ribeirao-preto-sp-e-regiao-ismael-colosi\/"},"img":{"alt_text":"","src":"https:\/\/i0.wp.com\/noticiasribeiraopreto.com.br\/wp-content\/uploads\/2024\/04\/prova-concurso-publico-2.jpg?fit=1200%2C801&ssl=1&resize=350%2C200","width":350,"height":200,"srcset":"https:\/\/i0.wp.com\/noticiasribeiraopreto.com.br\/wp-content\/uploads\/2024\/04\/prova-concurso-publico-2.jpg?fit=1200%2C801&ssl=1&resize=350%2C200 1x, https:\/\/i0.wp.com\/noticiasribeiraopreto.com.br\/wp-content\/uploads\/2024\/04\/prova-concurso-publico-2.jpg?fit=1200%2C801&ssl=1&resize=525%2C300 1.5x, https:\/\/i0.wp.com\/noticiasribeiraopreto.com.br\/wp-content\/uploads\/2024\/04\/prova-concurso-publico-2.jpg?fit=1200%2C801&ssl=1&resize=700%2C400 2x, https:\/\/i0.wp.com\/noticiasribeiraopreto.com.br\/wp-content\/uploads\/2024\/04\/prova-concurso-publico-2.jpg?fit=1200%2C801&ssl=1&resize=1050%2C600 3x"},"classes":[]},{"id":34931,"url":"https:\/\/noticiasribeiraopreto.com.br\/index.php\/2024\/02\/04\/inscricoes-abertas-para-concurso-publico-da-anatel-com-salario-de-r-164-mil\/","url_meta":{"origin":10975,"position":5},"title":"Inscri\u00e7\u00f5es abertas para concurso p\u00fablico da Anatel com sal\u00e1rio de R$ 16,4 mil","author":"noticiasribeiraopreto.com.br","date":"4 de February de 2024","format":false,"excerpt":"As inscri\u00e7\u00f5es para o concurso p\u00fablico da Anatel (Ag\u00eancia Nacional de Telecomunica\u00e7\u00f5es) est\u00e3o abertas at\u00e9 \u00e0s 18h do dia 26 de fevereiro. Os interessados devem se inscrever pelo site. A taxa de inscri\u00e7\u00e3o \u00e9 R$ 130. Ao todo, s\u00e3o oferecidas 50 vagas, sendo para preenchimento imediato e forma\u00e7\u00e3o de cadastro\u2026","rel":"","context":"In &quot;Not\u00edcias de Ribeir\u00e3o Preto-SP e Regi\u00e3o&quot;","block_context":{"text":"Not\u00edcias de Ribeir\u00e3o Preto-SP e Regi\u00e3o","link":"https:\/\/noticiasribeiraopreto.com.br\/index.php\/category\/noticias-de-ribeirao-preto-sp-e-regiao-ismael-colosi\/"},"img":{"alt_text":"","src":"https:\/\/i0.wp.com\/noticiasribeiraopreto.com.br\/wp-content\/uploads\/2024\/02\/Copia-de-Copia-de-TAMANHO-EXATO-PARA-FOTOS-NO-SISTEMA-NOVO-6.jpg?fit=1200%2C675&ssl=1&resize=350%2C200","width":350,"height":200,"srcset":"https:\/\/i0.wp.com\/noticiasribeiraopreto.com.br\/wp-content\/uploads\/2024\/02\/Copia-de-Copia-de-TAMANHO-EXATO-PARA-FOTOS-NO-SISTEMA-NOVO-6.jpg?fit=1200%2C675&ssl=1&resize=350%2C200 1x, https:\/\/i0.wp.com\/noticiasribeiraopreto.com.br\/wp-content\/uploads\/2024\/02\/Copia-de-Copia-de-TAMANHO-EXATO-PARA-FOTOS-NO-SISTEMA-NOVO-6.jpg?fit=1200%2C675&ssl=1&resize=525%2C300 1.5x, https:\/\/i0.wp.com\/noticiasribeiraopreto.com.br\/wp-content\/uploads\/2024\/02\/Copia-de-Copia-de-TAMANHO-EXATO-PARA-FOTOS-NO-SISTEMA-NOVO-6.jpg?fit=1200%2C675&ssl=1&resize=700%2C400 2x, https:\/\/i0.wp.com\/noticiasribeiraopreto.com.br\/wp-content\/uploads\/2024\/02\/Copia-de-Copia-de-TAMANHO-EXATO-PARA-FOTOS-NO-SISTEMA-NOVO-6.jpg?fit=1200%2C675&ssl=1&resize=1050%2C600 3x"},"classes":[]}],"jetpack_sharing_enabled":true,"jetpack_shortlink":"https:\/\/wp.me\/peQAOb-2R1","_links":{"self":[{"href":"https:\/\/noticiasribeiraopreto.com.br\/index.php\/wp-json\/wp\/v2\/posts\/10975","targetHints":{"allow":["GET"]}}],"collection":[{"href":"https:\/\/noticiasribeiraopreto.com.br\/index.php\/wp-json\/wp\/v2\/posts"}],"about":[{"href":"https:\/\/noticiasribeiraopreto.com.br\/index.php\/wp-json\/wp\/v2\/types\/post"}],"author":[{"embeddable":true,"href":"https:\/\/noticiasribeiraopreto.com.br\/index.php\/wp-json\/wp\/v2\/users\/1"}],"replies":[{"embeddable":true,"href":"https:\/\/noticiasribeiraopreto.com.br\/index.php\/wp-json\/wp\/v2\/comments?post=10975"}],"version-history":[{"count":0,"href":"https:\/\/noticiasribeiraopreto.com.br\/index.php\/wp-json\/wp\/v2\/posts\/10975\/revisions"}],"wp:featuredmedia":[{"embeddable":true,"href":"https:\/\/noticiasribeiraopreto.com.br\/index.php\/wp-json\/wp\/v2\/media\/10976"}],"wp:attachment":[{"href":"https:\/\/noticiasribeiraopreto.com.br\/index.php\/wp-json\/wp\/v2\/media?parent=10975"}],"wp:term":[{"taxonomy":"category","embeddable":true,"href":"https:\/\/noticiasribeiraopreto.com.br\/index.php\/wp-json\/wp\/v2\/categories?post=10975"},{"taxonomy":"post_tag","embeddable":true,"href":"https:\/\/noticiasribeiraopreto.com.br\/index.php\/wp-json\/wp\/v2\/tags?post=10975"}],"curies":[{"name":"wp","href":"https:\/\/api.w.org\/{rel}","templated":true}]}}