{"id":11106,"date":"2023-12-05T16:03:31","date_gmt":"2023-12-05T19:03:31","guid":{"rendered":"https:\/\/noticiasribeiraopreto.com.br\/index.php\/2023\/12\/05\/barbara-evans-rebate-criticas-sobre-sua-aparencia-pos-parto-envelheci-ne\/"},"modified":"2023-12-05T16:03:31","modified_gmt":"2023-12-05T19:03:31","slug":"barbara-evans-rebate-criticas-sobre-sua-aparencia-pos-parto-envelheci-ne","status":"publish","type":"post","link":"https:\/\/noticiasribeiraopreto.com.br\/index.php\/2023\/12\/05\/barbara-evans-rebate-criticas-sobre-sua-aparencia-pos-parto-envelheci-ne\/","title":{"rendered":"B\u00e1rbara Evans rebate cr\u00edticas sobre sua apar\u00eancia p\u00f3s parto: &#8220;Envelheci, n\u00e9?&#8221;"},"content":{"rendered":"<div class='code-block code-block-1' style='margin: 8px 0 8px auto; text-align: right; display: block; clear: both;'>\n<p><a href=\"https:\/\/wa.link\/vpicfd\"><img data-recalc-dims=\"1\" class=\"wp-image-4922\" style=\"aspect-ratio: 2.0253164556962027; width: 561px; height: auto;\" src=\"https:\/\/i0.wp.com\/ismaelcolosi.com.br\/wp-content\/uploads\/2023\/11\/grupo-de-empregos-whatsapp-e-facebook-ismael-colosi-vagas.jpg?ssl=1\" alt=\"\" \/><\/a><\/p>\n<!-- \/wp:image -->\n<\/div>\n<p> <br \/>\n<\/p>\n<div itemprop=\"text\">\n<p>Agora m\u00e3e de tr\u00eas, B\u00e1rbara Evans compartilha o m\u00e1ximo de sua rotina em casa com os tr\u00eas filhos Ayla de 1 ano e os g\u00eameos rec\u00e9m nascidos \u00c1lvaro e Ant\u00f4nio nascidos no \u00faltimo dia 27.<\/p>\n<p>A influenciadora contou que j\u00e1 leu alguns coment\u00e1rios sobre sua apar\u00eancia de \u2018acabada\u2019. Ela revelou que n\u00e3o quis mais usar filtros de imagem para gravar os v\u00eddeos e prefere continuar mostrando sua realidade.<\/p>\n<p><strong>\u201d\u00c9, gente, eu tenho trinta e dois anos, tr\u00eas filhos e estou com oito dias p\u00f3s ces\u00e1rea de g\u00eameos. Ent\u00e3o essa \u00e9 a minha realidade. Envelheci? Envelheci, n\u00e9. Tenho trinta e dois anos, j\u00e1, n\u00e3o sou mais uma princesinha, uma jovem, e cheia de filho nas costas. E acabei de parir\u201d<\/strong>, disparou.<\/p>\n<p>Video (<a href=\"https:\/\/revistaquem.globo.com\/video\/barbara-evans-rebate-criticas-sobre-ter-envelhecido-12169537.ghtml\" target=\"_blank\" rel=\"nofollow noopener sponsored\">clique aqui<\/a>)<\/p>\n<p>Os registros de B\u00e1rbara s\u00e3o desde o in\u00edcio da gravidez. Ela relatou v\u00e1rios momentos dif\u00edceis, inclusive no final da gesta\u00e7\u00e3o quando mostrava as dificuldades para conseguir dormir.<\/p>\n<p>Logo ap\u00f3s o nascimento, ela manteve atualizado seu p\u00fablico no Instagram. No hospital, ela fez fotos na madrugada logo ap\u00f3s parir os g\u00eameos quando contou que um deles estava na UTI.<\/p>\n<p>\u00c1lvaro nasceu com certo desconforto para respirar e ficou na UTI apenas para observa\u00e7\u00e3o, enquanto Ant\u00f4nio estava tentando ser amamentado pela m\u00e3e, que revelou n\u00e3o ter leite.<\/p>\n<p>Antes de vir para casa, \u00c1lvaro teve alta da UTI e, como o irm\u00e3o, tamb\u00e9m come\u00e7ou a ser alimentado com o colostro e f\u00f3rmula, por terem nascido antes do tempo e n\u00e3o ter sido iniciado a produ\u00e7\u00e3o total e leite.<\/p>\n<\/div>\n<p><br \/>\n<br \/><a href=\"https:\/\/fnmais.com\/barbara-evans-rebate-criticas-sobre-sua-aparencia-pos-parto-envelheci-ne\/\">Source link <\/a><\/p>\n<!-- CONTENT END 1 -->\n","protected":false},"excerpt":{"rendered":"<p>Agora m\u00e3e de tr\u00eas, B\u00e1rbara Evans compartilha o m\u00e1ximo de sua rotina em casa com os tr\u00eas filhos Ayla de 1 ano e os g\u00eameos&#8230;<\/p>\n","protected":false},"author":1,"featured_media":11107,"comment_status":"open","ping_status":"open","sticky":false,"template":"","format":"standard","meta":{"advanced_seo_description":"","jetpack_seo_html_title":"","jetpack_seo_noindex":false,"jetpack_post_was_ever_published":false,"_jetpack_newsletter_access":"","_jetpack_dont_email_post_to_subs":false,"_jetpack_newsletter_tier_id":0,"_jetpack_memberships_contains_paywalled_content":false,"_jetpack_memberships_contains_paid_content":false,"footnotes":"","jetpack_publicize_message":"","jetpack_publicize_feature_enabled":true,"jetpack_social_post_already_shared":true,"jetpack_social_options":{"image_generator_settings":{"template":"highway","default_image_id":0,"font":"","enabled":false},"version":2}},"categories":[1],"tags":[],"class_list":["post-11106","post","type-post","status-publish","format-standard","has-post-thumbnail","hentry","category-blog"],"jetpack_publicize_connections":[],"jetpack_featured_media_url":"https:\/\/i0.wp.com\/noticiasribeiraopreto.com.br\/wp-content\/uploads\/2023\/12\/postimg-656f6fc2b74072649.jpg?fit=1200%2C628&ssl=1","jetpack-related-posts":[{"id":21828,"url":"https:\/\/noticiasribeiraopreto.com.br\/index.php\/2023\/12\/28\/de-top-e-calcinha-barbara-evans-decide-dar-detalhes-do-corpo-um-mes-apos-parto-dos-gemeos-quadrilzaco\/","url_meta":{"origin":11106,"position":0},"title":"De top e calcinha, B\u00e1rbara Evans decide dar detalhes do corpo um m\u00eas ap\u00f3s parto dos g\u00eameos: &#8221;Quadrilza\u00e7o&#8221;","author":"noticiasribeiraopreto.com.br","date":"28 de December de 2023","format":false,"excerpt":"O ano de 2023 foi um ano que trouxe muitos beb\u00eas dos famosos ao mundo. Uma delas em dose dupla de meninos, \u00c1lvaro e Ant\u00f4nio nascidos no final de novembro.Os g\u00eameos e mais uma menina de 1 ano s\u00e3o filhos da influenciadora digital B\u00e1rbara Evans. Para acabar com a curiosidade\u2026","rel":"","context":"In &quot;Blog&quot;","block_context":{"text":"Blog","link":"https:\/\/noticiasribeiraopreto.com.br\/index.php\/category\/blog\/"},"img":{"alt_text":"","src":"https:\/\/i0.wp.com\/noticiasribeiraopreto.com.br\/wp-content\/uploads\/2023\/12\/postimg-658dc02ce34b41858.jpg?fit=1200%2C628&ssl=1&resize=350%2C200","width":350,"height":200,"srcset":"https:\/\/i0.wp.com\/noticiasribeiraopreto.com.br\/wp-content\/uploads\/2023\/12\/postimg-658dc02ce34b41858.jpg?fit=1200%2C628&ssl=1&resize=350%2C200 1x, https:\/\/i0.wp.com\/noticiasribeiraopreto.com.br\/wp-content\/uploads\/2023\/12\/postimg-658dc02ce34b41858.jpg?fit=1200%2C628&ssl=1&resize=525%2C300 1.5x, https:\/\/i0.wp.com\/noticiasribeiraopreto.com.br\/wp-content\/uploads\/2023\/12\/postimg-658dc02ce34b41858.jpg?fit=1200%2C628&ssl=1&resize=700%2C400 2x, https:\/\/i0.wp.com\/noticiasribeiraopreto.com.br\/wp-content\/uploads\/2023\/12\/postimg-658dc02ce34b41858.jpg?fit=1200%2C628&ssl=1&resize=1050%2C600 3x"},"classes":[]},{"id":9174,"url":"https:\/\/noticiasribeiraopreto.com.br\/index.php\/2023\/12\/01\/barbara-evans-mostra-saida-da-maternidade-com-os-gemeos\/","url_meta":{"origin":11106,"position":1},"title":"B\u00e1rbara Evans mostra sa\u00edda da maternidade com os g\u00eameos","author":"noticiasribeiraopreto.com.br","date":"1 de December de 2023","format":false,"excerpt":"\u201cHora de ir para casa\u201d, foi legenda escolhida pela influenciadora digital B\u00e1rbara Evans para comemorar a alta do hospital junto dos g\u00eameos \u00c1lvaro e Ant\u00f4nio, nascidos no \u00faltimo dia 27 de novembro.Durante a gravidez, ela compartilhava sua viv\u00eancia com seus seguidores atrav\u00e9s de fotos e v\u00eddeos. Em reta final da\u2026","rel":"","context":"In &quot;Blog&quot;","block_context":{"text":"Blog","link":"https:\/\/noticiasribeiraopreto.com.br\/index.php\/category\/blog\/"},"img":{"alt_text":"","src":"https:\/\/i0.wp.com\/noticiasribeiraopreto.com.br\/wp-content\/uploads\/2023\/12\/postimg-656a1cc1961306144.jpg?fit=1200%2C628&ssl=1&resize=350%2C200","width":350,"height":200,"srcset":"https:\/\/i0.wp.com\/noticiasribeiraopreto.com.br\/wp-content\/uploads\/2023\/12\/postimg-656a1cc1961306144.jpg?fit=1200%2C628&ssl=1&resize=350%2C200 1x, https:\/\/i0.wp.com\/noticiasribeiraopreto.com.br\/wp-content\/uploads\/2023\/12\/postimg-656a1cc1961306144.jpg?fit=1200%2C628&ssl=1&resize=525%2C300 1.5x, https:\/\/i0.wp.com\/noticiasribeiraopreto.com.br\/wp-content\/uploads\/2023\/12\/postimg-656a1cc1961306144.jpg?fit=1200%2C628&ssl=1&resize=700%2C400 2x, https:\/\/i0.wp.com\/noticiasribeiraopreto.com.br\/wp-content\/uploads\/2023\/12\/postimg-656a1cc1961306144.jpg?fit=1200%2C628&ssl=1&resize=1050%2C600 3x"},"classes":[]},{"id":7662,"url":"https:\/\/noticiasribeiraopreto.com.br\/index.php\/2023\/11\/28\/um-dos-gemeos-de-barbara-evans-passa-por-uti-em-observacao\/","url_meta":{"origin":11106,"position":2},"title":"Um dos g\u00eameos de B\u00e1rbara Evans passa por UTI: &#8221; Em observa\u00e7\u00e3o&#8221;","author":"noticiasribeiraopreto.com.br","date":"28 de November de 2023","format":false,"excerpt":"Alegria em dose dupla. A gravidez gemelar \u00e9 uma surpresa e tanto para os papais e para a fam\u00edlia. \u00c9 tudo em dobro. A modelo B\u00e1rbara Evans foi a premiada em dose dupla da vez.Nesta segunda feira, 27 de novembro, ela deu a luz \u00e0 \u00c1lvaro e Ant\u00f4nio. Ela estava\u2026","rel":"","context":"In &quot;Blog&quot;","block_context":{"text":"Blog","link":"https:\/\/noticiasribeiraopreto.com.br\/index.php\/category\/blog\/"},"img":{"alt_text":"","src":"https:\/\/i0.wp.com\/noticiasribeiraopreto.com.br\/wp-content\/uploads\/2023\/11\/postimg-6566144c5812b4955.jpg?fit=1200%2C628&ssl=1&resize=350%2C200","width":350,"height":200,"srcset":"https:\/\/i0.wp.com\/noticiasribeiraopreto.com.br\/wp-content\/uploads\/2023\/11\/postimg-6566144c5812b4955.jpg?fit=1200%2C628&ssl=1&resize=350%2C200 1x, https:\/\/i0.wp.com\/noticiasribeiraopreto.com.br\/wp-content\/uploads\/2023\/11\/postimg-6566144c5812b4955.jpg?fit=1200%2C628&ssl=1&resize=525%2C300 1.5x, https:\/\/i0.wp.com\/noticiasribeiraopreto.com.br\/wp-content\/uploads\/2023\/11\/postimg-6566144c5812b4955.jpg?fit=1200%2C628&ssl=1&resize=700%2C400 2x, https:\/\/i0.wp.com\/noticiasribeiraopreto.com.br\/wp-content\/uploads\/2023\/11\/postimg-6566144c5812b4955.jpg?fit=1200%2C628&ssl=1&resize=1050%2C600 3x"},"classes":[]},{"id":16428,"url":"https:\/\/noticiasribeiraopreto.com.br\/index.php\/2023\/12\/15\/monique-evans-abre-o-jogo-sobre-como-se-descobriu-bissexual-senti-algo-estranho\/","url_meta":{"origin":11106,"position":3},"title":"Monique Evans abre o jogo sobre como se descobriu bissexual: &#8216;Senti algo estranho&#8217;","author":"noticiasribeiraopreto.com.br","date":"15 de December de 2023","format":false,"excerpt":"Apaixonada, a ex modelo Monique Evans, de 67 anos, quando perguntada por um seguidor, abriu o jogo sobre sexualidade e contou sobre como se descobriu bissexual.\u201cNo dia que eu conheci a Cac\u00e1 senti, algo estranho. E a partir da\u00ed, comecei a pensar muito nela. Me perguntei se estava \u2018ensapatando\u2019. Tinha\u2026","rel":"","context":"In &quot;Blog&quot;","block_context":{"text":"Blog","link":"https:\/\/noticiasribeiraopreto.com.br\/index.php\/category\/blog\/"},"img":{"alt_text":"","src":"https:\/\/i0.wp.com\/noticiasribeiraopreto.com.br\/wp-content\/uploads\/2023\/12\/postimg-657c667380dbf2031.jpg?fit=1200%2C628&ssl=1&resize=350%2C200","width":350,"height":200,"srcset":"https:\/\/i0.wp.com\/noticiasribeiraopreto.com.br\/wp-content\/uploads\/2023\/12\/postimg-657c667380dbf2031.jpg?fit=1200%2C628&ssl=1&resize=350%2C200 1x, https:\/\/i0.wp.com\/noticiasribeiraopreto.com.br\/wp-content\/uploads\/2023\/12\/postimg-657c667380dbf2031.jpg?fit=1200%2C628&ssl=1&resize=525%2C300 1.5x, https:\/\/i0.wp.com\/noticiasribeiraopreto.com.br\/wp-content\/uploads\/2023\/12\/postimg-657c667380dbf2031.jpg?fit=1200%2C628&ssl=1&resize=700%2C400 2x, https:\/\/i0.wp.com\/noticiasribeiraopreto.com.br\/wp-content\/uploads\/2023\/12\/postimg-657c667380dbf2031.jpg?fit=1200%2C628&ssl=1&resize=1050%2C600 3x"},"classes":[]},{"id":8194,"url":"https:\/\/noticiasribeiraopreto.com.br\/index.php\/2023\/11\/29\/barbara-evans-atualiza-seu-estado-de-saude-s-pos-parto-doendo-muito\/","url_meta":{"origin":11106,"position":4},"title":"B\u00e1rbara Evans atualiza seu estado de sa\u00fade s p\u00f3s-parto: \u2018Doendo muito\u2019","author":"noticiasribeiraopreto.com.br","date":"29 de November de 2023","format":false,"excerpt":"Celebrar chegada em dose dupla \u00e9 uma das tarefas que mam\u00e3es e papais de g\u00eameos tiram de letra. A influenciadora digital B\u00e1rbara Evans \u00e9 uma das felizardas em dose dupla da vez.Na \u00faltima segunda feira, 27 de novembro, nasceram Ant\u00f4nio e \u00c1lvaro. Logo ap\u00f3s o nascimento dos beb\u00eas, ela fez\u2026","rel":"","context":"In &quot;Blog&quot;","block_context":{"text":"Blog","link":"https:\/\/noticiasribeiraopreto.com.br\/index.php\/category\/blog\/"},"img":{"alt_text":"","src":"https:\/\/i0.wp.com\/noticiasribeiraopreto.com.br\/wp-content\/uploads\/2023\/11\/postimg-65677949b34dd8393.jpg?fit=1200%2C628&ssl=1&resize=350%2C200","width":350,"height":200,"srcset":"https:\/\/i0.wp.com\/noticiasribeiraopreto.com.br\/wp-content\/uploads\/2023\/11\/postimg-65677949b34dd8393.jpg?fit=1200%2C628&ssl=1&resize=350%2C200 1x, https:\/\/i0.wp.com\/noticiasribeiraopreto.com.br\/wp-content\/uploads\/2023\/11\/postimg-65677949b34dd8393.jpg?fit=1200%2C628&ssl=1&resize=525%2C300 1.5x, https:\/\/i0.wp.com\/noticiasribeiraopreto.com.br\/wp-content\/uploads\/2023\/11\/postimg-65677949b34dd8393.jpg?fit=1200%2C628&ssl=1&resize=700%2C400 2x, https:\/\/i0.wp.com\/noticiasribeiraopreto.com.br\/wp-content\/uploads\/2023\/11\/postimg-65677949b34dd8393.jpg?fit=1200%2C628&ssl=1&resize=1050%2C600 3x"},"classes":[]},{"id":14774,"url":"https:\/\/noticiasribeiraopreto.com.br\/index.php\/2023\/12\/12\/apos-ter-sido-afastada-para-conhecer-os-netos-monique-evans-fala-sobre-encontro-com-os-gemeos-confundindo-tudo\/","url_meta":{"origin":11106,"position":5},"title":"Ap\u00f3s ter sido &#8216;afastada&#8217; para conhecer os netos, Monique Evans fala sobre encontro com os g\u00eameos &#8216;confundindo tudo&#8217;","author":"noticiasribeiraopreto.com.br","date":"12 de December de 2023","format":false,"excerpt":"O encontro finalmente aconteceu. Ap\u00f3s ter seguido as orienta\u00e7\u00f5es de B\u00e1rbara Evans para que esperasse para visitar os g\u00eameos, Monique Evans registou o momento com os netinhos.A famosa n\u00e3o tinha visto as crian\u00e7as ainda ap\u00f3s a filha pedir que ela espere que a rotina com as crian\u00e7as seja normalizada para\u2026","rel":"","context":"In &quot;Blog&quot;","block_context":{"text":"Blog","link":"https:\/\/noticiasribeiraopreto.com.br\/index.php\/category\/blog\/"},"img":{"alt_text":"","src":"https:\/\/i0.wp.com\/noticiasribeiraopreto.com.br\/wp-content\/uploads\/2023\/12\/postimg-65787b0e27ddd9585.jpg?fit=1200%2C628&ssl=1&resize=350%2C200","width":350,"height":200,"srcset":"https:\/\/i0.wp.com\/noticiasribeiraopreto.com.br\/wp-content\/uploads\/2023\/12\/postimg-65787b0e27ddd9585.jpg?fit=1200%2C628&ssl=1&resize=350%2C200 1x, https:\/\/i0.wp.com\/noticiasribeiraopreto.com.br\/wp-content\/uploads\/2023\/12\/postimg-65787b0e27ddd9585.jpg?fit=1200%2C628&ssl=1&resize=525%2C300 1.5x, https:\/\/i0.wp.com\/noticiasribeiraopreto.com.br\/wp-content\/uploads\/2023\/12\/postimg-65787b0e27ddd9585.jpg?fit=1200%2C628&ssl=1&resize=700%2C400 2x, https:\/\/i0.wp.com\/noticiasribeiraopreto.com.br\/wp-content\/uploads\/2023\/12\/postimg-65787b0e27ddd9585.jpg?fit=1200%2C628&ssl=1&resize=1050%2C600 3x"},"classes":[]}],"jetpack_sharing_enabled":true,"jetpack_shortlink":"https:\/\/wp.me\/peQAOb-2T8","_links":{"self":[{"href":"https:\/\/noticiasribeiraopreto.com.br\/index.php\/wp-json\/wp\/v2\/posts\/11106","targetHints":{"allow":["GET"]}}],"collection":[{"href":"https:\/\/noticiasribeiraopreto.com.br\/index.php\/wp-json\/wp\/v2\/posts"}],"about":[{"href":"https:\/\/noticiasribeiraopreto.com.br\/index.php\/wp-json\/wp\/v2\/types\/post"}],"author":[{"embeddable":true,"href":"https:\/\/noticiasribeiraopreto.com.br\/index.php\/wp-json\/wp\/v2\/users\/1"}],"replies":[{"embeddable":true,"href":"https:\/\/noticiasribeiraopreto.com.br\/index.php\/wp-json\/wp\/v2\/comments?post=11106"}],"version-history":[{"count":0,"href":"https:\/\/noticiasribeiraopreto.com.br\/index.php\/wp-json\/wp\/v2\/posts\/11106\/revisions"}],"wp:featuredmedia":[{"embeddable":true,"href":"https:\/\/noticiasribeiraopreto.com.br\/index.php\/wp-json\/wp\/v2\/media\/11107"}],"wp:attachment":[{"href":"https:\/\/noticiasribeiraopreto.com.br\/index.php\/wp-json\/wp\/v2\/media?parent=11106"}],"wp:term":[{"taxonomy":"category","embeddable":true,"href":"https:\/\/noticiasribeiraopreto.com.br\/index.php\/wp-json\/wp\/v2\/categories?post=11106"},{"taxonomy":"post_tag","embeddable":true,"href":"https:\/\/noticiasribeiraopreto.com.br\/index.php\/wp-json\/wp\/v2\/tags?post=11106"}],"curies":[{"name":"wp","href":"https:\/\/api.w.org\/{rel}","templated":true}]}}