{"id":11154,"date":"2023-12-05T17:20:24","date_gmt":"2023-12-05T20:20:24","guid":{"rendered":"https:\/\/noticiasribeiraopreto.com.br\/index.php\/2023\/12\/05\/deficit-ameaca-272-dos-municipios\/"},"modified":"2023-12-05T17:20:24","modified_gmt":"2023-12-05T20:20:24","slug":"deficit-ameaca-272-dos-municipios","status":"publish","type":"post","link":"https:\/\/noticiasribeiraopreto.com.br\/index.php\/2023\/12\/05\/deficit-ameaca-272-dos-municipios\/","title":{"rendered":"D\u00e9ficit amea\u00e7a 27,2% dos munic\u00edpios \u00a0"},"content":{"rendered":"<div class='code-block code-block-1' style='margin: 8px 0 8px auto; text-align: right; display: block; clear: both;'>\n<p><a href=\"https:\/\/wa.link\/vpicfd\"><img data-recalc-dims=\"1\" class=\"wp-image-4922\" style=\"aspect-ratio: 2.0253164556962027; width: 561px; height: auto;\" src=\"https:\/\/i0.wp.com\/ismaelcolosi.com.br\/wp-content\/uploads\/2023\/11\/grupo-de-empregos-whatsapp-e-facebook-ismael-colosi-vagas.jpg?ssl=1\" alt=\"\" \/><\/a><\/p>\n<!-- \/wp:image -->\n<\/div>\n<p> <br \/>\n<\/p>\n<div>\n<p><span data-contrast=\"none\">Mais de 28,6% das prefeituras brasileiras afirmaram que atrasariam o pagamento da primeira parcela do d\u00e9cimo terceiro sal\u00e1rio aos funcion\u00e1rios, que deveria ocorrer at\u00e9 a \u00faltima quinta-feira, 30 de novembro. Isso representa 1.246 administra\u00e7\u00f5es municipais que participaram da pesquisa da Confedera\u00e7\u00e3o Nacional de Munic\u00edpios (CNM). <\/span><\/p>\n<p><span data-contrast=\"none\">O tradicional estudo elaborado pela entidade municipalista ouviu 4.456 prefeituras, ou seja, 80% do total de 5.568 munic\u00edpios do pa\u00eds, entre os dias 25 de outubro e 27 de novembro. Al\u00e9m do pagamento do benef\u00edcio, a entidade identificou que 27,2% das prefeituras acreditam que encerrar\u00e3o o ano no vermelho, ou seja, 1.214 dos entrevistados. <\/span><\/p>\n<p><span data-contrast=\"none\">Ao serem questionados sobre as expectativas para o ano que vem, 47,6%, ou 2.121 prefeituras possuem expectativa de melhora nas finan\u00e7as municipais para o pr\u00f3ximo ano. Outras 2.083 prefeituras, ou 46,7% do total, informaram que n\u00e3o acreditam em um cen\u00e1rio positivo. <\/span><\/p>\n<p><span data-contrast=\"none\">A pesquisa da confedera\u00e7\u00e3o identificou ainda que 2,7%, ou seja, em 119 prefeituras a folha de pagamento n\u00e3o est\u00e1 em dia. Em 96%, 4.278 munic\u00edpios, entretanto o pagamento est\u00e1 em dia. Sobre o pagamento dos fornecedores, 44,2% dos gestores municipais responderam que est\u00e3o em atraso; outros 53,3% afirmaram que o pagamento dos prestadores de servi\u00e7o est\u00e1 em dia. <\/span><\/p>\n<p><span data-contrast=\"none\">A CNM tamb\u00e9m questionou os gestores sobre a forma de pagamento do 13\u00ba sal\u00e1rio, se seria parcela \u00fanica ou parcelado. Em rela\u00e7\u00e3o \u00e0 primeira parcela, 28,6%, ou 1.246, das prefeituras afirmaram que v\u00e3o atrasar o pagamento. Por outro lado, o pagamento da primeira parcela j\u00e1 foi efetuado por 54,6%, ou 2.382. <\/span><\/p>\n<p><span data-contrast=\"none\">Quanto \u00e0 segunda parcela, 9,4%, ou 229 Munic\u00edpios informaram que devem atrasar o pagamento. Outros 87,7%, ou 2.135 Munic\u00edpios dever\u00e3o pagar at\u00e9 o dia 20 de dezembro. \u201cH\u00e1 tr\u00eas meses, mais de 52% dos munic\u00edpios j\u00e1 estavam no vermelho e os \u00faltimos dados mostram um cen\u00e1rio preocupante no \u00e2mbito da gest\u00e3o local\u201d, destaca o presidente da CNM, Paulo Ziulkoski.\u00a0<\/span><span data-ccp-props=\"{&quot;201341983&quot;:0,&quot;335559739&quot;:200,&quot;335559740&quot;:276}\">\u00a0<\/span><\/p>\n<p><span data-ccp-props=\"{&quot;201341983&quot;:0,&quot;335559739&quot;:200,&quot;335559740&quot;:276}\">\u00a0<\/span><span data-contrast=\"none\">\u201cAgora, no final do ano, esse aumento das despesas, principalmente de pessoal, com o pagamento do 13\u00ba sal\u00e1rio, refor\u00e7a que \u00e9 urgente o debate e a implementa\u00e7\u00e3o de medidas estruturantes\u201d, Para 92,9%, ou seja, 4.138 prefeituras, o adicional de 1% do Fundo de Participa\u00e7\u00e3o dos Munic\u00edpios (FPM) que ser\u00e1 creditado nos cofres municipais contribuir\u00e1 para o pagamento do 13\u00ba sal\u00e1rio dos servidores. <\/span><\/p>\n<p><span data-contrast=\"none\">O adicional foi uma conquista da CNM no ano de 2007 e, desde dezembro de 2008, as prefeituras passaram a receber de forma integral o 1% adicional do FPM, sempre no m\u00eas de dezembro. A parcela de 2023 \u2013 a 16\u00aa da hist\u00f3ria \u2013 ser\u00e1 paga em 7 de dezembro.<\/span><\/p>\n<p><b><span data-contrast=\"none\">Pesquisa \u2013 <\/span><\/b><span data-contrast=\"none\">O escopo da pesquisa \u00e9 diagnosticar a situa\u00e7\u00e3o fiscal das prefeituras em rela\u00e7\u00e3o ao pagamento do d\u00e9cimo terceiro sal\u00e1rio diante do atual cen\u00e1rio de crise enfrentado pelos gestores. Os munic\u00edpios possuem mais de 6,2 milh\u00f5es de servidores municipais. <\/span><\/p>\n<p><span data-contrast=\"none\">Os dados s\u00e3o da Rela\u00e7\u00e3o Anual de Informa\u00e7\u00f5es Sociais (RAIS) de 2021, O impacto financeiro apenas desse benef\u00edcio salarial ao funcionalismo municipal \u00e9 R$ 25,667 bilh\u00f5es, montante que dever\u00e1 aquecer a economia nos munic\u00edpios no final do ano.<\/span><\/p>\n<p><span data-ccp-props=\"{&quot;201341983&quot;:0,&quot;335559739&quot;:200,&quot;335559740&quot;:276}\">\u00a0<\/span><\/p>\n<\/div>\n<p><br \/>\n<br \/><a href=\"https:\/\/www.tribunaribeirao.com.br\/site\/deficit-ameaca-272-dos-municipios\/\">Source link <\/a><\/p>\n<!-- CONTENT END 1 -->\n","protected":false},"excerpt":{"rendered":"<p>Mais de 28,6% das prefeituras brasileiras afirmaram que atrasariam o pagamento da primeira parcela do d\u00e9cimo terceiro sal\u00e1rio aos funcion\u00e1rios, que deveria ocorrer at\u00e9 a&#8230;<\/p>\n","protected":false},"author":1,"featured_media":11155,"comment_status":"open","ping_status":"open","sticky":false,"template":"","format":"standard","meta":{"advanced_seo_description":"","jetpack_seo_html_title":"","jetpack_seo_noindex":false,"jetpack_post_was_ever_published":false,"_jetpack_newsletter_access":"","_jetpack_dont_email_post_to_subs":false,"_jetpack_newsletter_tier_id":0,"_jetpack_memberships_contains_paywalled_content":false,"_jetpack_memberships_contains_paid_content":false,"footnotes":"","jetpack_publicize_message":"","jetpack_publicize_feature_enabled":true,"jetpack_social_post_already_shared":true,"jetpack_social_options":{"image_generator_settings":{"template":"highway","default_image_id":0,"font":"","enabled":false},"version":2}},"categories":[11],"tags":[1547,1546,470,756],"class_list":["post-11154","post","type-post","status-publish","format-standard","has-post-thumbnail","hentry","category-noticias-de-ribeirao-preto-sp-e-regiao-ismael-colosi","tag-ameaca","tag-deficit","tag-dos","tag-municipios"],"jetpack_publicize_connections":[],"jetpack_featured_media_url":"https:\/\/i0.wp.com\/noticiasribeiraopreto.com.br\/wp-content\/uploads\/2023\/12\/ContasCNM-Marcelo-Camargo-Ag.Br_-scaled.jpg?fit=968%2C645&ssl=1","jetpack-related-posts":[{"id":6287,"url":"https:\/\/noticiasribeiraopreto.com.br\/index.php\/2023\/11\/25\/aprovado-repasse-de-r-50-mi-para-o-ipm\/","url_meta":{"origin":11154,"position":0},"title":"Aprovado repasse de R$ 50 mi para o IPM\u00a0","author":"noticiasribeiraopreto.com.br","date":"25 de November de 2023","format":false,"excerpt":"25 de novembro de 2023 | 13:0025 de novembro de 2023 | 9:07 0A C\u00e2mara de Vereadores aprovou projeto de lei da prefeitura que autoriza repasse de at\u00e9 R$ 50 milh\u00f5es para o Instituto de Previd\u00eancia dos Municipi\u00e1rios (IPM). De acordo com a proposta, os recursos ser\u00e3o utilizados para a\u2026","rel":"","context":"In &quot;Not\u00edcias de Ribeir\u00e3o Preto-SP e Regi\u00e3o&quot;","block_context":{"text":"Not\u00edcias de Ribeir\u00e3o Preto-SP e Regi\u00e3o","link":"https:\/\/noticiasribeiraopreto.com.br\/index.php\/category\/noticias-de-ribeirao-preto-sp-e-regiao-ismael-colosi\/"},"img":{"alt_text":"","src":"https:\/\/i0.wp.com\/noticiasribeiraopreto.com.br\/wp-content\/uploads\/2023\/11\/divida.jpg?fit=1200%2C627&ssl=1&resize=350%2C200","width":350,"height":200,"srcset":"https:\/\/i0.wp.com\/noticiasribeiraopreto.com.br\/wp-content\/uploads\/2023\/11\/divida.jpg?fit=1200%2C627&ssl=1&resize=350%2C200 1x, https:\/\/i0.wp.com\/noticiasribeiraopreto.com.br\/wp-content\/uploads\/2023\/11\/divida.jpg?fit=1200%2C627&ssl=1&resize=525%2C300 1.5x, https:\/\/i0.wp.com\/noticiasribeiraopreto.com.br\/wp-content\/uploads\/2023\/11\/divida.jpg?fit=1200%2C627&ssl=1&resize=700%2C400 2x, https:\/\/i0.wp.com\/noticiasribeiraopreto.com.br\/wp-content\/uploads\/2023\/11\/divida.jpg?fit=1200%2C627&ssl=1&resize=1050%2C600 3x"},"classes":[]},{"id":1256,"url":"https:\/\/noticiasribeiraopreto.com.br\/index.php\/2023\/11\/11\/governo-vai-repassar-r-50-mi-para-o-ipm\/","url_meta":{"origin":11154,"position":1},"title":"Governo vai repassar R$ 50 mi para o IPM\u00a0","author":"noticiasribeiraopreto.com.br","date":"11 de November de 2023","format":false,"excerpt":"11 de novembro de 2023 | 11:0010 de novembro de 2023 | 19:08 0A prefeitura de Ribeir\u00e3o Preto protocolou, na C\u00e2mara de Vereadores, projeto de lei que pede autoriza\u00e7\u00e3o para repassar at\u00e9 R$ 50 milh\u00f5es para o Instituto de Previd\u00eancia dos Municipi\u00e1rios (IPM). De acordo com a proposta, os recursos\u2026","rel":"","context":"In &quot;Not\u00edcias de Ribeir\u00e3o Preto-SP e Regi\u00e3o&quot;","block_context":{"text":"Not\u00edcias de Ribeir\u00e3o Preto-SP e Regi\u00e3o","link":"https:\/\/noticiasribeiraopreto.com.br\/index.php\/category\/noticias-de-ribeirao-preto-sp-e-regiao-ismael-colosi\/"},"img":{"alt_text":"","src":"https:\/\/i0.wp.com\/noticiasribeiraopreto.com.br\/wp-content\/uploads\/2023\/11\/IPM-scaled.jpg?fit=967%2C645&ssl=1&resize=350%2C200","width":350,"height":200,"srcset":"https:\/\/i0.wp.com\/noticiasribeiraopreto.com.br\/wp-content\/uploads\/2023\/11\/IPM-scaled.jpg?fit=967%2C645&ssl=1&resize=350%2C200 1x, https:\/\/i0.wp.com\/noticiasribeiraopreto.com.br\/wp-content\/uploads\/2023\/11\/IPM-scaled.jpg?fit=967%2C645&ssl=1&resize=525%2C300 1.5x, https:\/\/i0.wp.com\/noticiasribeiraopreto.com.br\/wp-content\/uploads\/2023\/11\/IPM-scaled.jpg?fit=967%2C645&ssl=1&resize=700%2C400 2x"},"classes":[]},{"id":85174,"url":"https:\/\/noticiasribeiraopreto.com.br\/index.php\/2026\/04\/23\/permuta-com-marista-area-do-municipio-vale-r-29-mi-a-mais\/","url_meta":{"origin":11154,"position":2},"title":"Permuta com Marista &#8211; \u00c1rea do munic\u00edpio vale R$ 29 mi a mais","author":"noticiasribeiraopreto.com.br","date":"23 de April de 2026","format":false,"excerpt":"\r \r \r 23 de abril de 2026 08:0823 de abril de 2026 14:57 \r Compartilhar0 Segundo apura\u00e7\u00e3o do Tribuna, a avalia\u00e7\u00e3o do Cresci-SP constatou que a \u00e1rea p\u00fablica municipal vale R$ 29 milh\u00f5es a mais do que o pr\u00e9dio do Col\u00e9gio Marista O Tribuna apurou que a avalia\u00e7\u00e3o de\u2026","rel":"","context":"In &quot;Not\u00edcias de Ribeir\u00e3o Preto-SP e Regi\u00e3o&quot;","block_context":{"text":"Not\u00edcias de Ribeir\u00e3o Preto-SP e Regi\u00e3o","link":"https:\/\/noticiasribeiraopreto.com.br\/index.php\/category\/noticias-de-ribeirao-preto-sp-e-regiao-ismael-colosi\/"},"img":{"alt_text":"","src":"https:\/\/i0.wp.com\/noticiasribeiraopreto.com.br\/wp-content\/uploads\/2026\/04\/1776972562_CentroRP-Ola-Alfredo-Risk-Arquivo-scaled.jpg?fit=1200%2C675&ssl=1&resize=350%2C200","width":350,"height":200,"srcset":"https:\/\/i0.wp.com\/noticiasribeiraopreto.com.br\/wp-content\/uploads\/2026\/04\/1776972562_CentroRP-Ola-Alfredo-Risk-Arquivo-scaled.jpg?fit=1200%2C675&ssl=1&resize=350%2C200 1x, https:\/\/i0.wp.com\/noticiasribeiraopreto.com.br\/wp-content\/uploads\/2026\/04\/1776972562_CentroRP-Ola-Alfredo-Risk-Arquivo-scaled.jpg?fit=1200%2C675&ssl=1&resize=525%2C300 1.5x, https:\/\/i0.wp.com\/noticiasribeiraopreto.com.br\/wp-content\/uploads\/2026\/04\/1776972562_CentroRP-Ola-Alfredo-Risk-Arquivo-scaled.jpg?fit=1200%2C675&ssl=1&resize=700%2C400 2x, https:\/\/i0.wp.com\/noticiasribeiraopreto.com.br\/wp-content\/uploads\/2026\/04\/1776972562_CentroRP-Ola-Alfredo-Risk-Arquivo-scaled.jpg?fit=1200%2C675&ssl=1&resize=1050%2C600 3x"},"classes":[]},{"id":85157,"url":"https:\/\/noticiasribeiraopreto.com.br\/index.php\/2026\/04\/23\/area-do-municipio-vale-r-29-mi-a-mais\/","url_meta":{"origin":11154,"position":3},"title":"\u00c1rea do munic\u00edpio vale R$ 29 mi a mais","author":"noticiasribeiraopreto.com.br","date":"23 de April de 2026","format":false,"excerpt":"Segundo apura\u00e7\u00e3o do Tribuna, a avalia\u00e7\u00e3o do CresciSP constatou que a \u00e1rea p\u00fablica municipal vale R$ 29 milh\u00f5es a mais do que o pr\u00e9dio do Col\u00e9gio Marista O Tribuna apurou que a avalia\u00e7\u00e3o de dois im\u00f3veis que a prefeitura de Ribeir\u00e3o Preto e o Col\u00e9gio Marista planejam permutar j\u00e1 foi\u2026","rel":"","context":"In &quot;Not\u00edcias de Ribeir\u00e3o Preto-SP e Regi\u00e3o&quot;","block_context":{"text":"Not\u00edcias de Ribeir\u00e3o Preto-SP e Regi\u00e3o","link":"https:\/\/noticiasribeiraopreto.com.br\/index.php\/category\/noticias-de-ribeirao-preto-sp-e-regiao-ismael-colosi\/"},"img":{"alt_text":"","src":"https:\/\/i0.wp.com\/noticiasribeiraopreto.com.br\/wp-content\/uploads\/2026\/04\/CentroRP-Ola-Alfredo-Risk-Arquivo-scaled.jpg?fit=1200%2C675&ssl=1&resize=350%2C200","width":350,"height":200,"srcset":"https:\/\/i0.wp.com\/noticiasribeiraopreto.com.br\/wp-content\/uploads\/2026\/04\/CentroRP-Ola-Alfredo-Risk-Arquivo-scaled.jpg?fit=1200%2C675&ssl=1&resize=350%2C200 1x, https:\/\/i0.wp.com\/noticiasribeiraopreto.com.br\/wp-content\/uploads\/2026\/04\/CentroRP-Ola-Alfredo-Risk-Arquivo-scaled.jpg?fit=1200%2C675&ssl=1&resize=525%2C300 1.5x, https:\/\/i0.wp.com\/noticiasribeiraopreto.com.br\/wp-content\/uploads\/2026\/04\/CentroRP-Ola-Alfredo-Risk-Arquivo-scaled.jpg?fit=1200%2C675&ssl=1&resize=700%2C400 2x, https:\/\/i0.wp.com\/noticiasribeiraopreto.com.br\/wp-content\/uploads\/2026\/04\/CentroRP-Ola-Alfredo-Risk-Arquivo-scaled.jpg?fit=1200%2C675&ssl=1&resize=1050%2C600 3x"},"classes":[]},{"id":75933,"url":"https:\/\/noticiasribeiraopreto.com.br\/index.php\/2025\/08\/18\/camara-de-ribeirao-aprova-programa-refis-para-renegociacao-de-dividas-municipais\/","url_meta":{"origin":11154,"position":4},"title":"C\u00e2mara de Ribeir\u00e3o aprova Programa Refis para renegocia\u00e7\u00e3o de d\u00edvidas municipais","author":"noticiasribeiraopreto.com.br","date":"18 de August de 2025","format":false,"excerpt":"A C\u00e2mara Municipal de Ribeir\u00e3o Preto aprovou, em primeira discuss\u00e3o nesta segunda-feira (18), o Programa Refis Ribeir\u00e3o, que prev\u00ea a renegocia\u00e7\u00e3o de d\u00edvidas com a Administra\u00e7\u00e3o Municipal e com a Saerp (Secretaria de \u00c1gua e Esgoto de Ribeir\u00e3o Preto). O projeto foi aprovado por 16 vereadores, com voto contr\u00e1rio apenas\u2026","rel":"","context":"In &quot;Not\u00edcias de Ribeir\u00e3o Preto-SP e Regi\u00e3o&quot;","block_context":{"text":"Not\u00edcias de Ribeir\u00e3o Preto-SP e Regi\u00e3o","link":"https:\/\/noticiasribeiraopreto.com.br\/index.php\/category\/noticias-de-ribeirao-preto-sp-e-regiao-ismael-colosi\/"},"img":{"alt_text":"","src":"https:\/\/i0.wp.com\/noticiasribeiraopreto.com.br\/wp-content\/uploads\/2025\/08\/DSC6100_0_2025-08-18_23-05-17.webp.webp?fit=1200%2C800&ssl=1&resize=350%2C200","width":350,"height":200,"srcset":"https:\/\/i0.wp.com\/noticiasribeiraopreto.com.br\/wp-content\/uploads\/2025\/08\/DSC6100_0_2025-08-18_23-05-17.webp.webp?fit=1200%2C800&ssl=1&resize=350%2C200 1x, https:\/\/i0.wp.com\/noticiasribeiraopreto.com.br\/wp-content\/uploads\/2025\/08\/DSC6100_0_2025-08-18_23-05-17.webp.webp?fit=1200%2C800&ssl=1&resize=525%2C300 1.5x, https:\/\/i0.wp.com\/noticiasribeiraopreto.com.br\/wp-content\/uploads\/2025\/08\/DSC6100_0_2025-08-18_23-05-17.webp.webp?fit=1200%2C800&ssl=1&resize=700%2C400 2x, https:\/\/i0.wp.com\/noticiasribeiraopreto.com.br\/wp-content\/uploads\/2025\/08\/DSC6100_0_2025-08-18_23-05-17.webp.webp?fit=1200%2C800&ssl=1&resize=1050%2C600 3x"},"classes":[]},{"id":18184,"url":"https:\/\/noticiasribeiraopreto.com.br\/index.php\/2023\/12\/19\/comeca-distribuicao-dos-carnes-do-iptu-em-rp\/","url_meta":{"origin":11154,"position":5},"title":"Come\u00e7a distribui\u00e7\u00e3o dos carn\u00eas do IPTU em RP","author":"noticiasribeiraopreto.com.br","date":"19 de December de 2023","format":false,"excerpt":"19 de dezembro de 2023 | 14:46 1A prefeitura de Ribeir\u00e3o Preto come\u00e7a nesta quarta-feira, 20 de dezembro, o envio dos carn\u00eas do Imposto Predial e Territorial Urbano (IPTU) do pr\u00f3ximo ano. Segundo a secretaria municipal da Fazenda, o n\u00famero de contribuintes totaliza 350.449, sendo 311.126 referentes a im\u00f3veis e\u2026","rel":"","context":"In &quot;Not\u00edcias de Ribeir\u00e3o Preto-SP e Regi\u00e3o&quot;","block_context":{"text":"Not\u00edcias de Ribeir\u00e3o Preto-SP e Regi\u00e3o","link":"https:\/\/noticiasribeiraopreto.com.br\/index.php\/category\/noticias-de-ribeirao-preto-sp-e-regiao-ismael-colosi\/"},"img":{"alt_text":"","src":"https:\/\/i0.wp.com\/noticiasribeiraopreto.com.br\/wp-content\/uploads\/2023\/12\/iptu.jpg?fit=700%2C450&ssl=1&resize=350%2C200","width":350,"height":200,"srcset":"https:\/\/i0.wp.com\/noticiasribeiraopreto.com.br\/wp-content\/uploads\/2023\/12\/iptu.jpg?fit=700%2C450&ssl=1&resize=350%2C200 1x, https:\/\/i0.wp.com\/noticiasribeiraopreto.com.br\/wp-content\/uploads\/2023\/12\/iptu.jpg?fit=700%2C450&ssl=1&resize=525%2C300 1.5x, https:\/\/i0.wp.com\/noticiasribeiraopreto.com.br\/wp-content\/uploads\/2023\/12\/iptu.jpg?fit=700%2C450&ssl=1&resize=700%2C400 2x"},"classes":[]}],"jetpack_sharing_enabled":true,"jetpack_shortlink":"https:\/\/wp.me\/peQAOb-2TU","_links":{"self":[{"href":"https:\/\/noticiasribeiraopreto.com.br\/index.php\/wp-json\/wp\/v2\/posts\/11154","targetHints":{"allow":["GET"]}}],"collection":[{"href":"https:\/\/noticiasribeiraopreto.com.br\/index.php\/wp-json\/wp\/v2\/posts"}],"about":[{"href":"https:\/\/noticiasribeiraopreto.com.br\/index.php\/wp-json\/wp\/v2\/types\/post"}],"author":[{"embeddable":true,"href":"https:\/\/noticiasribeiraopreto.com.br\/index.php\/wp-json\/wp\/v2\/users\/1"}],"replies":[{"embeddable":true,"href":"https:\/\/noticiasribeiraopreto.com.br\/index.php\/wp-json\/wp\/v2\/comments?post=11154"}],"version-history":[{"count":0,"href":"https:\/\/noticiasribeiraopreto.com.br\/index.php\/wp-json\/wp\/v2\/posts\/11154\/revisions"}],"wp:featuredmedia":[{"embeddable":true,"href":"https:\/\/noticiasribeiraopreto.com.br\/index.php\/wp-json\/wp\/v2\/media\/11155"}],"wp:attachment":[{"href":"https:\/\/noticiasribeiraopreto.com.br\/index.php\/wp-json\/wp\/v2\/media?parent=11154"}],"wp:term":[{"taxonomy":"category","embeddable":true,"href":"https:\/\/noticiasribeiraopreto.com.br\/index.php\/wp-json\/wp\/v2\/categories?post=11154"},{"taxonomy":"post_tag","embeddable":true,"href":"https:\/\/noticiasribeiraopreto.com.br\/index.php\/wp-json\/wp\/v2\/tags?post=11154"}],"curies":[{"name":"wp","href":"https:\/\/api.w.org\/{rel}","templated":true}]}}