{"id":11158,"date":"2023-12-05T17:27:39","date_gmt":"2023-12-05T20:27:39","guid":{"rendered":"https:\/\/noticiasribeiraopreto.com.br\/index.php\/2023\/12\/05\/concurso-publico-camara-de-porto-feliz-sp-tem-remuneracao-de-ate-r-55-mil\/"},"modified":"2023-12-05T17:27:39","modified_gmt":"2023-12-05T20:27:39","slug":"concurso-publico-camara-de-porto-feliz-sp-tem-remuneracao-de-ate-r-55-mil","status":"publish","type":"post","link":"https:\/\/noticiasribeiraopreto.com.br\/index.php\/2023\/12\/05\/concurso-publico-camara-de-porto-feliz-sp-tem-remuneracao-de-ate-r-55-mil\/","title":{"rendered":"Concurso p\u00fablico C\u00e2mara de Porto Feliz (SP) tem remunera\u00e7\u00e3o de at\u00e9 R$ 5,5 mil"},"content":{"rendered":"<div class='code-block code-block-1' style='margin: 8px 0 8px auto; text-align: right; display: block; clear: both;'>\n<p><a href=\"https:\/\/wa.link\/vpicfd\"><img data-recalc-dims=\"1\" class=\"wp-image-4922\" style=\"aspect-ratio: 2.0253164556962027; width: 561px; height: auto;\" src=\"https:\/\/i0.wp.com\/ismaelcolosi.com.br\/wp-content\/uploads\/2023\/11\/grupo-de-empregos-whatsapp-e-facebook-ismael-colosi-vagas.jpg?ssl=1\" alt=\"\" \/><\/a><\/p>\n<!-- \/wp:image -->\n<\/div>\n<p> <br \/>\n<\/p>\n<div>\n<div id=\"attachment_2319810\" class=\"wp-caption alignnone\">\n<div class=\"d-flex justify-content-center\" data-attachment-id=\"2319810\">\n<div class=\"position-relative d-inline-block\"><img data-recalc-dims=\"1\" data-portal-copyright=\"IStock\" fetchpriority=\"high\" decoding=\"async\" class=\"size-medium wp-image-2319810\" src=\"https:\/\/i0.wp.com\/catracalivre.com.br\/wp-content\/uploads\/2023\/12\/istock-1361035512-450x300.jpg?resize=450%2C300&#038;ssl=1\" alt=\"Concurso P\u00fablico C\u00e2mara de Porto Feliz\" width=\"450\" height=\"300\" srcset=\"https:\/\/catracalivre.com.br\/wp-content\/uploads\/2023\/12\/istock-1361035512-450x300.jpg 450w, https:\/\/catracalivre.com.br\/wp-content\/uploads\/2023\/12\/istock-1361035512-910x607.jpg 910w, https:\/\/catracalivre.com.br\/wp-content\/uploads\/2023\/12\/istock-1361035512-768x512.jpg 768w, https:\/\/catracalivre.com.br\/wp-content\/uploads\/2023\/12\/istock-1361035512.jpg 1254w\" sizes=\"(max-width: 450px) 100vw, 450px\"\/><\/p>\n<p>Cr\u00e9ditos: IStock<\/p>\n<\/div>\n<\/div>\n<p><span class=\"post-imagem__legenda\">Concurso P\u00fablico C\u00e2mara de Porto Feliz<\/span><\/p>\n<\/div>\n<p>A C\u00e2mara de Porto Feliz,\u00a0no estado de\u00a0S\u00e3o Paulo, anuncia edital de n\u00ba 01\/2023 para <a href=\"https:\/\/catracalivre.com.br\/educacao\/concurso-publico-do-hcpa-oferece-cargos-de-niveis-fundamental-e-medio\/\">concurso<\/a> p\u00fablico, que visa o preenchimento de nove vagas imediatas para contrata\u00e7\u00e3o pelo Regime Jur\u00eddico Estatut\u00e1rio. O edital tem oportunidades destinadas a profissionais com grau de escolaridade superior, m\u00e9dio e fundamental.<\/p>\n<p>A remunera\u00e7\u00e3o inicial ofertada aos profissionais contratados em <a href=\"https:\/\/catracalivre.com.br\/educacao\/concurso-publico-aberto-no-parana-para-pessoas-com-nivel-medio\/\">concurso<\/a> p\u00fablico varia de\u00a0R$ 2.457,31 a R$ 5.503,91\u00a0para executar as atividades inerentes ao cargo em jornadas de 20 a 40 horas por semana.<\/p>\n<h2>As vagas destinadas aos seguintes cargos:<\/h2>\n<p>Agente de Manuten\u00e7\u00e3o e Zeladoria:\u00a0oportunidade para profissional com n\u00edvel fundamental completo;<\/p>\n<p>Controlador de \u00c1udio\/V\u00eddeo e Patrim\u00f4nio: oportunidade para profissional com n\u00edvel m\u00e9dio completo;<\/p>\n<p>Recepcionista\/Protocolista:\u00a0oportunidade para profissional com n\u00edvel m\u00e9dio completo;<\/p>\n<p>Agente de Licita\u00e7\u00f5es e Compras: oportunidade destinada a profissional com n\u00edvel superior;<\/p>\n<p>Agente Legislativo: oportunidade destinada a profissional com n\u00edvel superior;<\/p>\n<p>Analista em Tecnologia da Informa\u00e7\u00e3o: oportunidade destinada a profissional com n\u00edvel superior;<\/p>\n<p>Assessor de Imprensa e Comunica\u00e7\u00e3o:\u00a0oportunidade destinada a profissional com n\u00edvel superior;<\/p>\n<p>Contador: oportunidade destinada a profissional com n\u00edvel superior;<\/p>\n<p>Procurador Legislativo: oportunidade destinada a profissional com n\u00edvel superior.<\/p>\n<p>As inscri\u00e7\u00f5es devem ser realizadas atrav\u00e9s do <a href=\"https:\/\/www.aplicativagestao.com.br\/Projetos\/projeto-detalhes.aspx?id=2W8WobPNi5s=\">site<\/a> oficial at\u00e9 a dia 8 de dezembro de 2023. \u00a0A taxa de inscri\u00e7\u00e3o tem o valor que varia de\u00a0R$ 30,00 a R$ 50,00, conforme a vaga em disputa.<\/p>\n<p>Para d\u00favidas e mais informa\u00e7\u00f5es entre em contato pelo endere\u00e7o de e-mail\u00a0contato@aplicativaassessoria.net.<\/p>\n<div class=\"partner d-flex rounded shadow-sm p-2 mb-3 align-items-center\" id=\"partner\" data-print=\"ignore\">\n<div class=\"image mr-2\">\n<img data-recalc-dims=\"1\" src=\"https:\/\/i0.wp.com\/robohash.org\/b730afd4cf5c5d237c7f93163ed023b6.png?resize=110%2C110&#038;ssl=1\" width=\"110\" height=\"110\" title=\"Thatyana Costa\" loading=\"lazy\" decoding=\"async\" class=\"rounded-circle\"\/>\n<\/div>\n<\/div>\n<\/div>\n<p><script>\n\t\t! function(f, b, e, v, n, t, s) {\n\t\t\tif (f.fbq) return;\n\t\t\tn = f.fbq = function() {\n\t\t\t\tn.callMethod ?\n\t\t\t\t\tn.callMethod.apply(n, arguments) : n.queue.push(arguments)\n\t\t\t};\n\t\t\tif (!f._fbq) f._fbq = n;\n\t\t\tn.push = n;\n\t\t\tn.loaded = !0;\n\t\t\tn.version = '2.0';\n\t\t\tn.queue = [];\n\t\t\tt = b.createElement(e);\n\t\t\tt.async = !0;\n\t\t\tt.src = v;\n\t\t\ts = b.getElementsByTagName(e)[0];\n\t\t\ts.parentNode.insertBefore(t, s)\n\t\t}(window, document, 'script',\n\t\t\t'https:\/\/connect.facebook.net\/en_US\/fbevents.js');\n\t\tfbq('init', '338315473262380');\n\t\tfbq('track', 'PageView');\n\t<\/script><br \/>\n<br \/><br \/>\n<br \/><a href=\"https:\/\/catracalivre.com.br\/educacao\/concurso-publico-camara-de-porto-feliz-sp-tem-remuneracao-de-ate-r-55-mil\/\">Source link <\/a><\/p>\n<!-- CONTENT END 1 -->\n","protected":false},"excerpt":{"rendered":"<p>Cr\u00e9ditos: IStock Concurso P\u00fablico C\u00e2mara de Porto Feliz A C\u00e2mara de Porto Feliz,\u00a0no estado de\u00a0S\u00e3o Paulo, anuncia edital de n\u00ba 01\/2023 para concurso p\u00fablico, que&#8230;<\/p>\n","protected":false},"author":1,"featured_media":11159,"comment_status":"open","ping_status":"open","sticky":false,"template":"","format":"standard","meta":{"advanced_seo_description":"","jetpack_seo_html_title":"","jetpack_seo_noindex":false,"jetpack_post_was_ever_published":false,"_jetpack_newsletter_access":"","_jetpack_dont_email_post_to_subs":false,"_jetpack_newsletter_tier_id":0,"_jetpack_memberships_contains_paywalled_content":false,"_jetpack_memberships_contains_paid_content":false,"footnotes":"","jetpack_publicize_message":"","jetpack_publicize_feature_enabled":true,"jetpack_social_post_already_shared":true,"jetpack_social_options":{"image_generator_settings":{"template":"highway","default_image_id":0,"font":"","enabled":false},"version":2}},"categories":[19],"tags":[],"class_list":["post-11158","post","type-post","status-publish","format-standard","has-post-thumbnail","hentry","category-variedades"],"jetpack_publicize_connections":[],"jetpack_featured_media_url":"https:\/\/i0.wp.com\/noticiasribeiraopreto.com.br\/wp-content\/uploads\/2023\/12\/istock-1361035512.jpg?fit=1200%2C638&ssl=1","jetpack-related-posts":[{"id":77832,"url":"https:\/\/noticiasribeiraopreto.com.br\/index.php\/2025\/09\/26\/gigante-japonesa-suspende-producao-apos-tempestade-no-interior-de-sp\/","url_meta":{"origin":11158,"position":0},"title":"Gigante japonesa suspende produ\u00e7\u00e3o ap\u00f3s tempestade no interior de SP","author":"noticiasribeiraopreto.com.br","date":"26 de September de 2025","format":false,"excerpt":"A Toyota, gigante japonesa de ve\u00edculos, suspendeu a produ\u00e7\u00e3o em suas unidades no Brasil por causa de uma forte tempestade na \u00faltima segunda-feira (22) que provocou danos na f\u00e1brica de Porto Feliz, no interior de S\u00e3o Paulo. Na planta s\u00e3o produzidos os motores da marca. Em raz\u00e3o dos danos na\u2026","rel":"","context":"In &quot;Not\u00edcias de Ribeir\u00e3o Preto-SP e Regi\u00e3o&quot;","block_context":{"text":"Not\u00edcias de Ribeir\u00e3o Preto-SP e Regi\u00e3o","link":"https:\/\/noticiasribeiraopreto.com.br\/index.php\/category\/noticias-de-ribeirao-preto-sp-e-regiao-ismael-colosi\/"},"img":{"alt_text":"","src":"https:\/\/i0.wp.com\/noticiasribeiraopreto.com.br\/wp-content\/uploads\/2025\/09\/destruicao-toyota_2025-09-26_12-05-21.webp.webp?fit=1200%2C944&ssl=1&resize=350%2C200","width":350,"height":200,"srcset":"https:\/\/i0.wp.com\/noticiasribeiraopreto.com.br\/wp-content\/uploads\/2025\/09\/destruicao-toyota_2025-09-26_12-05-21.webp.webp?fit=1200%2C944&ssl=1&resize=350%2C200 1x, https:\/\/i0.wp.com\/noticiasribeiraopreto.com.br\/wp-content\/uploads\/2025\/09\/destruicao-toyota_2025-09-26_12-05-21.webp.webp?fit=1200%2C944&ssl=1&resize=525%2C300 1.5x, https:\/\/i0.wp.com\/noticiasribeiraopreto.com.br\/wp-content\/uploads\/2025\/09\/destruicao-toyota_2025-09-26_12-05-21.webp.webp?fit=1200%2C944&ssl=1&resize=700%2C400 2x, https:\/\/i0.wp.com\/noticiasribeiraopreto.com.br\/wp-content\/uploads\/2025\/09\/destruicao-toyota_2025-09-26_12-05-21.webp.webp?fit=1200%2C944&ssl=1&resize=1050%2C600 3x"},"classes":[]},{"id":48512,"url":"https:\/\/noticiasribeiraopreto.com.br\/index.php\/2024\/05\/03\/camara-no-interior-de-sp-abre-concurso-publico-com-salarios-de-r-4-mil\/","url_meta":{"origin":11158,"position":1},"title":"C\u00e2mara no interior de SP abre concurso p\u00fablico com sal\u00e1rios de R$ 4 mil","author":"noticiasribeiraopreto.com.br","date":"3 de May de 2024","format":false,"excerpt":"A C\u00e2mara Municipal de Santa Ernestina, no interior de S\u00e3o Paulo, abriu concurso p\u00fablico de n\u00edvel superior com sal\u00e1rios de R$ 4.041,93. A oportunidade \u00e9 para o cadastro de reserva. O cargo dispon\u00edvel no concurso p\u00fablico \u00e9 para gestor de finan\u00e7as. As inscri\u00e7\u00f5es devem ser realizadas pela internet (clique aqui)\u2026","rel":"","context":"In &quot;Not\u00edcias de Ribeir\u00e3o Preto-SP e Regi\u00e3o&quot;","block_context":{"text":"Not\u00edcias de Ribeir\u00e3o Preto-SP e Regi\u00e3o","link":"https:\/\/noticiasribeiraopreto.com.br\/index.php\/category\/noticias-de-ribeirao-preto-sp-e-regiao-ismael-colosi\/"},"img":{"alt_text":"","src":"https:\/\/i0.wp.com\/noticiasribeiraopreto.com.br\/wp-content\/uploads\/2024\/05\/prova-concurso-publico-3.jpg?fit=1200%2C800&ssl=1&resize=350%2C200","width":350,"height":200,"srcset":"https:\/\/i0.wp.com\/noticiasribeiraopreto.com.br\/wp-content\/uploads\/2024\/05\/prova-concurso-publico-3.jpg?fit=1200%2C800&ssl=1&resize=350%2C200 1x, https:\/\/i0.wp.com\/noticiasribeiraopreto.com.br\/wp-content\/uploads\/2024\/05\/prova-concurso-publico-3.jpg?fit=1200%2C800&ssl=1&resize=525%2C300 1.5x, https:\/\/i0.wp.com\/noticiasribeiraopreto.com.br\/wp-content\/uploads\/2024\/05\/prova-concurso-publico-3.jpg?fit=1200%2C800&ssl=1&resize=700%2C400 2x, https:\/\/i0.wp.com\/noticiasribeiraopreto.com.br\/wp-content\/uploads\/2024\/05\/prova-concurso-publico-3.jpg?fit=1200%2C800&ssl=1&resize=1050%2C600 3x"},"classes":[]},{"id":63288,"url":"https:\/\/noticiasribeiraopreto.com.br\/index.php\/2025\/02\/08\/comercial-perde-para-o-desportivo-e-retoma-a-lanterna-da-serie-a3\/","url_meta":{"origin":11158,"position":2},"title":"Comercial perde para o Desportivo e retoma a lanterna da S\u00e9rie A3","author":"noticiasribeiraopreto.com.br","date":"8 de February de 2025","format":false,"excerpt":"O Comercial perdeu para o Desportivo Brasil por 2 a 0, na tarde deste s\u00e1bado (8), no est\u00e1dio Ernesto Rocco, em Porto Feliz, pela s\u00e9tima rodada do Campeonato Paulista da S\u00e9rie A3. Com o resultado, o Bafo \u2014 que havia deixado a lanterna da competi\u00e7\u00e3o na rodada anterior \u2014 voltou\u2026","rel":"","context":"In &quot;Not\u00edcias de Ribeir\u00e3o Preto-SP e Regi\u00e3o&quot;","block_context":{"text":"Not\u00edcias de Ribeir\u00e3o Preto-SP e Regi\u00e3o","link":"https:\/\/noticiasribeiraopreto.com.br\/index.php\/category\/noticias-de-ribeirao-preto-sp-e-regiao-ismael-colosi\/"},"img":{"alt_text":"","src":"https:\/\/i0.wp.com\/noticiasribeiraopreto.com.br\/wp-content\/uploads\/2025\/02\/WhatsApp-Image-2025-02-08-at-16.17.22_2025-02-08_20-26-56_jpeg_2025-02-08_20-26-58-scaled.webp.webp?fit=1200%2C800&ssl=1&resize=350%2C200","width":350,"height":200,"srcset":"https:\/\/i0.wp.com\/noticiasribeiraopreto.com.br\/wp-content\/uploads\/2025\/02\/WhatsApp-Image-2025-02-08-at-16.17.22_2025-02-08_20-26-56_jpeg_2025-02-08_20-26-58-scaled.webp.webp?fit=1200%2C800&ssl=1&resize=350%2C200 1x, https:\/\/i0.wp.com\/noticiasribeiraopreto.com.br\/wp-content\/uploads\/2025\/02\/WhatsApp-Image-2025-02-08-at-16.17.22_2025-02-08_20-26-56_jpeg_2025-02-08_20-26-58-scaled.webp.webp?fit=1200%2C800&ssl=1&resize=525%2C300 1.5x, https:\/\/i0.wp.com\/noticiasribeiraopreto.com.br\/wp-content\/uploads\/2025\/02\/WhatsApp-Image-2025-02-08-at-16.17.22_2025-02-08_20-26-56_jpeg_2025-02-08_20-26-58-scaled.webp.webp?fit=1200%2C800&ssl=1&resize=700%2C400 2x, https:\/\/i0.wp.com\/noticiasribeiraopreto.com.br\/wp-content\/uploads\/2025\/02\/WhatsApp-Image-2025-02-08-at-16.17.22_2025-02-08_20-26-56_jpeg_2025-02-08_20-26-58-scaled.webp.webp?fit=1200%2C800&ssl=1&resize=1050%2C600 3x"},"classes":[]},{"id":18936,"url":"https:\/\/noticiasribeiraopreto.com.br\/index.php\/2023\/12\/21\/trio-italiano-anuncia-ep-de-natal-4-xmas\/","url_meta":{"origin":11158,"position":3},"title":"Trio italiano anuncia EP de Natal 4 Xmas","author":"noticiasribeiraopreto.com.br","date":"21 de December de 2023","format":false,"excerpt":"Depois de uma tour de sucesso pela Europa, Am\u00e9rica do Sul e Mil\u00e3o, o IL VOLO deseja um Feliz Natal com o seu novo projecto\u00a0\u20184 XMAS\u2019. Um EP de quatro faixas \u2013 j\u00e1 dispon\u00edvel em todas as plataformas digitais, com o qual o trio presenteia os f\u00e3s de todo o\u2026","rel":"","context":"In &quot;Variedades&quot;","block_context":{"text":"Variedades","link":"https:\/\/noticiasribeiraopreto.com.br\/index.php\/category\/variedades\/"},"img":{"alt_text":"","src":"https:\/\/i0.wp.com\/noticiasribeiraopreto.com.br\/wp-content\/uploads\/2023\/12\/ep-natal-1.png?fit=1200%2C638&ssl=1&resize=350%2C200","width":350,"height":200,"srcset":"https:\/\/i0.wp.com\/noticiasribeiraopreto.com.br\/wp-content\/uploads\/2023\/12\/ep-natal-1.png?fit=1200%2C638&ssl=1&resize=350%2C200 1x, https:\/\/i0.wp.com\/noticiasribeiraopreto.com.br\/wp-content\/uploads\/2023\/12\/ep-natal-1.png?fit=1200%2C638&ssl=1&resize=525%2C300 1.5x, https:\/\/i0.wp.com\/noticiasribeiraopreto.com.br\/wp-content\/uploads\/2023\/12\/ep-natal-1.png?fit=1200%2C638&ssl=1&resize=700%2C400 2x, https:\/\/i0.wp.com\/noticiasribeiraopreto.com.br\/wp-content\/uploads\/2023\/12\/ep-natal-1.png?fit=1200%2C638&ssl=1&resize=1050%2C600 3x"},"classes":[]},{"id":15304,"url":"https:\/\/noticiasribeiraopreto.com.br\/index.php\/2023\/12\/13\/porto-de-long-beach-busca-parcerias-para-projeto-de-energia-eolica-no-cais-impulsionando-a-sustentabilidade\/","url_meta":{"origin":11158,"position":4},"title":"Porto de Long Beach busca parcerias para projeto de energia e\u00f3lica no cais &#8211; impulsionando a sustentabilidade","author":"noticiasribeiraopreto.com.br","date":"13 de December de 2023","format":false,"excerpt":"Porto de Long Beach busca solu\u00e7\u00f5es para projeto de energia e\u00f3lica no cais \u2013 FOTO: \u00a92023 AtCoMedia. Inc O porto de Long Beach hospeda 2 eventos para fornecer e coletar informa\u00e7\u00f5es para a revis\u00e3o ambiental do Pier Wind, envolvendo partes interessadas. O porto de Long Beach localizado na Calif\u00f3rnia, est\u00e1\u2026","rel":"","context":"In &quot;Vagas de Emprego em Ribeir\u00e3o Preto-SP&quot;","block_context":{"text":"Vagas de Emprego em Ribeir\u00e3o Preto-SP","link":"https:\/\/noticiasribeiraopreto.com.br\/index.php\/category\/empregos-classificados-vagas-trabalho\/vagas-de-empregos-em-ribeirao-preto-regiao-brasil\/"},"img":{"alt_text":"","src":"https:\/\/i0.wp.com\/noticiasribeiraopreto.com.br\/wp-content\/uploads\/2023\/12\/porto-de-long-beach-busca-parcerias-para-projeto-de-energia-eolica-no-cais-impulsionando-a-sustentabilidade.jpg?fit=450%2C300&ssl=1&resize=350%2C200","width":350,"height":200},"classes":[]},{"id":58439,"url":"https:\/\/noticiasribeiraopreto.com.br\/index.php\/2024\/09\/27\/caminhao-arrebenta-fiacao-e-desliga-semaforos-em-ribeirao-preto\/","url_meta":{"origin":11158,"position":5},"title":"Caminh\u00e3o arrebenta fia\u00e7\u00e3o e desliga sem\u00e1foros em Ribeir\u00e3o Preto","author":"noticiasribeiraopreto.com.br","date":"27 de September de 2024","format":false,"excerpt":"Sem\u00e1foros est\u00e3o fora de opera\u00e7\u00e3o nesta sexta-feira (27) em tr\u00eas cruzamentos da rua Rio Maroni, no Ipiranga, zona Norte de Ribeir\u00e3o Preto. A RP Mobi informou que o problema ocorre nos cruzamentos com as ruas Porto Seguro, General C\u00e2mara e Tapaj\u00f3s, ap\u00f3s um caminh\u00e3o arrebentar a fia\u00e7\u00e3o. Assista ao v\u00eddeo\u2026","rel":"","context":"In &quot;Not\u00edcias de Ribeir\u00e3o Preto-SP e Regi\u00e3o&quot;","block_context":{"text":"Not\u00edcias de Ribeir\u00e3o Preto-SP e Regi\u00e3o","link":"https:\/\/noticiasribeiraopreto.com.br\/index.php\/category\/noticias-de-ribeirao-preto-sp-e-regiao-ismael-colosi\/"},"img":{"alt_text":"","src":"https:\/\/i0.wp.com\/noticiasribeiraopreto.com.br\/wp-content\/uploads\/2024\/09\/WhatsApp-Image-2024-09-27-at-10.16.17-1_2024-09-27_13-17-15_jpeg_2024-09-27_13-17-15.webp.webp?fit=475%2C396&ssl=1&resize=350%2C200","width":350,"height":200},"classes":[]}],"jetpack_sharing_enabled":true,"jetpack_shortlink":"https:\/\/wp.me\/peQAOb-2TY","_links":{"self":[{"href":"https:\/\/noticiasribeiraopreto.com.br\/index.php\/wp-json\/wp\/v2\/posts\/11158","targetHints":{"allow":["GET"]}}],"collection":[{"href":"https:\/\/noticiasribeiraopreto.com.br\/index.php\/wp-json\/wp\/v2\/posts"}],"about":[{"href":"https:\/\/noticiasribeiraopreto.com.br\/index.php\/wp-json\/wp\/v2\/types\/post"}],"author":[{"embeddable":true,"href":"https:\/\/noticiasribeiraopreto.com.br\/index.php\/wp-json\/wp\/v2\/users\/1"}],"replies":[{"embeddable":true,"href":"https:\/\/noticiasribeiraopreto.com.br\/index.php\/wp-json\/wp\/v2\/comments?post=11158"}],"version-history":[{"count":0,"href":"https:\/\/noticiasribeiraopreto.com.br\/index.php\/wp-json\/wp\/v2\/posts\/11158\/revisions"}],"wp:featuredmedia":[{"embeddable":true,"href":"https:\/\/noticiasribeiraopreto.com.br\/index.php\/wp-json\/wp\/v2\/media\/11159"}],"wp:attachment":[{"href":"https:\/\/noticiasribeiraopreto.com.br\/index.php\/wp-json\/wp\/v2\/media?parent=11158"}],"wp:term":[{"taxonomy":"category","embeddable":true,"href":"https:\/\/noticiasribeiraopreto.com.br\/index.php\/wp-json\/wp\/v2\/categories?post=11158"},{"taxonomy":"post_tag","embeddable":true,"href":"https:\/\/noticiasribeiraopreto.com.br\/index.php\/wp-json\/wp\/v2\/tags?post=11158"}],"curies":[{"name":"wp","href":"https:\/\/api.w.org\/{rel}","templated":true}]}}