{"id":11232,"date":"2023-12-05T20:18:24","date_gmt":"2023-12-05T23:18:24","guid":{"rendered":"https:\/\/noticiasribeiraopreto.com.br\/index.php\/2023\/12\/05\/plano-de-saude-tem-que-cobrir-cirurgia-de-redesignacao-sexual\/"},"modified":"2023-12-05T20:18:24","modified_gmt":"2023-12-05T23:18:24","slug":"plano-de-saude-tem-que-cobrir-cirurgia-de-redesignacao-sexual","status":"publish","type":"post","link":"https:\/\/noticiasribeiraopreto.com.br\/index.php\/2023\/12\/05\/plano-de-saude-tem-que-cobrir-cirurgia-de-redesignacao-sexual\/","title":{"rendered":"Plano de sa\u00fade tem que cobrir cirurgia de redesigna\u00e7\u00e3o sexual"},"content":{"rendered":"<div class='code-block code-block-1' style='margin: 8px 0 8px auto; text-align: right; display: block; clear: both;'>\n<p><a href=\"https:\/\/wa.link\/vpicfd\"><img data-recalc-dims=\"1\" class=\"wp-image-4922\" style=\"aspect-ratio: 2.0253164556962027; width: 561px; height: auto;\" src=\"https:\/\/i0.wp.com\/ismaelcolosi.com.br\/wp-content\/uploads\/2023\/11\/grupo-de-empregos-whatsapp-e-facebook-ismael-colosi-vagas.jpg?ssl=1\" alt=\"\" \/><\/a><\/p>\n<!-- \/wp:image -->\n<\/div>\n<p> <br \/>\n<\/p>\n<div id=\"\">\n<p> <span class=\"entry-meta-item penci-posted-on\"><i class=\"fa fa-clock-o\"\/><time class=\"entry-date published\" datetime=\"2023-12-05T17:30:02-03:00\">5 de dezembro de 2023 | 17:30<\/time><time class=\"updated\" datetime=\"2023-12-05T15:01:12-03:00\">5 de dezembro de 2023 | 15:01<\/time><\/span><\/p>\n<p> <span class=\"penci-social-buttons penci-social-share-footer\"><a href=\"#\" class=\"penci-post-like penci_post-meta_item  single-like-button penci-social-item like\" data-post_id=\"366292\" title=\"Like\" data-like=\"Like\" data-unlike=\"Unlike\"><i class=\"fa fa-thumbs-o-up\"\/><span class=\"penci-share-number\">1<\/span><\/a><i class=\"fa fa-facebook\"\/><a class=\"penci-social-item twitter\" target=\"_blank\" rel=\"noopener\" title=\"\" href=\"https:\/\/twitter.com\/intent\/tweet?text=Plano%20de%20sa\u00fade%20tem%20que%20cobrir%20cirurgia%20de%20redesigna\u00e7\u00e3o%20sexual%20-%20https:\/\/www.tribunaribeirao.com.br\/site\/plano-de-saude-tem-que-cobrir-cirurgia-de-redesignacao-sexual\/\"><i class=\"fa fa-twitter\"\/><\/a><i class=\"fa fa-whatsapp\"\/><\/span><\/div>\n<div>\n<p>A Terceira Turma do Superior Tribunal de Justi\u00e7a (STJ) decidiu, por unanimidade, que as operadoras de plano de sa\u00fade s\u00e3o obrigadas a cobrir as cirurgias de redesigna\u00e7\u00e3o sexual.<noscript><img data-recalc-dims=\"1\" decoding=\"async\" src=\"https:\/\/i0.wp.com\/agenciabrasil.ebc.com.br\/ebc.png?ssl=1\"\/><\/noscript><img data-recalc-dims=\"1\" decoding=\"async\" src=\"https:\/\/i0.wp.com\/agenciabrasil.ebc.com.br\/ebc.gif?ssl=1\" class=\"lazyload\"\/><noscript><img data-recalc-dims=\"1\" decoding=\"async\" src=\"https:\/\/i0.wp.com\/agenciabrasil.ebc.com.br\/ebc.gif?ssl=1\"\/><\/noscript><\/p>\n<p>Os cinco ministros que comp\u00f5em a turma, especializada em Direito Privado, deram ganho de causa a Ana Paula Santos, de Uberaba, confirmando decis\u00f5es judiciais anteriores.<\/p>\n<p>Todos os ministros entenderam que as cirurgias de transgenitaliza\u00e7\u00e3o e de pl\u00e1stica mam\u00e1ria para coloca\u00e7\u00e3o de pr\u00f3teses n\u00e3o podem ser consideradas experimentais ou est\u00e9ticas, como alegado pela Unimed de Uberaba.<\/p>\n<p>Prevaleceu o voto da relatora, ministra Nancy Andrighi, que frisou que o Conselho Federal de Medicina (CFM) reconhece tais cirurgias como recomendadas para casos de mudan\u00e7a de sexo. Os procedimentos j\u00e1 s\u00e3o tamb\u00e9m cobertos pelo Sistema \u00danico de Sa\u00fade (SUS), n\u00e3o havendo assim raz\u00e3o para n\u00e3o serem cobertos por planos de sa\u00fade.<\/p>\n<p>A ministra destacou que a Organiza\u00e7\u00e3o Mundial de Sa\u00fade (OMS) reconhece a chamada disforia de g\u00eanero \u2013 quando uma pessoa se identifica com g\u00eanero n\u00e3o compat\u00edvel com o sexo de nascimento.<\/p>\n<p>\u201cA OMS ressalta que essa condi\u00e7\u00e3o, muitas vezes, leva a um desejo de \u201ctransi\u00e7\u00e3o\u201d para viver e ser aceito como uma pessoa do g\u00eanero experienciado, seja por meio de tratamento hormonal, interven\u00e7\u00e3o cir\u00fargica ou outros servi\u00e7os de sa\u00fade, para que o corpo possa se alinhar, tanto quanto desejar e na medida do poss\u00edvel, com o g\u00eanero vivenciado\u201d, lembrou a relatora.<\/p>\n<p>A ministra tamb\u00e9m citou a Pol\u00edtica Nacional de Sa\u00fade Integral de L\u00e9sbicas, Gays, Bissexuais, Travestis e Transexuais, que desde 2011 vem ampliando o acesso ao processo transsexualizador no SUS.<\/p>\n<p>A relatora escreveu em seu voto que \u201cpor qualquer \u00e2ngulo que se analise a quest\u00e3o\u201d as cirurgias de redesigna\u00e7\u00e3o sexual s\u00e3o de cobertura obrigat\u00f3ria pelos planos de sa\u00fade. Al\u00e9m da realiza\u00e7\u00e3o dos procedimentos, Andrighi tamb\u00e9m manteve indeniza\u00e7\u00e3o de R$ 20 mil a ser paga pela Unimed de Uberaba \u00e0 mulher que recorreu ao STJ.<\/p>\n<\/div>\n<p><script async src=\"\/\/platform.twitter.com\/widgets.js\" charset=\"utf-8\"><\/script><br \/>\n<br \/><br \/>\n<br \/><a href=\"https:\/\/www.tribunaribeirao.com.br\/site\/plano-de-saude-tem-que-cobrir-cirurgia-de-redesignacao-sexual\/\">Source link <\/a><\/p>\n<!-- CONTENT END 1 -->\n","protected":false},"excerpt":{"rendered":"<p>5 de dezembro de 2023 | 17:305 de dezembro de 2023 | 15:01 1 A Terceira Turma do Superior Tribunal de Justi\u00e7a (STJ) decidiu, por&#8230;<\/p>\n","protected":false},"author":1,"featured_media":11233,"comment_status":"open","ping_status":"open","sticky":false,"template":"","format":"standard","meta":{"advanced_seo_description":"","jetpack_seo_html_title":"","jetpack_seo_noindex":false,"jetpack_post_was_ever_published":false,"_jetpack_newsletter_access":"","_jetpack_dont_email_post_to_subs":false,"_jetpack_newsletter_tier_id":0,"_jetpack_memberships_contains_paywalled_content":false,"_jetpack_memberships_contains_paid_content":false,"footnotes":"","jetpack_publicize_message":"","jetpack_publicize_feature_enabled":true,"jetpack_social_post_already_shared":true,"jetpack_social_options":{"image_generator_settings":{"template":"highway","default_image_id":0,"font":"","enabled":false},"version":2}},"categories":[11],"tags":[1559,1558,698,1560,158,1561,162],"class_list":["post-11232","post","type-post","status-publish","format-standard","has-post-thumbnail","hentry","category-noticias-de-ribeirao-preto-sp-e-regiao-ismael-colosi","tag-cirurgia","tag-cobrir","tag-plano","tag-redesignacao","tag-saude","tag-sexual","tag-tem"],"jetpack_publicize_connections":[],"jetpack_featured_media_url":"https:\/\/i0.wp.com\/noticiasribeiraopreto.com.br\/wp-content\/uploads\/2023\/12\/sexo-scaled.jpg?fit=1000%2C598&ssl=1","jetpack-related-posts":[{"id":16992,"url":"https:\/\/noticiasribeiraopreto.com.br\/index.php\/2023\/12\/17\/desafios-na-cobertura-de-tratamento-para-autistas-e-as-negativas-de-plano-de-saude\/","url_meta":{"origin":11232,"position":0},"title":"Desafios na cobertura de tratamento para autistas e as negativas de plano de sa\u00fade\u00a0","author":"noticiasribeiraopreto.com.br","date":"17 de December de 2023","format":false,"excerpt":"17 de dezembro de 2023 | 8:2016 de dezembro de 2023 | 13:43 0Jos\u00e9 dos Santos Santana J\u00fanior*\u00a0\u00c9 crescente a preocupa\u00e7\u00e3o em rela\u00e7\u00e3o as negativas de tratamento para indiv\u00edduos autistas por parte dos planos de sa\u00fade. Essa problem\u00e1tica levanta quest\u00f5es essenciais sobre a equidade no acesso aos cuidados de sa\u00fade\u2026","rel":"","context":"In &quot;Not\u00edcias de Ribeir\u00e3o Preto-SP e Regi\u00e3o&quot;","block_context":{"text":"Not\u00edcias de Ribeir\u00e3o Preto-SP e Regi\u00e3o","link":"https:\/\/noticiasribeiraopreto.com.br\/index.php\/category\/noticias-de-ribeirao-preto-sp-e-regiao-ismael-colosi\/"},"img":{"alt_text":"","src":"https:\/\/i0.wp.com\/noticiasribeiraopreto.com.br\/wp-content\/uploads\/2023\/12\/Jose-dos-Santos-Santana-Junior-scaled.jpg?fit=444%2C645&ssl=1&resize=350%2C200","width":350,"height":200},"classes":[]},{"id":74268,"url":"https:\/\/noticiasribeiraopreto.com.br\/index.php\/2025\/07\/18\/nova-lei-garante-reconstrucao-da-mama-pelo-sus-e-planos-de-saude-entenda\/","url_meta":{"origin":11232,"position":1},"title":"Nova lei garante reconstru\u00e7\u00e3o da mama pelo SUS e planos de sa\u00fade; entenda","author":"noticiasribeiraopreto.com.br","date":"18 de July de 2025","format":false,"excerpt":"A Lei n\u00ba 15.171, publicada no Di\u00e1rio Oficial desta sexta-feira (18), garante que todas as mulheres que perderam parte ou toda a mama tenham direito \u00e0 cirurgia pl\u00e1stica reparadora, n\u00e3o importa o motivo da mutila\u00e7\u00e3o. Com essa mudan\u00e7a, tanto o SUS quanto os planos de sa\u00fade passam a ser obrigados\u2026","rel":"","context":"In &quot;Not\u00edcias de Ribeir\u00e3o Preto-SP e Regi\u00e3o&quot;","block_context":{"text":"Not\u00edcias de Ribeir\u00e3o Preto-SP e Regi\u00e3o","link":"https:\/\/noticiasribeiraopreto.com.br\/index.php\/category\/noticias-de-ribeirao-preto-sp-e-regiao-ismael-colosi\/"},"img":{"alt_text":"","src":"https:\/\/i0.wp.com\/noticiasribeiraopreto.com.br\/wp-content\/uploads\/2025\/07\/Copia-de-Copia-de-Copia-de-TAMANHO-EXATO-PARA-FOTOS-NO-SISTEMA-NOVO-2025-07-18T140419.172_2025-07-18_17-04-34.webp.webp?fit=1200%2C675&ssl=1&resize=350%2C200","width":350,"height":200,"srcset":"https:\/\/i0.wp.com\/noticiasribeiraopreto.com.br\/wp-content\/uploads\/2025\/07\/Copia-de-Copia-de-Copia-de-TAMANHO-EXATO-PARA-FOTOS-NO-SISTEMA-NOVO-2025-07-18T140419.172_2025-07-18_17-04-34.webp.webp?fit=1200%2C675&ssl=1&resize=350%2C200 1x, https:\/\/i0.wp.com\/noticiasribeiraopreto.com.br\/wp-content\/uploads\/2025\/07\/Copia-de-Copia-de-Copia-de-TAMANHO-EXATO-PARA-FOTOS-NO-SISTEMA-NOVO-2025-07-18T140419.172_2025-07-18_17-04-34.webp.webp?fit=1200%2C675&ssl=1&resize=525%2C300 1.5x, https:\/\/i0.wp.com\/noticiasribeiraopreto.com.br\/wp-content\/uploads\/2025\/07\/Copia-de-Copia-de-Copia-de-TAMANHO-EXATO-PARA-FOTOS-NO-SISTEMA-NOVO-2025-07-18T140419.172_2025-07-18_17-04-34.webp.webp?fit=1200%2C675&ssl=1&resize=700%2C400 2x, https:\/\/i0.wp.com\/noticiasribeiraopreto.com.br\/wp-content\/uploads\/2025\/07\/Copia-de-Copia-de-Copia-de-TAMANHO-EXATO-PARA-FOTOS-NO-SISTEMA-NOVO-2025-07-18T140419.172_2025-07-18_17-04-34.webp.webp?fit=1200%2C675&ssl=1&resize=1050%2C600 3x"},"classes":[]},{"id":32876,"url":"https:\/\/noticiasribeiraopreto.com.br\/index.php\/2024\/01\/26\/metade-de-rp-tem-plano-de-saude\/","url_meta":{"origin":11232,"position":2},"title":"Metade de RP tem\u00a0plano de sa\u00fade\u00a0","author":"noticiasribeiraopreto.com.br","date":"26 de January de 2024","format":false,"excerpt":"26 de janeiro de 2024 | 18:0026 de janeiro de 2024 | 12:32 0Segundo a Ag\u00eancia Nacional de Sa\u00fade Suplementar (ANS), Ribeir\u00e3o Preto fechou o ano passado com 332.952 usu\u00e1rios de planos de assist\u00eancia m\u00e9dica-hospitalar, alta de 1,47% e 4.821 benefici\u00e1rios a mais que os 328.131 de dezembro de 2022.\u2026","rel":"","context":"In &quot;Not\u00edcias de Ribeir\u00e3o Preto-SP e Regi\u00e3o&quot;","block_context":{"text":"Not\u00edcias de Ribeir\u00e3o Preto-SP e Regi\u00e3o","link":"https:\/\/noticiasribeiraopreto.com.br\/index.php\/category\/noticias-de-ribeirao-preto-sp-e-regiao-ismael-colosi\/"},"img":{"alt_text":"","src":"https:\/\/i0.wp.com\/noticiasribeiraopreto.com.br\/wp-content\/uploads\/2024\/01\/PlanoANS-Marcello-Casal-Jr.-Ag.Br_-scaled.jpg?fit=1000%2C598&ssl=1&resize=350%2C200","width":350,"height":200,"srcset":"https:\/\/i0.wp.com\/noticiasribeiraopreto.com.br\/wp-content\/uploads\/2024\/01\/PlanoANS-Marcello-Casal-Jr.-Ag.Br_-scaled.jpg?fit=1000%2C598&ssl=1&resize=350%2C200 1x, https:\/\/i0.wp.com\/noticiasribeiraopreto.com.br\/wp-content\/uploads\/2024\/01\/PlanoANS-Marcello-Casal-Jr.-Ag.Br_-scaled.jpg?fit=1000%2C598&ssl=1&resize=525%2C300 1.5x, https:\/\/i0.wp.com\/noticiasribeiraopreto.com.br\/wp-content\/uploads\/2024\/01\/PlanoANS-Marcello-Casal-Jr.-Ag.Br_-scaled.jpg?fit=1000%2C598&ssl=1&resize=700%2C400 2x"},"classes":[]},{"id":75045,"url":"https:\/\/noticiasribeiraopreto.com.br\/index.php\/2025\/08\/02\/operadoras-atenderao-sus-para-pagar-divida\/","url_meta":{"origin":11232,"position":3},"title":"Operadoras atender\u00e3o SUS para pagar d\u00edvida","author":"noticiasribeiraopreto.com.br","date":"2 de August de 2025","format":false,"excerpt":"2 de agosto de 2025 10:301 de agosto de 2025 20:435 Compartilhar0 Desde esta sexta-feira, 1\u00ba de agosto, pacientes da rede p\u00fablica podem ser atendidos de forma gratuita por planos de sa\u00fade. Uma portaria que viabiliza a troca de d\u00edvidas de ressarcimento ao Sistema \u00danico de Sa\u00fade (SUS) pela presta\u00e7\u00e3o\u2026","rel":"","context":"In &quot;Not\u00edcias de Ribeir\u00e3o Preto-SP e Regi\u00e3o&quot;","block_context":{"text":"Not\u00edcias de Ribeir\u00e3o Preto-SP e Regi\u00e3o","link":"https:\/\/noticiasribeiraopreto.com.br\/index.php\/category\/noticias-de-ribeirao-preto-sp-e-regiao-ismael-colosi\/"},"img":{"alt_text":"","src":"https:\/\/i0.wp.com\/noticiasribeiraopreto.com.br\/wp-content\/uploads\/2025\/08\/PlanoSUS-Marcello-Casal-Jr.-Ag.Br_.jpg?fit=1170%2C700&ssl=1&resize=350%2C200","width":350,"height":200,"srcset":"https:\/\/i0.wp.com\/noticiasribeiraopreto.com.br\/wp-content\/uploads\/2025\/08\/PlanoSUS-Marcello-Casal-Jr.-Ag.Br_.jpg?fit=1170%2C700&ssl=1&resize=350%2C200 1x, https:\/\/i0.wp.com\/noticiasribeiraopreto.com.br\/wp-content\/uploads\/2025\/08\/PlanoSUS-Marcello-Casal-Jr.-Ag.Br_.jpg?fit=1170%2C700&ssl=1&resize=525%2C300 1.5x, https:\/\/i0.wp.com\/noticiasribeiraopreto.com.br\/wp-content\/uploads\/2025\/08\/PlanoSUS-Marcello-Casal-Jr.-Ag.Br_.jpg?fit=1170%2C700&ssl=1&resize=700%2C400 2x, https:\/\/i0.wp.com\/noticiasribeiraopreto.com.br\/wp-content\/uploads\/2025\/08\/PlanoSUS-Marcello-Casal-Jr.-Ag.Br_.jpg?fit=1170%2C700&ssl=1&resize=1050%2C600 3x"},"classes":[]},{"id":67198,"url":"https:\/\/noticiasribeiraopreto.com.br\/index.php\/2025\/04\/10\/saiba-o-que-esta-em-jogo-no-julgamento-da-lei-que-amplia-cobertura-dos-planos-de-saude\/","url_meta":{"origin":11232,"position":4},"title":"Saiba o que est\u00e1 em jogo no julgamento da lei que amplia cobertura dos planos de sa\u00fade","author":"noticiasribeiraopreto.com.br","date":"10 de April de 2025","format":false,"excerpt":"O STF (Supremo Tribunal Federal) come\u00e7ou nesta quinta-feira (10) o julgamento da lei que obrigou os planos de sa\u00fade a cobrir procedimentos que n\u00e3o est\u00e3o na lista da ANS (Ag\u00eancia Nacional de Sa\u00fade Suplementar). Ap\u00f3s as sustenta\u00e7\u00f5es das partes envolvidas no processo o julgamento foi suspenso e uma nova data\u2026","rel":"","context":"In &quot;Not\u00edcias de Ribeir\u00e3o Preto-SP e Regi\u00e3o&quot;","block_context":{"text":"Not\u00edcias de Ribeir\u00e3o Preto-SP e Regi\u00e3o","link":"https:\/\/noticiasribeiraopreto.com.br\/index.php\/category\/noticias-de-ribeirao-preto-sp-e-regiao-ismael-colosi\/"},"img":{"alt_text":"","src":"https:\/\/i0.wp.com\/noticiasribeiraopreto.com.br\/wp-content\/uploads\/2025\/04\/planos-de-saude_2025-04-10_21-09-26_jpg_2025-04-10_21-09-26.webp.webp?fit=1200%2C800&ssl=1&resize=350%2C200","width":350,"height":200,"srcset":"https:\/\/i0.wp.com\/noticiasribeiraopreto.com.br\/wp-content\/uploads\/2025\/04\/planos-de-saude_2025-04-10_21-09-26_jpg_2025-04-10_21-09-26.webp.webp?fit=1200%2C800&ssl=1&resize=350%2C200 1x, https:\/\/i0.wp.com\/noticiasribeiraopreto.com.br\/wp-content\/uploads\/2025\/04\/planos-de-saude_2025-04-10_21-09-26_jpg_2025-04-10_21-09-26.webp.webp?fit=1200%2C800&ssl=1&resize=525%2C300 1.5x, https:\/\/i0.wp.com\/noticiasribeiraopreto.com.br\/wp-content\/uploads\/2025\/04\/planos-de-saude_2025-04-10_21-09-26_jpg_2025-04-10_21-09-26.webp.webp?fit=1200%2C800&ssl=1&resize=700%2C400 2x, https:\/\/i0.wp.com\/noticiasribeiraopreto.com.br\/wp-content\/uploads\/2025\/04\/planos-de-saude_2025-04-10_21-09-26_jpg_2025-04-10_21-09-26.webp.webp?fit=1200%2C800&ssl=1&resize=1050%2C600 3x"},"classes":[]},{"id":70900,"url":"https:\/\/noticiasribeiraopreto.com.br\/index.php\/2025\/05\/31\/quem-mais-sofre-com-obesidade-grave-tem-menos-acesso-a-cirurgia-bariatrica-diz-medica\/","url_meta":{"origin":11232,"position":5},"title":"&#8216;Quem mais sofre com obesidade grave tem menos acesso \u00e0 cirurgia bari\u00e1trica&#8217;, diz m\u00e9dica","author":"noticiasribeiraopreto.com.br","date":"31 de May de 2025","format":false,"excerpt":"Apesar de a obesidade grave afetar milh\u00f5es de brasileiros, o acesso \u00e0 cirurgia bari\u00e1trica \u2014 considerada um dos tratamentos mais eficazes \u2014 permanece restrito para quem mais precisa. Segundo o Conselho Federal de Medicina e o Minist\u00e9rio da Sa\u00fade, a cirurgia bari\u00e1trica \u00e9 indicada para pacientes com IMC igual ou\u2026","rel":"","context":"In &quot;Not\u00edcias de Ribeir\u00e3o Preto-SP e Regi\u00e3o&quot;","block_context":{"text":"Not\u00edcias de Ribeir\u00e3o Preto-SP e Regi\u00e3o","link":"https:\/\/noticiasribeiraopreto.com.br\/index.php\/category\/noticias-de-ribeirao-preto-sp-e-regiao-ismael-colosi\/"},"img":{"alt_text":"","src":"https:\/\/i0.wp.com\/noticiasribeiraopreto.com.br\/wp-content\/uploads\/2025\/05\/Copia-de-Copia-de-Copia-de-TAMANHO-EXATO-PARA-FOTOS-NO-SISTEMA-NOVO-2025-05-30T205553.439_2025-05-30_23-58-03.webp.webp?fit=1200%2C675&ssl=1&resize=350%2C200","width":350,"height":200,"srcset":"https:\/\/i0.wp.com\/noticiasribeiraopreto.com.br\/wp-content\/uploads\/2025\/05\/Copia-de-Copia-de-Copia-de-TAMANHO-EXATO-PARA-FOTOS-NO-SISTEMA-NOVO-2025-05-30T205553.439_2025-05-30_23-58-03.webp.webp?fit=1200%2C675&ssl=1&resize=350%2C200 1x, https:\/\/i0.wp.com\/noticiasribeiraopreto.com.br\/wp-content\/uploads\/2025\/05\/Copia-de-Copia-de-Copia-de-TAMANHO-EXATO-PARA-FOTOS-NO-SISTEMA-NOVO-2025-05-30T205553.439_2025-05-30_23-58-03.webp.webp?fit=1200%2C675&ssl=1&resize=525%2C300 1.5x, https:\/\/i0.wp.com\/noticiasribeiraopreto.com.br\/wp-content\/uploads\/2025\/05\/Copia-de-Copia-de-Copia-de-TAMANHO-EXATO-PARA-FOTOS-NO-SISTEMA-NOVO-2025-05-30T205553.439_2025-05-30_23-58-03.webp.webp?fit=1200%2C675&ssl=1&resize=700%2C400 2x, https:\/\/i0.wp.com\/noticiasribeiraopreto.com.br\/wp-content\/uploads\/2025\/05\/Copia-de-Copia-de-Copia-de-TAMANHO-EXATO-PARA-FOTOS-NO-SISTEMA-NOVO-2025-05-30T205553.439_2025-05-30_23-58-03.webp.webp?fit=1200%2C675&ssl=1&resize=1050%2C600 3x"},"classes":[]}],"jetpack_sharing_enabled":true,"jetpack_shortlink":"https:\/\/wp.me\/peQAOb-2Va","_links":{"self":[{"href":"https:\/\/noticiasribeiraopreto.com.br\/index.php\/wp-json\/wp\/v2\/posts\/11232","targetHints":{"allow":["GET"]}}],"collection":[{"href":"https:\/\/noticiasribeiraopreto.com.br\/index.php\/wp-json\/wp\/v2\/posts"}],"about":[{"href":"https:\/\/noticiasribeiraopreto.com.br\/index.php\/wp-json\/wp\/v2\/types\/post"}],"author":[{"embeddable":true,"href":"https:\/\/noticiasribeiraopreto.com.br\/index.php\/wp-json\/wp\/v2\/users\/1"}],"replies":[{"embeddable":true,"href":"https:\/\/noticiasribeiraopreto.com.br\/index.php\/wp-json\/wp\/v2\/comments?post=11232"}],"version-history":[{"count":0,"href":"https:\/\/noticiasribeiraopreto.com.br\/index.php\/wp-json\/wp\/v2\/posts\/11232\/revisions"}],"wp:featuredmedia":[{"embeddable":true,"href":"https:\/\/noticiasribeiraopreto.com.br\/index.php\/wp-json\/wp\/v2\/media\/11233"}],"wp:attachment":[{"href":"https:\/\/noticiasribeiraopreto.com.br\/index.php\/wp-json\/wp\/v2\/media?parent=11232"}],"wp:term":[{"taxonomy":"category","embeddable":true,"href":"https:\/\/noticiasribeiraopreto.com.br\/index.php\/wp-json\/wp\/v2\/categories?post=11232"},{"taxonomy":"post_tag","embeddable":true,"href":"https:\/\/noticiasribeiraopreto.com.br\/index.php\/wp-json\/wp\/v2\/tags?post=11232"}],"curies":[{"name":"wp","href":"https:\/\/api.w.org\/{rel}","templated":true}]}}