{"id":11236,"date":"2023-12-05T20:20:38","date_gmt":"2023-12-05T23:20:38","guid":{"rendered":"https:\/\/noticiasribeiraopreto.com.br\/index.php\/2023\/12\/05\/bolsonaro-inelegivel-a-decisao-de-alexandre-de-moraes-sobre-a-chance-de-o-ex-presidente-se-candidatar-antes-de-2030\/"},"modified":"2023-12-05T20:20:38","modified_gmt":"2023-12-05T23:20:38","slug":"bolsonaro-inelegivel-a-decisao-de-alexandre-de-moraes-sobre-a-chance-de-o-ex-presidente-se-candidatar-antes-de-2030","status":"publish","type":"post","link":"https:\/\/noticiasribeiraopreto.com.br\/index.php\/2023\/12\/05\/bolsonaro-inelegivel-a-decisao-de-alexandre-de-moraes-sobre-a-chance-de-o-ex-presidente-se-candidatar-antes-de-2030\/","title":{"rendered":"Bolsonaro ineleg\u00edvel: a decis\u00e3o de Alexandre de Moraes sobre a chance de o ex-presidente se candidatar antes de 2030"},"content":{"rendered":"<div class='code-block code-block-1' style='margin: 8px 0 8px auto; text-align: right; display: block; clear: both;'>\n<p><a href=\"https:\/\/wa.link\/vpicfd\"><img data-recalc-dims=\"1\" class=\"wp-image-4922\" style=\"aspect-ratio: 2.0253164556962027; width: 561px; height: auto;\" src=\"https:\/\/i0.wp.com\/ismaelcolosi.com.br\/wp-content\/uploads\/2023\/11\/grupo-de-empregos-whatsapp-e-facebook-ismael-colosi-vagas.jpg?ssl=1\" alt=\"\" \/><\/a><\/p>\n<!-- \/wp:image -->\n<\/div>\n<p> <br \/>\n<\/p>\n<div id=\"js-first-letter\">\n<p><strong>Jair Bolsonaro<\/strong> bem que tentou, mas vai ficar sem concorrer a cargos pol\u00edticos at\u00e9 2030. Nesta ter\u00e7a-feira (5), o ministro <strong>Alexandre de Moraes<\/strong>, presidente do Tribunal Superior Eleitoral, <a href=\"https:\/\/www.seudinheiro.com\/2023\/politica\/bolsonaro-inelegivel-por-mais-tempo-saiba-o-que-acontece-com-o-ex-presidente-apos-nova-condenacao-no-tse-ccgg\/\" target=\"_blank\" rel=\"noreferrer noopener\">negou um recurso em que o ex-presidente tentava reverter sua condena\u00e7\u00e3o<\/a> por abuso de poder na reuni\u00e3o em que atacou as urnas eletr\u00f4nicas diante de embaixadores.\u00a0<\/p>\n<p>Moraes recha\u00e7ou as alega\u00e7\u00f5es do ex-chefe do Executivo e negou reverter sua inelegibilidade, ressaltando como a senten\u00e7a foi lastreada nas &#8216;condutas, fatos e provas do caso&#8217;, sem &#8216;altera\u00e7\u00e3o de jurisprud\u00eancia ou decis\u00f5es conflitantes&#8217;<\/p>\n<p>&#8220;A condena\u00e7\u00e3o do recorrente pela pr\u00e1tica de abuso de poder pol\u00edtico e de uso indevido dos meios de comunica\u00e7\u00e3o nas elei\u00e7\u00f5es 2022 se deu com base nos elementos de convic\u00e7\u00e3o dos autos que atestaram que a reuni\u00e3o realizada com os chefes de miss\u00f5es diplom\u00e1ticas produziu vantagem eleitoral competitiva desproporcional, tendo sido disseminada desinforma\u00e7\u00e3o contra o sistema eletr\u00f4nico de vota\u00e7\u00e3o e a Justi\u00e7a Eleitoral, a revelar gravidade suficiente a afetar a estabilidade do ambiente democr\u00e1tico&#8221;, enfatizou Alexandre de Moraes.<\/p>\n<div class=\"banner banner-inArticle banner-inArticle--mobile\">\n<div class=\"banner-side\">\n<p class=\"borderAD\" style=\"display: none;\">CONTINUA DEPOIS DA PUBLICIDADE<\/p>\n<\/div>\n<\/div>\n<div class=\"banner banner-inArticle banner-inArticle--desktop\">\n<div class=\"banner-side\">\n<p class=\"borderAD\" style=\"display: none;\">CONTINUA DEPOIS DA PUBLICIDADE<\/p>\n<\/div>\n<\/div>\n<h3 class=\"wp-block-heading\" id=\"h-a-dinheirista-booking-me-deixou-sem-teto-aluguei-um-quarto-e-fiquei-sem-ter-pra-onde-ir\"><a href=\"https:\/\/www.youtube.com\/watch?v=_LmQZBkF4mA\" target=\"_blank\" rel=\"noreferrer noopener\">A DINHEIRISTA &#8211;<\/a> BOOKING ME DEIXOU \u2018SEM TETO\u2019: ALUGUEI UM QUARTO E FIQUEI SEM TER PRA ONDE IR<\/h3>\n<figure class=\"wp-block-embed is-type-video is-provider-youtube wp-block-embed-youtube wp-embed-aspect-16-9 wp-has-aspect-ratio\">\n<p>\n<iframe loading=\"lazy\" title=\"&quot;O BOOKING ME DEIXOU NA M\u00c3O&quot;: ALUGUEI UM QUARTO E ELE N\u00c3O EXISTIA! I A DINHEIRISTA\" width=\"500\" height=\"281\" src=\"https:\/\/www.youtube.com\/embed\/_LmQZBkF4mA?feature=oembed\" frameborder=\"0\" allow=\"accelerometer; autoplay; clipboard-write; encrypted-media; gyroscope; picture-in-picture; web-share\" referrerpolicy=\"strict-origin-when-cross-origin\" allowfullscreen><\/iframe>\n<\/p>\n<\/figure>\n<h2 class=\"wp-block-heading\" id=\"h-as-alegacoes-de-bolsonaro\"><strong>As alega\u00e7\u00f5es de Bolsonaro<\/strong><\/h2>\n<p>Uma das alega\u00e7\u00f5es que o ex-presidente levou ao TSE, mais uma vez, tem rela\u00e7\u00e3o com a &#8216;minuta de golpe&#8217; apreendida na casa de seu ex-ministro da Justi\u00e7a Anderson Torres durante opera\u00e7\u00e3o sobre suposta omiss\u00e3o ante os atos golpistas de 8 de janeiro.<\/p>\n<p>O ministro rebateu o argumento de que a condena\u00e7\u00e3o de Bolsonaro teria sido baseada em &#8216;documento ap\u00f3crifo&#8217;.\u00a0<\/p>\n<p>Ele destacou que o TSE responsabilizou o ex-presidente &#8216;com base nos atos que comprovadamente praticou ao se valer das prerrogativas de presidente da Rep\u00fablica e de bens e servi\u00e7os p\u00fablicos, com desvio de finalidade em favor de sua candidatura, como destacado nos diversos votos proferidos&#8217;.<\/p>\n<p>No despacho, o ministro reproduziu trechos de sua manifesta\u00e7\u00e3o no julgamento de Bolsonaro, assim como fragmentos de votos dados, na mesma ocasi\u00e3o, por seus colegas Benedito Gon\u00e7alves (relator), C\u00e1rmen L\u00facia, Floriano de Azevedo Marques e Andr\u00e9 Ramos Tavares.<\/p>\n<p>Os ministros Raul Ara\u00fajo e Kassio Nunes Marques, que votaram contra a condena\u00e7\u00e3o do ex-presidente no caso, n\u00e3o foram citados.<\/p>\n<\/div>\n<p><br \/>\n<br \/><a href=\"https:\/\/www.seudinheiro.com\/2023\/politica\/bolsonaro-inelegivel-a-decisao-de-alexandre-de-moraes-sobre-a-chance-de-o-ex-presidente-se-candidatar-antes-de-2030-ccgg\/\">Source link <\/a><\/p>\n<!-- CONTENT END 1 -->\n","protected":false},"excerpt":{"rendered":"<p>Jair Bolsonaro bem que tentou, mas vai ficar sem concorrer a cargos pol\u00edticos at\u00e9 2030. Nesta ter\u00e7a-feira (5), o ministro Alexandre de Moraes, presidente do&#8230;<\/p>\n","protected":false},"author":1,"featured_media":11237,"comment_status":"open","ping_status":"open","sticky":false,"template":"","format":"standard","meta":{"advanced_seo_description":"","jetpack_seo_html_title":"","jetpack_seo_noindex":false,"jetpack_post_was_ever_published":false,"_jetpack_newsletter_access":"","_jetpack_dont_email_post_to_subs":false,"_jetpack_newsletter_tier_id":0,"_jetpack_memberships_contains_paywalled_content":false,"_jetpack_memberships_contains_paid_content":false,"footnotes":"","jetpack_publicize_message":"","jetpack_publicize_feature_enabled":true,"jetpack_social_post_already_shared":true,"jetpack_social_options":{"image_generator_settings":{"template":"highway","default_image_id":0,"font":"","enabled":false},"version":2}},"categories":[1235],"tags":[],"class_list":["post-11236","post","type-post","status-publish","format-standard","has-post-thumbnail","hentry","category-dinheiro-e-investimento-como-fazer-como-ganhar"],"jetpack_publicize_connections":[],"jetpack_featured_media_url":"https:\/\/i0.wp.com\/noticiasribeiraopreto.com.br\/wp-content\/uploads\/2023\/12\/presidente-jair-bolsonaro-628x353.jpg?fit=628%2C353&ssl=1","jetpack-related-posts":[{"id":76873,"url":"https:\/\/noticiasribeiraopreto.com.br\/index.php\/2025\/09\/08\/entenda-os-proximos-passos-do-julgamento-de-bolsonaro-no-stf\/","url_meta":{"origin":11236,"position":0},"title":"Entenda os pr\u00f3ximos passos do julgamento de Bolsonaro no STF","author":"noticiasribeiraopreto.com.br","date":"8 de September de 2025","format":false,"excerpt":"Votos come\u00e7ar\u00e3o na sess\u00e3o de ter\u00e7a-feira (9); confira ordem Ag\u00eancia Brasil A Primeira Turma do Supremo Tribunal Federal (STF) retoma na ter\u00e7a-feira (9) o julgamento do n\u00facleo 1 da trama golpista, formado pelo ex-presidente Jair Bolsonaro e mais sete aliados.\u00a0\ufffc\ufffcO julgamento come\u00e7ou na semana passada, quando foram ouvidas as sustenta\u00e7\u00f5es\u2026","rel":"","context":"In &quot;Not\u00edcias de Ribeir\u00e3o Preto-SP e Regi\u00e3o&quot;","block_context":{"text":"Not\u00edcias de Ribeir\u00e3o Preto-SP e Regi\u00e3o","link":"https:\/\/noticiasribeiraopreto.com.br\/index.php\/category\/noticias-de-ribeirao-preto-sp-e-regiao-ismael-colosi\/"},"img":{"alt_text":"","src":"https:\/\/i0.wp.com\/noticiasribeiraopreto.com.br\/wp-content\/uploads\/2025\/09\/fabio-rodrigues-1-1.webp.webp?fit=1170%2C700&ssl=1&resize=350%2C200","width":350,"height":200,"srcset":"https:\/\/i0.wp.com\/noticiasribeiraopreto.com.br\/wp-content\/uploads\/2025\/09\/fabio-rodrigues-1-1.webp.webp?fit=1170%2C700&ssl=1&resize=350%2C200 1x, https:\/\/i0.wp.com\/noticiasribeiraopreto.com.br\/wp-content\/uploads\/2025\/09\/fabio-rodrigues-1-1.webp.webp?fit=1170%2C700&ssl=1&resize=525%2C300 1.5x, https:\/\/i0.wp.com\/noticiasribeiraopreto.com.br\/wp-content\/uploads\/2025\/09\/fabio-rodrigues-1-1.webp.webp?fit=1170%2C700&ssl=1&resize=700%2C400 2x, https:\/\/i0.wp.com\/noticiasribeiraopreto.com.br\/wp-content\/uploads\/2025\/09\/fabio-rodrigues-1-1.webp.webp?fit=1170%2C700&ssl=1&resize=1050%2C600 3x"},"classes":[]},{"id":76960,"url":"https:\/\/noticiasribeiraopreto.com.br\/index.php\/2025\/09\/09\/stf-retoma-julgamento-de-bolsonaro-com-voto-de-moraes\/","url_meta":{"origin":11236,"position":1},"title":"STF retoma julgamento de Bolsonaro com voto de Moraes","author":"noticiasribeiraopreto.com.br","date":"9 de September de 2025","format":false,"excerpt":"A Primeira Turma do STF retoma nesta ter\u00e7a-feira (9) o julgamento que pode condenar o ex-presidente Jair Bolsonaro e sete aliados por tentativa de golpe para reverter o resultado das elei\u00e7\u00f5es de 2022. O grupo faz parte do n\u00facleo crucial da den\u00fancia apresentada pela Procuradoria-Geral da Rep\u00fablica (PGR). O julgamento\u2026","rel":"","context":"In &quot;Not\u00edcias de Ribeir\u00e3o Preto-SP e Regi\u00e3o&quot;","block_context":{"text":"Not\u00edcias de Ribeir\u00e3o Preto-SP e Regi\u00e3o","link":"https:\/\/noticiasribeiraopreto.com.br\/index.php\/category\/noticias-de-ribeirao-preto-sp-e-regiao-ismael-colosi\/"},"img":{"alt_text":"","src":"https:\/\/i0.wp.com\/noticiasribeiraopreto.com.br\/wp-content\/uploads\/2025\/09\/Copia-de-Copia-de-Copia-de-TAMANHO-EXATO-PARA-FOTOS-NO-SISTEMA-NOVO-2025-09-09T090856.652_2025-09-09_12-09-15.webp.webp?fit=1200%2C675&ssl=1&resize=350%2C200","width":350,"height":200,"srcset":"https:\/\/i0.wp.com\/noticiasribeiraopreto.com.br\/wp-content\/uploads\/2025\/09\/Copia-de-Copia-de-Copia-de-TAMANHO-EXATO-PARA-FOTOS-NO-SISTEMA-NOVO-2025-09-09T090856.652_2025-09-09_12-09-15.webp.webp?fit=1200%2C675&ssl=1&resize=350%2C200 1x, https:\/\/i0.wp.com\/noticiasribeiraopreto.com.br\/wp-content\/uploads\/2025\/09\/Copia-de-Copia-de-Copia-de-TAMANHO-EXATO-PARA-FOTOS-NO-SISTEMA-NOVO-2025-09-09T090856.652_2025-09-09_12-09-15.webp.webp?fit=1200%2C675&ssl=1&resize=525%2C300 1.5x, https:\/\/i0.wp.com\/noticiasribeiraopreto.com.br\/wp-content\/uploads\/2025\/09\/Copia-de-Copia-de-Copia-de-TAMANHO-EXATO-PARA-FOTOS-NO-SISTEMA-NOVO-2025-09-09T090856.652_2025-09-09_12-09-15.webp.webp?fit=1200%2C675&ssl=1&resize=700%2C400 2x, https:\/\/i0.wp.com\/noticiasribeiraopreto.com.br\/wp-content\/uploads\/2025\/09\/Copia-de-Copia-de-Copia-de-TAMANHO-EXATO-PARA-FOTOS-NO-SISTEMA-NOVO-2025-09-09T090856.652_2025-09-09_12-09-15.webp.webp?fit=1200%2C675&ssl=1&resize=1050%2C600 3x"},"classes":[]},{"id":79798,"url":"https:\/\/noticiasribeiraopreto.com.br\/index.php\/2025\/11\/07\/stf-forma-maioria-para-manter-condenacao-de-bolsonaro-e-aliados\/","url_meta":{"origin":11236,"position":2},"title":"STF forma maioria para manter condena\u00e7\u00e3o de Bolsonaro e aliados","author":"noticiasribeiraopreto.com.br","date":"7 de November de 2025","format":false,"excerpt":"7 de novembro de 2025 16:552 Compartilhar0 Se o recurso for rejeitado, a pris\u00e3o de Bolsonaro pode ser decretada para o regime fechado Andr\u00e9 Richter \u2013 Rep\u00f3rter da Ag\u00eancia Brasil A Primeira Turma do Supremo Tribunal Federal (STF) formou nesta sexta-feira (7) maioria de votos para manter a condena\u00e7\u00e3o ex-presidente\u2026","rel":"","context":"In &quot;Not\u00edcias de Ribeir\u00e3o Preto-SP e Regi\u00e3o&quot;","block_context":{"text":"Not\u00edcias de Ribeir\u00e3o Preto-SP e Regi\u00e3o","link":"https:\/\/noticiasribeiraopreto.com.br\/index.php\/category\/noticias-de-ribeirao-preto-sp-e-regiao-ismael-colosi\/"},"img":{"alt_text":"","src":"https:\/\/i0.wp.com\/noticiasribeiraopreto.com.br\/wp-content\/uploads\/2025\/11\/BozoSTF-Reproducao.jpg?fit=1200%2C800&ssl=1&resize=350%2C200","width":350,"height":200,"srcset":"https:\/\/i0.wp.com\/noticiasribeiraopreto.com.br\/wp-content\/uploads\/2025\/11\/BozoSTF-Reproducao.jpg?fit=1200%2C800&ssl=1&resize=350%2C200 1x, https:\/\/i0.wp.com\/noticiasribeiraopreto.com.br\/wp-content\/uploads\/2025\/11\/BozoSTF-Reproducao.jpg?fit=1200%2C800&ssl=1&resize=525%2C300 1.5x, https:\/\/i0.wp.com\/noticiasribeiraopreto.com.br\/wp-content\/uploads\/2025\/11\/BozoSTF-Reproducao.jpg?fit=1200%2C800&ssl=1&resize=700%2C400 2x, https:\/\/i0.wp.com\/noticiasribeiraopreto.com.br\/wp-content\/uploads\/2025\/11\/BozoSTF-Reproducao.jpg?fit=1200%2C800&ssl=1&resize=1050%2C600 3x"},"classes":[]},{"id":80583,"url":"https:\/\/noticiasribeiraopreto.com.br\/index.php\/2025\/12\/06\/condicional-para-bolsonaro-so-em-2037\/","url_meta":{"origin":11236,"position":3},"title":"Condicional para Bolsonaro s\u00f3 em 2037","author":"noticiasribeiraopreto.com.br","date":"6 de December de 2025","format":false,"excerpt":"O ex-presidente Jair Bolsonaro deve terminar de cumprir a condena\u00e7\u00e3o a 27 anos e tr\u00eas meses de pris\u00e3o pela trama golpista em novembro de 2052. O c\u00e1lculo foi feito pela Vara de Execu\u00e7\u00f5es Penais (VEP) do Distrito Federal e encaminhado ao ministro Alexandre de Moraes, relator do processo no Supremo\u2026","rel":"","context":"In &quot;Not\u00edcias de Ribeir\u00e3o Preto-SP e Regi\u00e3o&quot;","block_context":{"text":"Not\u00edcias de Ribeir\u00e3o Preto-SP e Regi\u00e3o","link":"https:\/\/noticiasribeiraopreto.com.br\/index.php\/category\/noticias-de-ribeirao-preto-sp-e-regiao-ismael-colosi\/"},"img":{"alt_text":"","src":"https:\/\/i0.wp.com\/noticiasribeiraopreto.com.br\/wp-content\/uploads\/2025\/12\/BozoSTF-Fabio-Rodrigues-Pozzebom-Ag.Br_-scaled.jpg?fit=1170%2C780&ssl=1&resize=350%2C200","width":350,"height":200,"srcset":"https:\/\/i0.wp.com\/noticiasribeiraopreto.com.br\/wp-content\/uploads\/2025\/12\/BozoSTF-Fabio-Rodrigues-Pozzebom-Ag.Br_-scaled.jpg?fit=1170%2C780&ssl=1&resize=350%2C200 1x, https:\/\/i0.wp.com\/noticiasribeiraopreto.com.br\/wp-content\/uploads\/2025\/12\/BozoSTF-Fabio-Rodrigues-Pozzebom-Ag.Br_-scaled.jpg?fit=1170%2C780&ssl=1&resize=525%2C300 1.5x, https:\/\/i0.wp.com\/noticiasribeiraopreto.com.br\/wp-content\/uploads\/2025\/12\/BozoSTF-Fabio-Rodrigues-Pozzebom-Ag.Br_-scaled.jpg?fit=1170%2C780&ssl=1&resize=700%2C400 2x, https:\/\/i0.wp.com\/noticiasribeiraopreto.com.br\/wp-content\/uploads\/2025\/12\/BozoSTF-Fabio-Rodrigues-Pozzebom-Ag.Br_-scaled.jpg?fit=1170%2C780&ssl=1&resize=1050%2C600 3x"},"classes":[]},{"id":77105,"url":"https:\/\/noticiasribeiraopreto.com.br\/index.php\/2025\/09\/11\/carmen-lucia-forma-maioria-pela-condenacao-de-bolsonaro-e-aliados\/","url_meta":{"origin":11236,"position":4},"title":"C\u00e1rmen L\u00facia forma maioria pela condena\u00e7\u00e3o de Bolsonaro e aliados","author":"noticiasribeiraopreto.com.br","date":"11 de September de 2025","format":false,"excerpt":"11 de setembro de 2025 17:161 Compartilhar0 A Primeira Turma do Supremo Tribunal Federal (STF) formou nesta quinta-feira (11) maioria de votos para condenar o ex-presidente Jair Bolsonaro e mais sete aliados na a\u00e7\u00e3o penal da trama golpista. A maioria foi formada com o voto da ministra C\u00e1rmen L\u00facia. Com\u2026","rel":"","context":"In &quot;Not\u00edcias de Ribeir\u00e3o Preto-SP e Regi\u00e3o&quot;","block_context":{"text":"Not\u00edcias de Ribeir\u00e3o Preto-SP e Regi\u00e3o","link":"https:\/\/noticiasribeiraopreto.com.br\/index.php\/category\/noticias-de-ribeirao-preto-sp-e-regiao-ismael-colosi\/"},"img":{"alt_text":"","src":"https:\/\/i0.wp.com\/noticiasribeiraopreto.com.br\/wp-content\/uploads\/2025\/09\/carmen-.webp.webp?fit=1170%2C700&ssl=1&resize=350%2C200","width":350,"height":200,"srcset":"https:\/\/i0.wp.com\/noticiasribeiraopreto.com.br\/wp-content\/uploads\/2025\/09\/carmen-.webp.webp?fit=1170%2C700&ssl=1&resize=350%2C200 1x, https:\/\/i0.wp.com\/noticiasribeiraopreto.com.br\/wp-content\/uploads\/2025\/09\/carmen-.webp.webp?fit=1170%2C700&ssl=1&resize=525%2C300 1.5x, https:\/\/i0.wp.com\/noticiasribeiraopreto.com.br\/wp-content\/uploads\/2025\/09\/carmen-.webp.webp?fit=1170%2C700&ssl=1&resize=700%2C400 2x, https:\/\/i0.wp.com\/noticiasribeiraopreto.com.br\/wp-content\/uploads\/2025\/09\/carmen-.webp.webp?fit=1170%2C700&ssl=1&resize=1050%2C600 3x"},"classes":[]},{"id":76611,"url":"https:\/\/noticiasribeiraopreto.com.br\/index.php\/2025\/09\/02\/stf-inicia-julgamento-de-bolsonaro-e-mais-sete-aliados\/","url_meta":{"origin":11236,"position":5},"title":"STF inicia julgamento de Bolsonaro e mais sete aliados","author":"noticiasribeiraopreto.com.br","date":"2 de September de 2025","format":false,"excerpt":"A Primeira Turma do Supremo Tribunal Federal (STF) inicia nesta ter\u00e7a-feira (2), \u00e0s 9h, o julgamento que pode condenar o ex-presidente Jair Bolsonaro e mais sete aliados pela trama golpista para tentar reverter o resultado das elei\u00e7\u00f5es de 2022. O grupo faz parte do n\u00facleo crucial da den\u00fancia apresentada pela\u2026","rel":"","context":"In &quot;Not\u00edcias de Ribeir\u00e3o Preto-SP e Regi\u00e3o&quot;","block_context":{"text":"Not\u00edcias de Ribeir\u00e3o Preto-SP e Regi\u00e3o","link":"https:\/\/noticiasribeiraopreto.com.br\/index.php\/category\/noticias-de-ribeirao-preto-sp-e-regiao-ismael-colosi\/"},"img":{"alt_text":"","src":"https:\/\/i0.wp.com\/noticiasribeiraopreto.com.br\/wp-content\/uploads\/2025\/09\/marques-.webp.webp?fit=1170%2C700&ssl=1&resize=350%2C200","width":350,"height":200,"srcset":"https:\/\/i0.wp.com\/noticiasribeiraopreto.com.br\/wp-content\/uploads\/2025\/09\/marques-.webp.webp?fit=1170%2C700&ssl=1&resize=350%2C200 1x, https:\/\/i0.wp.com\/noticiasribeiraopreto.com.br\/wp-content\/uploads\/2025\/09\/marques-.webp.webp?fit=1170%2C700&ssl=1&resize=525%2C300 1.5x, https:\/\/i0.wp.com\/noticiasribeiraopreto.com.br\/wp-content\/uploads\/2025\/09\/marques-.webp.webp?fit=1170%2C700&ssl=1&resize=700%2C400 2x, https:\/\/i0.wp.com\/noticiasribeiraopreto.com.br\/wp-content\/uploads\/2025\/09\/marques-.webp.webp?fit=1170%2C700&ssl=1&resize=1050%2C600 3x"},"classes":[]}],"jetpack_sharing_enabled":true,"jetpack_shortlink":"https:\/\/wp.me\/peQAOb-2Ve","_links":{"self":[{"href":"https:\/\/noticiasribeiraopreto.com.br\/index.php\/wp-json\/wp\/v2\/posts\/11236","targetHints":{"allow":["GET"]}}],"collection":[{"href":"https:\/\/noticiasribeiraopreto.com.br\/index.php\/wp-json\/wp\/v2\/posts"}],"about":[{"href":"https:\/\/noticiasribeiraopreto.com.br\/index.php\/wp-json\/wp\/v2\/types\/post"}],"author":[{"embeddable":true,"href":"https:\/\/noticiasribeiraopreto.com.br\/index.php\/wp-json\/wp\/v2\/users\/1"}],"replies":[{"embeddable":true,"href":"https:\/\/noticiasribeiraopreto.com.br\/index.php\/wp-json\/wp\/v2\/comments?post=11236"}],"version-history":[{"count":0,"href":"https:\/\/noticiasribeiraopreto.com.br\/index.php\/wp-json\/wp\/v2\/posts\/11236\/revisions"}],"wp:featuredmedia":[{"embeddable":true,"href":"https:\/\/noticiasribeiraopreto.com.br\/index.php\/wp-json\/wp\/v2\/media\/11237"}],"wp:attachment":[{"href":"https:\/\/noticiasribeiraopreto.com.br\/index.php\/wp-json\/wp\/v2\/media?parent=11236"}],"wp:term":[{"taxonomy":"category","embeddable":true,"href":"https:\/\/noticiasribeiraopreto.com.br\/index.php\/wp-json\/wp\/v2\/categories?post=11236"},{"taxonomy":"post_tag","embeddable":true,"href":"https:\/\/noticiasribeiraopreto.com.br\/index.php\/wp-json\/wp\/v2\/tags?post=11236"}],"curies":[{"name":"wp","href":"https:\/\/api.w.org\/{rel}","templated":true}]}}