{"id":11269,"date":"2023-12-05T21:19:53","date_gmt":"2023-12-06T00:19:53","guid":{"rendered":"https:\/\/noticiasribeiraopreto.com.br\/index.php\/2023\/12\/05\/coral-realiza-apresentacoes-gratuitas-de-natal-em-ribeirao-preto\/"},"modified":"2023-12-05T21:19:53","modified_gmt":"2023-12-06T00:19:53","slug":"coral-realiza-apresentacoes-gratuitas-de-natal-em-ribeirao-preto","status":"publish","type":"post","link":"https:\/\/noticiasribeiraopreto.com.br\/index.php\/2023\/12\/05\/coral-realiza-apresentacoes-gratuitas-de-natal-em-ribeirao-preto\/","title":{"rendered":"Coral realiza apresenta\u00e7\u00f5es gratuitas de Natal em Ribeir\u00e3o Preto\u00a0"},"content":{"rendered":"<div class='code-block code-block-1' style='margin: 8px 0 8px auto; text-align: right; display: block; clear: both;'>\n<p><a href=\"https:\/\/wa.link\/vpicfd\"><img data-recalc-dims=\"1\" class=\"wp-image-4922\" style=\"aspect-ratio: 2.0253164556962027; width: 561px; height: auto;\" src=\"https:\/\/i0.wp.com\/ismaelcolosi.com.br\/wp-content\/uploads\/2023\/11\/grupo-de-empregos-whatsapp-e-facebook-ismael-colosi-vagas.jpg?ssl=1\" alt=\"\" \/><\/a><\/p>\n<!-- \/wp:image -->\n<\/div>\n<p> <br \/>\n<\/p>\n<div data-td-block-uid=\"tdi_104\">\n<div class=\"tdb-block-inner td-fix-index\">\n<p>O <strong>Coral do Sincovarp<\/strong> (Sindicato do Com\u00e9rcio Varejista de Ribeir\u00e3o Preto) realiza uma s\u00e9rie de <strong>apresenta\u00e7\u00f5es natalinas<\/strong> em diferentes lugares de Ribeir\u00e3o Preto. <strong>A entrada \u00e9 gratuita<\/strong>. <\/p>\n<p>Os espet\u00e1culos acontecem durante os dias 5, 6, 11 e 12 de dezembro com reg\u00eancia do maestro Gabriel Locher. As apresenta\u00e7\u00f5es tamb\u00e9m tem apoio da C\u00e2mara de Dirigentes Lojistas (CDL)<\/p>\n<h4 class=\"wp-block-heading\"><strong><span style=\"background-color:#f7cc62\" class=\"td_text_highlight_marker\">Confira a programa\u00e7\u00e3o\u00a0<\/span><\/strong><\/h4>\n<ul>\n<li><strong>Data: 5\/12 (ter\u00e7a-feira), \u00e0s 19h<\/strong>\u00a0<\/li>\n<\/ul>\n<p>Novo Shopping \u2013 Av. Presidente Kennedy, 1.500, Ribeir\u00e2nia\u00a0<\/p>\n<ul>\n<li><strong>Data: 6\/12 (quarta-feira), \u00e0s 19h<\/strong>\u00a0<\/li>\n<\/ul>\n<p>Shopping Santa \u00darsula \u2013 Rua S\u00e3o Jos\u00e9, 933, Centro\u00a0<\/p>\n<ul>\n<li><strong>Data: 11\/12 (segunda-feira), \u00e0s 19h<\/strong>\u00a0<\/li>\n<\/ul>\n<p>Shopping Iguatemi \u2013 Av. Luiz Eduardo Toledo Prado, 900, Vila do Golfe\u00a0<\/p>\n<ul>\n<li><strong>Data: 12\/12 (ter\u00e7a-feira), \u00e0s 18h30<\/strong>\u00a0<\/li>\n<\/ul>\n<p>Lar Padre Euclides \u2013 Av. Saudade, 1.577, Campos El\u00edseos <\/p>\n<h4 class=\"wp-block-heading\"><strong>Concerto da Orquestra<\/strong><\/h4>\n<p>No dia 10 de dezembro, \u00e0s 20 horas, acontece o Concerto de Natal da Orquestra Sinf\u00f4nica de Ribeir\u00e3o Preto (Osrp), na escadaria da Catedral Metropolitana (rua Flor\u00eancio de Abreu).<\/p>\n<p>O evento \u00e9 gratuito e conta com o apoio do Sincovarp e da CDL. A realiza\u00e7\u00e3o \u00e9 da Osrp, da Catedral Metropolitana e do Sesc.<\/p>\n<p>VEJA TAMB\u00c9M<br \/>Theatro Pedro II tem concerto de Natal com entrada gratuita\u00a0em Ribeir\u00e3o<\/p>\n<h4 class=\"wp-block-heading\"><strong><span style=\"background-color:#f7cc62\" class=\"td_text_highlight_marker\">FIQUE ON \u00a0<\/span><\/strong><\/h4>\n<p>Fique ligado em tudo que acontece em Ribeir\u00e3o Preto e regi\u00e3o. Siga os perfis do<strong>\u00a0acidade on\u00a0<\/strong>no\u00a0<a href=\"https:\/\/www.instagram.com\/acidadeonribeirao\" target=\"_blank\" rel=\"noreferrer noopener\">Instagram<\/a>\u00a0e no\u00a0<a href=\"https:\/\/www.facebook.com\/acidadeonribeirao\" target=\"_blank\" rel=\"noreferrer noopener\">Facebook<\/a>. <\/p>\n<p>Receba not\u00edcias do<strong>\u00a0acidade on\u00a0<\/strong>no WhatsApp.\u00a0<a href=\"https:\/\/chat.whatsapp.com\/Bnv2w66ZT4VDyZW3oiZ69n\" target=\"_blank\" rel=\"noreferrer noopener\">Para entrar no grupo, basta clicar aqui.<\/a><\/p>\n<p>Fa\u00e7a uma den\u00fancia ou sugira uma reportagem sobre Ribeir\u00e3o Preto e regi\u00e3o pelo WhatsApp: <strong>16 99117 7802.<\/strong><\/p>\n<p><a href=\"https:\/\/www.tudoep.com\/tudo-receitas\/NOT,0,0,1868521,frango-assado-confira-como-fazer-essa-receita-especial-de-natal.aspx\" target=\"_blank\" rel=\"noreferrer noopener\">LEIA MAIS<br \/>Frango assado: confira como fazer essa receita especial de Natal<\/a><\/p>\n<p><!-- AI CONTENT END 1 -->\n<\/div>\n<\/div>\n<p><script async src=\"\/\/www.instagram.com\/embed.js\"><\/script><br \/>\n<br \/><br \/>\n<br \/><a href=\"https:\/\/www.acidadeon.com\/ribeiraopreto\/lazer-e-cultura\/coral-realiza-apresentacoes-gratuitas-de-natal-em-ribeirao-preto\/\">Source link <\/a><\/p>\n<!-- CONTENT END 1 -->\n","protected":false},"excerpt":{"rendered":"<p>O Coral do Sincovarp (Sindicato do Com\u00e9rcio Varejista de Ribeir\u00e3o Preto) realiza uma s\u00e9rie de apresenta\u00e7\u00f5es natalinas em diferentes lugares de Ribeir\u00e3o Preto. A entrada&#8230;<\/p>\n","protected":false},"author":1,"featured_media":11270,"comment_status":"open","ping_status":"open","sticky":false,"template":"","format":"standard","meta":{"advanced_seo_description":"","jetpack_seo_html_title":"","jetpack_seo_noindex":false,"jetpack_seo_schema_type":"","_jetpack_newsletter_access":"","_jetpack_dont_email_post_to_subs":false,"_jetpack_newsletter_tier_id":0,"_jetpack_memberships_contains_paywalled_content":false,"_jetpack_feature_clip_id":0,"_jetpack_memberships_contains_paid_content":false,"footnotes":"","jetpack_publicize_message":"","jetpack_publicize_feature_enabled":true,"jetpack_social_post_already_shared":true,"jetpack_social_options":{"image_generator_settings":{"template":"highway","default_image_id":0,"font":"","enabled":false},"version":2},"jetpack_post_was_ever_published":false},"categories":[11],"tags":[1564,469,211,288,27,415,26],"class_list":["post-11269","post","type-post","status-publish","format-standard","has-post-thumbnail","hentry","category-noticias-de-ribeirao-preto-sp-e-regiao-ismael-colosi","tag-apresentacoes","tag-coral","tag-gratuitas","tag-natal","tag-preto","tag-realiza","tag-ribeirao"],"jetpack_publicize_connections":[],"jetpack-related-posts":[{"id":15341,"url":"https:\/\/noticiasribeiraopreto.com.br\/index.php\/2023\/12\/13\/natal-quinteto-de-cordas-se-apresenta-em-shopping-de-ribeirao-preto\/","url_meta":{"origin":11269,"position":0},"title":"Natal: Quinteto de Cordas se apresenta em shopping de Ribeir\u00e3o Preto\u00a0","author":"noticiasribeiraopreto.com.br","date":"13 de December de 2023","format":false,"excerpt":"O Quinteto de Cordas da Orquestra Sinf\u00f4nica de Ribeir\u00e3o Preto, realiza, nesta quarta-feira (13), uma apresenta\u00e7\u00e3o no Ribeir\u00e3oShopping, localizado na zona Sul da cidade. O evento \u00e9 gratuito ao p\u00fablico. O evento tem entrada gratuita e acontece \u00e0s 18h30, pr\u00f3ximo ao cinema. O espet\u00e1culo faz parte da s\u00e9rie \u2018M\u00fasica Solid\u00e1ria\u2019.\u2026","rel":"","context":"In &quot;Not\u00edcias de Ribeir\u00e3o Preto-SP e Regi\u00e3o&quot;","block_context":{"text":"Not\u00edcias de Ribeir\u00e3o Preto-SP e Regi\u00e3o","link":"https:\/\/noticiasribeiraopreto.com.br\/index.php\/category\/noticias-de-ribeirao-preto-sp-e-regiao-ismael-colosi\/"},"img":{"alt_text":"","src":"https:\/\/i0.wp.com\/noticiasribeiraopreto.com.br\/wp-content\/uploads\/2023\/12\/sinfxnica-1068x629-1.jpg?fit=1068%2C629&ssl=1&resize=350%2C200","width":350,"height":200,"srcset":"https:\/\/i0.wp.com\/noticiasribeiraopreto.com.br\/wp-content\/uploads\/2023\/12\/sinfxnica-1068x629-1.jpg?fit=1068%2C629&ssl=1&resize=350%2C200 1x, https:\/\/i0.wp.com\/noticiasribeiraopreto.com.br\/wp-content\/uploads\/2023\/12\/sinfxnica-1068x629-1.jpg?fit=1068%2C629&ssl=1&resize=525%2C300 1.5x, https:\/\/i0.wp.com\/noticiasribeiraopreto.com.br\/wp-content\/uploads\/2023\/12\/sinfxnica-1068x629-1.jpg?fit=1068%2C629&ssl=1&resize=700%2C400 2x, https:\/\/i0.wp.com\/noticiasribeiraopreto.com.br\/wp-content\/uploads\/2023\/12\/sinfxnica-1068x629-1.jpg?fit=1068%2C629&ssl=1&resize=1050%2C600 3x"},"classes":[]},{"id":80441,"url":"https:\/\/noticiasribeiraopreto.com.br\/index.php\/2025\/12\/03\/shopping-de-ribeirao-preto-recebe-sinfonias-de-natal-com-entrada-gratuita\/","url_meta":{"origin":11269,"position":1},"title":"Shopping de Ribeir\u00e3o Preto recebe &#8216;Sinfonias de Natal&#8217; com entrada gratuita","author":"noticiasribeiraopreto.com.br","date":"3 de December de 2025","format":false,"excerpt":"O Novo Shopping, em Ribeir\u00e3o Preto, inicia nesta quinta-feira (4) a programa\u00e7\u00e3o das Sinfonias de Natal, s\u00e9rie de apresenta\u00e7\u00f5es gratuitas que combina m\u00fasica, dan\u00e7a e clima natalino. As atra\u00e7\u00f5es seguem at\u00e9 o dia 14, com sess\u00f5es di\u00e1rias \u00e0s 19h, em frente \u00e0 Pra\u00e7a de Alimenta\u00e7\u00e3o. Coral da USP \u2013 foto:\u2026","rel":"","context":"In &quot;Not\u00edcias de Ribeir\u00e3o Preto-SP e Regi\u00e3o&quot;","block_context":{"text":"Not\u00edcias de Ribeir\u00e3o Preto-SP e Regi\u00e3o","link":"https:\/\/noticiasribeiraopreto.com.br\/index.php\/category\/noticias-de-ribeirao-preto-sp-e-regiao-ismael-colosi\/"},"img":{"alt_text":"","src":"https:\/\/i0.wp.com\/noticiasribeiraopreto.com.br\/wp-content\/uploads\/2025\/12\/WhatsApp-Image-2025-12-03-at-17.28.17-1_2025-12-03_20-29-53.webp.webp?fit=1200%2C675&ssl=1&resize=350%2C200","width":350,"height":200,"srcset":"https:\/\/i0.wp.com\/noticiasribeiraopreto.com.br\/wp-content\/uploads\/2025\/12\/WhatsApp-Image-2025-12-03-at-17.28.17-1_2025-12-03_20-29-53.webp.webp?fit=1200%2C675&ssl=1&resize=350%2C200 1x, https:\/\/i0.wp.com\/noticiasribeiraopreto.com.br\/wp-content\/uploads\/2025\/12\/WhatsApp-Image-2025-12-03-at-17.28.17-1_2025-12-03_20-29-53.webp.webp?fit=1200%2C675&ssl=1&resize=525%2C300 1.5x, https:\/\/i0.wp.com\/noticiasribeiraopreto.com.br\/wp-content\/uploads\/2025\/12\/WhatsApp-Image-2025-12-03-at-17.28.17-1_2025-12-03_20-29-53.webp.webp?fit=1200%2C675&ssl=1&resize=700%2C400 2x, https:\/\/i0.wp.com\/noticiasribeiraopreto.com.br\/wp-content\/uploads\/2025\/12\/WhatsApp-Image-2025-12-03-at-17.28.17-1_2025-12-03_20-29-53.webp.webp?fit=1200%2C675&ssl=1&resize=1050%2C600 3x"},"classes":[]},{"id":80466,"url":"https:\/\/noticiasribeiraopreto.com.br\/index.php\/2025\/12\/03\/shopping-de-ribeirao-preto-recebe-sinfonias-de-natal-com-entrada-gratuita-2\/","url_meta":{"origin":11269,"position":2},"title":"Shopping de Ribeir\u00e3o Preto recebe &#8216;Sinfonias de Natal&#8217; com entrada gratuita","author":"noticiasribeiraopreto.com.br","date":"3 de December de 2025","format":false,"excerpt":"O Novo Shopping, em Ribeir\u00e3o Preto, inicia nesta quinta-feira (4) a programa\u00e7\u00e3o das Sinfonias de Natal, s\u00e9rie de apresenta\u00e7\u00f5es gratuitas que combina m\u00fasica, dan\u00e7a e clima natalino. As atra\u00e7\u00f5es seguem at\u00e9 o dia 14, com sess\u00f5es di\u00e1rias \u00e0s 19h, em frente \u00e0 Pra\u00e7a de Alimenta\u00e7\u00e3o. Coral da USP \u2013 foto:\u2026","rel":"","context":"In &quot;Not\u00edcias de Ribeir\u00e3o Preto-SP e Regi\u00e3o&quot;","block_context":{"text":"Not\u00edcias de Ribeir\u00e3o Preto-SP e Regi\u00e3o","link":"https:\/\/noticiasribeiraopreto.com.br\/index.php\/category\/noticias-de-ribeirao-preto-sp-e-regiao-ismael-colosi\/"},"img":{"alt_text":"","src":"https:\/\/i0.wp.com\/noticiasribeiraopreto.com.br\/wp-content\/uploads\/2025\/12\/WhatsApp-Image-2025-12-03-at-17.28.17-1_2025-12-03_20-29-53-1068x601-1.webp.webp?fit=1068%2C601&ssl=1&resize=350%2C200","width":350,"height":200,"srcset":"https:\/\/i0.wp.com\/noticiasribeiraopreto.com.br\/wp-content\/uploads\/2025\/12\/WhatsApp-Image-2025-12-03-at-17.28.17-1_2025-12-03_20-29-53-1068x601-1.webp.webp?fit=1068%2C601&ssl=1&resize=350%2C200 1x, https:\/\/i0.wp.com\/noticiasribeiraopreto.com.br\/wp-content\/uploads\/2025\/12\/WhatsApp-Image-2025-12-03-at-17.28.17-1_2025-12-03_20-29-53-1068x601-1.webp.webp?fit=1068%2C601&ssl=1&resize=525%2C300 1.5x, https:\/\/i0.wp.com\/noticiasribeiraopreto.com.br\/wp-content\/uploads\/2025\/12\/WhatsApp-Image-2025-12-03-at-17.28.17-1_2025-12-03_20-29-53-1068x601-1.webp.webp?fit=1068%2C601&ssl=1&resize=700%2C400 2x, https:\/\/i0.wp.com\/noticiasribeiraopreto.com.br\/wp-content\/uploads\/2025\/12\/WhatsApp-Image-2025-12-03-at-17.28.17-1_2025-12-03_20-29-53-1068x601-1.webp.webp?fit=1068%2C601&ssl=1&resize=1050%2C600 3x"},"classes":[]},{"id":61261,"url":"https:\/\/noticiasribeiraopreto.com.br\/index.php\/2024\/12\/07\/ribeirao-preto-recebe-evento-gratuito-natal-no-palacio-veja-programacao\/","url_meta":{"origin":11269,"position":3},"title":"Ribeir\u00e3o Preto recebe evento gratuito &#8216;Natal no Pal\u00e1cio&#8217;; Veja programa\u00e7\u00e3o","author":"noticiasribeiraopreto.com.br","date":"7 de December de 2024","format":false,"excerpt":"Entre os dias 9 a 15 de dezembro, Ribeir\u00e3o Preto recebe uma programa\u00e7\u00e3o gratuita e diversificada do \u201cNatal no Pal\u00e1cio\u201c. O evento, que neste ano ser\u00e1 na Pra\u00e7a Sete de Setembro, no Centro da cidade, come\u00e7a a partir das 19h entre segunda e sexta-feira, e a entrada \u00e9 aberta ao\u2026","rel":"","context":"In &quot;Not\u00edcias de Ribeir\u00e3o Preto-SP e Regi\u00e3o&quot;","block_context":{"text":"Not\u00edcias de Ribeir\u00e3o Preto-SP e Regi\u00e3o","link":"https:\/\/noticiasribeiraopreto.com.br\/index.php\/category\/noticias-de-ribeirao-preto-sp-e-regiao-ismael-colosi\/"},"img":{"alt_text":"","src":"https:\/\/i0.wp.com\/noticiasribeiraopreto.com.br\/wp-content\/uploads\/2024\/12\/1733589370_WhatsApp-Image-2023-12-11-at-11.28.049.jpeg?fit=1150%2C614&ssl=1&resize=350%2C200","width":350,"height":200,"srcset":"https:\/\/i0.wp.com\/noticiasribeiraopreto.com.br\/wp-content\/uploads\/2024\/12\/1733589370_WhatsApp-Image-2023-12-11-at-11.28.049.jpeg?fit=1150%2C614&ssl=1&resize=350%2C200 1x, https:\/\/i0.wp.com\/noticiasribeiraopreto.com.br\/wp-content\/uploads\/2024\/12\/1733589370_WhatsApp-Image-2023-12-11-at-11.28.049.jpeg?fit=1150%2C614&ssl=1&resize=525%2C300 1.5x, https:\/\/i0.wp.com\/noticiasribeiraopreto.com.br\/wp-content\/uploads\/2024\/12\/1733589370_WhatsApp-Image-2023-12-11-at-11.28.049.jpeg?fit=1150%2C614&ssl=1&resize=700%2C400 2x, https:\/\/i0.wp.com\/noticiasribeiraopreto.com.br\/wp-content\/uploads\/2024\/12\/1733589370_WhatsApp-Image-2023-12-11-at-11.28.049.jpeg?fit=1150%2C614&ssl=1&resize=1050%2C600 3x"},"classes":[]},{"id":80548,"url":"https:\/\/noticiasribeiraopreto.com.br\/index.php\/2025\/12\/05\/guia-natalino-veja-o-que-fazer-em-ribeirao-preto-nos-proximos-dias\/","url_meta":{"origin":11269,"position":4},"title":"Guia natalino: Veja o que fazer em Ribeir\u00e3o Preto nos pr\u00f3ximos dias","author":"noticiasribeiraopreto.com.br","date":"5 de December de 2025","format":false,"excerpt":"Ribeir\u00e3o Preto j\u00e1 conta com uma programa\u00e7\u00e3o natalina para todos os gostos, com concertos, apresenta\u00e7\u00f5es culturais, oficina e visitas ao Papai Noel. As atra\u00e7\u00f5es acontecem em diferentes pontos da cidade. Confira abaixo o guia natalino: Coral da Unaerp na Catedral 7 de dezembro, domingo | \u00e0s 20h A Catedral recebe\u2026","rel":"","context":"In &quot;Not\u00edcias de Ribeir\u00e3o Preto-SP e Regi\u00e3o&quot;","block_context":{"text":"Not\u00edcias de Ribeir\u00e3o Preto-SP e Regi\u00e3o","link":"https:\/\/noticiasribeiraopreto.com.br\/index.php\/category\/noticias-de-ribeirao-preto-sp-e-regiao-ismael-colosi\/"},"img":{"alt_text":"","src":"https:\/\/i0.wp.com\/noticiasribeiraopreto.com.br\/wp-content\/uploads\/2025\/12\/1.png?fit=820%2C524&ssl=1&resize=350%2C200","width":350,"height":200,"srcset":"https:\/\/i0.wp.com\/noticiasribeiraopreto.com.br\/wp-content\/uploads\/2025\/12\/1.png?fit=820%2C524&ssl=1&resize=350%2C200 1x, https:\/\/i0.wp.com\/noticiasribeiraopreto.com.br\/wp-content\/uploads\/2025\/12\/1.png?fit=820%2C524&ssl=1&resize=525%2C300 1.5x, https:\/\/i0.wp.com\/noticiasribeiraopreto.com.br\/wp-content\/uploads\/2025\/12\/1.png?fit=820%2C524&ssl=1&resize=700%2C400 2x"},"classes":[]},{"id":11192,"url":"https:\/\/noticiasribeiraopreto.com.br\/index.php\/2023\/12\/05\/veja-quais-sao-os-bairros-que-o-noel-movel-visitara-esta-semana-em-ribeirao-preto\/","url_meta":{"origin":11269,"position":5},"title":"Veja quais s\u00e3o os bairros que o Noel M\u00f3vel visitar\u00e1 esta semana em Ribeir\u00e3o Preto","author":"noticiasribeiraopreto.com.br","date":"5 de December de 2023","format":false,"excerpt":"O \u2018Noel M\u00f3vel\u2019, uma das atra\u00e7\u00f5es da programa\u00e7\u00e3o do Natal Luz da Associa\u00e7\u00e3o Comercial e Industrial de Ribeir\u00e3o Preto (Acirp), segue levando alegria para os bairros de Ribeir\u00e3o Preto. Nesta ter\u00e7a- feira (5), de acordo com o cronograma da associa\u00e7\u00e3o, o Bom Velhinho estar\u00e1 no Novo Mercad\u00e3o da Cidade, na\u2026","rel":"","context":"In &quot;Not\u00edcias de Ribeir\u00e3o Preto-SP e Regi\u00e3o&quot;","block_context":{"text":"Not\u00edcias de Ribeir\u00e3o Preto-SP e Regi\u00e3o","link":"https:\/\/noticiasribeiraopreto.com.br\/index.php\/category\/noticias-de-ribeirao-preto-sp-e-regiao-ismael-colosi\/"},"img":{"alt_text":"","src":"https:\/\/i0.wp.com\/noticiasribeiraopreto.com.br\/wp-content\/uploads\/2023\/12\/IGOR6650-1-scaled.jpg?fit=1200%2C800&ssl=1&resize=350%2C200","width":350,"height":200,"srcset":"https:\/\/i0.wp.com\/noticiasribeiraopreto.com.br\/wp-content\/uploads\/2023\/12\/IGOR6650-1-scaled.jpg?fit=1200%2C800&ssl=1&resize=350%2C200 1x, https:\/\/i0.wp.com\/noticiasribeiraopreto.com.br\/wp-content\/uploads\/2023\/12\/IGOR6650-1-scaled.jpg?fit=1200%2C800&ssl=1&resize=525%2C300 1.5x, https:\/\/i0.wp.com\/noticiasribeiraopreto.com.br\/wp-content\/uploads\/2023\/12\/IGOR6650-1-scaled.jpg?fit=1200%2C800&ssl=1&resize=700%2C400 2x, https:\/\/i0.wp.com\/noticiasribeiraopreto.com.br\/wp-content\/uploads\/2023\/12\/IGOR6650-1-scaled.jpg?fit=1200%2C800&ssl=1&resize=1050%2C600 3x"},"classes":[]}],"jetpack_sharing_enabled":true,"jetpack_shortlink":"https:\/\/wp.me\/peQAOb-2VL","jetpack_featured_media_url":"https:\/\/i0.wp.com\/noticiasribeiraopreto.com.br\/wp-content\/uploads\/2023\/12\/santa-hat-8413947_1280.jpg?fit=1280%2C876&ssl=1","_links":{"self":[{"href":"https:\/\/noticiasribeiraopreto.com.br\/index.php\/wp-json\/wp\/v2\/posts\/11269","targetHints":{"allow":["GET"]}}],"collection":[{"href":"https:\/\/noticiasribeiraopreto.com.br\/index.php\/wp-json\/wp\/v2\/posts"}],"about":[{"href":"https:\/\/noticiasribeiraopreto.com.br\/index.php\/wp-json\/wp\/v2\/types\/post"}],"author":[{"embeddable":true,"href":"https:\/\/noticiasribeiraopreto.com.br\/index.php\/wp-json\/wp\/v2\/users\/1"}],"replies":[{"embeddable":true,"href":"https:\/\/noticiasribeiraopreto.com.br\/index.php\/wp-json\/wp\/v2\/comments?post=11269"}],"version-history":[{"count":0,"href":"https:\/\/noticiasribeiraopreto.com.br\/index.php\/wp-json\/wp\/v2\/posts\/11269\/revisions"}],"wp:featuredmedia":[{"embeddable":true,"href":"https:\/\/noticiasribeiraopreto.com.br\/index.php\/wp-json\/wp\/v2\/media\/11270"}],"wp:attachment":[{"href":"https:\/\/noticiasribeiraopreto.com.br\/index.php\/wp-json\/wp\/v2\/media?parent=11269"}],"wp:term":[{"taxonomy":"category","embeddable":true,"href":"https:\/\/noticiasribeiraopreto.com.br\/index.php\/wp-json\/wp\/v2\/categories?post=11269"},{"taxonomy":"post_tag","embeddable":true,"href":"https:\/\/noticiasribeiraopreto.com.br\/index.php\/wp-json\/wp\/v2\/tags?post=11269"}],"curies":[{"name":"wp","href":"https:\/\/api.w.org\/{rel}","templated":true}]}}