{"id":11413,"date":"2023-12-06T06:47:16","date_gmt":"2023-12-06T09:47:16","guid":{"rendered":"https:\/\/noticiasribeiraopreto.com.br\/index.php\/2023\/12\/06\/fcee-de-santa-catarina-lanca-editais-de-concurso-publico\/"},"modified":"2023-12-06T06:47:16","modified_gmt":"2023-12-06T09:47:16","slug":"fcee-de-santa-catarina-lanca-editais-de-concurso-publico","status":"publish","type":"post","link":"https:\/\/noticiasribeiraopreto.com.br\/index.php\/2023\/12\/06\/fcee-de-santa-catarina-lanca-editais-de-concurso-publico\/","title":{"rendered":"FCEE de Santa Catarina lan\u00e7a editais de concurso p\u00fablico"},"content":{"rendered":"<div class='code-block code-block-1' style='margin: 8px 0 8px auto; text-align: right; display: block; clear: both;'>\n<p><a href=\"https:\/\/wa.link\/vpicfd\"><img data-recalc-dims=\"1\" class=\"wp-image-4922\" style=\"aspect-ratio: 2.0253164556962027; width: 561px; height: auto;\" src=\"https:\/\/i0.wp.com\/ismaelcolosi.com.br\/wp-content\/uploads\/2023\/11\/grupo-de-empregos-whatsapp-e-facebook-ismael-colosi-vagas.jpg?ssl=1\" alt=\"\" \/><\/a><\/p>\n<!-- \/wp:image -->\n<\/div>\n<p> <br \/>\n<\/p>\n<div>\n<div id=\"attachment_2319824\" class=\"wp-caption alignnone\">\n<div class=\"d-flex justify-content-center\" data-attachment-id=\"2319824\">\n<div class=\"position-relative d-inline-block\"><img data-recalc-dims=\"1\" data-portal-copyright=\"IStock\" fetchpriority=\"high\" decoding=\"async\" class=\"size-medium wp-image-2319824\" src=\"https:\/\/i0.wp.com\/catracalivre.com.br\/wp-content\/uploads\/2023\/12\/istock-1422237391-1-450x246.jpg?resize=450%2C246&#038;ssl=1\" alt=\"Concurso P\u00fablico FCEE SC\" width=\"450\" height=\"246\" srcset=\"https:\/\/catracalivre.com.br\/wp-content\/uploads\/2023\/12\/istock-1422237391-1-450x246.jpg 450w, https:\/\/catracalivre.com.br\/wp-content\/uploads\/2023\/12\/istock-1422237391-1-910x498.jpg 910w, https:\/\/catracalivre.com.br\/wp-content\/uploads\/2023\/12\/istock-1422237391-1-768x420.jpg 768w, https:\/\/catracalivre.com.br\/wp-content\/uploads\/2023\/12\/istock-1422237391-1.jpg 1384w\" sizes=\"(max-width: 450px) 100vw, 450px\"\/><\/p>\n<p>Cr\u00e9ditos: IStock<\/p>\n<\/div>\n<\/div>\n<p><span class=\"post-imagem__legenda\">Concurso P\u00fablico FCEE SC<\/span><\/p>\n<\/div>\n<p>A Funda\u00e7\u00e3o Catarinense de Educa\u00e7\u00e3o Especial (FCEE), no estado de Santa Catarina, anuncia dois editais para <a href=\"https:\/\/catracalivre.com.br\/educacao\/aplicativo-gratuito-divulga-informacoes-de-concursos-publicos\/\">concurso<\/a> p\u00fablico, que visa selecionar profissionais de n\u00edvel superior, para contrata\u00e7\u00e3o tempor\u00e1ria, com lota\u00e7\u00e3o na cidade de S\u00e3o Jos\u00e9.<\/p>\n<p>A remunera\u00e7\u00e3o oferecida em <a href=\"https:\/\/catracalivre.com.br\/educacao\/app-gratuito-oferece-informacoes-sobre-concursos-publicos\/\">concurso<\/a> p\u00fablico ser\u00e1 de at\u00e9\u00a0R$ 3.600,00, podendo receber complementa\u00e7\u00e3o para atingir o piso do magist\u00e9rio, levando em considera\u00e7\u00e3o a jornada de 40 horas semanais.<\/p>\n<p>O concurso \u00e9 destinado \u00e0s seguintes fun\u00e7\u00f5es de n\u00edvel superior:<\/p>\n<p>Professor de Educa\u00e7\u00e3o Especial \u2013 Altas Habilidades\/ Superdota\u00e7\u00e3o;<\/p>\n<p>Professor de Artes;<\/p>\n<p>Professor de Educa\u00e7\u00e3o F\u00edsica;<\/p>\n<p>Professor de Educa\u00e7\u00e3o Especial \u2013 Defici\u00eancia Intelectual;<\/p>\n<p>Professor de Educa\u00e7\u00e3o Especial \u2013 Defici\u00eancia Visual;<\/p>\n<p>Professor de Inform\u00e1tica Educativa.<\/p>\n<p>As inscri\u00e7\u00f5es devem ser realizadas atrav\u00e9s do <a href=\"https:\/\/2023fcee.fepese.org.br\/?go=edital&amp;mn=1151b3eab3b069d5112ccae1943307c4&amp;edital=1\">site<\/a> oficial at\u00e9 as 16h do dia 11 de dezembro de 2023. O valor da taxa de inscri\u00e7\u00e3o \u00e9 de R$ 120,00.<\/p>\n<p>Para d\u00favidas e mais informa\u00e7\u00f5es entre em contato pelo endere\u00e7o de e-mail 2023fcee@fepese.org.br, ou telefone (48) 3953-1000.<\/p>\n<div class=\"partner d-flex rounded shadow-sm p-2 mb-3 align-items-center\" id=\"partner\" data-print=\"ignore\">\n<div class=\"image mr-2\">\n<img data-recalc-dims=\"1\" src=\"https:\/\/i0.wp.com\/robohash.org\/b730afd4cf5c5d237c7f93163ed023b6.png?resize=110%2C110&#038;ssl=1\" width=\"110\" height=\"110\" title=\"Thatyana Costa\" loading=\"lazy\" decoding=\"async\" class=\"rounded-circle\"\/>\n<\/div>\n<\/div>\n<\/div>\n<p><script>\n\t\t! function(f, b, e, v, n, t, s) {\n\t\t\tif (f.fbq) return;\n\t\t\tn = f.fbq = function() {\n\t\t\t\tn.callMethod ?\n\t\t\t\t\tn.callMethod.apply(n, arguments) : n.queue.push(arguments)\n\t\t\t};\n\t\t\tif (!f._fbq) f._fbq = n;\n\t\t\tn.push = n;\n\t\t\tn.loaded = !0;\n\t\t\tn.version = '2.0';\n\t\t\tn.queue = [];\n\t\t\tt = b.createElement(e);\n\t\t\tt.async = !0;\n\t\t\tt.src = v;\n\t\t\ts = b.getElementsByTagName(e)[0];\n\t\t\ts.parentNode.insertBefore(t, s)\n\t\t}(window, document, 'script',\n\t\t\t'https:\/\/connect.facebook.net\/en_US\/fbevents.js');\n\t\tfbq('init', '338315473262380');\n\t\tfbq('track', 'PageView');\n\t<\/script><br \/>\n<br \/><br \/>\n<br \/><a href=\"https:\/\/catracalivre.com.br\/educacao\/fcee-de-santa-catarina-lanca-editais-de-concurso-publico\/\">Source link <\/a><\/p>\n<!-- CONTENT END 1 -->\n","protected":false},"excerpt":{"rendered":"<p>Cr\u00e9ditos: IStock Concurso P\u00fablico FCEE SC A Funda\u00e7\u00e3o Catarinense de Educa\u00e7\u00e3o Especial (FCEE), no estado de Santa Catarina, anuncia dois editais para concurso p\u00fablico, que&#8230;<\/p>\n","protected":false},"author":1,"featured_media":11414,"comment_status":"open","ping_status":"open","sticky":false,"template":"","format":"standard","meta":{"advanced_seo_description":"","jetpack_seo_html_title":"","jetpack_seo_noindex":false,"jetpack_post_was_ever_published":false,"_jetpack_newsletter_access":"","_jetpack_dont_email_post_to_subs":false,"_jetpack_newsletter_tier_id":0,"_jetpack_memberships_contains_paywalled_content":false,"_jetpack_memberships_contains_paid_content":false,"footnotes":"","jetpack_publicize_message":"","jetpack_publicize_feature_enabled":true,"jetpack_social_post_already_shared":true,"jetpack_social_options":{"image_generator_settings":{"template":"highway","default_image_id":0,"font":"","enabled":false},"version":2}},"categories":[19],"tags":[],"class_list":["post-11413","post","type-post","status-publish","format-standard","has-post-thumbnail","hentry","category-variedades"],"jetpack_publicize_connections":[],"jetpack_featured_media_url":"https:\/\/i0.wp.com\/noticiasribeiraopreto.com.br\/wp-content\/uploads\/2023\/12\/istock-1422237391.jpg?fit=1200%2C638&ssl=1","jetpack-related-posts":[{"id":11397,"url":"https:\/\/noticiasribeiraopreto.com.br\/index.php\/2023\/12\/06\/crp-de-santa-catarina-abre-concurso-publico-com-remuneracoes-de-ate-r-48-mil\/","url_meta":{"origin":11413,"position":0},"title":"CRP de Santa Catarina abre concurso p\u00fablico com remunera\u00e7\u00f5es de at\u00e9 R$ 4,8 mil","author":"noticiasribeiraopreto.com.br","date":"6 de December de 2023","format":false,"excerpt":"6 de dezembro de 2023 \u00e0s 05:19 Por: Reda\u00e7\u00e3o Cr\u00e9ditos: IStockConcurso P\u00fablico CRP O Conselho Regional de Psicologia do estado de\u00a0Santa Catarina\u00a0(CRP SC) anuncia edital para concurso p\u00fablico, que vai contratar novos servidores efetivos de n\u00edveis m\u00e9dio e superior. O edital \u00e9 voltado para os cargos de: Auxiliar Administrativo, que\u2026","rel":"","context":"In &quot;Variedades&quot;","block_context":{"text":"Variedades","link":"https:\/\/noticiasribeiraopreto.com.br\/index.php\/category\/variedades\/"},"img":{"alt_text":"","src":"https:\/\/i0.wp.com\/noticiasribeiraopreto.com.br\/wp-content\/uploads\/2023\/12\/istock-1409878886.jpg?fit=1200%2C638&ssl=1&resize=350%2C200","width":350,"height":200,"srcset":"https:\/\/i0.wp.com\/noticiasribeiraopreto.com.br\/wp-content\/uploads\/2023\/12\/istock-1409878886.jpg?fit=1200%2C638&ssl=1&resize=350%2C200 1x, https:\/\/i0.wp.com\/noticiasribeiraopreto.com.br\/wp-content\/uploads\/2023\/12\/istock-1409878886.jpg?fit=1200%2C638&ssl=1&resize=525%2C300 1.5x, https:\/\/i0.wp.com\/noticiasribeiraopreto.com.br\/wp-content\/uploads\/2023\/12\/istock-1409878886.jpg?fit=1200%2C638&ssl=1&resize=700%2C400 2x, https:\/\/i0.wp.com\/noticiasribeiraopreto.com.br\/wp-content\/uploads\/2023\/12\/istock-1409878886.jpg?fit=1200%2C638&ssl=1&resize=1050%2C600 3x"},"classes":[]},{"id":25280,"url":"https:\/\/noticiasribeiraopreto.com.br\/index.php\/2024\/01\/06\/onde-esta-gabriele-familia-de-adolescente-de-15-anos-que-sumiu-em-santa-catarina-esta-desesperada-em-busca-de-noticias\/","url_meta":{"origin":11413,"position":1},"title":"Onde est\u00e1 Gabriele? Fam\u00edlia de adolescente de 15 anos que sumiu em Santa Catarina est\u00e1 desesperada em busca de not\u00edcias","author":"noticiasribeiraopreto.com.br","date":"6 de January de 2024","format":false,"excerpt":"No \u00faltimo dia 18 de dezembro de 2023, a jovem Gabriele de Almeida Rodrigues, de 15 anos, desapareceu na cidade de Cambori\u00fa, localizado no Litoral Norte de Santa Catarina, de acordo com o registro do SOS Desaparecidos da Pol\u00edcia Militar de Santa Catarina (PMSC).A Pol\u00edcia Civil de Santa Catarina (PCSC)\u2026","rel":"","context":"In &quot;Blog&quot;","block_context":{"text":"Blog","link":"https:\/\/noticiasribeiraopreto.com.br\/index.php\/category\/blog\/"},"img":{"alt_text":"","src":"https:\/\/i0.wp.com\/noticiasribeiraopreto.com.br\/wp-content\/uploads\/2024\/01\/postimg-6599925635c217088.jpg?fit=1200%2C628&ssl=1&resize=350%2C200","width":350,"height":200,"srcset":"https:\/\/i0.wp.com\/noticiasribeiraopreto.com.br\/wp-content\/uploads\/2024\/01\/postimg-6599925635c217088.jpg?fit=1200%2C628&ssl=1&resize=350%2C200 1x, https:\/\/i0.wp.com\/noticiasribeiraopreto.com.br\/wp-content\/uploads\/2024\/01\/postimg-6599925635c217088.jpg?fit=1200%2C628&ssl=1&resize=525%2C300 1.5x, https:\/\/i0.wp.com\/noticiasribeiraopreto.com.br\/wp-content\/uploads\/2024\/01\/postimg-6599925635c217088.jpg?fit=1200%2C628&ssl=1&resize=700%2C400 2x, https:\/\/i0.wp.com\/noticiasribeiraopreto.com.br\/wp-content\/uploads\/2024\/01\/postimg-6599925635c217088.jpg?fit=1200%2C628&ssl=1&resize=1050%2C600 3x"},"classes":[]},{"id":10872,"url":"https:\/\/noticiasribeiraopreto.com.br\/index.php\/2023\/12\/05\/instituto-federal-de-santa-catarina-abre-vagas-em-cursos-gratuitos-de-especializacao\/","url_meta":{"origin":11413,"position":2},"title":"Instituto Federal de Santa Catarina abre vagas em cursos gratuitos de especializa\u00e7\u00e3o","author":"noticiasribeiraopreto.com.br","date":"5 de December de 2023","format":false,"excerpt":"As vagas s\u00e3o para os cursos de Ensino de L\u00edngua Estrangeira para a Educa\u00e7\u00e3o B\u00e1sica, Tecnologias para a Educa\u00e7\u00e3o Profissional e Tecnol\u00f3gica \u2013ambos na modalidade a dist\u00e2ncia (EaD) e Educa\u00e7\u00e3o Ambiental com \u00canfase na Forma\u00e7\u00e3o de Professores (curso presencial no campus S\u00e3o Jos\u00e9).Cr\u00e9ditos: Divulga\u00e7\u00e3o\/iFSCO processo seletivo para os tr\u00eas cursos\u2026","rel":"","context":"In &quot;Variedades&quot;","block_context":{"text":"Variedades","link":"https:\/\/noticiasribeiraopreto.com.br\/index.php\/category\/variedades\/"},"img":{"alt_text":"","src":"https:\/\/i0.wp.com\/noticiasribeiraopreto.com.br\/wp-content\/uploads\/2023\/12\/cursos-gratuitos-ifsc.jpg?fit=1200%2C638&ssl=1&resize=350%2C200","width":350,"height":200,"srcset":"https:\/\/i0.wp.com\/noticiasribeiraopreto.com.br\/wp-content\/uploads\/2023\/12\/cursos-gratuitos-ifsc.jpg?fit=1200%2C638&ssl=1&resize=350%2C200 1x, https:\/\/i0.wp.com\/noticiasribeiraopreto.com.br\/wp-content\/uploads\/2023\/12\/cursos-gratuitos-ifsc.jpg?fit=1200%2C638&ssl=1&resize=525%2C300 1.5x, https:\/\/i0.wp.com\/noticiasribeiraopreto.com.br\/wp-content\/uploads\/2023\/12\/cursos-gratuitos-ifsc.jpg?fit=1200%2C638&ssl=1&resize=700%2C400 2x, https:\/\/i0.wp.com\/noticiasribeiraopreto.com.br\/wp-content\/uploads\/2023\/12\/cursos-gratuitos-ifsc.jpg?fit=1200%2C638&ssl=1&resize=1050%2C600 3x"},"classes":[]},{"id":73959,"url":"https:\/\/noticiasribeiraopreto.com.br\/index.php\/2025\/07\/13\/morte-de-ex-prefeito-adolescente-de-17-anos-e-detido-em-santa-catarina\/","url_meta":{"origin":11413,"position":3},"title":"Morte de ex-prefeito: adolescente de 17 anos \u00e9 detido em Santa Catarina","author":"noticiasribeiraopreto.com.br","date":"13 de July de 2025","format":false,"excerpt":"Um adolescente de 17 anos foi detido suspeito de envolvimento na morte do ex-prefeito de Taquaritinga Vanderlei Marsico. De acordo com o delegado Claudemir Aparecido Pereira da Silva, o adolescente foi apreendido na tarde de s\u00e1bado (12) em Santa Catarina. Vanderlei Jos\u00e9 Marsico, morto aos 73 anos, foi encontrado amarrado\u2026","rel":"","context":"In &quot;Not\u00edcias de Ribeir\u00e3o Preto-SP e Regi\u00e3o&quot;","block_context":{"text":"Not\u00edcias de Ribeir\u00e3o Preto-SP e Regi\u00e3o","link":"https:\/\/noticiasribeiraopreto.com.br\/index.php\/category\/noticias-de-ribeirao-preto-sp-e-regiao-ismael-colosi\/"},"img":{"alt_text":"","src":"https:\/\/i0.wp.com\/noticiasribeiraopreto.com.br\/wp-content\/uploads\/2025\/07\/vanderlei-marsico_2025-07-10_14-17-42.webp.webp?fit=1200%2C674&ssl=1&resize=350%2C200","width":350,"height":200,"srcset":"https:\/\/i0.wp.com\/noticiasribeiraopreto.com.br\/wp-content\/uploads\/2025\/07\/vanderlei-marsico_2025-07-10_14-17-42.webp.webp?fit=1200%2C674&ssl=1&resize=350%2C200 1x, https:\/\/i0.wp.com\/noticiasribeiraopreto.com.br\/wp-content\/uploads\/2025\/07\/vanderlei-marsico_2025-07-10_14-17-42.webp.webp?fit=1200%2C674&ssl=1&resize=525%2C300 1.5x, https:\/\/i0.wp.com\/noticiasribeiraopreto.com.br\/wp-content\/uploads\/2025\/07\/vanderlei-marsico_2025-07-10_14-17-42.webp.webp?fit=1200%2C674&ssl=1&resize=700%2C400 2x, https:\/\/i0.wp.com\/noticiasribeiraopreto.com.br\/wp-content\/uploads\/2025\/07\/vanderlei-marsico_2025-07-10_14-17-42.webp.webp?fit=1200%2C674&ssl=1&resize=1050%2C600 3x"},"classes":[]},{"id":80187,"url":"https:\/\/noticiasribeiraopreto.com.br\/index.php\/2025\/11\/17\/ex-chefe-da-pf-em-ribeirao-preto-assume-superintendencia-de-santa-catarina\/","url_meta":{"origin":11413,"position":4},"title":"Ex-chefe da PF em Ribeir\u00e3o Preto assume superintend\u00eancia de Santa Catarina","author":"noticiasribeiraopreto.com.br","date":"17 de November de 2025","format":false,"excerpt":"O delegado Edson Geraldo de Souza, ex-chefe da PF (Pol\u00edcia Federal) em Ribeir\u00e3o Preto, foi nomeado para Superintend\u00eancia Regional da PF em Santa Catarina, respons\u00e1vel por todo o estado. A portaria com a designa\u00e7\u00e3o foi publicada no DOU (Di\u00e1rio Oficial da Uni\u00e3o) da \u00faltima sexta-feira (14) e \u00e9 assinada por\u2026","rel":"","context":"In &quot;Not\u00edcias de Ribeir\u00e3o Preto-SP e Regi\u00e3o&quot;","block_context":{"text":"Not\u00edcias de Ribeir\u00e3o Preto-SP e Regi\u00e3o","link":"https:\/\/noticiasribeiraopreto.com.br\/index.php\/category\/noticias-de-ribeirao-preto-sp-e-regiao-ismael-colosi\/"},"img":{"alt_text":"","src":"https:\/\/i0.wp.com\/noticiasribeiraopreto.com.br\/wp-content\/uploads\/2025\/11\/edson-geraldo-de-souza_2025-11-17_14-39-11.webp.webp?fit=1200%2C717&ssl=1&resize=350%2C200","width":350,"height":200,"srcset":"https:\/\/i0.wp.com\/noticiasribeiraopreto.com.br\/wp-content\/uploads\/2025\/11\/edson-geraldo-de-souza_2025-11-17_14-39-11.webp.webp?fit=1200%2C717&ssl=1&resize=350%2C200 1x, https:\/\/i0.wp.com\/noticiasribeiraopreto.com.br\/wp-content\/uploads\/2025\/11\/edson-geraldo-de-souza_2025-11-17_14-39-11.webp.webp?fit=1200%2C717&ssl=1&resize=525%2C300 1.5x, https:\/\/i0.wp.com\/noticiasribeiraopreto.com.br\/wp-content\/uploads\/2025\/11\/edson-geraldo-de-souza_2025-11-17_14-39-11.webp.webp?fit=1200%2C717&ssl=1&resize=700%2C400 2x, https:\/\/i0.wp.com\/noticiasribeiraopreto.com.br\/wp-content\/uploads\/2025\/11\/edson-geraldo-de-souza_2025-11-17_14-39-11.webp.webp?fit=1200%2C717&ssl=1&resize=1050%2C600 3x"},"classes":[]},{"id":1336,"url":"https:\/\/noticiasribeiraopreto.com.br\/index.php\/2023\/11\/11\/botafogo-perde-para-a-chapecoense-em-santa-catarina\/","url_meta":{"origin":11413,"position":5},"title":"Botafogo perde para a Chapecoense em Santa Catarina","author":"noticiasribeiraopreto.com.br","date":"11 de November de 2023","format":false,"excerpt":"O Botafogo perdeu, por 2 a 0, para a Chapecoense, na noite deste s\u00e1bado (11), na Aren\u00e1 Cond\u00e1, em Santa Catarina. O jogo foi v\u00e1lido pela 36\u00aa rodada do Campeonato Brasileiro da S\u00e9rie B. Para a Chape, a vit\u00f3ria foi vital na luta contra o rebaixamento \u2013 chegou aos 36\u2026","rel":"","context":"In &quot;Not\u00edcias de Ribeir\u00e3o Preto-SP e Regi\u00e3o&quot;","block_context":{"text":"Not\u00edcias de Ribeir\u00e3o Preto-SP e Regi\u00e3o","link":"https:\/\/noticiasribeiraopreto.com.br\/index.php\/category\/noticias-de-ribeirao-preto-sp-e-regiao-ismael-colosi\/"},"img":{"alt_text":"","src":"https:\/\/i0.wp.com\/noticiasribeiraopreto.com.br\/wp-content\/uploads\/2023\/11\/WhatsApp-Image-2023-11-11-at-18.09.29.jpeg?fit=1200%2C800&ssl=1&resize=350%2C200","width":350,"height":200,"srcset":"https:\/\/i0.wp.com\/noticiasribeiraopreto.com.br\/wp-content\/uploads\/2023\/11\/WhatsApp-Image-2023-11-11-at-18.09.29.jpeg?fit=1200%2C800&ssl=1&resize=350%2C200 1x, https:\/\/i0.wp.com\/noticiasribeiraopreto.com.br\/wp-content\/uploads\/2023\/11\/WhatsApp-Image-2023-11-11-at-18.09.29.jpeg?fit=1200%2C800&ssl=1&resize=525%2C300 1.5x, https:\/\/i0.wp.com\/noticiasribeiraopreto.com.br\/wp-content\/uploads\/2023\/11\/WhatsApp-Image-2023-11-11-at-18.09.29.jpeg?fit=1200%2C800&ssl=1&resize=700%2C400 2x, https:\/\/i0.wp.com\/noticiasribeiraopreto.com.br\/wp-content\/uploads\/2023\/11\/WhatsApp-Image-2023-11-11-at-18.09.29.jpeg?fit=1200%2C800&ssl=1&resize=1050%2C600 3x"},"classes":[]}],"jetpack_sharing_enabled":true,"jetpack_shortlink":"https:\/\/wp.me\/peQAOb-2Y5","_links":{"self":[{"href":"https:\/\/noticiasribeiraopreto.com.br\/index.php\/wp-json\/wp\/v2\/posts\/11413","targetHints":{"allow":["GET"]}}],"collection":[{"href":"https:\/\/noticiasribeiraopreto.com.br\/index.php\/wp-json\/wp\/v2\/posts"}],"about":[{"href":"https:\/\/noticiasribeiraopreto.com.br\/index.php\/wp-json\/wp\/v2\/types\/post"}],"author":[{"embeddable":true,"href":"https:\/\/noticiasribeiraopreto.com.br\/index.php\/wp-json\/wp\/v2\/users\/1"}],"replies":[{"embeddable":true,"href":"https:\/\/noticiasribeiraopreto.com.br\/index.php\/wp-json\/wp\/v2\/comments?post=11413"}],"version-history":[{"count":0,"href":"https:\/\/noticiasribeiraopreto.com.br\/index.php\/wp-json\/wp\/v2\/posts\/11413\/revisions"}],"wp:featuredmedia":[{"embeddable":true,"href":"https:\/\/noticiasribeiraopreto.com.br\/index.php\/wp-json\/wp\/v2\/media\/11414"}],"wp:attachment":[{"href":"https:\/\/noticiasribeiraopreto.com.br\/index.php\/wp-json\/wp\/v2\/media?parent=11413"}],"wp:term":[{"taxonomy":"category","embeddable":true,"href":"https:\/\/noticiasribeiraopreto.com.br\/index.php\/wp-json\/wp\/v2\/categories?post=11413"},{"taxonomy":"post_tag","embeddable":true,"href":"https:\/\/noticiasribeiraopreto.com.br\/index.php\/wp-json\/wp\/v2\/tags?post=11413"}],"curies":[{"name":"wp","href":"https:\/\/api.w.org\/{rel}","templated":true}]}}