{"id":11419,"date":"2023-12-06T07:21:34","date_gmt":"2023-12-06T10:21:34","guid":{"rendered":"https:\/\/noticiasribeiraopreto.com.br\/index.php\/2023\/12\/06\/adm-lanca-processo-seletivo-voltado-para-recem-formados-saiba-como-participar-2\/"},"modified":"2023-12-06T07:21:34","modified_gmt":"2023-12-06T10:21:34","slug":"adm-lanca-processo-seletivo-voltado-para-recem-formados-saiba-como-participar-2","status":"publish","type":"post","link":"https:\/\/noticiasribeiraopreto.com.br\/index.php\/2023\/12\/06\/adm-lanca-processo-seletivo-voltado-para-recem-formados-saiba-como-participar-2\/","title":{"rendered":"ADM lan\u00e7a processo seletivo voltado para rec\u00e9m-formados; saiba como participar"},"content":{"rendered":"<div class='code-block code-block-1' style='margin: 8px 0 8px auto; text-align: right; display: block; clear: both;'>\n<p><a href=\"https:\/\/wa.link\/vpicfd\"><img data-recalc-dims=\"1\" class=\"wp-image-4922\" style=\"aspect-ratio: 2.0253164556962027; width: 561px; height: auto;\" src=\"https:\/\/i0.wp.com\/ismaelcolosi.com.br\/wp-content\/uploads\/2023\/11\/grupo-de-empregos-whatsapp-e-facebook-ismael-colosi-vagas.jpg?ssl=1\" alt=\"\" \/><\/a><\/p>\n<!-- \/wp:image -->\n<\/div>\n<p> <br \/>\n<\/p>\n<div>\n<p>A <strong>ADM (Archer Daniels Midland)<\/strong> abriu inscri\u00e7\u00f5es para o seu mais recente <a href=\"https:\/\/jcconcursos.com.br\/noticia\/empregos\" rel=\"noopener\" target=\"_blank\">processo seletivo<\/a>, voltado para profissionais rec\u00e9m-formados no ensino superior. A empresa \u00e9 um conglomerado norte-americano que atua em diversos setores. A oportunidade \u00e9 para Santa Catarina, Mato Grosso do Sul, Maranh\u00e3o, <a href=\"https:\/\/jcconcursos.com.br\/concursos\/mg\" rel=\"noopener\" target=\"_blank\">Minas Gerais<\/a> e Mato Grosso. As inscri\u00e7\u00f5es v\u00e3o at\u00e9 o dia 12 de janeiro.<\/p>\n<p>O programa para <a href=\"https:\/\/jcconcursos.com.br\/noticia\/empregos\/5-motivos-para-participar-de-um-programa-para-trainee-107667\" rel=\"noopener\" target=\"_blank\">trainee<\/a> da ADM \u00e9 voltado para profissionais formados entre 2021 a dezembro de 2023, que tenham ingl\u00eas avan\u00e7ado. O programa ser\u00e1 sob o modelo de contrato CLT e com uma carga hor\u00e1ria de 40 horas semanais. Podem se candidatar engenheiros, de prefer\u00eancias graduados em engenharia el\u00e9trica, engenharia qu\u00edmica e engenharia mec\u00e2nica.<\/p>\n<p>As vagas do processo seletivo da ADM s\u00e3o para as localidades de<a href=\"https:\/\/jcconcursos.com.br\/concursos\/ms\" rel=\"noopener\" target=\"_blank\"> Campo Grande\/MS<\/a>, Joa\u00e7aba\/SC, Porto Franco\/MA, Uberl\u00e2ndia\/MG e Rondon\u00f3polis\/MT.\u00a0<\/p>\n<p>Cada trainee que for aprovado, ir\u00e1 receber um padrinho que dar\u00e1 todo o suporte necess\u00e1rio durante o programa, al\u00e9m disso, ser\u00e1 oferecido escola de idiomas e programa de mentoria cont\u00ednua. Durante os dois anos, os candidatos que forem selecionados ir\u00e3o podem avan\u00e7ar para posi\u00e7\u00f5es de especialistas ou supervisores.\u00a0<\/p>\n<p>Os <a href=\"https:\/\/jcconcursos.com.br\/noticia\/empregos\/4-beneficios-que-todo-funcionario-sonha-receber-da-empresa-104509\" rel=\"noopener\" target=\"_blank\">benef\u00edcios<\/a> oferecidos incluem conv\u00eanio m\u00e9dico, conv\u00eanio odontol\u00f3gico, seguro de vida, gympass, fretado\/vale-transporte, vale-alimenta\u00e7\u00e3o, vale-refei\u00e7\u00e3o ou refeit\u00f3rio local, descontos em produtos Pet Food da ADM, escola de idiomas, PPR, acesso gratuito ao LinkedIn Learning Premium, plano de previd\u00eancia privada, trabalho h\u00edbrido (1 dia de home office e 4 presenciais), plano de carreira estruturado e programa de mentoria.<\/p>\n<h2>Como participar do processo seletivo ADM<\/h2>\n<p>Rec\u00e9m-formados em interessados em participar do Programa para Trainee da Archer Daniels Midland podem se inscrever pelo <a href=\"https:\/\/www.ciadeestagios.com.br\/vagas\/adm\/\" rel=\"noopener\" target=\"_blank\">link<\/a> at\u00e9 o dia 12 de janeiro. As etapas do processo seletivo incluem testes online, din\u00e2mica em grupo, resolu\u00e7\u00e3o de case, entrevista individual com o RH, entrevista com os gerentes de plantas, entrevista com o diretor e VP de opera\u00e7\u00f5es e aprova\u00e7\u00e3o.<\/p>\n<div class=\"code-block code-block-5\" style=\"margin: 8px auto; text-align: center; display: block; clear: both;\"> <a href=\"https:\/\/suaads.com\/ref\/ISMAELCOLOSI\" target=\"_blank\" rel=\"noopener\"><img data-recalc-dims=\"1\" decoding=\"async\" src=\"https:\/\/i0.wp.com\/suaurl.com\/img\/bannersref\/s.png?ssl=1\" alt=\"SuaUrl\"  style=\"max-width: 100%;\" class=\"lazy\" loading=\"lazy\"\/><noscript><img data-recalc-dims=\"1\" decoding=\"async\" src=\"https:\/\/i0.wp.com\/suaurl.com\/img\/bannersref\/s.png?ssl=1\" alt=\"SuaUrl\"  style=\"max-width: 100%;\"\/><\/noscript><\/a><\/div>\n<p><a id=\"gnews_btn\" href=\"https:\/\/news.google.com\/publications\/CAAqBwgKMOixlQswuZWrAw\" target=\"_blank\" class=\"border_jc_blue link_hover_bg_jc_blue font_85 d-block d-md-inline-block px-2 py-1 mr-0 mr-md-2 mb-3 w-100 text-center\" rel=\"noopener\"><span class=\"text_jc_blue\">Siga o <strong>JC Concursos no Google News<\/strong><\/span><\/a><span id=\"resumo\" class=\"anchor_link\"\/><\/p>\n<\/div>\n<p><br \/>\n<br \/><a href=\"https:\/\/ismaelcolosi.com.br\/adm-lanca-processo-seletivo-voltado-para-recem-formados-saiba-como-participar\/\">Source link <\/a><\/p>\n<!-- CONTENT END 1 -->\n","protected":false},"excerpt":{"rendered":"<p>A ADM (Archer Daniels Midland) abriu inscri\u00e7\u00f5es para o seu mais recente processo seletivo, voltado para profissionais rec\u00e9m-formados no ensino superior. A empresa \u00e9 um&#8230;<\/p>\n","protected":false},"author":1,"featured_media":11420,"comment_status":"open","ping_status":"open","sticky":false,"template":"","format":"standard","meta":{"advanced_seo_description":"","jetpack_seo_html_title":"","jetpack_seo_noindex":false,"jetpack_post_was_ever_published":false,"_jetpack_newsletter_access":"","_jetpack_dont_email_post_to_subs":false,"_jetpack_newsletter_tier_id":0,"_jetpack_memberships_contains_paywalled_content":false,"_jetpack_memberships_contains_paid_content":false,"footnotes":"","jetpack_publicize_message":"","jetpack_publicize_feature_enabled":true,"jetpack_social_post_already_shared":true,"jetpack_social_options":{"image_generator_settings":{"template":"highway","default_image_id":0,"font":"","enabled":false},"version":2}},"categories":[7],"tags":[],"class_list":["post-11419","post","type-post","status-publish","format-standard","has-post-thumbnail","hentry","category-vagas-de-empregos-em-ribeirao-preto-regiao-brasil"],"jetpack_publicize_connections":[],"jetpack_featured_media_url":"https:\/\/i0.wp.com\/noticiasribeiraopreto.com.br\/wp-content\/uploads\/2023\/12\/adm-divulgacao.jpg?fit=1920%2C1080&ssl=1","jetpack-related-posts":[{"id":14306,"url":"https:\/\/noticiasribeiraopreto.com.br\/index.php\/2023\/12\/11\/inscricoes-abertas-para-processo-seletivo-da-honda-voltado-para-profissionais-recem-formados\/","url_meta":{"origin":11419,"position":0},"title":"Inscri\u00e7\u00f5es abertas para processo seletivo da Honda voltado para profissionais rec\u00e9m-formados","author":"noticiasribeiraopreto.com.br","date":"11 de December de 2023","format":false,"excerpt":"Est\u00e3o abertas as inscri\u00e7\u00f5es para o mais recente processo seletivo da Honda, voltado para profissionais rec\u00e9m-formados e com atua\u00e7\u00e3o para as regi\u00f5es de Manaus\/AM, S\u00e3o Paulo\/SP e Sumar\u00e9\/SP. As inscri\u00e7\u00f5es v\u00e3o at\u00e9 o dia 10 de janeiro. A montadora japonesa, Honda, abriu inscri\u00e7\u00f5es para o seu mais recente programa de\u2026","rel":"","context":"In &quot;Vagas de Emprego em Ribeir\u00e3o Preto-SP&quot;","block_context":{"text":"Vagas de Emprego em Ribeir\u00e3o Preto-SP","link":"https:\/\/noticiasribeiraopreto.com.br\/index.php\/category\/empregos-classificados-vagas-trabalho\/vagas-de-empregos-em-ribeirao-preto-regiao-brasil\/"},"img":{"alt_text":"","src":"https:\/\/i0.wp.com\/noticiasribeiraopreto.com.br\/wp-content\/uploads\/2023\/12\/honda-processo-seletivo.jpg?fit=1200%2C675&ssl=1&resize=350%2C200","width":350,"height":200,"srcset":"https:\/\/i0.wp.com\/noticiasribeiraopreto.com.br\/wp-content\/uploads\/2023\/12\/honda-processo-seletivo.jpg?fit=1200%2C675&ssl=1&resize=350%2C200 1x, https:\/\/i0.wp.com\/noticiasribeiraopreto.com.br\/wp-content\/uploads\/2023\/12\/honda-processo-seletivo.jpg?fit=1200%2C675&ssl=1&resize=525%2C300 1.5x, https:\/\/i0.wp.com\/noticiasribeiraopreto.com.br\/wp-content\/uploads\/2023\/12\/honda-processo-seletivo.jpg?fit=1200%2C675&ssl=1&resize=700%2C400 2x, https:\/\/i0.wp.com\/noticiasribeiraopreto.com.br\/wp-content\/uploads\/2023\/12\/honda-processo-seletivo.jpg?fit=1200%2C675&ssl=1&resize=1050%2C600 3x"},"classes":[]},{"id":12860,"url":"https:\/\/noticiasribeiraopreto.com.br\/index.php\/2023\/12\/08\/processo-seletivo-na-adm-abre-10-vagas-de-trainee-para-recem-formados-em-engenharias\/","url_meta":{"origin":11419,"position":1},"title":"Processo seletivo na ADM abre 10 vagas de trainee para rec\u00e9m-formados em Engenharias","author":"noticiasribeiraopreto.com.br","date":"8 de December de 2023","format":false,"excerpt":"O Trilhando o futuro \u2013 Programa de Trainee ADM (Archer Daniels Midland) do Brasil 2024 \u00e9 uma oportunidade para rec\u00e9m-formados em Engenharias, preferencialmente El\u00e9trica, Qu\u00edmica e Mec\u00e2nica, que tenham conclu\u00eddo a gradua\u00e7\u00e3o entre 2021 e dezembro de 2023, desenvolverem suas compet\u00eancias e habilidades em um ambiente desafiador e din\u00e2mico. S\u00e3o\u2026","rel":"","context":"In &quot;Vagas de Emprego em Ribeir\u00e3o Preto-SP&quot;","block_context":{"text":"Vagas de Emprego em Ribeir\u00e3o Preto-SP","link":"https:\/\/noticiasribeiraopreto.com.br\/index.php\/category\/empregos-classificados-vagas-trabalho\/vagas-de-empregos-em-ribeirao-preto-regiao-brasil\/"},"img":{"alt_text":"","src":"https:\/\/i0.wp.com\/noticiasribeiraopreto.com.br\/wp-content\/uploads\/2023\/12\/adm.jpg?fit=1200%2C675&ssl=1&resize=350%2C200","width":350,"height":200,"srcset":"https:\/\/i0.wp.com\/noticiasribeiraopreto.com.br\/wp-content\/uploads\/2023\/12\/adm.jpg?fit=1200%2C675&ssl=1&resize=350%2C200 1x, https:\/\/i0.wp.com\/noticiasribeiraopreto.com.br\/wp-content\/uploads\/2023\/12\/adm.jpg?fit=1200%2C675&ssl=1&resize=525%2C300 1.5x, https:\/\/i0.wp.com\/noticiasribeiraopreto.com.br\/wp-content\/uploads\/2023\/12\/adm.jpg?fit=1200%2C675&ssl=1&resize=700%2C400 2x, https:\/\/i0.wp.com\/noticiasribeiraopreto.com.br\/wp-content\/uploads\/2023\/12\/adm.jpg?fit=1200%2C675&ssl=1&resize=1050%2C600 3x"},"classes":[]},{"id":20898,"url":"https:\/\/noticiasribeiraopreto.com.br\/index.php\/2023\/12\/26\/processo-seletivo-da-honda-oferece-oportunidade-para-profissionais-recem-formados\/","url_meta":{"origin":11419,"position":2},"title":"Processo seletivo da Honda oferece oportunidade para profissionais rec\u00e9m-formados","author":"noticiasribeiraopreto.com.br","date":"26 de December de 2023","format":false,"excerpt":"As inscri\u00e7\u00f5es est\u00e3o abertas para o processo seletivo da Honda, que oferece oportunidades nas regi\u00f5es de S\u00e3o Paulo e Amazonas. Este programa de trainee \u00e9 destinado a profissionais rec\u00e9m-formados, com prazo de inscri\u00e7\u00e3o at\u00e9 10 de janeiro do pr\u00f3ximo ano. A empresa japonesa Honda lan\u00e7ou seu mais recente programa de\u2026","rel":"","context":"In &quot;Vagas de Emprego em Ribeir\u00e3o Preto-SP&quot;","block_context":{"text":"Vagas de Emprego em Ribeir\u00e3o Preto-SP","link":"https:\/\/noticiasribeiraopreto.com.br\/index.php\/category\/empregos-classificados-vagas-trabalho\/vagas-de-empregos-em-ribeirao-preto-regiao-brasil\/"},"img":{"alt_text":"","src":"https:\/\/i0.wp.com\/noticiasribeiraopreto.com.br\/wp-content\/uploads\/2023\/12\/1703625849_honda-processo-seletivo.jpg?fit=1200%2C675&ssl=1&resize=350%2C200","width":350,"height":200,"srcset":"https:\/\/i0.wp.com\/noticiasribeiraopreto.com.br\/wp-content\/uploads\/2023\/12\/1703625849_honda-processo-seletivo.jpg?fit=1200%2C675&ssl=1&resize=350%2C200 1x, https:\/\/i0.wp.com\/noticiasribeiraopreto.com.br\/wp-content\/uploads\/2023\/12\/1703625849_honda-processo-seletivo.jpg?fit=1200%2C675&ssl=1&resize=525%2C300 1.5x, https:\/\/i0.wp.com\/noticiasribeiraopreto.com.br\/wp-content\/uploads\/2023\/12\/1703625849_honda-processo-seletivo.jpg?fit=1200%2C675&ssl=1&resize=700%2C400 2x, https:\/\/i0.wp.com\/noticiasribeiraopreto.com.br\/wp-content\/uploads\/2023\/12\/1703625849_honda-processo-seletivo.jpg?fit=1200%2C675&ssl=1&resize=1050%2C600 3x"},"classes":[]},{"id":11963,"url":"https:\/\/noticiasribeiraopreto.com.br\/index.php\/2023\/12\/07\/processos-seletivos-na-catho-natura-e-mais-empresas-somam-42-mil-vagas-abertas-2\/","url_meta":{"origin":11419,"position":3},"title":"Processos seletivos na Catho, Natura e mais empresas somam 42 mil vagas abertas","author":"noticiasribeiraopreto.com.br","date":"7 de December de 2023","format":false,"excerpt":"Cerca de 42.000 vagas est\u00e3o abertas para profissionais e estudantes de v\u00e1rias \u00e1reas. \u00c9 grande o n\u00famero de empresas que precisam contratar ou recolocar funcion\u00e1rios e\/ou estagi\u00e1rios em todas as regi\u00f5es do Brasil. Com intuito de auxiliar sua busca por uma oportunidade no mercado de trabalho, o JC Concursos preparou\u2026","rel":"","context":"In &quot;Vagas de Emprego em Ribeir\u00e3o Preto-SP&quot;","block_context":{"text":"Vagas de Emprego em Ribeir\u00e3o Preto-SP","link":"https:\/\/noticiasribeiraopreto.com.br\/index.php\/category\/empregos-classificados-vagas-trabalho\/vagas-de-empregos-em-ribeirao-preto-regiao-brasil\/"},"img":{"alt_text":"","src":"https:\/\/i0.wp.com\/noticiasribeiraopreto.com.br\/wp-content\/uploads\/2023\/12\/1701945023_vagas-abertas-agencia-brasil-novo3.jpg?fit=1200%2C675&ssl=1&resize=350%2C200","width":350,"height":200,"srcset":"https:\/\/i0.wp.com\/noticiasribeiraopreto.com.br\/wp-content\/uploads\/2023\/12\/1701945023_vagas-abertas-agencia-brasil-novo3.jpg?fit=1200%2C675&ssl=1&resize=350%2C200 1x, https:\/\/i0.wp.com\/noticiasribeiraopreto.com.br\/wp-content\/uploads\/2023\/12\/1701945023_vagas-abertas-agencia-brasil-novo3.jpg?fit=1200%2C675&ssl=1&resize=525%2C300 1.5x, https:\/\/i0.wp.com\/noticiasribeiraopreto.com.br\/wp-content\/uploads\/2023\/12\/1701945023_vagas-abertas-agencia-brasil-novo3.jpg?fit=1200%2C675&ssl=1&resize=700%2C400 2x, https:\/\/i0.wp.com\/noticiasribeiraopreto.com.br\/wp-content\/uploads\/2023\/12\/1701945023_vagas-abertas-agencia-brasil-novo3.jpg?fit=1200%2C675&ssl=1&resize=1050%2C600 3x"},"classes":[]},{"id":18313,"url":"https:\/\/noticiasribeiraopreto.com.br\/index.php\/2023\/12\/20\/mondelez-honda-minerva-foods-e-outras-empresas-oferecem-mais-de-6-mil-vagas-de-emprego-2\/","url_meta":{"origin":11419,"position":4},"title":"Mondelez, Honda, Minerva Foods e outras empresas oferecem mais de 6 mil vagas de emprego","author":"noticiasribeiraopreto.com.br","date":"20 de December de 2023","format":false,"excerpt":"Na \u00faltima ter\u00e7a-feira (19), diversas empresas renomadas divulgaram a abertura de processos seletivos, com vagas em todo o Brasil. O JC Concursos fez um compilado das principais sele\u00e7\u00f5es publicadas, com destaque para Mondelez, PPG, Honda, Akad Seguros, Minerva Foods, Portal de Empregos e Youse.\u00a0 Confira as oportunidades abaixo e n\u00e3o\u2026","rel":"","context":"In &quot;Vagas de Emprego em Ribeir\u00e3o Preto-SP&quot;","block_context":{"text":"Vagas de Emprego em Ribeir\u00e3o Preto-SP","link":"https:\/\/noticiasribeiraopreto.com.br\/index.php\/category\/empregos-classificados-vagas-trabalho\/vagas-de-empregos-em-ribeirao-preto-regiao-brasil\/"},"img":{"alt_text":"","src":"https:\/\/i0.wp.com\/noticiasribeiraopreto.com.br\/wp-content\/uploads\/2023\/12\/movile_vagas_de_emprego_divulgacao.jpg?fit=1200%2C675&ssl=1&resize=350%2C200","width":350,"height":200,"srcset":"https:\/\/i0.wp.com\/noticiasribeiraopreto.com.br\/wp-content\/uploads\/2023\/12\/movile_vagas_de_emprego_divulgacao.jpg?fit=1200%2C675&ssl=1&resize=350%2C200 1x, https:\/\/i0.wp.com\/noticiasribeiraopreto.com.br\/wp-content\/uploads\/2023\/12\/movile_vagas_de_emprego_divulgacao.jpg?fit=1200%2C675&ssl=1&resize=525%2C300 1.5x, https:\/\/i0.wp.com\/noticiasribeiraopreto.com.br\/wp-content\/uploads\/2023\/12\/movile_vagas_de_emprego_divulgacao.jpg?fit=1200%2C675&ssl=1&resize=700%2C400 2x, https:\/\/i0.wp.com\/noticiasribeiraopreto.com.br\/wp-content\/uploads\/2023\/12\/movile_vagas_de_emprego_divulgacao.jpg?fit=1200%2C675&ssl=1&resize=1050%2C600 3x"},"classes":[]},{"id":16693,"url":"https:\/\/noticiasribeiraopreto.com.br\/index.php\/2023\/12\/16\/processos-seletivos-na-fosp-ligga-e-mais-empresas-somam-600-vagas-abertas-no-pais-2\/","url_meta":{"origin":11419,"position":5},"title":"Processos seletivos na FOSP, Ligga e mais empresas somam 600 vagas abertas no pa\u00eds","author":"noticiasribeiraopreto.com.br","date":"16 de December de 2023","format":false,"excerpt":"Aproximadamente 600 vagas est\u00e3o abertas para profissionais e estudantes de v\u00e1rias \u00e1reas. \u00c9 grande o n\u00famero de empresas que precisam contratar ou recolocar funcion\u00e1rios e\/ou estagi\u00e1rios em todas as regi\u00f5es do Brasil. Com intuito de auxiliar sua busca por uma oportunidade no mercado de trabalho, o JC Concursos preparou uma\u2026","rel":"","context":"In &quot;Vagas de Emprego em Ribeir\u00e3o Preto-SP&quot;","block_context":{"text":"Vagas de Emprego em Ribeir\u00e3o Preto-SP","link":"https:\/\/noticiasribeiraopreto.com.br\/index.php\/category\/empregos-classificados-vagas-trabalho\/vagas-de-empregos-em-ribeirao-preto-regiao-brasil\/"},"img":{"alt_text":"","src":"https:\/\/i0.wp.com\/noticiasribeiraopreto.com.br\/wp-content\/uploads\/2023\/12\/1702716404_carteira-de-trabalho-digital-novo-agencia-brasil.jpg?fit=1200%2C675&ssl=1&resize=350%2C200","width":350,"height":200,"srcset":"https:\/\/i0.wp.com\/noticiasribeiraopreto.com.br\/wp-content\/uploads\/2023\/12\/1702716404_carteira-de-trabalho-digital-novo-agencia-brasil.jpg?fit=1200%2C675&ssl=1&resize=350%2C200 1x, https:\/\/i0.wp.com\/noticiasribeiraopreto.com.br\/wp-content\/uploads\/2023\/12\/1702716404_carteira-de-trabalho-digital-novo-agencia-brasil.jpg?fit=1200%2C675&ssl=1&resize=525%2C300 1.5x, https:\/\/i0.wp.com\/noticiasribeiraopreto.com.br\/wp-content\/uploads\/2023\/12\/1702716404_carteira-de-trabalho-digital-novo-agencia-brasil.jpg?fit=1200%2C675&ssl=1&resize=700%2C400 2x, https:\/\/i0.wp.com\/noticiasribeiraopreto.com.br\/wp-content\/uploads\/2023\/12\/1702716404_carteira-de-trabalho-digital-novo-agencia-brasil.jpg?fit=1200%2C675&ssl=1&resize=1050%2C600 3x"},"classes":[]}],"jetpack_sharing_enabled":true,"jetpack_shortlink":"https:\/\/wp.me\/peQAOb-2Yb","_links":{"self":[{"href":"https:\/\/noticiasribeiraopreto.com.br\/index.php\/wp-json\/wp\/v2\/posts\/11419","targetHints":{"allow":["GET"]}}],"collection":[{"href":"https:\/\/noticiasribeiraopreto.com.br\/index.php\/wp-json\/wp\/v2\/posts"}],"about":[{"href":"https:\/\/noticiasribeiraopreto.com.br\/index.php\/wp-json\/wp\/v2\/types\/post"}],"author":[{"embeddable":true,"href":"https:\/\/noticiasribeiraopreto.com.br\/index.php\/wp-json\/wp\/v2\/users\/1"}],"replies":[{"embeddable":true,"href":"https:\/\/noticiasribeiraopreto.com.br\/index.php\/wp-json\/wp\/v2\/comments?post=11419"}],"version-history":[{"count":0,"href":"https:\/\/noticiasribeiraopreto.com.br\/index.php\/wp-json\/wp\/v2\/posts\/11419\/revisions"}],"wp:featuredmedia":[{"embeddable":true,"href":"https:\/\/noticiasribeiraopreto.com.br\/index.php\/wp-json\/wp\/v2\/media\/11420"}],"wp:attachment":[{"href":"https:\/\/noticiasribeiraopreto.com.br\/index.php\/wp-json\/wp\/v2\/media?parent=11419"}],"wp:term":[{"taxonomy":"category","embeddable":true,"href":"https:\/\/noticiasribeiraopreto.com.br\/index.php\/wp-json\/wp\/v2\/categories?post=11419"},{"taxonomy":"post_tag","embeddable":true,"href":"https:\/\/noticiasribeiraopreto.com.br\/index.php\/wp-json\/wp\/v2\/tags?post=11419"}],"curies":[{"name":"wp","href":"https:\/\/api.w.org\/{rel}","templated":true}]}}