{"id":11429,"date":"2023-12-06T07:44:51","date_gmt":"2023-12-06T10:44:51","guid":{"rendered":"https:\/\/noticiasribeiraopreto.com.br\/index.php\/2023\/12\/06\/formada-comissao-para-200-vagas-de-aluno-oficial-2\/"},"modified":"2023-12-06T07:44:51","modified_gmt":"2023-12-06T10:44:51","slug":"formada-comissao-para-200-vagas-de-aluno-oficial-2","status":"publish","type":"post","link":"https:\/\/noticiasribeiraopreto.com.br\/index.php\/2023\/12\/06\/formada-comissao-para-200-vagas-de-aluno-oficial-2\/","title":{"rendered":"formada comiss\u00e3o para 200 vagas de aluno oficial"},"content":{"rendered":"<div class='code-block code-block-1' style='margin: 8px 0 8px auto; text-align: right; display: block; clear: both;'>\n<p><a href=\"https:\/\/wa.link\/vpicfd\"><img data-recalc-dims=\"1\" class=\"wp-image-4922\" style=\"aspect-ratio: 2.0253164556962027; width: 561px; height: auto;\" src=\"https:\/\/i0.wp.com\/ismaelcolosi.com.br\/wp-content\/uploads\/2023\/11\/grupo-de-empregos-whatsapp-e-facebook-ismael-colosi-vagas.jpg?ssl=1\" alt=\"\" \/><\/a><\/p>\n<!-- \/wp:image -->\n<\/div>\n<p> <br \/>\n<\/p>\n<div>\n<p>O novo <a href=\"https:\/\/jcconcursos.com.br\/concurso\/concurso-pm-sp-78984\" rel=\"noopener\" target=\"_blank\">concurso PM SP<\/a> (Pol\u00edcia Militar do Estado de S\u00e3o Paulo) para o cargo de aluno oficial j\u00e1 conta com comiss\u00e3o organizadora formada. Os nomes dos membros do grupo foram divulgados no di\u00e1rio oficial do estado desta quarta-feira, 6 de dezembro. A sele\u00e7\u00e3o contar\u00e1 com uma oferta de 200 vagas,<a href=\"https:\/\/jcconcursos.com.br\/noticia\/concursos\/concurso-pm-sp-governador-autoriza-nova-selecao-para-200-vagas-de-aluno-oficial-117571\" rel=\"noopener\" target=\"_blank\"> conforme autoriza\u00e7\u00e3o do governador Tarc\u00edsio de Freitas, divulgada em 19 de outubro<\/a>. A publica\u00e7\u00e3o do edital deve ocorrer at\u00e9 o in\u00edcio de 2024, com ingresso no curso de forma\u00e7\u00e3o a partir de janeiro de 2025. \u00a0<\/p>\n<p>Para concorrer ao cargo de aluno oficial da <a href=\"https:\/\/www.policiamilitar.sp.gov.br\/\" rel=\"noopener\" target=\"_blank\">PM SP<\/a> \u00e9 necess\u00e1rio possuir <a href=\"https:\/\/jcconcursos.com.br\/concursos\/nivel-escolar\/medio\" rel=\"noopener\" target=\"_blank\">ensino m\u00e9dio<\/a>, idade de 17 a 30 anos e altura m\u00ednima de 1,60m para homens e 1,55 m para mulheres. A remunera\u00e7\u00e3o inicial \u00e9 de R$ 3.815,03, considerando o sal\u00e1rio de R$ 3.029,36 e o limite do adicional de insalubridade de R$ 785,67.<\/p>\n<p>\u00c9 importante lembrar que a idade de 17 a 30 anos n\u00e3o \u00e9 considerada em caso de servidor dos quadros da PM SP.<\/p>\n<p>Os interessados poder\u00e3o possuir tatuagem, desde que n\u00e3o:<\/p>\n<ul>\n<li>divulgue s\u00edmbolo ou inscri\u00e7\u00e3o ofendendo valores e deveres \u00e9ticos inerentes aos integrantes da Pol\u00edcia Militar;<\/li>\n<li>fizer alus\u00e3o a ideologia terrorista ou extremista contr\u00e1ria \u00e0s institui\u00e7\u00f5es democr\u00e1ticas ou que pregue a viol\u00eancia ou a criminalidade;<\/li>\n<li>discrimina\u00e7\u00e3o ou preconceito de ra\u00e7a, credo, sexo ou origem;<\/li>\n<li>ideia ou ato libidinoso;<\/li>\n<li>ideia ou ato ofensivo aos direitos humanos<\/li>\n<\/ul>\n<h2>Concurso PM SP: veja publica\u00e7\u00e3o oficial<\/h2>\n<p>COMANDO GERAL<br \/>Diretoria de Pessoal<br \/>Comunicado n\u00ba DP-27\/321\/23<br \/>O Comandante Geral da Pol\u00edcia Militar do Estado de S\u00e3o Paulo torna p\u00fablico, nos termos do inciso II do artigo 19 do Regulamento Geral da PMESP (R-1-PM), aprovado pelo Decreto n\u00ba 7.290, de 15-12-75, da Portaria do Cmt G n\u00ba 001\/400\/12, de 28-12-12, publicada no Bol G PM 009\/13, e do Decreto n\u00ba 60.449, de 15-5-14, a designa\u00e7\u00e3o dos policiais militares a seguir relacionados, a contar de 19-10-23, para comporem a Comiss\u00e3o Especial de concurso p\u00fablico destinada ao provimento de cargos de Aluno-Oficial PM, cuja autoriza\u00e7\u00e3o governamental foi publicada no Di\u00e1rio Oficial do Estado (DOE) n\u00ba 98, de 19-10-23:<\/p>\n<p>Presidente:<br \/>Cel PM 884118-7 Jo\u00e3o Alves Cangerana Junior;<br \/>Suplente:<br \/>Ten Cel PM 940618-2 Ana Paula Dantas Bello;<br \/>Vice-Presidente:<br \/>Ten Cel PM 940636-A Mario Kitsuwa;<br \/>Suplente:<br \/>Maj PM 990110-8- Isis dos Santos Lima;<br \/>Coordena\u00e7\u00e3o T\u00e9cnica:<br \/>Cap PM 127799-5 Bruno Scalco dos Santos;<br \/>Suplente:<br \/>1\u00ba Ten PM 160106-7 Samuel Duque Rodrigues Neto<\/p>\n<div class=\"code-block code-block-5\" style=\"margin: 8px auto; text-align: center; display: block; clear: both;\"> <a href=\"https:\/\/suaads.com\/ref\/ISMAELCOLOSI\" target=\"_blank\" rel=\"noopener\"><img data-recalc-dims=\"1\" decoding=\"async\" src=\"https:\/\/i0.wp.com\/suaurl.com\/img\/bannersref\/s.png?ssl=1\" alt=\"SuaUrl\"  style=\"max-width: 100%;\" class=\"lazy\" loading=\"lazy\"\/><noscript><img data-recalc-dims=\"1\" decoding=\"async\" src=\"https:\/\/i0.wp.com\/suaurl.com\/img\/bannersref\/s.png?ssl=1\" alt=\"SuaUrl\"  style=\"max-width: 100%;\"\/><\/noscript><\/a><\/div>\n<h2>Saiba como foi a \u00faltima sele\u00e7\u00e3o<\/h2>\n<p>O \u00faltimo <strong>concurso PM SP<\/strong> para aluno oficial \u00e9 recente e ainda est\u00e1 em andamento. Teve in\u00edcio em maio, tamb\u00e9m com oferta de 200 vagas. A organizadora \u00e9 a Funda\u00e7\u00e3o Vunesp.<\/p>\n<p>A prova objetiva contou com 80 quest\u00f5es, da seguinte forma:<\/p>\n<p>Ci\u00eancias Humanas e suas Tecnologias \u2013 20 (vinte) quest\u00f5es, sendo:<\/p>\n<ul>\n<li>Hist\u00f3ria: 6 (seis) quest\u00f5es;<\/li>\n<li>Filosofia: 4 (quatro) quest\u00f5es;<\/li>\n<li>Sociologia: 4 (quatro) quest\u00f5es;<\/li>\n<li>Geografia: 6 (seis) quest\u00f5es;<\/li>\n<\/ul>\n<p>Linguagens e C\u00f3digos \u2013 24 (vinte e quatro) quest\u00f5es, sendo:<\/p>\n<ul>\n<li>L\u00edngua Portuguesa e interpreta\u00e7\u00e3o de texto: 18 (dezoito) quest\u00f5es;<\/li>\n<li>L\u00edngua Inglesa ou Espanhola: 6 (seis) quest\u00f5es;<\/li>\n<\/ul>\n<p>Matem\u00e1tica e Ci\u00eancias da Natureza \u2013 30 (trinta) quest\u00f5es, sendo:<\/p>\n<ul>\n<li>Matem\u00e1tica: 12 (doze) quest\u00f5es;<\/li>\n<li>F\u00edsica: 6 (seis) quest\u00f5es;<\/li>\n<li>Qu\u00edmica: 6 (seis) quest\u00f5es;<\/li>\n<li>Biologia: 6 (seis) quest\u00f5es;<\/li>\n<\/ul>\n<p>Conhecimentos Espec\u00edficos \u2013 6 (seis) quest\u00f5es, sendo:<\/p>\n<ul>\n<li>No\u00e7\u00f5es de Administra\u00e7\u00e3o P\u00fablica: 2 (duas) quest\u00f5es;<\/li>\n<li>No\u00e7\u00f5es B\u00e1sicas de Inform\u00e1tica: 4 (quatro) quest\u00f5es<\/li>\n<\/ul>\n<p>A primeira fase tamb\u00e9m contou com uma reda\u00e7\u00e3o.<\/p>\n<p>Ao todo, a sele\u00e7\u00e3o contou com as seguintes etapas:<\/p>\n<p>Exames de Conhecimentos divididos em:<\/p>\n<ul>\n<li>Prova Objetiva (Parte I), de car\u00e1ter eliminat\u00f3rio e classificat\u00f3rio, visa avaliar o conhecimento do candidato para o desempenho das atribui\u00e7\u00f5es<\/li>\n<li>Prova Dissertativa (Parte II), de car\u00e1ter eliminat\u00f3rio e classificat\u00f3rio, visa avaliar a capacidade do candidato de produzir uma reda\u00e7\u00e3o que atenda ao tema e ao g\u00eanero\/tipo de texto propostos, al\u00e9m de seu dom\u00ednio da norma culta da l\u00edngua<br \/>portuguesa e dos mecanismos de coes\u00e3o e coer\u00eancia textual;<\/li>\n<li>Exames de Aptid\u00e3o F\u00edsica de car\u00e1ter eliminat\u00f3rio, visam avaliar o desempenho f\u00edsico do candidato, que dever\u00e1 obedecer aos padr\u00f5es exigidos para o cargo;<\/li>\n<li>Exames de Sa\u00fade de car\u00e1ter eliminat\u00f3rio, os quais visam avaliar as condi\u00e7\u00f5es de sa\u00fade do candidato;<\/li>\n<li>Exames Psicol\u00f3gicos de car\u00e1ter eliminat\u00f3rio, visam identificar caracter\u00edsticas de personalidade, aptid\u00e3o, potencial e adequa\u00e7\u00e3o do candidato ao perfil psicol\u00f3gico estabelecido para o cargo;<\/li>\n<li>Avalia\u00e7\u00e3o da Conduta Social, da Reputa\u00e7\u00e3o e da Idoneidade de car\u00e1ter eliminat\u00f3rio, visa \u00e0 aprecia\u00e7\u00e3o da conduta social, reputa\u00e7\u00e3o e idoneidade do candidato, em<br \/>sua vida pregressa e atual em todos os aspectos da vida em sociedade, quer seja social, moral, profissional, escolar, quanto \u00e0 compatibilidade para o exerc\u00edcio do cargo;<\/li>\n<li>An\u00e1lise de Documentos de car\u00e1ter eliminat\u00f3rio, tem por finalidade analisar os documentos apresentados pelos candidatos para comprova\u00e7\u00e3o dos requisitos e condi\u00e7\u00f5es para ingresso<\/li>\n<\/ul>\n<p><a id=\"gnews_btn\" href=\"https:\/\/news.google.com\/publications\/CAAqBwgKMOixlQswuZWrAw\" target=\"_blank\" class=\"border_jc_blue link_hover_bg_jc_blue font_85 d-block d-md-inline-block px-2 py-1 mr-0 mr-md-2 mb-3 w-100 text-center\" rel=\"noopener\"><span class=\"text_jc_blue\">Siga o <strong>JC Concursos no Google News<\/strong><\/span><\/a><span id=\"resumo\" class=\"anchor_link\"\/><a href=\"https:\/\/jcconcursos.com.br\/\" class=\"badge badge-light\">concursos<\/a><a href=\"https:\/\/jcconcursos.com.br\/concursos\/previstos\" class=\"badge badge-light\">concursos 2023<\/a><a href=\"https:\/\/jcconcursos.com.br\/concursos\/sp\" class=\"badge badge-light\">concursos sp (s\u00e3o paulo)<\/a><a href=\"https:\/\/jcconcursos.com.br\/provas\/por-orgao\" class=\"badge badge-light\">provas anteriores<\/a><\/p>\n<\/div>\n<p><br \/>\n<br \/><a href=\"https:\/\/ismaelcolosi.com.br\/formada-comissao-para-200-vagas-de-aluno-oficial\/\">Source link <\/a><\/p>\n<!-- CONTENT END 1 -->\n","protected":false},"excerpt":{"rendered":"<p>O novo concurso PM SP (Pol\u00edcia Militar do Estado de S\u00e3o Paulo) para o cargo de aluno oficial j\u00e1 conta com comiss\u00e3o organizadora formada. Os&#8230;<\/p>\n","protected":false},"author":1,"featured_media":11430,"comment_status":"open","ping_status":"open","sticky":false,"template":"","format":"standard","meta":{"advanced_seo_description":"","jetpack_seo_html_title":"","jetpack_seo_noindex":false,"jetpack_post_was_ever_published":false,"_jetpack_newsletter_access":"","_jetpack_dont_email_post_to_subs":false,"_jetpack_newsletter_tier_id":0,"_jetpack_memberships_contains_paywalled_content":false,"_jetpack_memberships_contains_paid_content":false,"footnotes":"","jetpack_publicize_message":"","jetpack_publicize_feature_enabled":true,"jetpack_social_post_already_shared":true,"jetpack_social_options":{"image_generator_settings":{"template":"highway","default_image_id":0,"font":"","enabled":false},"version":2}},"categories":[7],"tags":[],"class_list":["post-11429","post","type-post","status-publish","format-standard","has-post-thumbnail","hentry","category-vagas-de-empregos-em-ribeirao-preto-regiao-brasil"],"jetpack_publicize_connections":[],"jetpack_featured_media_url":"https:\/\/i0.wp.com\/noticiasribeiraopreto.com.br\/wp-content\/uploads\/2023\/12\/concurso-pm-sp-soldado-13.jpg?fit=1920%2C1080&ssl=1","jetpack-related-posts":[{"id":21454,"url":"https:\/\/noticiasribeiraopreto.com.br\/index.php\/2023\/12\/27\/formada-comissao-organizadora-para-vagas-de-auditor\/","url_meta":{"origin":11429,"position":0},"title":"formada comiss\u00e3o organizadora para vagas de auditor","author":"noticiasribeiraopreto.com.br","date":"27 de December de 2023","format":false,"excerpt":"Um novo concurso TCE PI (Tribunal de Contas do Estado do Piau\u00ed) deve ser realizado em breve. O primeiro passo ocorreu nesta quarta-feira, 27 de dezembro, com a publica\u00e7\u00e3o, no di\u00e1rio oficial do \u00f3rg\u00e3o, do documento que constitui a comiss\u00e3o organizadora do certame.\u00a0 Por enquanto, o TCE PI confirmou apenas\u2026","rel":"","context":"In &quot;Vagas de Emprego em Ribeir\u00e3o Preto-SP&quot;","block_context":{"text":"Vagas de Emprego em Ribeir\u00e3o Preto-SP","link":"https:\/\/noticiasribeiraopreto.com.br\/index.php\/category\/empregos-classificados-vagas-trabalho\/vagas-de-empregos-em-ribeirao-preto-regiao-brasil\/"},"img":{"alt_text":"","src":"https:\/\/i0.wp.com\/noticiasribeiraopreto.com.br\/wp-content\/uploads\/2023\/12\/tce_pi_novoo.jpg?fit=1200%2C675&ssl=1&resize=350%2C200","width":350,"height":200,"srcset":"https:\/\/i0.wp.com\/noticiasribeiraopreto.com.br\/wp-content\/uploads\/2023\/12\/tce_pi_novoo.jpg?fit=1200%2C675&ssl=1&resize=350%2C200 1x, https:\/\/i0.wp.com\/noticiasribeiraopreto.com.br\/wp-content\/uploads\/2023\/12\/tce_pi_novoo.jpg?fit=1200%2C675&ssl=1&resize=525%2C300 1.5x, https:\/\/i0.wp.com\/noticiasribeiraopreto.com.br\/wp-content\/uploads\/2023\/12\/tce_pi_novoo.jpg?fit=1200%2C675&ssl=1&resize=700%2C400 2x, https:\/\/i0.wp.com\/noticiasribeiraopreto.com.br\/wp-content\/uploads\/2023\/12\/tce_pi_novoo.jpg?fit=1200%2C675&ssl=1&resize=1050%2C600 3x"},"classes":[]},{"id":16280,"url":"https:\/\/noticiasribeiraopreto.com.br\/index.php\/2023\/12\/15\/definidas-banca-e-taxas-para-selecao-de-oficial-combatente\/","url_meta":{"origin":11429,"position":1},"title":"definidas banca e taxas para sele\u00e7\u00e3o de oficial combatente","author":"noticiasribeiraopreto.com.br","date":"15 de December de 2023","format":false,"excerpt":"O novo concurso PM ES (Pol\u00edcia Militar do Estado do Esp\u00edrito Santo) para o cargo de oficial combatente j\u00e1 conta com banca organizadora definida. A escolhida \u00e9 o Instituto Idecan, pelo crit\u00e9rio de dispensa de licita\u00e7\u00e3o, de acordo com documento publicado no di\u00e1rio oficial do estado da \u00faltima quinta-feira, 14\u2026","rel":"","context":"In &quot;Vagas de Emprego em Ribeir\u00e3o Preto-SP&quot;","block_context":{"text":"Vagas de Emprego em Ribeir\u00e3o Preto-SP","link":"https:\/\/noticiasribeiraopreto.com.br\/index.php\/category\/empregos-classificados-vagas-trabalho\/vagas-de-empregos-em-ribeirao-preto-regiao-brasil\/"},"img":{"alt_text":"","src":"https:\/\/i0.wp.com\/noticiasribeiraopreto.com.br\/wp-content\/uploads\/2023\/12\/concurso-pm-es-oficial-1.jpg?fit=1200%2C675&ssl=1&resize=350%2C200","width":350,"height":200,"srcset":"https:\/\/i0.wp.com\/noticiasribeiraopreto.com.br\/wp-content\/uploads\/2023\/12\/concurso-pm-es-oficial-1.jpg?fit=1200%2C675&ssl=1&resize=350%2C200 1x, https:\/\/i0.wp.com\/noticiasribeiraopreto.com.br\/wp-content\/uploads\/2023\/12\/concurso-pm-es-oficial-1.jpg?fit=1200%2C675&ssl=1&resize=525%2C300 1.5x, https:\/\/i0.wp.com\/noticiasribeiraopreto.com.br\/wp-content\/uploads\/2023\/12\/concurso-pm-es-oficial-1.jpg?fit=1200%2C675&ssl=1&resize=700%2C400 2x, https:\/\/i0.wp.com\/noticiasribeiraopreto.com.br\/wp-content\/uploads\/2023\/12\/concurso-pm-es-oficial-1.jpg?fit=1200%2C675&ssl=1&resize=1050%2C600 3x"},"classes":[]},{"id":21676,"url":"https:\/\/noticiasribeiraopreto.com.br\/index.php\/2023\/12\/28\/definidos-criterios-para-exames-psicologicos-para-aluno-oficial-2\/","url_meta":{"origin":11429,"position":2},"title":"definidos crit\u00e9rios para exames psicol\u00f3gicos para aluno oficial","author":"noticiasribeiraopreto.com.br","date":"28 de December de 2023","format":false,"excerpt":"Quem pretende participar do novo concurso PM SP (Pol\u00edcia Militar do Estado de S\u00e3o Paulo) para o cargo de aluno oficial deve ficar atento. Acontece que foi publicada, no di\u00e1rio oficial desta quinta-feira, 28 de dezembro, a portaria 2\/313\/23, que define os crit\u00e9rios de avalia\u00e7\u00e3o para os exames psicol\u00f3gicos do\u2026","rel":"","context":"In &quot;Vagas de Emprego em Ribeir\u00e3o Preto-SP&quot;","block_context":{"text":"Vagas de Emprego em Ribeir\u00e3o Preto-SP","link":"https:\/\/noticiasribeiraopreto.com.br\/index.php\/category\/empregos-classificados-vagas-trabalho\/vagas-de-empregos-em-ribeirao-preto-regiao-brasil\/"},"img":{"alt_text":"","src":"https:\/\/i0.wp.com\/noticiasribeiraopreto.com.br\/wp-content\/uploads\/2023\/12\/concurso-pm-sp-canil.png?fit=1200%2C675&ssl=1&resize=350%2C200","width":350,"height":200,"srcset":"https:\/\/i0.wp.com\/noticiasribeiraopreto.com.br\/wp-content\/uploads\/2023\/12\/concurso-pm-sp-canil.png?fit=1200%2C675&ssl=1&resize=350%2C200 1x, https:\/\/i0.wp.com\/noticiasribeiraopreto.com.br\/wp-content\/uploads\/2023\/12\/concurso-pm-sp-canil.png?fit=1200%2C675&ssl=1&resize=525%2C300 1.5x, https:\/\/i0.wp.com\/noticiasribeiraopreto.com.br\/wp-content\/uploads\/2023\/12\/concurso-pm-sp-canil.png?fit=1200%2C675&ssl=1&resize=700%2C400 2x, https:\/\/i0.wp.com\/noticiasribeiraopreto.com.br\/wp-content\/uploads\/2023\/12\/concurso-pm-sp-canil.png?fit=1200%2C675&ssl=1&resize=1050%2C600 3x"},"classes":[]},{"id":64766,"url":"https:\/\/noticiasribeiraopreto.com.br\/index.php\/2025\/03\/12\/governo-de-sp-autoriza-abertura-de-concurso-publico-para-alunos-oficiais-da-pm\/","url_meta":{"origin":11429,"position":3},"title":"Governo de SP autoriza abertura de concurso p\u00fablico para alunos-oficiais da PM","author":"noticiasribeiraopreto.com.br","date":"12 de March de 2025","format":false,"excerpt":"O Governo de S\u00e3o Paulo autorizou nesta quarta-feira (12) a abertura de concurso para contratar 165 alunos-oficiais da PM (Pol\u00edcia Militar). A publica\u00e7\u00e3o consta no Di\u00e1rio Oficial do Estado (DOE). Ap\u00f3s a autoriza\u00e7\u00e3o, a PM dever\u00e1 abrir o edital para os interessados se inscreverem e realizarem as provas. Os detalhes\u2026","rel":"","context":"In &quot;Not\u00edcias de Ribeir\u00e3o Preto-SP e Regi\u00e3o&quot;","block_context":{"text":"Not\u00edcias de Ribeir\u00e3o Preto-SP e Regi\u00e3o","link":"https:\/\/noticiasribeiraopreto.com.br\/index.php\/category\/noticias-de-ribeirao-preto-sp-e-regiao-ismael-colosi\/"},"img":{"alt_text":"","src":"https:\/\/i0.wp.com\/noticiasribeiraopreto.com.br\/wp-content\/uploads\/2024\/06\/foto_governo_estado_sp.jpg_1839041271-e1718132748781.webp.webp?fit=404%2C318&ssl=1&resize=350%2C200","width":350,"height":200},"classes":[]},{"id":68321,"url":"https:\/\/noticiasribeiraopreto.com.br\/index.php\/2025\/04\/24\/jornal-da-franca-governo-de-sao-paulo-publica-edital-de-concurso-publico-para-alunos-oficiais-da-pm\/","url_meta":{"origin":11429,"position":4},"title":"Jornal da Franca &#8211; Governo de S\u00e3o Paulo publica edital de concurso p\u00fablico para alunos-oficiais da PM","author":"noticiasribeiraopreto.com.br","date":"24 de April de 2025","format":false,"excerpt":"compartilhar no whatsapp compartilhar no telegram compartilhar no facebook compartilhar no linkedin A prova objetiva est\u00e1 marcada para acontecer em 13 de julho, com 80 quest\u00f5es de m\u00faltipla escolha com cinco alternativas cada uma O governo de S\u00e3o Paulo publicou no Di\u00e1rio Oficial do Estado (DOE) nesta quinta-feira (24) o\u2026","rel":"","context":"In &quot;Not\u00edcias de Franca-SP&quot;","block_context":{"text":"Not\u00edcias de Franca-SP","link":"https:\/\/noticiasribeiraopreto.com.br\/index.php\/category\/noticias-de-ribeirao-preto-sp-e-regiao-ismael-colosi\/noticias-franca-sp\/"},"img":{"alt_text":"","src":"https:\/\/i0.wp.com\/noticiasribeiraopreto.com.br\/wp-content\/uploads\/2025\/04\/00053783-1024x682-1.jpeg?fit=1024%2C682&ssl=1&resize=350%2C200","width":350,"height":200,"srcset":"https:\/\/i0.wp.com\/noticiasribeiraopreto.com.br\/wp-content\/uploads\/2025\/04\/00053783-1024x682-1.jpeg?fit=1024%2C682&ssl=1&resize=350%2C200 1x, https:\/\/i0.wp.com\/noticiasribeiraopreto.com.br\/wp-content\/uploads\/2025\/04\/00053783-1024x682-1.jpeg?fit=1024%2C682&ssl=1&resize=525%2C300 1.5x, https:\/\/i0.wp.com\/noticiasribeiraopreto.com.br\/wp-content\/uploads\/2025\/04\/00053783-1024x682-1.jpeg?fit=1024%2C682&ssl=1&resize=700%2C400 2x"},"classes":[]},{"id":13748,"url":"https:\/\/noticiasribeiraopreto.com.br\/index.php\/2023\/12\/11\/formada-comissao-para-novo-edital-com-99-vagas-2\/","url_meta":{"origin":11429,"position":5},"title":"formada comiss\u00e3o para novo edital com 99 vagas","author":"noticiasribeiraopreto.com.br","date":"11 de December de 2023","format":false,"excerpt":"O novo concurso MinC (Minist\u00e9rio da Cultura) para o preenchimento de 99 vagas, em dois cargos, em regime tempor\u00e1rio, autorizado em 13 de novembro, pela ministra substituta da Gest\u00e3o e da Inova\u00e7\u00e3o dos Servi\u00e7os P\u00fablicos, Cristina Kiomi Mori, j\u00e1 conta com comiss\u00e3o organizadora formada. Os nomes dos membros do grupo\u2026","rel":"","context":"In &quot;Vagas de Emprego em Ribeir\u00e3o Preto-SP&quot;","block_context":{"text":"Vagas de Emprego em Ribeir\u00e3o Preto-SP","link":"https:\/\/noticiasribeiraopreto.com.br\/index.php\/category\/empregos-classificados-vagas-trabalho\/vagas-de-empregos-em-ribeirao-preto-regiao-brasil\/"},"img":{"alt_text":"","src":"https:\/\/i0.wp.com\/noticiasribeiraopreto.com.br\/wp-content\/uploads\/2023\/12\/minc.jpg?fit=1200%2C675&ssl=1&resize=350%2C200","width":350,"height":200,"srcset":"https:\/\/i0.wp.com\/noticiasribeiraopreto.com.br\/wp-content\/uploads\/2023\/12\/minc.jpg?fit=1200%2C675&ssl=1&resize=350%2C200 1x, https:\/\/i0.wp.com\/noticiasribeiraopreto.com.br\/wp-content\/uploads\/2023\/12\/minc.jpg?fit=1200%2C675&ssl=1&resize=525%2C300 1.5x, https:\/\/i0.wp.com\/noticiasribeiraopreto.com.br\/wp-content\/uploads\/2023\/12\/minc.jpg?fit=1200%2C675&ssl=1&resize=700%2C400 2x, https:\/\/i0.wp.com\/noticiasribeiraopreto.com.br\/wp-content\/uploads\/2023\/12\/minc.jpg?fit=1200%2C675&ssl=1&resize=1050%2C600 3x"},"classes":[]}],"jetpack_sharing_enabled":true,"jetpack_shortlink":"https:\/\/wp.me\/peQAOb-2Yl","_links":{"self":[{"href":"https:\/\/noticiasribeiraopreto.com.br\/index.php\/wp-json\/wp\/v2\/posts\/11429","targetHints":{"allow":["GET"]}}],"collection":[{"href":"https:\/\/noticiasribeiraopreto.com.br\/index.php\/wp-json\/wp\/v2\/posts"}],"about":[{"href":"https:\/\/noticiasribeiraopreto.com.br\/index.php\/wp-json\/wp\/v2\/types\/post"}],"author":[{"embeddable":true,"href":"https:\/\/noticiasribeiraopreto.com.br\/index.php\/wp-json\/wp\/v2\/users\/1"}],"replies":[{"embeddable":true,"href":"https:\/\/noticiasribeiraopreto.com.br\/index.php\/wp-json\/wp\/v2\/comments?post=11429"}],"version-history":[{"count":0,"href":"https:\/\/noticiasribeiraopreto.com.br\/index.php\/wp-json\/wp\/v2\/posts\/11429\/revisions"}],"wp:featuredmedia":[{"embeddable":true,"href":"https:\/\/noticiasribeiraopreto.com.br\/index.php\/wp-json\/wp\/v2\/media\/11430"}],"wp:attachment":[{"href":"https:\/\/noticiasribeiraopreto.com.br\/index.php\/wp-json\/wp\/v2\/media?parent=11429"}],"wp:term":[{"taxonomy":"category","embeddable":true,"href":"https:\/\/noticiasribeiraopreto.com.br\/index.php\/wp-json\/wp\/v2\/categories?post=11429"},{"taxonomy":"post_tag","embeddable":true,"href":"https:\/\/noticiasribeiraopreto.com.br\/index.php\/wp-json\/wp\/v2\/tags?post=11429"}],"curies":[{"name":"wp","href":"https:\/\/api.w.org\/{rel}","templated":true}]}}